{"id":34539,"date":"2025-03-01T11:53:45","date_gmt":"2025-03-01T14:53:45","guid":{"rendered":"https:\/\/portalmf.com.br\/?p=34539"},"modified":"2025-03-01T11:57:05","modified_gmt":"2025-03-01T14:57:05","slug":"preta-gil-recebe-o-carinho-dos-amigos-no-expresso-2222","status":"publish","type":"post","link":"https:\/\/portalmf.com.br\/index.php\/2025\/03\/01\/preta-gil-recebe-o-carinho-dos-amigos-no-expresso-2222\/","title":{"rendered":"Preta Gil recebe o carinho dos amigos no Expresso 2222"},"content":{"rendered":"\n<p>O carnaval que celebra o Tempo Rei no Expresso 2222 tem um significado especial para a fam\u00edlia Gil. Depois de momentos de interna\u00e7\u00f5es, cirurgias e cuidados com a sa\u00fade, Preta Gil foi liberada para vir a Salvador e marcou presen\u00e7a no Camarote para receber a energia positiva dos amigos, da fam\u00edlia e dos f\u00e3s. Sem falar nos amigos como Anitta e Ivete Sangalo, que do alto do trio el\u00e9trico declararam o amor \u00e0 amiga. \u201cVoc\u00ea \u00e9 maravilhosa e eu te amo\u201d, disse Ivete. Preta assistia ao desfile da varanda do edif\u00edcio Oceania nesta sexta-feira de carnaval.<\/p>\n\n\n\n<p>\u201c\u00c9 um presente para n\u00f3s, n\u00e3o s\u00f3 para a fam\u00edlia. \u00c9 um presente para o Brasil todo\u201d, comemora a anfitri\u00e3 Flora Gil. \u201cO camarote \u00e9 a casa da nossa fam\u00edlia que a gente estende aos amigos\u201d, complementou.<\/p>\n\n\n\n<figure class=\"wp-block-image size-large\"><img fetchpriority=\"high\" decoding=\"async\" width=\"576\" height=\"1024\" src=\"https:\/\/portalmf.com.br\/wp-content\/uploads\/2025\/03\/Flora-Gil-e-Preta-Gil-576x1024.jpg\" alt=\"\" class=\"wp-image-34544\" srcset=\"https:\/\/portalmf.com.br\/wp-content\/uploads\/2025\/03\/Flora-Gil-e-Preta-Gil-576x1024.jpg 576w, https:\/\/portalmf.com.br\/wp-content\/uploads\/2025\/03\/Flora-Gil-e-Preta-Gil-169x300.jpg 169w, https:\/\/portalmf.com.br\/wp-content\/uploads\/2025\/03\/Flora-Gil-e-Preta-Gil-768x1365.jpg 768w, https:\/\/portalmf.com.br\/wp-content\/uploads\/2025\/03\/Flora-Gil-e-Preta-Gil-864x1536.jpg 864w, https:\/\/portalmf.com.br\/wp-content\/uploads\/2025\/03\/Flora-Gil-e-Preta-Gil-1152x2048.jpg 1152w, https:\/\/portalmf.com.br\/wp-content\/uploads\/2025\/03\/Flora-Gil-e-Preta-Gil-696x1237.jpg 696w, https:\/\/portalmf.com.br\/wp-content\/uploads\/2025\/03\/Flora-Gil-e-Preta-Gil-1068x1898.jpg 1068w, https:\/\/portalmf.com.br\/wp-content\/uploads\/2025\/03\/Flora-Gil-e-Preta-Gil-1920x3412.jpg 1920w, https:\/\/portalmf.com.br\/wp-content\/uploads\/2025\/03\/Flora-Gil-e-Preta-Gil-scaled.jpg 1440w\" sizes=\"(max-width: 576px) 100vw, 576px\" \/><figcaption class=\"wp-element-caption\"><strong>Foto: Geovane\u00a0Peixoto.<\/strong><\/figcaption><\/figure>\n\n\n\n<p>Preta lembra que quis muito estar onde est\u00e1 agora. &#8220;Eu tenho muito amor e respeito por essa festa, ela realmente me cura de v\u00e1rias formas e eu t\u00f4 aqui pra receber essa cura e me conectar com esse povo que eu amo tanto e poder voltar para o meu tratamento cheia de ax\u00e9&#8221;.<\/p>\n\n\n\n<p>Ela conta que viveu os 40 anos da ax\u00e9 music desde que o movimento nasceu. Viu o primeiro desfile da Timbalada aos dez anos e para ela esse \u00e9 mais um motivo para celebrar a vida. Mas o melhor de estar em Salvador \u00e9 aproveitar o carnaval ao lado da neta, Sol de Maria, de dez anos.<\/p>\n\n\n\n<p>&#8220;\u00c9 por minha neta que estou aqui. \u00c9 por mim obviamente, tenho muito o que viver mas eu penso nela a cada picada que eu tomo, a cada tubo que me colocam e eu falo: &#8220;vai valer a pena por ela\u201d.<\/p>\n\n\n\n<p>Quando soube que Preta viria, a atriz Fernanda Paes Leme decidiu ficar em Salvador. Tinha vindo fazer um trabalho e pediu apoio \u00e0 fam\u00edlia em S\u00e3o Paulo para os cuidados por mais alguns dias com a filha de dez meses. <\/p>\n\n\n\n<figure class=\"wp-block-image size-large\"><img decoding=\"async\" width=\"576\" height=\"1024\" src=\"https:\/\/portalmf.com.br\/wp-content\/uploads\/2025\/03\/Fernanda-Paes-Leme-e-Preta-Gil-576x1024.jpg\" alt=\"\" class=\"wp-image-34543\" srcset=\"https:\/\/portalmf.com.br\/wp-content\/uploads\/2025\/03\/Fernanda-Paes-Leme-e-Preta-Gil-576x1024.jpg 576w, https:\/\/portalmf.com.br\/wp-content\/uploads\/2025\/03\/Fernanda-Paes-Leme-e-Preta-Gil-169x300.jpg 169w, https:\/\/portalmf.com.br\/wp-content\/uploads\/2025\/03\/Fernanda-Paes-Leme-e-Preta-Gil-768x1365.jpg 768w, https:\/\/portalmf.com.br\/wp-content\/uploads\/2025\/03\/Fernanda-Paes-Leme-e-Preta-Gil-864x1536.jpg 864w, https:\/\/portalmf.com.br\/wp-content\/uploads\/2025\/03\/Fernanda-Paes-Leme-e-Preta-Gil-1152x2048.jpg 1152w, https:\/\/portalmf.com.br\/wp-content\/uploads\/2025\/03\/Fernanda-Paes-Leme-e-Preta-Gil-696x1237.jpg 696w, https:\/\/portalmf.com.br\/wp-content\/uploads\/2025\/03\/Fernanda-Paes-Leme-e-Preta-Gil-1068x1898.jpg 1068w, https:\/\/portalmf.com.br\/wp-content\/uploads\/2025\/03\/Fernanda-Paes-Leme-e-Preta-Gil-1920x3412.jpg 1920w, https:\/\/portalmf.com.br\/wp-content\/uploads\/2025\/03\/Fernanda-Paes-Leme-e-Preta-Gil-scaled.jpg 1440w\" sizes=\"(max-width: 576px) 100vw, 576px\" \/><figcaption class=\"wp-element-caption\"><strong>Foto: <strong><strong>Geovane\u00a0Peixoto.<\/strong><\/strong><\/strong><\/figcaption><\/figure>\n\n\n\n<p>&#8220;Se tem uma coisa que a gente celebra s\u00e3o todas as vit\u00f3rias da Preta. Essa for\u00e7a da natureza, resiliente, que n\u00e3o deixa a peteca cair, e se cai ela levanta de novo. E a gente s\u00f3 tem a aprender&#8221;, diz a amiga.<\/p>\n\n\n\n<p>A influencer Maya Mazzafera tamb\u00e9m \u00e9 amiga de Preta. &#8220;Estar na casa de Pretinha nesse momento \u00e9 muito especial&#8221;.<\/p>\n\n\n\n<figure class=\"wp-block-image size-large\"><img decoding=\"async\" width=\"576\" height=\"1024\" src=\"https:\/\/portalmf.com.br\/wp-content\/uploads\/2025\/03\/Maya-Massafera-576x1024.jpg\" alt=\"\" class=\"wp-image-34542\" srcset=\"https:\/\/portalmf.com.br\/wp-content\/uploads\/2025\/03\/Maya-Massafera-576x1024.jpg 576w, https:\/\/portalmf.com.br\/wp-content\/uploads\/2025\/03\/Maya-Massafera-169x300.jpg 169w, https:\/\/portalmf.com.br\/wp-content\/uploads\/2025\/03\/Maya-Massafera-768x1365.jpg 768w, https:\/\/portalmf.com.br\/wp-content\/uploads\/2025\/03\/Maya-Massafera-864x1536.jpg 864w, https:\/\/portalmf.com.br\/wp-content\/uploads\/2025\/03\/Maya-Massafera-1152x2048.jpg 1152w, https:\/\/portalmf.com.br\/wp-content\/uploads\/2025\/03\/Maya-Massafera-696x1237.jpg 696w, https:\/\/portalmf.com.br\/wp-content\/uploads\/2025\/03\/Maya-Massafera-1068x1898.jpg 1068w, https:\/\/portalmf.com.br\/wp-content\/uploads\/2025\/03\/Maya-Massafera-1920x3412.jpg 1920w, https:\/\/portalmf.com.br\/wp-content\/uploads\/2025\/03\/Maya-Massafera-scaled.jpg 1440w\" sizes=\"(max-width: 576px) 100vw, 576px\" \/><figcaption class=\"wp-element-caption\">Foto: <strong><strong>Geovane\u00a0Peixoto.<\/strong><br><\/strong><\/figcaption><\/figure>\n\n\n\n<p>O comunicador Gominho tamb\u00e9m estava ao lado de Preta, na varanda do camarote. \u201cOs 40 anos de ax\u00e9 \u00e9 um movimento que a gente ama e a gente faz parte, eu e ela, ent\u00e3o \u00e9 bom estar aqui vivendo mais um pouco da vida com Preta. E que sejam muitos e muitos mais dias de gl\u00f3ria\u201d.<\/p>\n\n\n\n<p>Malu Barbosa, s\u00f3cia e amiga, tem acompanhado bem de perto a travessia de Preta. Ela conta que em meio \u00e0s incertezas no hospital, Preta cultivou um desejo forte de estar em Salvador no Carnaval. &#8220;A gente conseguiu e ela est\u00e1 aqui, com seguran\u00e7a e com toda a estrutura para que ela se divirta um pouco.<\/p>\n\n\n\n<p>Convidados como as atrizes Mariana Goldfarb, Mariana Xavier, Marina Morena, Bruna Griphao e os apresentadores Rita Batista e S\u00e9rgio Malandro tamb\u00e9m aproveitaram as atra\u00e7\u00f5es do Expresso 2222.<\/p>\n\n\n\n<p>Na primeira noite do Camarote Expresso 2222, os foli\u00f5es viveram a folia em um ambiente que celebra o Tempo Rei de Gilberto Gil e a m\u00fasica brasileira, com as&nbsp;<em>pickups<\/em>&nbsp;da DJ residente Libre Ana, Ju Moraes e as mulheres da Sambaiana, a roda de arrocha com J\u00f4 Barros e a atra\u00e7\u00e3o convidada Os Garotin.<\/p>\n","protected":false},"excerpt":{"rendered":"<p>O carnaval que celebra o Tempo Rei no Expresso 2222 tem um significado especial para a fam\u00edlia Gil. Depois de momentos de interna\u00e7\u00f5es, cirurgias e cuidados com a sa\u00fade, Preta Gil foi liberada para vir a Salvador e marcou presen\u00e7a no Camarote para receber a energia positiva dos amigos, da fam\u00edlia e dos f\u00e3s. Sem [&hellip;]<\/p>\n","protected":false},"author":3,"featured_media":34545,"comment_status":"open","ping_status":"open","sticky":false,"template":"","format":"standard","meta":{"_monsterinsights_skip_tracking":false,"_monsterinsights_sitenote_active":false,"_monsterinsights_sitenote_note":"","_monsterinsights_sitenote_category":0,"footnotes":""},"categories":[44,48],"tags":[],"yoast_head":"<!-- This site is optimized with the Yoast SEO plugin v22.9 - https:\/\/yoast.com\/wordpress\/plugins\/seo\/ -->\n<title>Preta Gil recebe o carinho dos amigos no Expresso 2222 - Portal MF<\/title>\n<meta name=\"robots\" content=\"index, follow, max-snippet:-1, max-image-preview:large, max-video-preview:-1\" \/>\n<link rel=\"canonical\" href=\"https:\/\/portalmf.com.br\/index.php\/2025\/03\/01\/preta-gil-recebe-o-carinho-dos-amigos-no-expresso-2222\/\" \/>\n<meta property=\"og:locale\" content=\"pt_BR\" \/>\n<meta property=\"og:type\" content=\"article\" \/>\n<meta property=\"og:title\" content=\"Preta Gil recebe o carinho dos amigos no Expresso 2222 - Portal MF\" \/>\n<meta property=\"og:description\" content=\"O carnaval que celebra o Tempo Rei no Expresso 2222 tem um significado especial para a fam\u00edlia Gil. Depois de momentos de interna\u00e7\u00f5es, cirurgias e cuidados com a sa\u00fade, Preta Gil foi liberada para vir a Salvador e marcou presen\u00e7a no Camarote para receber a energia positiva dos amigos, da fam\u00edlia e dos f\u00e3s. Sem [&hellip;]\" \/>\n<meta property=\"og:url\" content=\"https:\/\/portalmf.com.br\/index.php\/2025\/03\/01\/preta-gil-recebe-o-carinho-dos-amigos-no-expresso-2222\/\" \/>\n<meta property=\"og:site_name\" content=\"Portal MF\" \/>\n<meta property=\"article:author\" content=\"https:\/\/www.facebook.com\/portalmfoficial\" \/>\n<meta property=\"article:published_time\" content=\"2025-03-01T14:53:45+00:00\" \/>\n<meta property=\"article:modified_time\" content=\"2025-03-01T14:57:05+00:00\" \/>\n<meta property=\"og:image\" content=\"https:\/\/portalmf.com.br\/wp-content\/uploads\/2025\/03\/Preta-Gil-rodeada-de-amigos-na-varanda-do-Expresso-2222-scaled.jpg\" \/>\n\t<meta property=\"og:image:width\" content=\"2560\" \/>\n\t<meta property=\"og:image:height\" content=\"1440\" \/>\n\t<meta property=\"og:image:type\" content=\"image\/jpeg\" \/>\n<meta name=\"author\" content=\"Reda\u00e7\u00e3o Portal MF\" \/>\n<meta name=\"twitter:card\" content=\"summary_large_image\" \/>\n<meta name=\"twitter:creator\" content=\"@https:\/\/x.com\/portalmfoficial\" \/>\n<meta name=\"twitter:label1\" content=\"Escrito por\" \/>\n\t<meta name=\"twitter:data1\" content=\"Reda\u00e7\u00e3o Portal MF\" \/>\n\t<meta name=\"twitter:label2\" content=\"Est. tempo de leitura\" \/>\n\t<meta name=\"twitter:data2\" content=\"5 minutos\" \/>\n<script type=\"application\/ld+json\" class=\"yoast-schema-graph\">{\"@context\":\"https:\/\/schema.org\",\"@graph\":[{\"@type\":\"WebPage\",\"@id\":\"https:\/\/portalmf.com.br\/index.php\/2025\/03\/01\/preta-gil-recebe-o-carinho-dos-amigos-no-expresso-2222\/\",\"url\":\"https:\/\/portalmf.com.br\/index.php\/2025\/03\/01\/preta-gil-recebe-o-carinho-dos-amigos-no-expresso-2222\/\",\"name\":\"Preta Gil recebe o carinho dos amigos no Expresso 2222 - Portal MF\",\"isPartOf\":{\"@id\":\"https:\/\/portalmf.com.br\/#website\"},\"primaryImageOfPage\":{\"@id\":\"https:\/\/portalmf.com.br\/index.php\/2025\/03\/01\/preta-gil-recebe-o-carinho-dos-amigos-no-expresso-2222\/#primaryimage\"},\"image\":{\"@id\":\"https:\/\/portalmf.com.br\/index.php\/2025\/03\/01\/preta-gil-recebe-o-carinho-dos-amigos-no-expresso-2222\/#primaryimage\"},\"thumbnailUrl\":\"https:\/\/portalmf.com.br\/wp-content\/uploads\/2025\/03\/Preta-Gil-rodeada-de-amigos-na-varanda-do-Expresso-2222-scaled.jpg\",\"datePublished\":\"2025-03-01T14:53:45+00:00\",\"dateModified\":\"2025-03-01T14:57:05+00:00\",\"author\":{\"@id\":\"https:\/\/portalmf.com.br\/#\/schema\/person\/9ec101baf56233e53520c26de5d6f6f0\"},\"breadcrumb\":{\"@id\":\"https:\/\/portalmf.com.br\/index.php\/2025\/03\/01\/preta-gil-recebe-o-carinho-dos-amigos-no-expresso-2222\/#breadcrumb\"},\"inLanguage\":\"pt-BR\",\"potentialAction\":[{\"@type\":\"ReadAction\",\"target\":[\"https:\/\/portalmf.com.br\/index.php\/2025\/03\/01\/preta-gil-recebe-o-carinho-dos-amigos-no-expresso-2222\/\"]}]},{\"@type\":\"ImageObject\",\"inLanguage\":\"pt-BR\",\"@id\":\"https:\/\/portalmf.com.br\/index.php\/2025\/03\/01\/preta-gil-recebe-o-carinho-dos-amigos-no-expresso-2222\/#primaryimage\",\"url\":\"https:\/\/portalmf.com.br\/wp-content\/uploads\/2025\/03\/Preta-Gil-rodeada-de-amigos-na-varanda-do-Expresso-2222-scaled.jpg\",\"contentUrl\":\"https:\/\/portalmf.com.br\/wp-content\/uploads\/2025\/03\/Preta-Gil-rodeada-de-amigos-na-varanda-do-Expresso-2222-scaled.jpg\",\"width\":2560,\"height\":1440},{\"@type\":\"BreadcrumbList\",\"@id\":\"https:\/\/portalmf.com.br\/index.php\/2025\/03\/01\/preta-gil-recebe-o-carinho-dos-amigos-no-expresso-2222\/#breadcrumb\",\"itemListElement\":[{\"@type\":\"ListItem\",\"position\":1,\"name\":\"In\u00edcio\",\"item\":\"https:\/\/portalmf.com.br\/\"},{\"@type\":\"ListItem\",\"position\":2,\"name\":\"Preta Gil recebe o carinho dos amigos no Expresso 2222\"}]},{\"@type\":\"WebSite\",\"@id\":\"https:\/\/portalmf.com.br\/#website\",\"url\":\"https:\/\/portalmf.com.br\/\",\"name\":\"Portal MF\",\"description\":\"Voc\u00ea conectado com a informa\u00e7\u00e3o\",\"potentialAction\":[{\"@type\":\"SearchAction\",\"target\":{\"@type\":\"EntryPoint\",\"urlTemplate\":\"https:\/\/portalmf.com.br\/?s={search_term_string}\"},\"query-input\":\"required name=search_term_string\"}],\"inLanguage\":\"pt-BR\"},{\"@type\":\"Person\",\"@id\":\"https:\/\/portalmf.com.br\/#\/schema\/person\/9ec101baf56233e53520c26de5d6f6f0\",\"name\":\"Reda\u00e7\u00e3o Portal MF\",\"image\":{\"@type\":\"ImageObject\",\"inLanguage\":\"pt-BR\",\"@id\":\"https:\/\/portalmf.com.br\/#\/schema\/person\/image\/\",\"url\":\"https:\/\/secure.gravatar.com\/avatar\/41b9aaeb2100835f7c64362330f74c7f?s=96&d=mm&r=g\",\"contentUrl\":\"https:\/\/secure.gravatar.com\/avatar\/41b9aaeb2100835f7c64362330f74c7f?s=96&d=mm&r=g\",\"caption\":\"Reda\u00e7\u00e3o Portal MF\"},\"description\":\"Sejam bem-vindos o portal de informa\u00e7\u00f5es de entretenimento de Feira de Santana, desde 2006 realiza coberturas dos principais eventos com entrevistas exclusivas com as principais personalidades mundiais. Fique conectado tamb\u00e9m nas redes sociais.\",\"sameAs\":[\"http:\/\/www.portalmf.com.br\/\",\"https:\/\/www.facebook.com\/portalmfoficial\",\"https:\/\/www.instagram.com\/portalmf\/\",\"https:\/\/x.com\/https:\/\/x.com\/portalmfoficial\",\"https:\/\/www.youtube.com\/@portalmfoficial\"],\"url\":\"https:\/\/portalmf.com.br\/index.php\/author\/junior\/\"}]}<\/script>\n<!-- \/ Yoast SEO plugin. -->","yoast_head_json":{"title":"Preta Gil recebe o carinho dos amigos no Expresso 2222 - Portal MF","robots":{"index":"index","follow":"follow","max-snippet":"max-snippet:-1","max-image-preview":"max-image-preview:large","max-video-preview":"max-video-preview:-1"},"canonical":"https:\/\/portalmf.com.br\/index.php\/2025\/03\/01\/preta-gil-recebe-o-carinho-dos-amigos-no-expresso-2222\/","og_locale":"pt_BR","og_type":"article","og_title":"Preta Gil recebe o carinho dos amigos no Expresso 2222 - Portal MF","og_description":"O carnaval que celebra o Tempo Rei no Expresso 2222 tem um significado especial para a fam\u00edlia Gil. Depois de momentos de interna\u00e7\u00f5es, cirurgias e cuidados com a sa\u00fade, Preta Gil foi liberada para vir a Salvador e marcou presen\u00e7a no Camarote para receber a energia positiva dos amigos, da fam\u00edlia e dos f\u00e3s. Sem [&hellip;]","og_url":"https:\/\/portalmf.com.br\/index.php\/2025\/03\/01\/preta-gil-recebe-o-carinho-dos-amigos-no-expresso-2222\/","og_site_name":"Portal MF","article_author":"https:\/\/www.facebook.com\/portalmfoficial","article_published_time":"2025-03-01T14:53:45+00:00","article_modified_time":"2025-03-01T14:57:05+00:00","og_image":[{"width":2560,"height":1440,"url":"https:\/\/portalmf.com.br\/wp-content\/uploads\/2025\/03\/Preta-Gil-rodeada-de-amigos-na-varanda-do-Expresso-2222-scaled.jpg","type":"image\/jpeg"}],"author":"Reda\u00e7\u00e3o Portal MF","twitter_card":"summary_large_image","twitter_creator":"@https:\/\/x.com\/portalmfoficial","twitter_misc":{"Escrito por":"Reda\u00e7\u00e3o Portal MF","Est. tempo de leitura":"5 minutos"},"schema":{"@context":"https:\/\/schema.org","@graph":[{"@type":"WebPage","@id":"https:\/\/portalmf.com.br\/index.php\/2025\/03\/01\/preta-gil-recebe-o-carinho-dos-amigos-no-expresso-2222\/","url":"https:\/\/portalmf.com.br\/index.php\/2025\/03\/01\/preta-gil-recebe-o-carinho-dos-amigos-no-expresso-2222\/","name":"Preta Gil recebe o carinho dos amigos no Expresso 2222 - Portal MF","isPartOf":{"@id":"https:\/\/portalmf.com.br\/#website"},"primaryImageOfPage":{"@id":"https:\/\/portalmf.com.br\/index.php\/2025\/03\/01\/preta-gil-recebe-o-carinho-dos-amigos-no-expresso-2222\/#primaryimage"},"image":{"@id":"https:\/\/portalmf.com.br\/index.php\/2025\/03\/01\/preta-gil-recebe-o-carinho-dos-amigos-no-expresso-2222\/#primaryimage"},"thumbnailUrl":"https:\/\/portalmf.com.br\/wp-content\/uploads\/2025\/03\/Preta-Gil-rodeada-de-amigos-na-varanda-do-Expresso-2222-scaled.jpg","datePublished":"2025-03-01T14:53:45+00:00","dateModified":"2025-03-01T14:57:05+00:00","author":{"@id":"https:\/\/portalmf.com.br\/#\/schema\/person\/9ec101baf56233e53520c26de5d6f6f0"},"breadcrumb":{"@id":"https:\/\/portalmf.com.br\/index.php\/2025\/03\/01\/preta-gil-recebe-o-carinho-dos-amigos-no-expresso-2222\/#breadcrumb"},"inLanguage":"pt-BR","potentialAction":[{"@type":"ReadAction","target":["https:\/\/portalmf.com.br\/index.php\/2025\/03\/01\/preta-gil-recebe-o-carinho-dos-amigos-no-expresso-2222\/"]}]},{"@type":"ImageObject","inLanguage":"pt-BR","@id":"https:\/\/portalmf.com.br\/index.php\/2025\/03\/01\/preta-gil-recebe-o-carinho-dos-amigos-no-expresso-2222\/#primaryimage","url":"https:\/\/portalmf.com.br\/wp-content\/uploads\/2025\/03\/Preta-Gil-rodeada-de-amigos-na-varanda-do-Expresso-2222-scaled.jpg","contentUrl":"https:\/\/portalmf.com.br\/wp-content\/uploads\/2025\/03\/Preta-Gil-rodeada-de-amigos-na-varanda-do-Expresso-2222-scaled.jpg","width":2560,"height":1440},{"@type":"BreadcrumbList","@id":"https:\/\/portalmf.com.br\/index.php\/2025\/03\/01\/preta-gil-recebe-o-carinho-dos-amigos-no-expresso-2222\/#breadcrumb","itemListElement":[{"@type":"ListItem","position":1,"name":"In\u00edcio","item":"https:\/\/portalmf.com.br\/"},{"@type":"ListItem","position":2,"name":"Preta Gil recebe o carinho dos amigos no Expresso 2222"}]},{"@type":"WebSite","@id":"https:\/\/portalmf.com.br\/#website","url":"https:\/\/portalmf.com.br\/","name":"Portal MF","description":"Voc\u00ea conectado com a informa\u00e7\u00e3o","potentialAction":[{"@type":"SearchAction","target":{"@type":"EntryPoint","urlTemplate":"https:\/\/portalmf.com.br\/?s={search_term_string}"},"query-input":"required name=search_term_string"}],"inLanguage":"pt-BR"},{"@type":"Person","@id":"https:\/\/portalmf.com.br\/#\/schema\/person\/9ec101baf56233e53520c26de5d6f6f0","name":"Reda\u00e7\u00e3o Portal MF","image":{"@type":"ImageObject","inLanguage":"pt-BR","@id":"https:\/\/portalmf.com.br\/#\/schema\/person\/image\/","url":"https:\/\/secure.gravatar.com\/avatar\/41b9aaeb2100835f7c64362330f74c7f?s=96&d=mm&r=g","contentUrl":"https:\/\/secure.gravatar.com\/avatar\/41b9aaeb2100835f7c64362330f74c7f?s=96&d=mm&r=g","caption":"Reda\u00e7\u00e3o Portal MF"},"description":"Sejam bem-vindos o portal de informa\u00e7\u00f5es de entretenimento de Feira de Santana, desde 2006 realiza coberturas dos principais eventos com entrevistas exclusivas com as principais personalidades mundiais. Fique conectado tamb\u00e9m nas redes sociais.","sameAs":["http:\/\/www.portalmf.com.br\/","https:\/\/www.facebook.com\/portalmfoficial","https:\/\/www.instagram.com\/portalmf\/","https:\/\/x.com\/https:\/\/x.com\/portalmfoficial","https:\/\/www.youtube.com\/@portalmfoficial"],"url":"https:\/\/portalmf.com.br\/index.php\/author\/junior\/"}]}},"_links":{"self":[{"href":"https:\/\/portalmf.com.br\/index.php\/wp-json\/wp\/v2\/posts\/34539"}],"collection":[{"href":"https:\/\/portalmf.com.br\/index.php\/wp-json\/wp\/v2\/posts"}],"about":[{"href":"https:\/\/portalmf.com.br\/index.php\/wp-json\/wp\/v2\/types\/post"}],"author":[{"embeddable":true,"href":"https:\/\/portalmf.com.br\/index.php\/wp-json\/wp\/v2\/users\/3"}],"replies":[{"embeddable":true,"href":"https:\/\/portalmf.com.br\/index.php\/wp-json\/wp\/v2\/comments?post=34539"}],"version-history":[{"count":2,"href":"https:\/\/portalmf.com.br\/index.php\/wp-json\/wp\/v2\/posts\/34539\/revisions"}],"predecessor-version":[{"id":34548,"href":"https:\/\/portalmf.com.br\/index.php\/wp-json\/wp\/v2\/posts\/34539\/revisions\/34548"}],"wp:featuredmedia":[{"embeddable":true,"href":"https:\/\/portalmf.com.br\/index.php\/wp-json\/wp\/v2\/media\/34545"}],"wp:attachment":[{"href":"https:\/\/portalmf.com.br\/index.php\/wp-json\/wp\/v2\/media?parent=34539"}],"wp:term":[{"taxonomy":"category","embeddable":true,"href":"https:\/\/portalmf.com.br\/index.php\/wp-json\/wp\/v2\/categories?post=34539"},{"taxonomy":"post_tag","embeddable":true,"href":"https:\/\/portalmf.com.br\/index.php\/wp-json\/wp\/v2\/tags?post=34539"}],"curies":[{"name":"wp","href":"https:\/\/api.w.org\/{rel}","templated":true}]}}