{"id":3453,"date":"2022-08-21T15:47:00","date_gmt":"2022-08-21T18:47:00","guid":{"rendered":"http:\/\/portalmf.com.br\/?p=3453"},"modified":"2022-08-22T15:51:59","modified_gmt":"2022-08-22T18:51:59","slug":"claudia-assis-leva-axe-music-ao-pelourinho-com-o-projeto-retomando-a-folia","status":"publish","type":"post","link":"https:\/\/portalmf.com.br\/index.php\/2022\/08\/21\/claudia-assis-leva-axe-music-ao-pelourinho-com-o-projeto-retomando-a-folia\/","title":{"rendered":"Claudia Assis leva ax\u00e9 music ao Pelourinho com o projeto &#8216;Retomando a Folia&#8217;"},"content":{"rendered":"\n<p>No dia 26 de agosto, a partir das 19h, a cantora Claudia Assis e o m\u00fasico Ronaldo Borges apresentam no Largo Pedro Arcanjo, Pelourinho, o show gratuito &#8216;Retomando a Folia&#8217;, trazendo um repert\u00f3rio que passeia pelas cinco d\u00e9cadas da ax\u00e9 music, revivendo cl\u00e1ssicos de outros carnavais e reverenciando artistas consagrados do g\u00eanero que revolucionou o mercado musical brasileiro.<\/p>\n\n\n\n<p>Com o intuito de levar o p\u00fablico a ter uma experi\u00eancia parecida com o Carnaval de Salvador &#8211; que n\u00e3o acontece h\u00e1 dois anos &#8211; a primeira edi\u00e7\u00e3o do projeto homenagear\u00e1 o circuito Campo Grande, remontando cen\u00e1rios conhecidos de quem j\u00e1 correu atr\u00e1s do trio na Avenida Sete, como a passarela da avenida, o rel\u00f3gio de S\u00e3o Pedro, Sulacap e a Casa D&#8217;italia.<\/p>\n\n\n\n<p>&#8220;Pensamos em fazer esse evento para o t\u00edpico foli\u00e3o, que ama o carnaval da nossa Bahia. J\u00e1 s\u00e3o dois anos sem a maior festa de rua do mundo, e o Retomando a Folia vai matar a saudade de quem est\u00e1 \u00f3rf\u00e3o, assim como eu, dessa festa maravilhosa. Teremos muito ax\u00e9, um mini circuito na Pedro Arcanjo e muita divers\u00e3o. Esperamos lotar a pra\u00e7a de alegria!&#8221;, disse Claudia.<\/p>\n\n\n\n<p>Al\u00e9m do repert\u00f3rio nost\u00e1lgico, Claudia apresentar\u00e1 na ocasi\u00e3o a pr\u00e9via de uma can\u00e7\u00e3o de autoria do seu parceiro Ronaldo Borges, que tamb\u00e9m assina a dire\u00e7\u00e3o musical do evento. A composi\u00e7\u00e3o foi feita exclusivamente para este momento da carreira.<\/p>\n\n\n\n<p>&#8220;A letra ainda \u00e9 surpresa, mas temos certeza que o p\u00fablico vai gostar. \u00c9 uma m\u00fasica bem balanceada, criada exclusivamente para este projeto por Ronaldo Borges. O ax\u00e9 anda carente de novos int\u00e9rpretes e de can\u00e7\u00f5es que mexam com a galera, ent\u00e3o essa m\u00fasica \u00e9 a nossa aposta&#8221;, explica a cantora.<\/p>\n\n\n\n<p>O Retomando a Folia \u00e9 produzido pela Mafu\u00e1 Produ\u00e7\u00f5es Art\u00edsticas com apoio do Governo do Estado.<\/p>\n\n\n\n<p>SERVI\u00c7O<\/p>\n\n\n\n<p>O qu\u00ea: Retomando a Folia &#8211; Claudia Assis e Ronaldo Borges<br>Quando: 26 de agosto de 2022, \u00e0s 19h<br>Onde: Largo Pedro Arcanjo, Pelourinho, Salvador\/BA<br>Entrada: gratuita, sob apresenta\u00e7\u00e3o do comprovante de vacina\u00e7\u00e3o<\/p>\n","protected":false},"excerpt":{"rendered":"<p>No dia 26 de agosto, a partir das 19h, a cantora Claudia Assis e o m\u00fasico Ronaldo Borges apresentam no Largo Pedro Arcanjo, Pelourinho, o show gratuito &#8216;Retomando a Folia&#8217;, trazendo um repert\u00f3rio que passeia pelas cinco d\u00e9cadas da ax\u00e9 music, revivendo cl\u00e1ssicos de outros carnavais e reverenciando artistas consagrados do g\u00eanero que revolucionou o [&hellip;]<\/p>\n","protected":false},"author":2,"featured_media":3454,"comment_status":"open","ping_status":"open","sticky":false,"template":"","format":"standard","meta":{"_monsterinsights_skip_tracking":false,"_monsterinsights_sitenote_active":false,"_monsterinsights_sitenote_note":"","_monsterinsights_sitenote_category":0,"footnotes":""},"categories":[40],"tags":[],"yoast_head":"<!-- This site is optimized with the Yoast SEO plugin v22.9 - https:\/\/yoast.com\/wordpress\/plugins\/seo\/ -->\n<title>Claudia Assis leva ax\u00e9 music ao Pelourinho com o projeto &#039;Retomando a Folia&#039; - Portal MF<\/title>\n<meta name=\"robots\" content=\"index, follow, max-snippet:-1, max-image-preview:large, max-video-preview:-1\" \/>\n<link rel=\"canonical\" href=\"https:\/\/portalmf.com.br\/index.php\/2022\/08\/21\/claudia-assis-leva-axe-music-ao-pelourinho-com-o-projeto-retomando-a-folia\/\" \/>\n<meta property=\"og:locale\" content=\"pt_BR\" \/>\n<meta property=\"og:type\" content=\"article\" \/>\n<meta property=\"og:title\" content=\"Claudia Assis leva ax\u00e9 music ao Pelourinho com o projeto &#039;Retomando a Folia&#039; - Portal MF\" \/>\n<meta property=\"og:description\" content=\"No dia 26 de agosto, a partir das 19h, a cantora Claudia Assis e o m\u00fasico Ronaldo Borges apresentam no Largo Pedro Arcanjo, Pelourinho, o show gratuito &#8216;Retomando a Folia&#8217;, trazendo um repert\u00f3rio que passeia pelas cinco d\u00e9cadas da ax\u00e9 music, revivendo cl\u00e1ssicos de outros carnavais e reverenciando artistas consagrados do g\u00eanero que revolucionou o [&hellip;]\" \/>\n<meta property=\"og:url\" content=\"https:\/\/portalmf.com.br\/index.php\/2022\/08\/21\/claudia-assis-leva-axe-music-ao-pelourinho-com-o-projeto-retomando-a-folia\/\" \/>\n<meta property=\"og:site_name\" content=\"Portal MF\" \/>\n<meta property=\"article:author\" content=\"reginaldojrfsa\" \/>\n<meta property=\"article:published_time\" content=\"2022-08-21T18:47:00+00:00\" \/>\n<meta property=\"article:modified_time\" content=\"2022-08-22T18:51:59+00:00\" \/>\n<meta property=\"og:image\" content=\"https:\/\/portalmf.com.br\/wp-content\/uploads\/2022\/08\/WhatsApp-Image-2022-08-22-at-08.06.00.jpeg\" \/>\n\t<meta property=\"og:image:width\" content=\"1600\" \/>\n\t<meta property=\"og:image:height\" content=\"1064\" \/>\n\t<meta property=\"og:image:type\" content=\"image\/jpeg\" \/>\n<meta name=\"author\" content=\"Reginaldo J\u00fanior\" \/>\n<meta name=\"twitter:card\" content=\"summary_large_image\" \/>\n<meta name=\"twitter:creator\" content=\"@reginaldojrmf\" \/>\n<meta name=\"twitter:label1\" content=\"Escrito por\" \/>\n\t<meta name=\"twitter:data1\" content=\"Reginaldo J\u00fanior\" \/>\n\t<meta name=\"twitter:label2\" content=\"Est. tempo de leitura\" \/>\n\t<meta name=\"twitter:data2\" content=\"2 minutos\" \/>\n<script type=\"application\/ld+json\" class=\"yoast-schema-graph\">{\"@context\":\"https:\/\/schema.org\",\"@graph\":[{\"@type\":\"WebPage\",\"@id\":\"https:\/\/portalmf.com.br\/index.php\/2022\/08\/21\/claudia-assis-leva-axe-music-ao-pelourinho-com-o-projeto-retomando-a-folia\/\",\"url\":\"https:\/\/portalmf.com.br\/index.php\/2022\/08\/21\/claudia-assis-leva-axe-music-ao-pelourinho-com-o-projeto-retomando-a-folia\/\",\"name\":\"Claudia Assis leva ax\u00e9 music ao Pelourinho com o projeto 'Retomando a Folia' - Portal MF\",\"isPartOf\":{\"@id\":\"https:\/\/portalmf.com.br\/#website\"},\"primaryImageOfPage\":{\"@id\":\"https:\/\/portalmf.com.br\/index.php\/2022\/08\/21\/claudia-assis-leva-axe-music-ao-pelourinho-com-o-projeto-retomando-a-folia\/#primaryimage\"},\"image\":{\"@id\":\"https:\/\/portalmf.com.br\/index.php\/2022\/08\/21\/claudia-assis-leva-axe-music-ao-pelourinho-com-o-projeto-retomando-a-folia\/#primaryimage\"},\"thumbnailUrl\":\"https:\/\/portalmf.com.br\/wp-content\/uploads\/2022\/08\/WhatsApp-Image-2022-08-22-at-08.06.00.jpeg\",\"datePublished\":\"2022-08-21T18:47:00+00:00\",\"dateModified\":\"2022-08-22T18:51:59+00:00\",\"author\":{\"@id\":\"https:\/\/portalmf.com.br\/#\/schema\/person\/11c82086fe8abc05a19147e964587285\"},\"breadcrumb\":{\"@id\":\"https:\/\/portalmf.com.br\/index.php\/2022\/08\/21\/claudia-assis-leva-axe-music-ao-pelourinho-com-o-projeto-retomando-a-folia\/#breadcrumb\"},\"inLanguage\":\"pt-BR\",\"potentialAction\":[{\"@type\":\"ReadAction\",\"target\":[\"https:\/\/portalmf.com.br\/index.php\/2022\/08\/21\/claudia-assis-leva-axe-music-ao-pelourinho-com-o-projeto-retomando-a-folia\/\"]}]},{\"@type\":\"ImageObject\",\"inLanguage\":\"pt-BR\",\"@id\":\"https:\/\/portalmf.com.br\/index.php\/2022\/08\/21\/claudia-assis-leva-axe-music-ao-pelourinho-com-o-projeto-retomando-a-folia\/#primaryimage\",\"url\":\"https:\/\/portalmf.com.br\/wp-content\/uploads\/2022\/08\/WhatsApp-Image-2022-08-22-at-08.06.00.jpeg\",\"contentUrl\":\"https:\/\/portalmf.com.br\/wp-content\/uploads\/2022\/08\/WhatsApp-Image-2022-08-22-at-08.06.00.jpeg\",\"width\":1600,\"height\":1064},{\"@type\":\"BreadcrumbList\",\"@id\":\"https:\/\/portalmf.com.br\/index.php\/2022\/08\/21\/claudia-assis-leva-axe-music-ao-pelourinho-com-o-projeto-retomando-a-folia\/#breadcrumb\",\"itemListElement\":[{\"@type\":\"ListItem\",\"position\":1,\"name\":\"In\u00edcio\",\"item\":\"https:\/\/portalmf.com.br\/\"},{\"@type\":\"ListItem\",\"position\":2,\"name\":\"Claudia Assis leva ax\u00e9 music ao Pelourinho com o projeto &#8216;Retomando a Folia&#8217;\"}]},{\"@type\":\"WebSite\",\"@id\":\"https:\/\/portalmf.com.br\/#website\",\"url\":\"https:\/\/portalmf.com.br\/\",\"name\":\"Portal MF\",\"description\":\"Voc\u00ea conectado com a informa\u00e7\u00e3o\",\"potentialAction\":[{\"@type\":\"SearchAction\",\"target\":{\"@type\":\"EntryPoint\",\"urlTemplate\":\"https:\/\/portalmf.com.br\/?s={search_term_string}\"},\"query-input\":\"required name=search_term_string\"}],\"inLanguage\":\"pt-BR\"},{\"@type\":\"Person\",\"@id\":\"https:\/\/portalmf.com.br\/#\/schema\/person\/11c82086fe8abc05a19147e964587285\",\"name\":\"Reginaldo J\u00fanior\",\"image\":{\"@type\":\"ImageObject\",\"inLanguage\":\"pt-BR\",\"@id\":\"https:\/\/portalmf.com.br\/#\/schema\/person\/image\/\",\"url\":\"https:\/\/secure.gravatar.com\/avatar\/32a3c797cd0ac47cc53b8644c62776f9?s=96&d=mm&r=g\",\"contentUrl\":\"https:\/\/secure.gravatar.com\/avatar\/32a3c797cd0ac47cc53b8644c62776f9?s=96&d=mm&r=g\",\"caption\":\"Reginaldo J\u00fanior\"},\"description\":\"Jornalista e idealizador Portal MF\",\"sameAs\":[\"https:\/\/portalmf.com.br\/index.php\/author\/reginaldojr\/\",\"reginaldojrfsa\",\"reginaldojuniormf\",\"https:\/\/x.com\/reginaldojrmf\"],\"url\":\"https:\/\/portalmf.com.br\/index.php\/author\/reginaldojr\/\"}]}<\/script>\n<!-- \/ Yoast SEO plugin. -->","yoast_head_json":{"title":"Claudia Assis leva ax\u00e9 music ao Pelourinho com o projeto 'Retomando a Folia' - Portal MF","robots":{"index":"index","follow":"follow","max-snippet":"max-snippet:-1","max-image-preview":"max-image-preview:large","max-video-preview":"max-video-preview:-1"},"canonical":"https:\/\/portalmf.com.br\/index.php\/2022\/08\/21\/claudia-assis-leva-axe-music-ao-pelourinho-com-o-projeto-retomando-a-folia\/","og_locale":"pt_BR","og_type":"article","og_title":"Claudia Assis leva ax\u00e9 music ao Pelourinho com o projeto 'Retomando a Folia' - Portal MF","og_description":"No dia 26 de agosto, a partir das 19h, a cantora Claudia Assis e o m\u00fasico Ronaldo Borges apresentam no Largo Pedro Arcanjo, Pelourinho, o show gratuito &#8216;Retomando a Folia&#8217;, trazendo um repert\u00f3rio que passeia pelas cinco d\u00e9cadas da ax\u00e9 music, revivendo cl\u00e1ssicos de outros carnavais e reverenciando artistas consagrados do g\u00eanero que revolucionou o [&hellip;]","og_url":"https:\/\/portalmf.com.br\/index.php\/2022\/08\/21\/claudia-assis-leva-axe-music-ao-pelourinho-com-o-projeto-retomando-a-folia\/","og_site_name":"Portal MF","article_author":"reginaldojrfsa","article_published_time":"2022-08-21T18:47:00+00:00","article_modified_time":"2022-08-22T18:51:59+00:00","og_image":[{"width":1600,"height":1064,"url":"https:\/\/portalmf.com.br\/wp-content\/uploads\/2022\/08\/WhatsApp-Image-2022-08-22-at-08.06.00.jpeg","type":"image\/jpeg"}],"author":"Reginaldo J\u00fanior","twitter_card":"summary_large_image","twitter_creator":"@reginaldojrmf","twitter_misc":{"Escrito por":"Reginaldo J\u00fanior","Est. tempo de leitura":"2 minutos"},"schema":{"@context":"https:\/\/schema.org","@graph":[{"@type":"WebPage","@id":"https:\/\/portalmf.com.br\/index.php\/2022\/08\/21\/claudia-assis-leva-axe-music-ao-pelourinho-com-o-projeto-retomando-a-folia\/","url":"https:\/\/portalmf.com.br\/index.php\/2022\/08\/21\/claudia-assis-leva-axe-music-ao-pelourinho-com-o-projeto-retomando-a-folia\/","name":"Claudia Assis leva ax\u00e9 music ao Pelourinho com o projeto 'Retomando a Folia' - Portal MF","isPartOf":{"@id":"https:\/\/portalmf.com.br\/#website"},"primaryImageOfPage":{"@id":"https:\/\/portalmf.com.br\/index.php\/2022\/08\/21\/claudia-assis-leva-axe-music-ao-pelourinho-com-o-projeto-retomando-a-folia\/#primaryimage"},"image":{"@id":"https:\/\/portalmf.com.br\/index.php\/2022\/08\/21\/claudia-assis-leva-axe-music-ao-pelourinho-com-o-projeto-retomando-a-folia\/#primaryimage"},"thumbnailUrl":"https:\/\/portalmf.com.br\/wp-content\/uploads\/2022\/08\/WhatsApp-Image-2022-08-22-at-08.06.00.jpeg","datePublished":"2022-08-21T18:47:00+00:00","dateModified":"2022-08-22T18:51:59+00:00","author":{"@id":"https:\/\/portalmf.com.br\/#\/schema\/person\/11c82086fe8abc05a19147e964587285"},"breadcrumb":{"@id":"https:\/\/portalmf.com.br\/index.php\/2022\/08\/21\/claudia-assis-leva-axe-music-ao-pelourinho-com-o-projeto-retomando-a-folia\/#breadcrumb"},"inLanguage":"pt-BR","potentialAction":[{"@type":"ReadAction","target":["https:\/\/portalmf.com.br\/index.php\/2022\/08\/21\/claudia-assis-leva-axe-music-ao-pelourinho-com-o-projeto-retomando-a-folia\/"]}]},{"@type":"ImageObject","inLanguage":"pt-BR","@id":"https:\/\/portalmf.com.br\/index.php\/2022\/08\/21\/claudia-assis-leva-axe-music-ao-pelourinho-com-o-projeto-retomando-a-folia\/#primaryimage","url":"https:\/\/portalmf.com.br\/wp-content\/uploads\/2022\/08\/WhatsApp-Image-2022-08-22-at-08.06.00.jpeg","contentUrl":"https:\/\/portalmf.com.br\/wp-content\/uploads\/2022\/08\/WhatsApp-Image-2022-08-22-at-08.06.00.jpeg","width":1600,"height":1064},{"@type":"BreadcrumbList","@id":"https:\/\/portalmf.com.br\/index.php\/2022\/08\/21\/claudia-assis-leva-axe-music-ao-pelourinho-com-o-projeto-retomando-a-folia\/#breadcrumb","itemListElement":[{"@type":"ListItem","position":1,"name":"In\u00edcio","item":"https:\/\/portalmf.com.br\/"},{"@type":"ListItem","position":2,"name":"Claudia Assis leva ax\u00e9 music ao Pelourinho com o projeto &#8216;Retomando a Folia&#8217;"}]},{"@type":"WebSite","@id":"https:\/\/portalmf.com.br\/#website","url":"https:\/\/portalmf.com.br\/","name":"Portal MF","description":"Voc\u00ea conectado com a informa\u00e7\u00e3o","potentialAction":[{"@type":"SearchAction","target":{"@type":"EntryPoint","urlTemplate":"https:\/\/portalmf.com.br\/?s={search_term_string}"},"query-input":"required name=search_term_string"}],"inLanguage":"pt-BR"},{"@type":"Person","@id":"https:\/\/portalmf.com.br\/#\/schema\/person\/11c82086fe8abc05a19147e964587285","name":"Reginaldo J\u00fanior","image":{"@type":"ImageObject","inLanguage":"pt-BR","@id":"https:\/\/portalmf.com.br\/#\/schema\/person\/image\/","url":"https:\/\/secure.gravatar.com\/avatar\/32a3c797cd0ac47cc53b8644c62776f9?s=96&d=mm&r=g","contentUrl":"https:\/\/secure.gravatar.com\/avatar\/32a3c797cd0ac47cc53b8644c62776f9?s=96&d=mm&r=g","caption":"Reginaldo J\u00fanior"},"description":"Jornalista e idealizador Portal MF","sameAs":["https:\/\/portalmf.com.br\/index.php\/author\/reginaldojr\/","reginaldojrfsa","reginaldojuniormf","https:\/\/x.com\/reginaldojrmf"],"url":"https:\/\/portalmf.com.br\/index.php\/author\/reginaldojr\/"}]}},"_links":{"self":[{"href":"https:\/\/portalmf.com.br\/index.php\/wp-json\/wp\/v2\/posts\/3453"}],"collection":[{"href":"https:\/\/portalmf.com.br\/index.php\/wp-json\/wp\/v2\/posts"}],"about":[{"href":"https:\/\/portalmf.com.br\/index.php\/wp-json\/wp\/v2\/types\/post"}],"author":[{"embeddable":true,"href":"https:\/\/portalmf.com.br\/index.php\/wp-json\/wp\/v2\/users\/2"}],"replies":[{"embeddable":true,"href":"https:\/\/portalmf.com.br\/index.php\/wp-json\/wp\/v2\/comments?post=3453"}],"version-history":[{"count":1,"href":"https:\/\/portalmf.com.br\/index.php\/wp-json\/wp\/v2\/posts\/3453\/revisions"}],"predecessor-version":[{"id":3455,"href":"https:\/\/portalmf.com.br\/index.php\/wp-json\/wp\/v2\/posts\/3453\/revisions\/3455"}],"wp:featuredmedia":[{"embeddable":true,"href":"https:\/\/portalmf.com.br\/index.php\/wp-json\/wp\/v2\/media\/3454"}],"wp:attachment":[{"href":"https:\/\/portalmf.com.br\/index.php\/wp-json\/wp\/v2\/media?parent=3453"}],"wp:term":[{"taxonomy":"category","embeddable":true,"href":"https:\/\/portalmf.com.br\/index.php\/wp-json\/wp\/v2\/categories?post=3453"},{"taxonomy":"post_tag","embeddable":true,"href":"https:\/\/portalmf.com.br\/index.php\/wp-json\/wp\/v2\/tags?post=3453"}],"curies":[{"name":"wp","href":"https:\/\/api.w.org\/{rel}","templated":true}]}}