{"id":34515,"date":"2025-02-28T11:39:23","date_gmt":"2025-02-28T14:39:23","guid":{"rendered":"https:\/\/portalmf.com.br\/?p=34515"},"modified":"2025-02-28T11:39:23","modified_gmt":"2025-02-28T14:39:23","slug":"renanzinho-cbx-leva-o-samba-da-cidade-baixa-para-o-carnaval-da-bahia-confira-agenda","status":"publish","type":"post","link":"https:\/\/portalmf.com.br\/index.php\/2025\/02\/28\/renanzinho-cbx-leva-o-samba-da-cidade-baixa-para-o-carnaval-da-bahia-confira-agenda\/","title":{"rendered":"Renanzinho CBX leva o samba da Cidade Baixa para o Carnaval da Bahia; confira agenda"},"content":{"rendered":"\n<p>Renanzinho CBX j\u00e1 est\u00e1 pronto para fazer a festa no Carnaval 2025! O cantor, que se tornou um dos principais nomes do samba e pagode baiano, divulgou sua maratona de shows para a folia. O \u201ccria\u201d da Cidade Baixa se apresenta em trio e camarotes de Salvador, al\u00e9m de passar por Cairu, Maragogipe, Itaparica, Conde e Morro de S\u00e3o Paulo.&nbsp;<\/p>\n\n\n\n<p>Com um total de 11 apresenta\u00e7\u00f5es, Renanzinho inicia a festa na quinta-feira (27\/02), no Campo Grande, com o trio independente \u201cNa Rua Com Renanzinho CBX\u201d. No fim de semana, ele segue animando o p\u00fablico em grandes camarotes da capital e no interior do estado. O encerramento acontece na Ressaca da Toca, em Morro de S\u00e3o Paulo, no dia 06 de mar\u00e7o.<\/p>\n\n\n\n<p>\u201cEsse Carnaval vai ser inesquec\u00edvel! Estou preparando um repert\u00f3rio especial para levar a energia da Cidade Baixa para cada canto da Bahia. E claro que n\u00e3o pode faltar \u201cBotadinha de Ver\u00e3o\u201d, pra deixar tudo mais quente. Quero todo mundo cantando e curtindo comigo!\u201d, conta animado.<\/p>\n\n\n\n<p><strong>Confira a agenda completa:<\/strong><\/p>\n\n\n\n<p><strong>Quinta-feira (27\/02)<\/strong><\/p>\n\n\n\n<ul>\n<li>Na Rua Com Renanzinho CBX \u2013 Trio independente \u2013 Campo Grande (Salvador\/BA)<\/li>\n<\/ul>\n\n\n\n<p><strong>Sexta-feira (28\/02)<\/strong><\/p>\n\n\n\n<ul>\n<li>Camarote Glamour (Salvador\/BA)<\/li>\n<\/ul>\n\n\n\n<p><strong>S\u00e1bado (01\/03)<\/strong><\/p>\n\n\n\n<ul>\n<li>CarnaGamboa (Cairu\/BA)<\/li>\n<\/ul>\n\n\n\n<p><strong>Domingo (02\/03)<\/strong><\/p>\n\n\n\n<ul>\n<li>Maragogipe\/BA<\/li>\n\n\n\n<li>Itaparica\/BA<\/li>\n<\/ul>\n\n\n\n<p><strong>Segunda-feira (03\/03)<\/strong><\/p>\n\n\n\n<ul>\n<li>Camarote PM \u2013 Casa D\u2019Italia (Salvador\/BA)<\/li>\n\n\n\n<li>Itapu\u00e3 (Salvador\/BA)<\/li>\n\n\n\n<li>Camarote Club (Salvador\/BA)<\/li>\n<\/ul>\n\n\n\n<p><strong>Ter\u00e7a-feira (04\/03)<\/strong><\/p>\n\n\n\n<ul>\n<li>Camarote Vila (Salvador\/BA)<\/li>\n\n\n\n<li>Conde\/BA<\/li>\n<\/ul>\n\n\n\n<p><strong>Quinta-feira (06\/03)<\/strong><\/p>\n\n\n\n<ul>\n<li>Ressaca da Toca \u2013 Morro de S\u00e3o Paulo\/BA<\/li>\n<\/ul>\n\n\n\n<p><\/p>\n\n\n\n<p><\/p>\n\n\n\n<p><\/p>\n","protected":false},"excerpt":{"rendered":"<p>Renanzinho CBX j\u00e1 est\u00e1 pronto para fazer a festa no Carnaval 2025! O cantor, que se tornou um dos principais nomes do samba e pagode baiano, divulgou sua maratona de shows para a folia. O \u201ccria\u201d da Cidade Baixa se apresenta em trio e camarotes de Salvador, al\u00e9m de passar por Cairu, Maragogipe, Itaparica, Conde [&hellip;]<\/p>\n","protected":false},"author":3,"featured_media":34516,"comment_status":"open","ping_status":"open","sticky":false,"template":"","format":"standard","meta":{"_monsterinsights_skip_tracking":false,"_monsterinsights_sitenote_active":false,"_monsterinsights_sitenote_note":"","_monsterinsights_sitenote_category":0,"footnotes":""},"categories":[44],"tags":[],"yoast_head":"<!-- This site is optimized with the Yoast SEO plugin v22.9 - https:\/\/yoast.com\/wordpress\/plugins\/seo\/ -->\n<title>Renanzinho CBX leva o samba da Cidade Baixa para o Carnaval da Bahia; confira agenda - Portal MF<\/title>\n<meta name=\"robots\" content=\"index, follow, max-snippet:-1, max-image-preview:large, max-video-preview:-1\" \/>\n<link rel=\"canonical\" href=\"https:\/\/portalmf.com.br\/index.php\/2025\/02\/28\/renanzinho-cbx-leva-o-samba-da-cidade-baixa-para-o-carnaval-da-bahia-confira-agenda\/\" \/>\n<meta property=\"og:locale\" content=\"pt_BR\" \/>\n<meta property=\"og:type\" content=\"article\" \/>\n<meta property=\"og:title\" content=\"Renanzinho CBX leva o samba da Cidade Baixa para o Carnaval da Bahia; confira agenda - Portal MF\" \/>\n<meta property=\"og:description\" content=\"Renanzinho CBX j\u00e1 est\u00e1 pronto para fazer a festa no Carnaval 2025! O cantor, que se tornou um dos principais nomes do samba e pagode baiano, divulgou sua maratona de shows para a folia. O \u201ccria\u201d da Cidade Baixa se apresenta em trio e camarotes de Salvador, al\u00e9m de passar por Cairu, Maragogipe, Itaparica, Conde [&hellip;]\" \/>\n<meta property=\"og:url\" content=\"https:\/\/portalmf.com.br\/index.php\/2025\/02\/28\/renanzinho-cbx-leva-o-samba-da-cidade-baixa-para-o-carnaval-da-bahia-confira-agenda\/\" \/>\n<meta property=\"og:site_name\" content=\"Portal MF\" \/>\n<meta property=\"article:author\" content=\"https:\/\/www.facebook.com\/portalmfoficial\" \/>\n<meta property=\"article:published_time\" content=\"2025-02-28T14:39:23+00:00\" \/>\n<meta property=\"og:image\" content=\"https:\/\/portalmf.com.br\/wp-content\/uploads\/2025\/02\/MG_0171-4-scaled.jpg\" \/>\n\t<meta property=\"og:image:width\" content=\"2560\" \/>\n\t<meta property=\"og:image:height\" content=\"1707\" \/>\n\t<meta property=\"og:image:type\" content=\"image\/jpeg\" \/>\n<meta name=\"author\" content=\"Reda\u00e7\u00e3o Portal MF\" \/>\n<meta name=\"twitter:card\" content=\"summary_large_image\" \/>\n<meta name=\"twitter:creator\" content=\"@https:\/\/x.com\/portalmfoficial\" \/>\n<meta name=\"twitter:label1\" content=\"Escrito por\" \/>\n\t<meta name=\"twitter:data1\" content=\"Reda\u00e7\u00e3o Portal MF\" \/>\n\t<meta name=\"twitter:label2\" content=\"Est. tempo de leitura\" \/>\n\t<meta name=\"twitter:data2\" content=\"2 minutos\" \/>\n<script type=\"application\/ld+json\" class=\"yoast-schema-graph\">{\"@context\":\"https:\/\/schema.org\",\"@graph\":[{\"@type\":\"WebPage\",\"@id\":\"https:\/\/portalmf.com.br\/index.php\/2025\/02\/28\/renanzinho-cbx-leva-o-samba-da-cidade-baixa-para-o-carnaval-da-bahia-confira-agenda\/\",\"url\":\"https:\/\/portalmf.com.br\/index.php\/2025\/02\/28\/renanzinho-cbx-leva-o-samba-da-cidade-baixa-para-o-carnaval-da-bahia-confira-agenda\/\",\"name\":\"Renanzinho CBX leva o samba da Cidade Baixa para o Carnaval da Bahia; confira agenda - Portal MF\",\"isPartOf\":{\"@id\":\"https:\/\/portalmf.com.br\/#website\"},\"primaryImageOfPage\":{\"@id\":\"https:\/\/portalmf.com.br\/index.php\/2025\/02\/28\/renanzinho-cbx-leva-o-samba-da-cidade-baixa-para-o-carnaval-da-bahia-confira-agenda\/#primaryimage\"},\"image\":{\"@id\":\"https:\/\/portalmf.com.br\/index.php\/2025\/02\/28\/renanzinho-cbx-leva-o-samba-da-cidade-baixa-para-o-carnaval-da-bahia-confira-agenda\/#primaryimage\"},\"thumbnailUrl\":\"https:\/\/portalmf.com.br\/wp-content\/uploads\/2025\/02\/MG_0171-4-scaled.jpg\",\"datePublished\":\"2025-02-28T14:39:23+00:00\",\"dateModified\":\"2025-02-28T14:39:23+00:00\",\"author\":{\"@id\":\"https:\/\/portalmf.com.br\/#\/schema\/person\/9ec101baf56233e53520c26de5d6f6f0\"},\"breadcrumb\":{\"@id\":\"https:\/\/portalmf.com.br\/index.php\/2025\/02\/28\/renanzinho-cbx-leva-o-samba-da-cidade-baixa-para-o-carnaval-da-bahia-confira-agenda\/#breadcrumb\"},\"inLanguage\":\"pt-BR\",\"potentialAction\":[{\"@type\":\"ReadAction\",\"target\":[\"https:\/\/portalmf.com.br\/index.php\/2025\/02\/28\/renanzinho-cbx-leva-o-samba-da-cidade-baixa-para-o-carnaval-da-bahia-confira-agenda\/\"]}]},{\"@type\":\"ImageObject\",\"inLanguage\":\"pt-BR\",\"@id\":\"https:\/\/portalmf.com.br\/index.php\/2025\/02\/28\/renanzinho-cbx-leva-o-samba-da-cidade-baixa-para-o-carnaval-da-bahia-confira-agenda\/#primaryimage\",\"url\":\"https:\/\/portalmf.com.br\/wp-content\/uploads\/2025\/02\/MG_0171-4-scaled.jpg\",\"contentUrl\":\"https:\/\/portalmf.com.br\/wp-content\/uploads\/2025\/02\/MG_0171-4-scaled.jpg\",\"width\":2560,\"height\":1707},{\"@type\":\"BreadcrumbList\",\"@id\":\"https:\/\/portalmf.com.br\/index.php\/2025\/02\/28\/renanzinho-cbx-leva-o-samba-da-cidade-baixa-para-o-carnaval-da-bahia-confira-agenda\/#breadcrumb\",\"itemListElement\":[{\"@type\":\"ListItem\",\"position\":1,\"name\":\"In\u00edcio\",\"item\":\"https:\/\/portalmf.com.br\/\"},{\"@type\":\"ListItem\",\"position\":2,\"name\":\"Renanzinho CBX leva o samba da Cidade Baixa para o Carnaval da Bahia; confira agenda\"}]},{\"@type\":\"WebSite\",\"@id\":\"https:\/\/portalmf.com.br\/#website\",\"url\":\"https:\/\/portalmf.com.br\/\",\"name\":\"Portal MF\",\"description\":\"Voc\u00ea conectado com a informa\u00e7\u00e3o\",\"potentialAction\":[{\"@type\":\"SearchAction\",\"target\":{\"@type\":\"EntryPoint\",\"urlTemplate\":\"https:\/\/portalmf.com.br\/?s={search_term_string}\"},\"query-input\":\"required name=search_term_string\"}],\"inLanguage\":\"pt-BR\"},{\"@type\":\"Person\",\"@id\":\"https:\/\/portalmf.com.br\/#\/schema\/person\/9ec101baf56233e53520c26de5d6f6f0\",\"name\":\"Reda\u00e7\u00e3o Portal MF\",\"image\":{\"@type\":\"ImageObject\",\"inLanguage\":\"pt-BR\",\"@id\":\"https:\/\/portalmf.com.br\/#\/schema\/person\/image\/\",\"url\":\"https:\/\/secure.gravatar.com\/avatar\/41b9aaeb2100835f7c64362330f74c7f?s=96&d=mm&r=g\",\"contentUrl\":\"https:\/\/secure.gravatar.com\/avatar\/41b9aaeb2100835f7c64362330f74c7f?s=96&d=mm&r=g\",\"caption\":\"Reda\u00e7\u00e3o Portal MF\"},\"description\":\"Sejam bem-vindos o portal de informa\u00e7\u00f5es de entretenimento de Feira de Santana, desde 2006 realiza coberturas dos principais eventos com entrevistas exclusivas com as principais personalidades mundiais. Fique conectado tamb\u00e9m nas redes sociais.\",\"sameAs\":[\"http:\/\/www.portalmf.com.br\/\",\"https:\/\/www.facebook.com\/portalmfoficial\",\"https:\/\/www.instagram.com\/portalmf\/\",\"https:\/\/x.com\/https:\/\/x.com\/portalmfoficial\",\"https:\/\/www.youtube.com\/@portalmfoficial\"],\"url\":\"https:\/\/portalmf.com.br\/index.php\/author\/junior\/\"}]}<\/script>\n<!-- \/ Yoast SEO plugin. -->","yoast_head_json":{"title":"Renanzinho CBX leva o samba da Cidade Baixa para o Carnaval da Bahia; confira agenda - Portal MF","robots":{"index":"index","follow":"follow","max-snippet":"max-snippet:-1","max-image-preview":"max-image-preview:large","max-video-preview":"max-video-preview:-1"},"canonical":"https:\/\/portalmf.com.br\/index.php\/2025\/02\/28\/renanzinho-cbx-leva-o-samba-da-cidade-baixa-para-o-carnaval-da-bahia-confira-agenda\/","og_locale":"pt_BR","og_type":"article","og_title":"Renanzinho CBX leva o samba da Cidade Baixa para o Carnaval da Bahia; confira agenda - Portal MF","og_description":"Renanzinho CBX j\u00e1 est\u00e1 pronto para fazer a festa no Carnaval 2025! O cantor, que se tornou um dos principais nomes do samba e pagode baiano, divulgou sua maratona de shows para a folia. O \u201ccria\u201d da Cidade Baixa se apresenta em trio e camarotes de Salvador, al\u00e9m de passar por Cairu, Maragogipe, Itaparica, Conde [&hellip;]","og_url":"https:\/\/portalmf.com.br\/index.php\/2025\/02\/28\/renanzinho-cbx-leva-o-samba-da-cidade-baixa-para-o-carnaval-da-bahia-confira-agenda\/","og_site_name":"Portal MF","article_author":"https:\/\/www.facebook.com\/portalmfoficial","article_published_time":"2025-02-28T14:39:23+00:00","og_image":[{"width":2560,"height":1707,"url":"https:\/\/portalmf.com.br\/wp-content\/uploads\/2025\/02\/MG_0171-4-scaled.jpg","type":"image\/jpeg"}],"author":"Reda\u00e7\u00e3o Portal MF","twitter_card":"summary_large_image","twitter_creator":"@https:\/\/x.com\/portalmfoficial","twitter_misc":{"Escrito por":"Reda\u00e7\u00e3o Portal MF","Est. tempo de leitura":"2 minutos"},"schema":{"@context":"https:\/\/schema.org","@graph":[{"@type":"WebPage","@id":"https:\/\/portalmf.com.br\/index.php\/2025\/02\/28\/renanzinho-cbx-leva-o-samba-da-cidade-baixa-para-o-carnaval-da-bahia-confira-agenda\/","url":"https:\/\/portalmf.com.br\/index.php\/2025\/02\/28\/renanzinho-cbx-leva-o-samba-da-cidade-baixa-para-o-carnaval-da-bahia-confira-agenda\/","name":"Renanzinho CBX leva o samba da Cidade Baixa para o Carnaval da Bahia; confira agenda - Portal MF","isPartOf":{"@id":"https:\/\/portalmf.com.br\/#website"},"primaryImageOfPage":{"@id":"https:\/\/portalmf.com.br\/index.php\/2025\/02\/28\/renanzinho-cbx-leva-o-samba-da-cidade-baixa-para-o-carnaval-da-bahia-confira-agenda\/#primaryimage"},"image":{"@id":"https:\/\/portalmf.com.br\/index.php\/2025\/02\/28\/renanzinho-cbx-leva-o-samba-da-cidade-baixa-para-o-carnaval-da-bahia-confira-agenda\/#primaryimage"},"thumbnailUrl":"https:\/\/portalmf.com.br\/wp-content\/uploads\/2025\/02\/MG_0171-4-scaled.jpg","datePublished":"2025-02-28T14:39:23+00:00","dateModified":"2025-02-28T14:39:23+00:00","author":{"@id":"https:\/\/portalmf.com.br\/#\/schema\/person\/9ec101baf56233e53520c26de5d6f6f0"},"breadcrumb":{"@id":"https:\/\/portalmf.com.br\/index.php\/2025\/02\/28\/renanzinho-cbx-leva-o-samba-da-cidade-baixa-para-o-carnaval-da-bahia-confira-agenda\/#breadcrumb"},"inLanguage":"pt-BR","potentialAction":[{"@type":"ReadAction","target":["https:\/\/portalmf.com.br\/index.php\/2025\/02\/28\/renanzinho-cbx-leva-o-samba-da-cidade-baixa-para-o-carnaval-da-bahia-confira-agenda\/"]}]},{"@type":"ImageObject","inLanguage":"pt-BR","@id":"https:\/\/portalmf.com.br\/index.php\/2025\/02\/28\/renanzinho-cbx-leva-o-samba-da-cidade-baixa-para-o-carnaval-da-bahia-confira-agenda\/#primaryimage","url":"https:\/\/portalmf.com.br\/wp-content\/uploads\/2025\/02\/MG_0171-4-scaled.jpg","contentUrl":"https:\/\/portalmf.com.br\/wp-content\/uploads\/2025\/02\/MG_0171-4-scaled.jpg","width":2560,"height":1707},{"@type":"BreadcrumbList","@id":"https:\/\/portalmf.com.br\/index.php\/2025\/02\/28\/renanzinho-cbx-leva-o-samba-da-cidade-baixa-para-o-carnaval-da-bahia-confira-agenda\/#breadcrumb","itemListElement":[{"@type":"ListItem","position":1,"name":"In\u00edcio","item":"https:\/\/portalmf.com.br\/"},{"@type":"ListItem","position":2,"name":"Renanzinho CBX leva o samba da Cidade Baixa para o Carnaval da Bahia; confira agenda"}]},{"@type":"WebSite","@id":"https:\/\/portalmf.com.br\/#website","url":"https:\/\/portalmf.com.br\/","name":"Portal MF","description":"Voc\u00ea conectado com a informa\u00e7\u00e3o","potentialAction":[{"@type":"SearchAction","target":{"@type":"EntryPoint","urlTemplate":"https:\/\/portalmf.com.br\/?s={search_term_string}"},"query-input":"required name=search_term_string"}],"inLanguage":"pt-BR"},{"@type":"Person","@id":"https:\/\/portalmf.com.br\/#\/schema\/person\/9ec101baf56233e53520c26de5d6f6f0","name":"Reda\u00e7\u00e3o Portal MF","image":{"@type":"ImageObject","inLanguage":"pt-BR","@id":"https:\/\/portalmf.com.br\/#\/schema\/person\/image\/","url":"https:\/\/secure.gravatar.com\/avatar\/41b9aaeb2100835f7c64362330f74c7f?s=96&d=mm&r=g","contentUrl":"https:\/\/secure.gravatar.com\/avatar\/41b9aaeb2100835f7c64362330f74c7f?s=96&d=mm&r=g","caption":"Reda\u00e7\u00e3o Portal MF"},"description":"Sejam bem-vindos o portal de informa\u00e7\u00f5es de entretenimento de Feira de Santana, desde 2006 realiza coberturas dos principais eventos com entrevistas exclusivas com as principais personalidades mundiais. Fique conectado tamb\u00e9m nas redes sociais.","sameAs":["http:\/\/www.portalmf.com.br\/","https:\/\/www.facebook.com\/portalmfoficial","https:\/\/www.instagram.com\/portalmf\/","https:\/\/x.com\/https:\/\/x.com\/portalmfoficial","https:\/\/www.youtube.com\/@portalmfoficial"],"url":"https:\/\/portalmf.com.br\/index.php\/author\/junior\/"}]}},"_links":{"self":[{"href":"https:\/\/portalmf.com.br\/index.php\/wp-json\/wp\/v2\/posts\/34515"}],"collection":[{"href":"https:\/\/portalmf.com.br\/index.php\/wp-json\/wp\/v2\/posts"}],"about":[{"href":"https:\/\/portalmf.com.br\/index.php\/wp-json\/wp\/v2\/types\/post"}],"author":[{"embeddable":true,"href":"https:\/\/portalmf.com.br\/index.php\/wp-json\/wp\/v2\/users\/3"}],"replies":[{"embeddable":true,"href":"https:\/\/portalmf.com.br\/index.php\/wp-json\/wp\/v2\/comments?post=34515"}],"version-history":[{"count":1,"href":"https:\/\/portalmf.com.br\/index.php\/wp-json\/wp\/v2\/posts\/34515\/revisions"}],"predecessor-version":[{"id":34517,"href":"https:\/\/portalmf.com.br\/index.php\/wp-json\/wp\/v2\/posts\/34515\/revisions\/34517"}],"wp:featuredmedia":[{"embeddable":true,"href":"https:\/\/portalmf.com.br\/index.php\/wp-json\/wp\/v2\/media\/34516"}],"wp:attachment":[{"href":"https:\/\/portalmf.com.br\/index.php\/wp-json\/wp\/v2\/media?parent=34515"}],"wp:term":[{"taxonomy":"category","embeddable":true,"href":"https:\/\/portalmf.com.br\/index.php\/wp-json\/wp\/v2\/categories?post=34515"},{"taxonomy":"post_tag","embeddable":true,"href":"https:\/\/portalmf.com.br\/index.php\/wp-json\/wp\/v2\/tags?post=34515"}],"curies":[{"name":"wp","href":"https:\/\/api.w.org\/{rel}","templated":true}]}}