{"id":34512,"date":"2025-02-26T11:31:15","date_gmt":"2025-02-26T14:31:15","guid":{"rendered":"https:\/\/portalmf.com.br\/?p=34512"},"modified":"2025-02-28T11:34:30","modified_gmt":"2025-02-28T14:34:30","slug":"avine-vinny-leva-show-eletrizante-para-cidades-do-nordeste-e-do-norte-neste-carnaval","status":"publish","type":"post","link":"https:\/\/portalmf.com.br\/index.php\/2025\/02\/26\/avine-vinny-leva-show-eletrizante-para-cidades-do-nordeste-e-do-norte-neste-carnaval\/","title":{"rendered":"\u00c1vine Vinny leva show eletrizante para cidades do Nordeste e do Norte neste Carnaval"},"content":{"rendered":"\n<p>O cantor \u00c1vine Vinny est\u00e1 pronto para sacudir o Nordeste e Norte do pa\u00eds durante o Carnaval 2025. Com uma agenda de onze apresenta\u00e7\u00f5es, o cearense levar\u00e1 voz e carisma para cidades espalhadas por quatro estados, passando pelos maiores e mais tradicionais eventos das regi\u00f5es. Conhecido pelo seu forronejo animado e hits que embalam multid\u00f5es, ele promete um carnaval inesquec\u00edvel.<\/p>\n\n\n\n<p>Para esta maratona de shows, \u00c1vine preparou um repert\u00f3rio de sucessos, incluindo os cl\u00e1ssicos da carreira e as m\u00fasicas do projeto &#8220;Quebra Cabe\u00e7a&#8221;, que j\u00e1 conquistaram o p\u00fablico neste ver\u00e3o.&nbsp;<\/p>\n\n\n\n<p>&#8220;Carnaval \u00e9 uma das \u00e9pocas mais especiais do ano para mim! \u00c9 o momento de levar alegria para as pessoas, sentir essa energia e viver intensamente uma das festas mais lindas do nosso pa\u00eds. Estou muito animado e com certeza ser\u00e3o shows inesquec\u00edveis&#8221;, comemora \u00c1vine.<\/p>\n\n\n\n<p>Com uma trajet\u00f3ria de destaque na m\u00fasica, o cantor segue conquistando espa\u00e7o e arrastando f\u00e3s por onde passa. Confira a agenda completa:<\/p>\n\n\n\n<p>27\/02 &#8211; Bloquinho do DP &#8211; Cod\u00f3\/MA<\/p>\n\n\n\n<p>28\/02 &#8211; Circuito &#8220;Vem pro Mar&#8221; &#8211; S\u00e3o Lu\u00eds\/MA<\/p>\n\n\n\n<p>01\/03 &#8211; Carnaval de \u00c1gua Branca\/PI<\/p>\n\n\n\n<p>01\/03 &#8211; Carnaval de Floriano\/PI<\/p>\n\n\n\n<p>02\/03 &#8211; Carnaval de Caxias\/MA<\/p>\n\n\n\n<p>02\/03 &#8211; Carnaval de Mat\u00f5es\/MA<\/p>\n\n\n\n<p>03\/03 &#8211; Carna Lagoinha &#8211; Paraipaba\/CE<\/p>\n\n\n\n<p>03\/03 &#8211; SGA Folia &#8211; S\u00e3o Gon\u00e7alo do Amarante\/CE<\/p>\n\n\n\n<p>04\/03 &#8211; Carnaval de Natal\/RN<\/p>\n\n\n\n<p>04\/03 &#8211; Frevo do Meio Dia &#8211; Caic\u00f3\/RN<\/p>\n\n\n\n<p>05\/03 &#8211; Carnaval Euphoria &#8211; Lu\u00eds Correia\/PI<\/p>\n\n\n\n<p><\/p>\n","protected":false},"excerpt":{"rendered":"<p>O cantor \u00c1vine Vinny est\u00e1 pronto para sacudir o Nordeste e Norte do pa\u00eds durante o Carnaval 2025. Com uma agenda de onze apresenta\u00e7\u00f5es, o cearense levar\u00e1 voz e carisma para cidades espalhadas por quatro estados, passando pelos maiores e mais tradicionais eventos das regi\u00f5es. Conhecido pelo seu forronejo animado e hits que embalam multid\u00f5es, [&hellip;]<\/p>\n","protected":false},"author":3,"featured_media":34513,"comment_status":"open","ping_status":"open","sticky":false,"template":"","format":"standard","meta":{"_monsterinsights_skip_tracking":false,"_monsterinsights_sitenote_active":false,"_monsterinsights_sitenote_note":"","_monsterinsights_sitenote_category":0,"footnotes":""},"categories":[44],"tags":[],"yoast_head":"<!-- This site is optimized with the Yoast SEO plugin v22.9 - https:\/\/yoast.com\/wordpress\/plugins\/seo\/ -->\n<title>\u00c1vine Vinny leva show eletrizante para cidades do Nordeste e do Norte neste Carnaval - Portal MF<\/title>\n<meta name=\"robots\" content=\"index, follow, max-snippet:-1, max-image-preview:large, max-video-preview:-1\" \/>\n<link rel=\"canonical\" href=\"https:\/\/portalmf.com.br\/index.php\/2025\/02\/26\/avine-vinny-leva-show-eletrizante-para-cidades-do-nordeste-e-do-norte-neste-carnaval\/\" \/>\n<meta property=\"og:locale\" content=\"pt_BR\" \/>\n<meta property=\"og:type\" content=\"article\" \/>\n<meta property=\"og:title\" content=\"\u00c1vine Vinny leva show eletrizante para cidades do Nordeste e do Norte neste Carnaval - Portal MF\" \/>\n<meta property=\"og:description\" content=\"O cantor \u00c1vine Vinny est\u00e1 pronto para sacudir o Nordeste e Norte do pa\u00eds durante o Carnaval 2025. Com uma agenda de onze apresenta\u00e7\u00f5es, o cearense levar\u00e1 voz e carisma para cidades espalhadas por quatro estados, passando pelos maiores e mais tradicionais eventos das regi\u00f5es. Conhecido pelo seu forronejo animado e hits que embalam multid\u00f5es, [&hellip;]\" \/>\n<meta property=\"og:url\" content=\"https:\/\/portalmf.com.br\/index.php\/2025\/02\/26\/avine-vinny-leva-show-eletrizante-para-cidades-do-nordeste-e-do-norte-neste-carnaval\/\" \/>\n<meta property=\"og:site_name\" content=\"Portal MF\" \/>\n<meta property=\"article:author\" content=\"https:\/\/www.facebook.com\/portalmfoficial\" \/>\n<meta property=\"article:published_time\" content=\"2025-02-26T14:31:15+00:00\" \/>\n<meta property=\"article:modified_time\" content=\"2025-02-28T14:34:30+00:00\" \/>\n<meta property=\"og:image\" content=\"https:\/\/portalmf.com.br\/wp-content\/uploads\/2025\/02\/Avine-Capa.jpg\" \/>\n\t<meta property=\"og:image:width\" content=\"960\" \/>\n\t<meta property=\"og:image:height\" content=\"640\" \/>\n\t<meta property=\"og:image:type\" content=\"image\/jpeg\" \/>\n<meta name=\"author\" content=\"Reda\u00e7\u00e3o Portal MF\" \/>\n<meta name=\"twitter:card\" content=\"summary_large_image\" \/>\n<meta name=\"twitter:creator\" content=\"@https:\/\/x.com\/portalmfoficial\" \/>\n<meta name=\"twitter:label1\" content=\"Escrito por\" \/>\n\t<meta name=\"twitter:data1\" content=\"Reda\u00e7\u00e3o Portal MF\" \/>\n\t<meta name=\"twitter:label2\" content=\"Est. tempo de leitura\" \/>\n\t<meta name=\"twitter:data2\" content=\"2 minutos\" \/>\n<script type=\"application\/ld+json\" class=\"yoast-schema-graph\">{\"@context\":\"https:\/\/schema.org\",\"@graph\":[{\"@type\":\"WebPage\",\"@id\":\"https:\/\/portalmf.com.br\/index.php\/2025\/02\/26\/avine-vinny-leva-show-eletrizante-para-cidades-do-nordeste-e-do-norte-neste-carnaval\/\",\"url\":\"https:\/\/portalmf.com.br\/index.php\/2025\/02\/26\/avine-vinny-leva-show-eletrizante-para-cidades-do-nordeste-e-do-norte-neste-carnaval\/\",\"name\":\"\u00c1vine Vinny leva show eletrizante para cidades do Nordeste e do Norte neste Carnaval - Portal MF\",\"isPartOf\":{\"@id\":\"https:\/\/portalmf.com.br\/#website\"},\"primaryImageOfPage\":{\"@id\":\"https:\/\/portalmf.com.br\/index.php\/2025\/02\/26\/avine-vinny-leva-show-eletrizante-para-cidades-do-nordeste-e-do-norte-neste-carnaval\/#primaryimage\"},\"image\":{\"@id\":\"https:\/\/portalmf.com.br\/index.php\/2025\/02\/26\/avine-vinny-leva-show-eletrizante-para-cidades-do-nordeste-e-do-norte-neste-carnaval\/#primaryimage\"},\"thumbnailUrl\":\"https:\/\/portalmf.com.br\/wp-content\/uploads\/2025\/02\/Avine-Capa.jpg\",\"datePublished\":\"2025-02-26T14:31:15+00:00\",\"dateModified\":\"2025-02-28T14:34:30+00:00\",\"author\":{\"@id\":\"https:\/\/portalmf.com.br\/#\/schema\/person\/9ec101baf56233e53520c26de5d6f6f0\"},\"breadcrumb\":{\"@id\":\"https:\/\/portalmf.com.br\/index.php\/2025\/02\/26\/avine-vinny-leva-show-eletrizante-para-cidades-do-nordeste-e-do-norte-neste-carnaval\/#breadcrumb\"},\"inLanguage\":\"pt-BR\",\"potentialAction\":[{\"@type\":\"ReadAction\",\"target\":[\"https:\/\/portalmf.com.br\/index.php\/2025\/02\/26\/avine-vinny-leva-show-eletrizante-para-cidades-do-nordeste-e-do-norte-neste-carnaval\/\"]}]},{\"@type\":\"ImageObject\",\"inLanguage\":\"pt-BR\",\"@id\":\"https:\/\/portalmf.com.br\/index.php\/2025\/02\/26\/avine-vinny-leva-show-eletrizante-para-cidades-do-nordeste-e-do-norte-neste-carnaval\/#primaryimage\",\"url\":\"https:\/\/portalmf.com.br\/wp-content\/uploads\/2025\/02\/Avine-Capa.jpg\",\"contentUrl\":\"https:\/\/portalmf.com.br\/wp-content\/uploads\/2025\/02\/Avine-Capa.jpg\",\"width\":960,\"height\":640},{\"@type\":\"BreadcrumbList\",\"@id\":\"https:\/\/portalmf.com.br\/index.php\/2025\/02\/26\/avine-vinny-leva-show-eletrizante-para-cidades-do-nordeste-e-do-norte-neste-carnaval\/#breadcrumb\",\"itemListElement\":[{\"@type\":\"ListItem\",\"position\":1,\"name\":\"In\u00edcio\",\"item\":\"https:\/\/portalmf.com.br\/\"},{\"@type\":\"ListItem\",\"position\":2,\"name\":\"\u00c1vine Vinny leva show eletrizante para cidades do Nordeste e do Norte neste Carnaval\"}]},{\"@type\":\"WebSite\",\"@id\":\"https:\/\/portalmf.com.br\/#website\",\"url\":\"https:\/\/portalmf.com.br\/\",\"name\":\"Portal MF\",\"description\":\"Voc\u00ea conectado com a informa\u00e7\u00e3o\",\"potentialAction\":[{\"@type\":\"SearchAction\",\"target\":{\"@type\":\"EntryPoint\",\"urlTemplate\":\"https:\/\/portalmf.com.br\/?s={search_term_string}\"},\"query-input\":\"required name=search_term_string\"}],\"inLanguage\":\"pt-BR\"},{\"@type\":\"Person\",\"@id\":\"https:\/\/portalmf.com.br\/#\/schema\/person\/9ec101baf56233e53520c26de5d6f6f0\",\"name\":\"Reda\u00e7\u00e3o Portal MF\",\"image\":{\"@type\":\"ImageObject\",\"inLanguage\":\"pt-BR\",\"@id\":\"https:\/\/portalmf.com.br\/#\/schema\/person\/image\/\",\"url\":\"https:\/\/secure.gravatar.com\/avatar\/41b9aaeb2100835f7c64362330f74c7f?s=96&d=mm&r=g\",\"contentUrl\":\"https:\/\/secure.gravatar.com\/avatar\/41b9aaeb2100835f7c64362330f74c7f?s=96&d=mm&r=g\",\"caption\":\"Reda\u00e7\u00e3o Portal MF\"},\"description\":\"Sejam bem-vindos o portal de informa\u00e7\u00f5es de entretenimento de Feira de Santana, desde 2006 realiza coberturas dos principais eventos com entrevistas exclusivas com as principais personalidades mundiais. Fique conectado tamb\u00e9m nas redes sociais.\",\"sameAs\":[\"http:\/\/www.portalmf.com.br\/\",\"https:\/\/www.facebook.com\/portalmfoficial\",\"https:\/\/www.instagram.com\/portalmf\/\",\"https:\/\/x.com\/https:\/\/x.com\/portalmfoficial\",\"https:\/\/www.youtube.com\/@portalmfoficial\"],\"url\":\"https:\/\/portalmf.com.br\/index.php\/author\/junior\/\"}]}<\/script>\n<!-- \/ Yoast SEO plugin. -->","yoast_head_json":{"title":"\u00c1vine Vinny leva show eletrizante para cidades do Nordeste e do Norte neste Carnaval - Portal MF","robots":{"index":"index","follow":"follow","max-snippet":"max-snippet:-1","max-image-preview":"max-image-preview:large","max-video-preview":"max-video-preview:-1"},"canonical":"https:\/\/portalmf.com.br\/index.php\/2025\/02\/26\/avine-vinny-leva-show-eletrizante-para-cidades-do-nordeste-e-do-norte-neste-carnaval\/","og_locale":"pt_BR","og_type":"article","og_title":"\u00c1vine Vinny leva show eletrizante para cidades do Nordeste e do Norte neste Carnaval - Portal MF","og_description":"O cantor \u00c1vine Vinny est\u00e1 pronto para sacudir o Nordeste e Norte do pa\u00eds durante o Carnaval 2025. Com uma agenda de onze apresenta\u00e7\u00f5es, o cearense levar\u00e1 voz e carisma para cidades espalhadas por quatro estados, passando pelos maiores e mais tradicionais eventos das regi\u00f5es. Conhecido pelo seu forronejo animado e hits que embalam multid\u00f5es, [&hellip;]","og_url":"https:\/\/portalmf.com.br\/index.php\/2025\/02\/26\/avine-vinny-leva-show-eletrizante-para-cidades-do-nordeste-e-do-norte-neste-carnaval\/","og_site_name":"Portal MF","article_author":"https:\/\/www.facebook.com\/portalmfoficial","article_published_time":"2025-02-26T14:31:15+00:00","article_modified_time":"2025-02-28T14:34:30+00:00","og_image":[{"width":960,"height":640,"url":"https:\/\/portalmf.com.br\/wp-content\/uploads\/2025\/02\/Avine-Capa.jpg","type":"image\/jpeg"}],"author":"Reda\u00e7\u00e3o Portal MF","twitter_card":"summary_large_image","twitter_creator":"@https:\/\/x.com\/portalmfoficial","twitter_misc":{"Escrito por":"Reda\u00e7\u00e3o Portal MF","Est. tempo de leitura":"2 minutos"},"schema":{"@context":"https:\/\/schema.org","@graph":[{"@type":"WebPage","@id":"https:\/\/portalmf.com.br\/index.php\/2025\/02\/26\/avine-vinny-leva-show-eletrizante-para-cidades-do-nordeste-e-do-norte-neste-carnaval\/","url":"https:\/\/portalmf.com.br\/index.php\/2025\/02\/26\/avine-vinny-leva-show-eletrizante-para-cidades-do-nordeste-e-do-norte-neste-carnaval\/","name":"\u00c1vine Vinny leva show eletrizante para cidades do Nordeste e do Norte neste Carnaval - Portal MF","isPartOf":{"@id":"https:\/\/portalmf.com.br\/#website"},"primaryImageOfPage":{"@id":"https:\/\/portalmf.com.br\/index.php\/2025\/02\/26\/avine-vinny-leva-show-eletrizante-para-cidades-do-nordeste-e-do-norte-neste-carnaval\/#primaryimage"},"image":{"@id":"https:\/\/portalmf.com.br\/index.php\/2025\/02\/26\/avine-vinny-leva-show-eletrizante-para-cidades-do-nordeste-e-do-norte-neste-carnaval\/#primaryimage"},"thumbnailUrl":"https:\/\/portalmf.com.br\/wp-content\/uploads\/2025\/02\/Avine-Capa.jpg","datePublished":"2025-02-26T14:31:15+00:00","dateModified":"2025-02-28T14:34:30+00:00","author":{"@id":"https:\/\/portalmf.com.br\/#\/schema\/person\/9ec101baf56233e53520c26de5d6f6f0"},"breadcrumb":{"@id":"https:\/\/portalmf.com.br\/index.php\/2025\/02\/26\/avine-vinny-leva-show-eletrizante-para-cidades-do-nordeste-e-do-norte-neste-carnaval\/#breadcrumb"},"inLanguage":"pt-BR","potentialAction":[{"@type":"ReadAction","target":["https:\/\/portalmf.com.br\/index.php\/2025\/02\/26\/avine-vinny-leva-show-eletrizante-para-cidades-do-nordeste-e-do-norte-neste-carnaval\/"]}]},{"@type":"ImageObject","inLanguage":"pt-BR","@id":"https:\/\/portalmf.com.br\/index.php\/2025\/02\/26\/avine-vinny-leva-show-eletrizante-para-cidades-do-nordeste-e-do-norte-neste-carnaval\/#primaryimage","url":"https:\/\/portalmf.com.br\/wp-content\/uploads\/2025\/02\/Avine-Capa.jpg","contentUrl":"https:\/\/portalmf.com.br\/wp-content\/uploads\/2025\/02\/Avine-Capa.jpg","width":960,"height":640},{"@type":"BreadcrumbList","@id":"https:\/\/portalmf.com.br\/index.php\/2025\/02\/26\/avine-vinny-leva-show-eletrizante-para-cidades-do-nordeste-e-do-norte-neste-carnaval\/#breadcrumb","itemListElement":[{"@type":"ListItem","position":1,"name":"In\u00edcio","item":"https:\/\/portalmf.com.br\/"},{"@type":"ListItem","position":2,"name":"\u00c1vine Vinny leva show eletrizante para cidades do Nordeste e do Norte neste Carnaval"}]},{"@type":"WebSite","@id":"https:\/\/portalmf.com.br\/#website","url":"https:\/\/portalmf.com.br\/","name":"Portal MF","description":"Voc\u00ea conectado com a informa\u00e7\u00e3o","potentialAction":[{"@type":"SearchAction","target":{"@type":"EntryPoint","urlTemplate":"https:\/\/portalmf.com.br\/?s={search_term_string}"},"query-input":"required name=search_term_string"}],"inLanguage":"pt-BR"},{"@type":"Person","@id":"https:\/\/portalmf.com.br\/#\/schema\/person\/9ec101baf56233e53520c26de5d6f6f0","name":"Reda\u00e7\u00e3o Portal MF","image":{"@type":"ImageObject","inLanguage":"pt-BR","@id":"https:\/\/portalmf.com.br\/#\/schema\/person\/image\/","url":"https:\/\/secure.gravatar.com\/avatar\/41b9aaeb2100835f7c64362330f74c7f?s=96&d=mm&r=g","contentUrl":"https:\/\/secure.gravatar.com\/avatar\/41b9aaeb2100835f7c64362330f74c7f?s=96&d=mm&r=g","caption":"Reda\u00e7\u00e3o Portal MF"},"description":"Sejam bem-vindos o portal de informa\u00e7\u00f5es de entretenimento de Feira de Santana, desde 2006 realiza coberturas dos principais eventos com entrevistas exclusivas com as principais personalidades mundiais. Fique conectado tamb\u00e9m nas redes sociais.","sameAs":["http:\/\/www.portalmf.com.br\/","https:\/\/www.facebook.com\/portalmfoficial","https:\/\/www.instagram.com\/portalmf\/","https:\/\/x.com\/https:\/\/x.com\/portalmfoficial","https:\/\/www.youtube.com\/@portalmfoficial"],"url":"https:\/\/portalmf.com.br\/index.php\/author\/junior\/"}]}},"_links":{"self":[{"href":"https:\/\/portalmf.com.br\/index.php\/wp-json\/wp\/v2\/posts\/34512"}],"collection":[{"href":"https:\/\/portalmf.com.br\/index.php\/wp-json\/wp\/v2\/posts"}],"about":[{"href":"https:\/\/portalmf.com.br\/index.php\/wp-json\/wp\/v2\/types\/post"}],"author":[{"embeddable":true,"href":"https:\/\/portalmf.com.br\/index.php\/wp-json\/wp\/v2\/users\/3"}],"replies":[{"embeddable":true,"href":"https:\/\/portalmf.com.br\/index.php\/wp-json\/wp\/v2\/comments?post=34512"}],"version-history":[{"count":1,"href":"https:\/\/portalmf.com.br\/index.php\/wp-json\/wp\/v2\/posts\/34512\/revisions"}],"predecessor-version":[{"id":34514,"href":"https:\/\/portalmf.com.br\/index.php\/wp-json\/wp\/v2\/posts\/34512\/revisions\/34514"}],"wp:featuredmedia":[{"embeddable":true,"href":"https:\/\/portalmf.com.br\/index.php\/wp-json\/wp\/v2\/media\/34513"}],"wp:attachment":[{"href":"https:\/\/portalmf.com.br\/index.php\/wp-json\/wp\/v2\/media?parent=34512"}],"wp:term":[{"taxonomy":"category","embeddable":true,"href":"https:\/\/portalmf.com.br\/index.php\/wp-json\/wp\/v2\/categories?post=34512"},{"taxonomy":"post_tag","embeddable":true,"href":"https:\/\/portalmf.com.br\/index.php\/wp-json\/wp\/v2\/tags?post=34512"}],"curies":[{"name":"wp","href":"https:\/\/api.w.org\/{rel}","templated":true}]}}