{"id":34506,"date":"2025-02-28T11:24:27","date_gmt":"2025-02-28T14:24:27","guid":{"rendered":"https:\/\/portalmf.com.br\/?p=34506"},"modified":"2025-02-28T11:24:27","modified_gmt":"2025-02-28T14:24:27","slug":"trio-da-diversidade-promete-agitar-carnaval-com-leo-kret-e-frevancia-eletrica","status":"publish","type":"post","link":"https:\/\/portalmf.com.br\/index.php\/2025\/02\/28\/trio-da-diversidade-promete-agitar-carnaval-com-leo-kret-e-frevancia-eletrica\/","title":{"rendered":"Trio da Diversidade promete agitar Carnaval com L\u00e9o Kret e Frev\u00e2ncia El\u00e9trica"},"content":{"rendered":"\n<p>O desfile do Trio da Diversidade, comandado pela artista L\u00e9o Kret do Brasil e pela Banda Frev\u00e2ncia El\u00e9trica, transformar\u00e1 o Circuito Osmar (Campo Grande) em palco de um dos momentos mais simb\u00f3licos e vibrantes do Carnaval de Salvador neste domingo (2), a partir das 13h.<\/p>\n\n\n\n<p>A Frev\u00e2ncia El\u00e9trica, liderada pela talentosa cantora Karla Pratta, \u00e9 um dos destaque do trio. Com um repert\u00f3rio que mistura samba reggae, hip-hop, reggae, funk e pagode baiano, a banda vem ganhando notoriedade pela sua sonoridade inovadora, que respeita as ra\u00edzes da m\u00fasica baiana e ao mesmo tempo aponta para novas possibilidades.&nbsp;<\/p>\n\n\n\n<p>O evento promete celebrar a pluralidade cultural e reafirmar a import\u00e2ncia da inclus\u00e3o no maior espet\u00e1culo a c\u00e9u aberto do mundo. A presen\u00e7a de L\u00e9o Kret, primeira vereadora trans do Brasil e ativista LGBTQIAP+, refor\u00e7a o car\u00e1ter de resist\u00eancia e representatividade do trio, tornando-o um espa\u00e7o de visibilidade e celebra\u00e7\u00e3o para a comunidade.<\/p>\n\n\n\n<p>O desfile do Trio da Diversidade vai al\u00e9m da m\u00fasica e representa um importante marco na valoriza\u00e7\u00e3o da diversidade e no combate ao preconceito. Em um cen\u00e1rio onde a cultura tem sido uma ferramenta essencial de transforma\u00e7\u00e3o social, eventos como este refor\u00e7am a necessidade de garantir espa\u00e7os democr\u00e1ticos e inclusivos no Carnaval.<\/p>\n\n\n\n<p>A Frev\u00e2ncia El\u00e9trica ressalta em suas apresenta\u00e7\u00f5es a riqueza cultural da Bahia, promovendo um encontro de ritmos, cores e vozes. Em meio ao brilho, \u00e0 m\u00fasica e \u00e0 celebra\u00e7\u00e3o, a mensagem principal se mant\u00e9m clara: a diversidade \u00e9 a verdadeira ess\u00eancia da festa, e todos t\u00eam o direito de ocupar as ruas com orgulho e liberdade.<\/p>\n\n\n\n<p><\/p>\n\n\n\n<p><\/p>\n","protected":false},"excerpt":{"rendered":"<p>O desfile do Trio da Diversidade, comandado pela artista L\u00e9o Kret do Brasil e pela Banda Frev\u00e2ncia El\u00e9trica, transformar\u00e1 o Circuito Osmar (Campo Grande) em palco de um dos momentos mais simb\u00f3licos e vibrantes do Carnaval de Salvador neste domingo (2), a partir das 13h. A Frev\u00e2ncia El\u00e9trica, liderada pela talentosa cantora Karla Pratta, \u00e9 [&hellip;]<\/p>\n","protected":false},"author":3,"featured_media":34507,"comment_status":"open","ping_status":"open","sticky":false,"template":"","format":"standard","meta":{"_monsterinsights_skip_tracking":false,"_monsterinsights_sitenote_active":false,"_monsterinsights_sitenote_note":"","_monsterinsights_sitenote_category":0,"footnotes":""},"categories":[44,47],"tags":[],"yoast_head":"<!-- This site is optimized with the Yoast SEO plugin v22.9 - https:\/\/yoast.com\/wordpress\/plugins\/seo\/ -->\n<title>Trio da Diversidade promete agitar Carnaval com L\u00e9o Kret e Frev\u00e2ncia El\u00e9trica - Portal MF<\/title>\n<meta name=\"robots\" content=\"index, follow, max-snippet:-1, max-image-preview:large, max-video-preview:-1\" \/>\n<link rel=\"canonical\" href=\"https:\/\/portalmf.com.br\/index.php\/2025\/02\/28\/trio-da-diversidade-promete-agitar-carnaval-com-leo-kret-e-frevancia-eletrica\/\" \/>\n<meta property=\"og:locale\" content=\"pt_BR\" \/>\n<meta property=\"og:type\" content=\"article\" \/>\n<meta property=\"og:title\" content=\"Trio da Diversidade promete agitar Carnaval com L\u00e9o Kret e Frev\u00e2ncia El\u00e9trica - Portal MF\" \/>\n<meta property=\"og:description\" content=\"O desfile do Trio da Diversidade, comandado pela artista L\u00e9o Kret do Brasil e pela Banda Frev\u00e2ncia El\u00e9trica, transformar\u00e1 o Circuito Osmar (Campo Grande) em palco de um dos momentos mais simb\u00f3licos e vibrantes do Carnaval de Salvador neste domingo (2), a partir das 13h. A Frev\u00e2ncia El\u00e9trica, liderada pela talentosa cantora Karla Pratta, \u00e9 [&hellip;]\" \/>\n<meta property=\"og:url\" content=\"https:\/\/portalmf.com.br\/index.php\/2025\/02\/28\/trio-da-diversidade-promete-agitar-carnaval-com-leo-kret-e-frevancia-eletrica\/\" \/>\n<meta property=\"og:site_name\" content=\"Portal MF\" \/>\n<meta property=\"article:author\" content=\"https:\/\/www.facebook.com\/portalmfoficial\" \/>\n<meta property=\"article:published_time\" content=\"2025-02-28T14:24:27+00:00\" \/>\n<meta property=\"og:image\" content=\"https:\/\/portalmf.com.br\/wp-content\/uploads\/2025\/02\/Leo-Kret-do-Brasil-e-Karla-Pratta-Foto-Divulgacao.png\" \/>\n\t<meta property=\"og:image:width\" content=\"1000\" \/>\n\t<meta property=\"og:image:height\" content=\"620\" \/>\n\t<meta property=\"og:image:type\" content=\"image\/png\" \/>\n<meta name=\"author\" content=\"Reda\u00e7\u00e3o Portal MF\" \/>\n<meta name=\"twitter:card\" content=\"summary_large_image\" \/>\n<meta name=\"twitter:creator\" content=\"@https:\/\/x.com\/portalmfoficial\" \/>\n<meta name=\"twitter:label1\" content=\"Escrito por\" \/>\n\t<meta name=\"twitter:data1\" content=\"Reda\u00e7\u00e3o Portal MF\" \/>\n\t<meta name=\"twitter:label2\" content=\"Est. tempo de leitura\" \/>\n\t<meta name=\"twitter:data2\" content=\"2 minutos\" \/>\n<script type=\"application\/ld+json\" class=\"yoast-schema-graph\">{\"@context\":\"https:\/\/schema.org\",\"@graph\":[{\"@type\":\"WebPage\",\"@id\":\"https:\/\/portalmf.com.br\/index.php\/2025\/02\/28\/trio-da-diversidade-promete-agitar-carnaval-com-leo-kret-e-frevancia-eletrica\/\",\"url\":\"https:\/\/portalmf.com.br\/index.php\/2025\/02\/28\/trio-da-diversidade-promete-agitar-carnaval-com-leo-kret-e-frevancia-eletrica\/\",\"name\":\"Trio da Diversidade promete agitar Carnaval com L\u00e9o Kret e Frev\u00e2ncia El\u00e9trica - Portal MF\",\"isPartOf\":{\"@id\":\"https:\/\/portalmf.com.br\/#website\"},\"primaryImageOfPage\":{\"@id\":\"https:\/\/portalmf.com.br\/index.php\/2025\/02\/28\/trio-da-diversidade-promete-agitar-carnaval-com-leo-kret-e-frevancia-eletrica\/#primaryimage\"},\"image\":{\"@id\":\"https:\/\/portalmf.com.br\/index.php\/2025\/02\/28\/trio-da-diversidade-promete-agitar-carnaval-com-leo-kret-e-frevancia-eletrica\/#primaryimage\"},\"thumbnailUrl\":\"https:\/\/portalmf.com.br\/wp-content\/uploads\/2025\/02\/Leo-Kret-do-Brasil-e-Karla-Pratta-Foto-Divulgacao.png\",\"datePublished\":\"2025-02-28T14:24:27+00:00\",\"dateModified\":\"2025-02-28T14:24:27+00:00\",\"author\":{\"@id\":\"https:\/\/portalmf.com.br\/#\/schema\/person\/9ec101baf56233e53520c26de5d6f6f0\"},\"breadcrumb\":{\"@id\":\"https:\/\/portalmf.com.br\/index.php\/2025\/02\/28\/trio-da-diversidade-promete-agitar-carnaval-com-leo-kret-e-frevancia-eletrica\/#breadcrumb\"},\"inLanguage\":\"pt-BR\",\"potentialAction\":[{\"@type\":\"ReadAction\",\"target\":[\"https:\/\/portalmf.com.br\/index.php\/2025\/02\/28\/trio-da-diversidade-promete-agitar-carnaval-com-leo-kret-e-frevancia-eletrica\/\"]}]},{\"@type\":\"ImageObject\",\"inLanguage\":\"pt-BR\",\"@id\":\"https:\/\/portalmf.com.br\/index.php\/2025\/02\/28\/trio-da-diversidade-promete-agitar-carnaval-com-leo-kret-e-frevancia-eletrica\/#primaryimage\",\"url\":\"https:\/\/portalmf.com.br\/wp-content\/uploads\/2025\/02\/Leo-Kret-do-Brasil-e-Karla-Pratta-Foto-Divulgacao.png\",\"contentUrl\":\"https:\/\/portalmf.com.br\/wp-content\/uploads\/2025\/02\/Leo-Kret-do-Brasil-e-Karla-Pratta-Foto-Divulgacao.png\",\"width\":1000,\"height\":620},{\"@type\":\"BreadcrumbList\",\"@id\":\"https:\/\/portalmf.com.br\/index.php\/2025\/02\/28\/trio-da-diversidade-promete-agitar-carnaval-com-leo-kret-e-frevancia-eletrica\/#breadcrumb\",\"itemListElement\":[{\"@type\":\"ListItem\",\"position\":1,\"name\":\"In\u00edcio\",\"item\":\"https:\/\/portalmf.com.br\/\"},{\"@type\":\"ListItem\",\"position\":2,\"name\":\"Trio da Diversidade promete agitar Carnaval com L\u00e9o Kret e Frev\u00e2ncia El\u00e9trica\"}]},{\"@type\":\"WebSite\",\"@id\":\"https:\/\/portalmf.com.br\/#website\",\"url\":\"https:\/\/portalmf.com.br\/\",\"name\":\"Portal MF\",\"description\":\"Voc\u00ea conectado com a informa\u00e7\u00e3o\",\"potentialAction\":[{\"@type\":\"SearchAction\",\"target\":{\"@type\":\"EntryPoint\",\"urlTemplate\":\"https:\/\/portalmf.com.br\/?s={search_term_string}\"},\"query-input\":\"required name=search_term_string\"}],\"inLanguage\":\"pt-BR\"},{\"@type\":\"Person\",\"@id\":\"https:\/\/portalmf.com.br\/#\/schema\/person\/9ec101baf56233e53520c26de5d6f6f0\",\"name\":\"Reda\u00e7\u00e3o Portal MF\",\"image\":{\"@type\":\"ImageObject\",\"inLanguage\":\"pt-BR\",\"@id\":\"https:\/\/portalmf.com.br\/#\/schema\/person\/image\/\",\"url\":\"https:\/\/secure.gravatar.com\/avatar\/41b9aaeb2100835f7c64362330f74c7f?s=96&d=mm&r=g\",\"contentUrl\":\"https:\/\/secure.gravatar.com\/avatar\/41b9aaeb2100835f7c64362330f74c7f?s=96&d=mm&r=g\",\"caption\":\"Reda\u00e7\u00e3o Portal MF\"},\"description\":\"Sejam bem-vindos o portal de informa\u00e7\u00f5es de entretenimento de Feira de Santana, desde 2006 realiza coberturas dos principais eventos com entrevistas exclusivas com as principais personalidades mundiais. Fique conectado tamb\u00e9m nas redes sociais.\",\"sameAs\":[\"http:\/\/www.portalmf.com.br\/\",\"https:\/\/www.facebook.com\/portalmfoficial\",\"https:\/\/www.instagram.com\/portalmf\/\",\"https:\/\/x.com\/https:\/\/x.com\/portalmfoficial\",\"https:\/\/www.youtube.com\/@portalmfoficial\"],\"url\":\"https:\/\/portalmf.com.br\/index.php\/author\/junior\/\"}]}<\/script>\n<!-- \/ Yoast SEO plugin. -->","yoast_head_json":{"title":"Trio da Diversidade promete agitar Carnaval com L\u00e9o Kret e Frev\u00e2ncia El\u00e9trica - Portal MF","robots":{"index":"index","follow":"follow","max-snippet":"max-snippet:-1","max-image-preview":"max-image-preview:large","max-video-preview":"max-video-preview:-1"},"canonical":"https:\/\/portalmf.com.br\/index.php\/2025\/02\/28\/trio-da-diversidade-promete-agitar-carnaval-com-leo-kret-e-frevancia-eletrica\/","og_locale":"pt_BR","og_type":"article","og_title":"Trio da Diversidade promete agitar Carnaval com L\u00e9o Kret e Frev\u00e2ncia El\u00e9trica - Portal MF","og_description":"O desfile do Trio da Diversidade, comandado pela artista L\u00e9o Kret do Brasil e pela Banda Frev\u00e2ncia El\u00e9trica, transformar\u00e1 o Circuito Osmar (Campo Grande) em palco de um dos momentos mais simb\u00f3licos e vibrantes do Carnaval de Salvador neste domingo (2), a partir das 13h. A Frev\u00e2ncia El\u00e9trica, liderada pela talentosa cantora Karla Pratta, \u00e9 [&hellip;]","og_url":"https:\/\/portalmf.com.br\/index.php\/2025\/02\/28\/trio-da-diversidade-promete-agitar-carnaval-com-leo-kret-e-frevancia-eletrica\/","og_site_name":"Portal MF","article_author":"https:\/\/www.facebook.com\/portalmfoficial","article_published_time":"2025-02-28T14:24:27+00:00","og_image":[{"width":1000,"height":620,"url":"https:\/\/portalmf.com.br\/wp-content\/uploads\/2025\/02\/Leo-Kret-do-Brasil-e-Karla-Pratta-Foto-Divulgacao.png","type":"image\/png"}],"author":"Reda\u00e7\u00e3o Portal MF","twitter_card":"summary_large_image","twitter_creator":"@https:\/\/x.com\/portalmfoficial","twitter_misc":{"Escrito por":"Reda\u00e7\u00e3o Portal MF","Est. tempo de leitura":"2 minutos"},"schema":{"@context":"https:\/\/schema.org","@graph":[{"@type":"WebPage","@id":"https:\/\/portalmf.com.br\/index.php\/2025\/02\/28\/trio-da-diversidade-promete-agitar-carnaval-com-leo-kret-e-frevancia-eletrica\/","url":"https:\/\/portalmf.com.br\/index.php\/2025\/02\/28\/trio-da-diversidade-promete-agitar-carnaval-com-leo-kret-e-frevancia-eletrica\/","name":"Trio da Diversidade promete agitar Carnaval com L\u00e9o Kret e Frev\u00e2ncia El\u00e9trica - Portal MF","isPartOf":{"@id":"https:\/\/portalmf.com.br\/#website"},"primaryImageOfPage":{"@id":"https:\/\/portalmf.com.br\/index.php\/2025\/02\/28\/trio-da-diversidade-promete-agitar-carnaval-com-leo-kret-e-frevancia-eletrica\/#primaryimage"},"image":{"@id":"https:\/\/portalmf.com.br\/index.php\/2025\/02\/28\/trio-da-diversidade-promete-agitar-carnaval-com-leo-kret-e-frevancia-eletrica\/#primaryimage"},"thumbnailUrl":"https:\/\/portalmf.com.br\/wp-content\/uploads\/2025\/02\/Leo-Kret-do-Brasil-e-Karla-Pratta-Foto-Divulgacao.png","datePublished":"2025-02-28T14:24:27+00:00","dateModified":"2025-02-28T14:24:27+00:00","author":{"@id":"https:\/\/portalmf.com.br\/#\/schema\/person\/9ec101baf56233e53520c26de5d6f6f0"},"breadcrumb":{"@id":"https:\/\/portalmf.com.br\/index.php\/2025\/02\/28\/trio-da-diversidade-promete-agitar-carnaval-com-leo-kret-e-frevancia-eletrica\/#breadcrumb"},"inLanguage":"pt-BR","potentialAction":[{"@type":"ReadAction","target":["https:\/\/portalmf.com.br\/index.php\/2025\/02\/28\/trio-da-diversidade-promete-agitar-carnaval-com-leo-kret-e-frevancia-eletrica\/"]}]},{"@type":"ImageObject","inLanguage":"pt-BR","@id":"https:\/\/portalmf.com.br\/index.php\/2025\/02\/28\/trio-da-diversidade-promete-agitar-carnaval-com-leo-kret-e-frevancia-eletrica\/#primaryimage","url":"https:\/\/portalmf.com.br\/wp-content\/uploads\/2025\/02\/Leo-Kret-do-Brasil-e-Karla-Pratta-Foto-Divulgacao.png","contentUrl":"https:\/\/portalmf.com.br\/wp-content\/uploads\/2025\/02\/Leo-Kret-do-Brasil-e-Karla-Pratta-Foto-Divulgacao.png","width":1000,"height":620},{"@type":"BreadcrumbList","@id":"https:\/\/portalmf.com.br\/index.php\/2025\/02\/28\/trio-da-diversidade-promete-agitar-carnaval-com-leo-kret-e-frevancia-eletrica\/#breadcrumb","itemListElement":[{"@type":"ListItem","position":1,"name":"In\u00edcio","item":"https:\/\/portalmf.com.br\/"},{"@type":"ListItem","position":2,"name":"Trio da Diversidade promete agitar Carnaval com L\u00e9o Kret e Frev\u00e2ncia El\u00e9trica"}]},{"@type":"WebSite","@id":"https:\/\/portalmf.com.br\/#website","url":"https:\/\/portalmf.com.br\/","name":"Portal MF","description":"Voc\u00ea conectado com a informa\u00e7\u00e3o","potentialAction":[{"@type":"SearchAction","target":{"@type":"EntryPoint","urlTemplate":"https:\/\/portalmf.com.br\/?s={search_term_string}"},"query-input":"required name=search_term_string"}],"inLanguage":"pt-BR"},{"@type":"Person","@id":"https:\/\/portalmf.com.br\/#\/schema\/person\/9ec101baf56233e53520c26de5d6f6f0","name":"Reda\u00e7\u00e3o Portal MF","image":{"@type":"ImageObject","inLanguage":"pt-BR","@id":"https:\/\/portalmf.com.br\/#\/schema\/person\/image\/","url":"https:\/\/secure.gravatar.com\/avatar\/41b9aaeb2100835f7c64362330f74c7f?s=96&d=mm&r=g","contentUrl":"https:\/\/secure.gravatar.com\/avatar\/41b9aaeb2100835f7c64362330f74c7f?s=96&d=mm&r=g","caption":"Reda\u00e7\u00e3o Portal MF"},"description":"Sejam bem-vindos o portal de informa\u00e7\u00f5es de entretenimento de Feira de Santana, desde 2006 realiza coberturas dos principais eventos com entrevistas exclusivas com as principais personalidades mundiais. Fique conectado tamb\u00e9m nas redes sociais.","sameAs":["http:\/\/www.portalmf.com.br\/","https:\/\/www.facebook.com\/portalmfoficial","https:\/\/www.instagram.com\/portalmf\/","https:\/\/x.com\/https:\/\/x.com\/portalmfoficial","https:\/\/www.youtube.com\/@portalmfoficial"],"url":"https:\/\/portalmf.com.br\/index.php\/author\/junior\/"}]}},"_links":{"self":[{"href":"https:\/\/portalmf.com.br\/index.php\/wp-json\/wp\/v2\/posts\/34506"}],"collection":[{"href":"https:\/\/portalmf.com.br\/index.php\/wp-json\/wp\/v2\/posts"}],"about":[{"href":"https:\/\/portalmf.com.br\/index.php\/wp-json\/wp\/v2\/types\/post"}],"author":[{"embeddable":true,"href":"https:\/\/portalmf.com.br\/index.php\/wp-json\/wp\/v2\/users\/3"}],"replies":[{"embeddable":true,"href":"https:\/\/portalmf.com.br\/index.php\/wp-json\/wp\/v2\/comments?post=34506"}],"version-history":[{"count":1,"href":"https:\/\/portalmf.com.br\/index.php\/wp-json\/wp\/v2\/posts\/34506\/revisions"}],"predecessor-version":[{"id":34508,"href":"https:\/\/portalmf.com.br\/index.php\/wp-json\/wp\/v2\/posts\/34506\/revisions\/34508"}],"wp:featuredmedia":[{"embeddable":true,"href":"https:\/\/portalmf.com.br\/index.php\/wp-json\/wp\/v2\/media\/34507"}],"wp:attachment":[{"href":"https:\/\/portalmf.com.br\/index.php\/wp-json\/wp\/v2\/media?parent=34506"}],"wp:term":[{"taxonomy":"category","embeddable":true,"href":"https:\/\/portalmf.com.br\/index.php\/wp-json\/wp\/v2\/categories?post=34506"},{"taxonomy":"post_tag","embeddable":true,"href":"https:\/\/portalmf.com.br\/index.php\/wp-json\/wp\/v2\/tags?post=34506"}],"curies":[{"name":"wp","href":"https:\/\/api.w.org\/{rel}","templated":true}]}}