{"id":34502,"date":"2025-02-28T10:37:29","date_gmt":"2025-02-28T13:37:29","guid":{"rendered":"https:\/\/portalmf.com.br\/?p=34502"},"modified":"2025-02-28T10:37:30","modified_gmt":"2025-02-28T13:37:30","slug":"segundo-dia-do-carnaval-da-bahia-tera-igor-kannario-e-thiago-aquino-na-barra-e-o-tchan-e-solange-almeida-tocam-no-centro","status":"publish","type":"post","link":"https:\/\/portalmf.com.br\/index.php\/2025\/02\/28\/segundo-dia-do-carnaval-da-bahia-tera-igor-kannario-e-thiago-aquino-na-barra-e-o-tchan-e-solange-almeida-tocam-no-centro\/","title":{"rendered":"Segundo dia do carnaval da Bahia ter\u00e1 Igor Kannario e Thiago Aquino na Barra; \u00c9 o Tchan e Solange Almeida tocam no Centro"},"content":{"rendered":"\n<p>Na sexta-feira (27), segundo dia do Carnaval da Bahia 2025, realizado pelo Governo do Estado, o p\u00fablico ter\u00e1 uma variedade de estilos musicais.<\/p>\n\n\n\n<p>No circuito Dod\u00f4, Igor Kannario, o \u201cPr\u00edncipe do Gueto\u201d, comanda uma das maiores pipocas da festa, reunindo milhares de foli\u00f5es.<\/p>\n\n\n\n<p>Outra atra\u00e7\u00e3o no dia \u00e9 o cantor de arrocha Thiago Aquino, que leva sua legi\u00e3o de f\u00e3s para acompanhar o trio sem cordas.<\/p>\n\n\n\n<p>Tamb\u00e9m tocam na Barra os artistas Edu Casanova e a rainha do ax\u00e9, Daniela Mercury.<\/p>\n\n\n\n<p>No circuito Osmar, o pagode ganha destaque com a banda \u00c9 o Tchan, que apresenta no seu repert\u00f3rio a nova m\u00fasica, \u201cJogadinha\u201d.<\/p>\n\n\n\n<p>O forr\u00f3 tamb\u00e9m marca presen\u00e7a com Solange Almeida, que puxa o trio do Governo do Estado. A cantora deve embalar o p\u00fablico com hits como \u201cSe \u00e9 pra Gente Ficar\u201d, \u201cMe Fa\u00e7a o Favor\u201d e \u201cRevoltada\u201d.<\/p>\n\n\n\n<p>A programa\u00e7\u00e3o da sexta-feira (27) no Campo Grande ainda inclui apresenta\u00e7\u00f5es da banda La F\u00faria, Jau, Escandurras, Lu Costa e Alinne Rosa, garantindo diversidade de ritmos no circuito.<\/p>\n\n\n\n<p>Fotos: Divulga\u00e7\u00e3o<\/p>\n","protected":false},"excerpt":{"rendered":"<p>Na sexta-feira (27), segundo dia do Carnaval da Bahia 2025, realizado pelo Governo do Estado, o p\u00fablico ter\u00e1 uma variedade de estilos musicais. No circuito Dod\u00f4, Igor Kannario, o \u201cPr\u00edncipe do Gueto\u201d, comanda uma das maiores pipocas da festa, reunindo milhares de foli\u00f5es. Outra atra\u00e7\u00e3o no dia \u00e9 o cantor de arrocha Thiago Aquino, que [&hellip;]<\/p>\n","protected":false},"author":3,"featured_media":11367,"comment_status":"open","ping_status":"open","sticky":false,"template":"","format":"standard","meta":{"_monsterinsights_skip_tracking":false,"_monsterinsights_sitenote_active":false,"_monsterinsights_sitenote_note":"","_monsterinsights_sitenote_category":0,"footnotes":""},"categories":[44,48],"tags":[],"yoast_head":"<!-- This site is optimized with the Yoast SEO plugin v22.9 - https:\/\/yoast.com\/wordpress\/plugins\/seo\/ -->\n<title>Segundo dia do carnaval da Bahia ter\u00e1 Igor Kannario e Thiago Aquino na Barra; \u00c9 o Tchan e Solange Almeida tocam no Centro - Portal MF<\/title>\n<meta name=\"robots\" content=\"index, follow, max-snippet:-1, max-image-preview:large, max-video-preview:-1\" \/>\n<link rel=\"canonical\" href=\"https:\/\/portalmf.com.br\/index.php\/2025\/02\/28\/segundo-dia-do-carnaval-da-bahia-tera-igor-kannario-e-thiago-aquino-na-barra-e-o-tchan-e-solange-almeida-tocam-no-centro\/\" \/>\n<meta property=\"og:locale\" content=\"pt_BR\" \/>\n<meta property=\"og:type\" content=\"article\" \/>\n<meta property=\"og:title\" content=\"Segundo dia do carnaval da Bahia ter\u00e1 Igor Kannario e Thiago Aquino na Barra; \u00c9 o Tchan e Solange Almeida tocam no Centro - Portal MF\" \/>\n<meta property=\"og:description\" content=\"Na sexta-feira (27), segundo dia do Carnaval da Bahia 2025, realizado pelo Governo do Estado, o p\u00fablico ter\u00e1 uma variedade de estilos musicais. No circuito Dod\u00f4, Igor Kannario, o \u201cPr\u00edncipe do Gueto\u201d, comanda uma das maiores pipocas da festa, reunindo milhares de foli\u00f5es. Outra atra\u00e7\u00e3o no dia \u00e9 o cantor de arrocha Thiago Aquino, que [&hellip;]\" \/>\n<meta property=\"og:url\" content=\"https:\/\/portalmf.com.br\/index.php\/2025\/02\/28\/segundo-dia-do-carnaval-da-bahia-tera-igor-kannario-e-thiago-aquino-na-barra-e-o-tchan-e-solange-almeida-tocam-no-centro\/\" \/>\n<meta property=\"og:site_name\" content=\"Portal MF\" \/>\n<meta property=\"article:author\" content=\"https:\/\/www.facebook.com\/portalmfoficial\" \/>\n<meta property=\"article:published_time\" content=\"2025-02-28T13:37:29+00:00\" \/>\n<meta property=\"article:modified_time\" content=\"2025-02-28T13:37:30+00:00\" \/>\n<meta property=\"og:image\" content=\"https:\/\/portalmf.com.br\/wp-content\/uploads\/2023\/04\/thiago_aquino_micareta_2023.jpg\" \/>\n\t<meta property=\"og:image:width\" content=\"1242\" \/>\n\t<meta property=\"og:image:height\" content=\"1243\" \/>\n\t<meta property=\"og:image:type\" content=\"image\/jpeg\" \/>\n<meta name=\"author\" content=\"Reda\u00e7\u00e3o Portal MF\" \/>\n<meta name=\"twitter:card\" content=\"summary_large_image\" \/>\n<meta name=\"twitter:creator\" content=\"@https:\/\/x.com\/portalmfoficial\" \/>\n<meta name=\"twitter:label1\" content=\"Escrito por\" \/>\n\t<meta name=\"twitter:data1\" content=\"Reda\u00e7\u00e3o Portal MF\" \/>\n\t<meta name=\"twitter:label2\" content=\"Est. tempo de leitura\" \/>\n\t<meta name=\"twitter:data2\" content=\"2 minutos\" \/>\n<script type=\"application\/ld+json\" class=\"yoast-schema-graph\">{\"@context\":\"https:\/\/schema.org\",\"@graph\":[{\"@type\":\"WebPage\",\"@id\":\"https:\/\/portalmf.com.br\/index.php\/2025\/02\/28\/segundo-dia-do-carnaval-da-bahia-tera-igor-kannario-e-thiago-aquino-na-barra-e-o-tchan-e-solange-almeida-tocam-no-centro\/\",\"url\":\"https:\/\/portalmf.com.br\/index.php\/2025\/02\/28\/segundo-dia-do-carnaval-da-bahia-tera-igor-kannario-e-thiago-aquino-na-barra-e-o-tchan-e-solange-almeida-tocam-no-centro\/\",\"name\":\"Segundo dia do carnaval da Bahia ter\u00e1 Igor Kannario e Thiago Aquino na Barra; \u00c9 o Tchan e Solange Almeida tocam no Centro - Portal MF\",\"isPartOf\":{\"@id\":\"https:\/\/portalmf.com.br\/#website\"},\"primaryImageOfPage\":{\"@id\":\"https:\/\/portalmf.com.br\/index.php\/2025\/02\/28\/segundo-dia-do-carnaval-da-bahia-tera-igor-kannario-e-thiago-aquino-na-barra-e-o-tchan-e-solange-almeida-tocam-no-centro\/#primaryimage\"},\"image\":{\"@id\":\"https:\/\/portalmf.com.br\/index.php\/2025\/02\/28\/segundo-dia-do-carnaval-da-bahia-tera-igor-kannario-e-thiago-aquino-na-barra-e-o-tchan-e-solange-almeida-tocam-no-centro\/#primaryimage\"},\"thumbnailUrl\":\"https:\/\/portalmf.com.br\/wp-content\/uploads\/2023\/04\/thiago_aquino_micareta_2023.jpg\",\"datePublished\":\"2025-02-28T13:37:29+00:00\",\"dateModified\":\"2025-02-28T13:37:30+00:00\",\"author\":{\"@id\":\"https:\/\/portalmf.com.br\/#\/schema\/person\/9ec101baf56233e53520c26de5d6f6f0\"},\"breadcrumb\":{\"@id\":\"https:\/\/portalmf.com.br\/index.php\/2025\/02\/28\/segundo-dia-do-carnaval-da-bahia-tera-igor-kannario-e-thiago-aquino-na-barra-e-o-tchan-e-solange-almeida-tocam-no-centro\/#breadcrumb\"},\"inLanguage\":\"pt-BR\",\"potentialAction\":[{\"@type\":\"ReadAction\",\"target\":[\"https:\/\/portalmf.com.br\/index.php\/2025\/02\/28\/segundo-dia-do-carnaval-da-bahia-tera-igor-kannario-e-thiago-aquino-na-barra-e-o-tchan-e-solange-almeida-tocam-no-centro\/\"]}]},{\"@type\":\"ImageObject\",\"inLanguage\":\"pt-BR\",\"@id\":\"https:\/\/portalmf.com.br\/index.php\/2025\/02\/28\/segundo-dia-do-carnaval-da-bahia-tera-igor-kannario-e-thiago-aquino-na-barra-e-o-tchan-e-solange-almeida-tocam-no-centro\/#primaryimage\",\"url\":\"https:\/\/portalmf.com.br\/wp-content\/uploads\/2023\/04\/thiago_aquino_micareta_2023.jpg\",\"contentUrl\":\"https:\/\/portalmf.com.br\/wp-content\/uploads\/2023\/04\/thiago_aquino_micareta_2023.jpg\",\"width\":1242,\"height\":1243},{\"@type\":\"BreadcrumbList\",\"@id\":\"https:\/\/portalmf.com.br\/index.php\/2025\/02\/28\/segundo-dia-do-carnaval-da-bahia-tera-igor-kannario-e-thiago-aquino-na-barra-e-o-tchan-e-solange-almeida-tocam-no-centro\/#breadcrumb\",\"itemListElement\":[{\"@type\":\"ListItem\",\"position\":1,\"name\":\"In\u00edcio\",\"item\":\"https:\/\/portalmf.com.br\/\"},{\"@type\":\"ListItem\",\"position\":2,\"name\":\"Segundo dia do carnaval da Bahia ter\u00e1 Igor Kannario e Thiago Aquino na Barra; \u00c9 o Tchan e Solange Almeida tocam no Centro\"}]},{\"@type\":\"WebSite\",\"@id\":\"https:\/\/portalmf.com.br\/#website\",\"url\":\"https:\/\/portalmf.com.br\/\",\"name\":\"Portal MF\",\"description\":\"Voc\u00ea conectado com a informa\u00e7\u00e3o\",\"potentialAction\":[{\"@type\":\"SearchAction\",\"target\":{\"@type\":\"EntryPoint\",\"urlTemplate\":\"https:\/\/portalmf.com.br\/?s={search_term_string}\"},\"query-input\":\"required name=search_term_string\"}],\"inLanguage\":\"pt-BR\"},{\"@type\":\"Person\",\"@id\":\"https:\/\/portalmf.com.br\/#\/schema\/person\/9ec101baf56233e53520c26de5d6f6f0\",\"name\":\"Reda\u00e7\u00e3o Portal MF\",\"image\":{\"@type\":\"ImageObject\",\"inLanguage\":\"pt-BR\",\"@id\":\"https:\/\/portalmf.com.br\/#\/schema\/person\/image\/\",\"url\":\"https:\/\/secure.gravatar.com\/avatar\/41b9aaeb2100835f7c64362330f74c7f?s=96&d=mm&r=g\",\"contentUrl\":\"https:\/\/secure.gravatar.com\/avatar\/41b9aaeb2100835f7c64362330f74c7f?s=96&d=mm&r=g\",\"caption\":\"Reda\u00e7\u00e3o Portal MF\"},\"description\":\"Sejam bem-vindos o portal de informa\u00e7\u00f5es de entretenimento de Feira de Santana, desde 2006 realiza coberturas dos principais eventos com entrevistas exclusivas com as principais personalidades mundiais. Fique conectado tamb\u00e9m nas redes sociais.\",\"sameAs\":[\"http:\/\/www.portalmf.com.br\/\",\"https:\/\/www.facebook.com\/portalmfoficial\",\"https:\/\/www.instagram.com\/portalmf\/\",\"https:\/\/x.com\/https:\/\/x.com\/portalmfoficial\",\"https:\/\/www.youtube.com\/@portalmfoficial\"],\"url\":\"https:\/\/portalmf.com.br\/index.php\/author\/junior\/\"}]}<\/script>\n<!-- \/ Yoast SEO plugin. -->","yoast_head_json":{"title":"Segundo dia do carnaval da Bahia ter\u00e1 Igor Kannario e Thiago Aquino na Barra; \u00c9 o Tchan e Solange Almeida tocam no Centro - Portal MF","robots":{"index":"index","follow":"follow","max-snippet":"max-snippet:-1","max-image-preview":"max-image-preview:large","max-video-preview":"max-video-preview:-1"},"canonical":"https:\/\/portalmf.com.br\/index.php\/2025\/02\/28\/segundo-dia-do-carnaval-da-bahia-tera-igor-kannario-e-thiago-aquino-na-barra-e-o-tchan-e-solange-almeida-tocam-no-centro\/","og_locale":"pt_BR","og_type":"article","og_title":"Segundo dia do carnaval da Bahia ter\u00e1 Igor Kannario e Thiago Aquino na Barra; \u00c9 o Tchan e Solange Almeida tocam no Centro - Portal MF","og_description":"Na sexta-feira (27), segundo dia do Carnaval da Bahia 2025, realizado pelo Governo do Estado, o p\u00fablico ter\u00e1 uma variedade de estilos musicais. No circuito Dod\u00f4, Igor Kannario, o \u201cPr\u00edncipe do Gueto\u201d, comanda uma das maiores pipocas da festa, reunindo milhares de foli\u00f5es. Outra atra\u00e7\u00e3o no dia \u00e9 o cantor de arrocha Thiago Aquino, que [&hellip;]","og_url":"https:\/\/portalmf.com.br\/index.php\/2025\/02\/28\/segundo-dia-do-carnaval-da-bahia-tera-igor-kannario-e-thiago-aquino-na-barra-e-o-tchan-e-solange-almeida-tocam-no-centro\/","og_site_name":"Portal MF","article_author":"https:\/\/www.facebook.com\/portalmfoficial","article_published_time":"2025-02-28T13:37:29+00:00","article_modified_time":"2025-02-28T13:37:30+00:00","og_image":[{"width":1242,"height":1243,"url":"https:\/\/portalmf.com.br\/wp-content\/uploads\/2023\/04\/thiago_aquino_micareta_2023.jpg","type":"image\/jpeg"}],"author":"Reda\u00e7\u00e3o Portal MF","twitter_card":"summary_large_image","twitter_creator":"@https:\/\/x.com\/portalmfoficial","twitter_misc":{"Escrito por":"Reda\u00e7\u00e3o Portal MF","Est. tempo de leitura":"2 minutos"},"schema":{"@context":"https:\/\/schema.org","@graph":[{"@type":"WebPage","@id":"https:\/\/portalmf.com.br\/index.php\/2025\/02\/28\/segundo-dia-do-carnaval-da-bahia-tera-igor-kannario-e-thiago-aquino-na-barra-e-o-tchan-e-solange-almeida-tocam-no-centro\/","url":"https:\/\/portalmf.com.br\/index.php\/2025\/02\/28\/segundo-dia-do-carnaval-da-bahia-tera-igor-kannario-e-thiago-aquino-na-barra-e-o-tchan-e-solange-almeida-tocam-no-centro\/","name":"Segundo dia do carnaval da Bahia ter\u00e1 Igor Kannario e Thiago Aquino na Barra; \u00c9 o Tchan e Solange Almeida tocam no Centro - Portal MF","isPartOf":{"@id":"https:\/\/portalmf.com.br\/#website"},"primaryImageOfPage":{"@id":"https:\/\/portalmf.com.br\/index.php\/2025\/02\/28\/segundo-dia-do-carnaval-da-bahia-tera-igor-kannario-e-thiago-aquino-na-barra-e-o-tchan-e-solange-almeida-tocam-no-centro\/#primaryimage"},"image":{"@id":"https:\/\/portalmf.com.br\/index.php\/2025\/02\/28\/segundo-dia-do-carnaval-da-bahia-tera-igor-kannario-e-thiago-aquino-na-barra-e-o-tchan-e-solange-almeida-tocam-no-centro\/#primaryimage"},"thumbnailUrl":"https:\/\/portalmf.com.br\/wp-content\/uploads\/2023\/04\/thiago_aquino_micareta_2023.jpg","datePublished":"2025-02-28T13:37:29+00:00","dateModified":"2025-02-28T13:37:30+00:00","author":{"@id":"https:\/\/portalmf.com.br\/#\/schema\/person\/9ec101baf56233e53520c26de5d6f6f0"},"breadcrumb":{"@id":"https:\/\/portalmf.com.br\/index.php\/2025\/02\/28\/segundo-dia-do-carnaval-da-bahia-tera-igor-kannario-e-thiago-aquino-na-barra-e-o-tchan-e-solange-almeida-tocam-no-centro\/#breadcrumb"},"inLanguage":"pt-BR","potentialAction":[{"@type":"ReadAction","target":["https:\/\/portalmf.com.br\/index.php\/2025\/02\/28\/segundo-dia-do-carnaval-da-bahia-tera-igor-kannario-e-thiago-aquino-na-barra-e-o-tchan-e-solange-almeida-tocam-no-centro\/"]}]},{"@type":"ImageObject","inLanguage":"pt-BR","@id":"https:\/\/portalmf.com.br\/index.php\/2025\/02\/28\/segundo-dia-do-carnaval-da-bahia-tera-igor-kannario-e-thiago-aquino-na-barra-e-o-tchan-e-solange-almeida-tocam-no-centro\/#primaryimage","url":"https:\/\/portalmf.com.br\/wp-content\/uploads\/2023\/04\/thiago_aquino_micareta_2023.jpg","contentUrl":"https:\/\/portalmf.com.br\/wp-content\/uploads\/2023\/04\/thiago_aquino_micareta_2023.jpg","width":1242,"height":1243},{"@type":"BreadcrumbList","@id":"https:\/\/portalmf.com.br\/index.php\/2025\/02\/28\/segundo-dia-do-carnaval-da-bahia-tera-igor-kannario-e-thiago-aquino-na-barra-e-o-tchan-e-solange-almeida-tocam-no-centro\/#breadcrumb","itemListElement":[{"@type":"ListItem","position":1,"name":"In\u00edcio","item":"https:\/\/portalmf.com.br\/"},{"@type":"ListItem","position":2,"name":"Segundo dia do carnaval da Bahia ter\u00e1 Igor Kannario e Thiago Aquino na Barra; \u00c9 o Tchan e Solange Almeida tocam no Centro"}]},{"@type":"WebSite","@id":"https:\/\/portalmf.com.br\/#website","url":"https:\/\/portalmf.com.br\/","name":"Portal MF","description":"Voc\u00ea conectado com a informa\u00e7\u00e3o","potentialAction":[{"@type":"SearchAction","target":{"@type":"EntryPoint","urlTemplate":"https:\/\/portalmf.com.br\/?s={search_term_string}"},"query-input":"required name=search_term_string"}],"inLanguage":"pt-BR"},{"@type":"Person","@id":"https:\/\/portalmf.com.br\/#\/schema\/person\/9ec101baf56233e53520c26de5d6f6f0","name":"Reda\u00e7\u00e3o Portal MF","image":{"@type":"ImageObject","inLanguage":"pt-BR","@id":"https:\/\/portalmf.com.br\/#\/schema\/person\/image\/","url":"https:\/\/secure.gravatar.com\/avatar\/41b9aaeb2100835f7c64362330f74c7f?s=96&d=mm&r=g","contentUrl":"https:\/\/secure.gravatar.com\/avatar\/41b9aaeb2100835f7c64362330f74c7f?s=96&d=mm&r=g","caption":"Reda\u00e7\u00e3o Portal MF"},"description":"Sejam bem-vindos o portal de informa\u00e7\u00f5es de entretenimento de Feira de Santana, desde 2006 realiza coberturas dos principais eventos com entrevistas exclusivas com as principais personalidades mundiais. Fique conectado tamb\u00e9m nas redes sociais.","sameAs":["http:\/\/www.portalmf.com.br\/","https:\/\/www.facebook.com\/portalmfoficial","https:\/\/www.instagram.com\/portalmf\/","https:\/\/x.com\/https:\/\/x.com\/portalmfoficial","https:\/\/www.youtube.com\/@portalmfoficial"],"url":"https:\/\/portalmf.com.br\/index.php\/author\/junior\/"}]}},"_links":{"self":[{"href":"https:\/\/portalmf.com.br\/index.php\/wp-json\/wp\/v2\/posts\/34502"}],"collection":[{"href":"https:\/\/portalmf.com.br\/index.php\/wp-json\/wp\/v2\/posts"}],"about":[{"href":"https:\/\/portalmf.com.br\/index.php\/wp-json\/wp\/v2\/types\/post"}],"author":[{"embeddable":true,"href":"https:\/\/portalmf.com.br\/index.php\/wp-json\/wp\/v2\/users\/3"}],"replies":[{"embeddable":true,"href":"https:\/\/portalmf.com.br\/index.php\/wp-json\/wp\/v2\/comments?post=34502"}],"version-history":[{"count":1,"href":"https:\/\/portalmf.com.br\/index.php\/wp-json\/wp\/v2\/posts\/34502\/revisions"}],"predecessor-version":[{"id":34503,"href":"https:\/\/portalmf.com.br\/index.php\/wp-json\/wp\/v2\/posts\/34502\/revisions\/34503"}],"wp:featuredmedia":[{"embeddable":true,"href":"https:\/\/portalmf.com.br\/index.php\/wp-json\/wp\/v2\/media\/11367"}],"wp:attachment":[{"href":"https:\/\/portalmf.com.br\/index.php\/wp-json\/wp\/v2\/media?parent=34502"}],"wp:term":[{"taxonomy":"category","embeddable":true,"href":"https:\/\/portalmf.com.br\/index.php\/wp-json\/wp\/v2\/categories?post=34502"},{"taxonomy":"post_tag","embeddable":true,"href":"https:\/\/portalmf.com.br\/index.php\/wp-json\/wp\/v2\/tags?post=34502"}],"curies":[{"name":"wp","href":"https:\/\/api.w.org\/{rel}","templated":true}]}}