{"id":34495,"date":"2025-02-26T13:57:07","date_gmt":"2025-02-26T16:57:07","guid":{"rendered":"https:\/\/portalmf.com.br\/?p=34495"},"modified":"2025-02-26T13:57:08","modified_gmt":"2025-02-26T16:57:08","slug":"irmaos-macedo-celebram-75-anos-do-trio-eletrico-e-40-anos-do-axe-no-carnaval-de-salvador","status":"publish","type":"post","link":"https:\/\/portalmf.com.br\/index.php\/2025\/02\/26\/irmaos-macedo-celebram-75-anos-do-trio-eletrico-e-40-anos-do-axe-no-carnaval-de-salvador\/","title":{"rendered":"Irm\u00e3os Macedo celebram 75 anos do Trio El\u00e9trico e 40 anos do Ax\u00e9 no Carnaval de Salvador"},"content":{"rendered":"\n<p>Os Irm\u00e3os Macedo comemoram 75 anos do Trio El\u00e9trico e 40 anos da Ax\u00e9 Music com apresenta\u00e7\u00f5es especiais no Carnaval de Salvador. A folia come\u00e7a no s\u00e1bado, dia 1\u00ba. O grupo se apresenta no Circuito Osmar (Campo Grande). A sequ\u00eancia segue para o Circuito Dod\u00f4 (Barra) de 2 a 4 de mar\u00e7o, levando ao p\u00fablico o som que marcou gera\u00e7\u00f5es.<\/p>\n\n\n\n<p>Neste ano, al\u00e9m de celebrar a tradi\u00e7\u00e3o iniciada por Osmar e Dod\u00f4, os Irm\u00e3os Macedo prestam homenagem a Caetano Veloso, cujo legado impulsionou o reconhecimento do Trio El\u00e9trico e da m\u00fasica baiana no Brasil. A can\u00e7\u00e3o \u201cAtr\u00e1s do Trio El\u00e9trico\u201d, imortalizada por Caetano, consolidou o trio como s\u00edmbolo da cultura nacional.<\/p>\n\n\n\n<p>Armandinho, Betinho, Aroldo e Andr\u00e9 Macedo mant\u00eam viva a tradi\u00e7\u00e3o iniciada em 1950, quando o pai deles, Osmar, e seu parceiro Dod\u00f4 adaptaram um Ford 1929 e criaram o primeiro palco m\u00f3vel sonorizado, revolucionando o Carnaval de Salvador. Com uma trajet\u00f3ria marcada pela inova\u00e7\u00e3o, o grupo modernizou o som do trio e contribuiu para a evolu\u00e7\u00e3o da Ax\u00e9 Music, g\u00eanero que mistura influ\u00eancias do frevo, reggae, pop e ritmos afro-brasileiros.<\/p>\n\n\n\n<p>A apresenta\u00e7\u00e3o dos Irm\u00e3os Macedo no Carnaval 2025 vai al\u00e9m da festa. O espet\u00e1culo reafirma a import\u00e2ncia do Trio El\u00e9trico como express\u00e3o cultural e destaca a m\u00fasica baiana como um dos pilares da identidade nacional. O legado de Osmar e Dod\u00f4 segue vivo, atravessando d\u00e9cadas e mantendo a energia que transformou o Carnaval de Salvador em um dos maiores do mundo.<\/p>\n","protected":false},"excerpt":{"rendered":"<p>Os Irm\u00e3os Macedo comemoram 75 anos do Trio El\u00e9trico e 40 anos da Ax\u00e9 Music com apresenta\u00e7\u00f5es especiais no Carnaval de Salvador. A folia come\u00e7a no s\u00e1bado, dia 1\u00ba. O grupo se apresenta no Circuito Osmar (Campo Grande). A sequ\u00eancia segue para o Circuito Dod\u00f4 (Barra) de 2 a 4 de mar\u00e7o, levando ao p\u00fablico [&hellip;]<\/p>\n","protected":false},"author":3,"featured_media":34496,"comment_status":"open","ping_status":"open","sticky":false,"template":"","format":"standard","meta":{"_monsterinsights_skip_tracking":false,"_monsterinsights_sitenote_active":false,"_monsterinsights_sitenote_note":"","_monsterinsights_sitenote_category":0,"footnotes":""},"categories":[44,48],"tags":[],"yoast_head":"<!-- This site is optimized with the Yoast SEO plugin v22.9 - https:\/\/yoast.com\/wordpress\/plugins\/seo\/ -->\n<title>Irm\u00e3os Macedo celebram 75 anos do Trio El\u00e9trico e 40 anos do Ax\u00e9 no Carnaval de Salvador - Portal MF<\/title>\n<meta name=\"robots\" content=\"index, follow, max-snippet:-1, max-image-preview:large, max-video-preview:-1\" \/>\n<link rel=\"canonical\" href=\"https:\/\/portalmf.com.br\/index.php\/2025\/02\/26\/irmaos-macedo-celebram-75-anos-do-trio-eletrico-e-40-anos-do-axe-no-carnaval-de-salvador\/\" \/>\n<meta property=\"og:locale\" content=\"pt_BR\" \/>\n<meta property=\"og:type\" content=\"article\" \/>\n<meta property=\"og:title\" content=\"Irm\u00e3os Macedo celebram 75 anos do Trio El\u00e9trico e 40 anos do Ax\u00e9 no Carnaval de Salvador - Portal MF\" \/>\n<meta property=\"og:description\" content=\"Os Irm\u00e3os Macedo comemoram 75 anos do Trio El\u00e9trico e 40 anos da Ax\u00e9 Music com apresenta\u00e7\u00f5es especiais no Carnaval de Salvador. A folia come\u00e7a no s\u00e1bado, dia 1\u00ba. O grupo se apresenta no Circuito Osmar (Campo Grande). A sequ\u00eancia segue para o Circuito Dod\u00f4 (Barra) de 2 a 4 de mar\u00e7o, levando ao p\u00fablico [&hellip;]\" \/>\n<meta property=\"og:url\" content=\"https:\/\/portalmf.com.br\/index.php\/2025\/02\/26\/irmaos-macedo-celebram-75-anos-do-trio-eletrico-e-40-anos-do-axe-no-carnaval-de-salvador\/\" \/>\n<meta property=\"og:site_name\" content=\"Portal MF\" \/>\n<meta property=\"article:author\" content=\"https:\/\/www.facebook.com\/portalmfoficial\" \/>\n<meta property=\"article:published_time\" content=\"2025-02-26T16:57:07+00:00\" \/>\n<meta property=\"article:modified_time\" content=\"2025-02-26T16:57:08+00:00\" \/>\n<meta property=\"og:image\" content=\"https:\/\/portalmf.com.br\/wp-content\/uploads\/2025\/02\/Irmaos-Macedo-celebram-75-anos-do-Trio-Eletrico-e-40-anos-do-Axe-no-Carnaval-de-Salvador.jpg\" \/>\n\t<meta property=\"og:image:width\" content=\"1600\" \/>\n\t<meta property=\"og:image:height\" content=\"1066\" \/>\n\t<meta property=\"og:image:type\" content=\"image\/jpeg\" \/>\n<meta name=\"author\" content=\"Reda\u00e7\u00e3o Portal MF\" \/>\n<meta name=\"twitter:card\" content=\"summary_large_image\" \/>\n<meta name=\"twitter:creator\" content=\"@https:\/\/x.com\/portalmfoficial\" \/>\n<meta name=\"twitter:label1\" content=\"Escrito por\" \/>\n\t<meta name=\"twitter:data1\" content=\"Reda\u00e7\u00e3o Portal MF\" \/>\n\t<meta name=\"twitter:label2\" content=\"Est. tempo de leitura\" \/>\n\t<meta name=\"twitter:data2\" content=\"2 minutos\" \/>\n<script type=\"application\/ld+json\" class=\"yoast-schema-graph\">{\"@context\":\"https:\/\/schema.org\",\"@graph\":[{\"@type\":\"WebPage\",\"@id\":\"https:\/\/portalmf.com.br\/index.php\/2025\/02\/26\/irmaos-macedo-celebram-75-anos-do-trio-eletrico-e-40-anos-do-axe-no-carnaval-de-salvador\/\",\"url\":\"https:\/\/portalmf.com.br\/index.php\/2025\/02\/26\/irmaos-macedo-celebram-75-anos-do-trio-eletrico-e-40-anos-do-axe-no-carnaval-de-salvador\/\",\"name\":\"Irm\u00e3os Macedo celebram 75 anos do Trio El\u00e9trico e 40 anos do Ax\u00e9 no Carnaval de Salvador - Portal MF\",\"isPartOf\":{\"@id\":\"https:\/\/portalmf.com.br\/#website\"},\"primaryImageOfPage\":{\"@id\":\"https:\/\/portalmf.com.br\/index.php\/2025\/02\/26\/irmaos-macedo-celebram-75-anos-do-trio-eletrico-e-40-anos-do-axe-no-carnaval-de-salvador\/#primaryimage\"},\"image\":{\"@id\":\"https:\/\/portalmf.com.br\/index.php\/2025\/02\/26\/irmaos-macedo-celebram-75-anos-do-trio-eletrico-e-40-anos-do-axe-no-carnaval-de-salvador\/#primaryimage\"},\"thumbnailUrl\":\"https:\/\/portalmf.com.br\/wp-content\/uploads\/2025\/02\/Irmaos-Macedo-celebram-75-anos-do-Trio-Eletrico-e-40-anos-do-Axe-no-Carnaval-de-Salvador.jpg\",\"datePublished\":\"2025-02-26T16:57:07+00:00\",\"dateModified\":\"2025-02-26T16:57:08+00:00\",\"author\":{\"@id\":\"https:\/\/portalmf.com.br\/#\/schema\/person\/9ec101baf56233e53520c26de5d6f6f0\"},\"breadcrumb\":{\"@id\":\"https:\/\/portalmf.com.br\/index.php\/2025\/02\/26\/irmaos-macedo-celebram-75-anos-do-trio-eletrico-e-40-anos-do-axe-no-carnaval-de-salvador\/#breadcrumb\"},\"inLanguage\":\"pt-BR\",\"potentialAction\":[{\"@type\":\"ReadAction\",\"target\":[\"https:\/\/portalmf.com.br\/index.php\/2025\/02\/26\/irmaos-macedo-celebram-75-anos-do-trio-eletrico-e-40-anos-do-axe-no-carnaval-de-salvador\/\"]}]},{\"@type\":\"ImageObject\",\"inLanguage\":\"pt-BR\",\"@id\":\"https:\/\/portalmf.com.br\/index.php\/2025\/02\/26\/irmaos-macedo-celebram-75-anos-do-trio-eletrico-e-40-anos-do-axe-no-carnaval-de-salvador\/#primaryimage\",\"url\":\"https:\/\/portalmf.com.br\/wp-content\/uploads\/2025\/02\/Irmaos-Macedo-celebram-75-anos-do-Trio-Eletrico-e-40-anos-do-Axe-no-Carnaval-de-Salvador.jpg\",\"contentUrl\":\"https:\/\/portalmf.com.br\/wp-content\/uploads\/2025\/02\/Irmaos-Macedo-celebram-75-anos-do-Trio-Eletrico-e-40-anos-do-Axe-no-Carnaval-de-Salvador.jpg\",\"width\":1600,\"height\":1066},{\"@type\":\"BreadcrumbList\",\"@id\":\"https:\/\/portalmf.com.br\/index.php\/2025\/02\/26\/irmaos-macedo-celebram-75-anos-do-trio-eletrico-e-40-anos-do-axe-no-carnaval-de-salvador\/#breadcrumb\",\"itemListElement\":[{\"@type\":\"ListItem\",\"position\":1,\"name\":\"In\u00edcio\",\"item\":\"https:\/\/portalmf.com.br\/\"},{\"@type\":\"ListItem\",\"position\":2,\"name\":\"Irm\u00e3os Macedo celebram 75 anos do Trio El\u00e9trico e 40 anos do Ax\u00e9 no Carnaval de Salvador\"}]},{\"@type\":\"WebSite\",\"@id\":\"https:\/\/portalmf.com.br\/#website\",\"url\":\"https:\/\/portalmf.com.br\/\",\"name\":\"Portal MF\",\"description\":\"Voc\u00ea conectado com a informa\u00e7\u00e3o\",\"potentialAction\":[{\"@type\":\"SearchAction\",\"target\":{\"@type\":\"EntryPoint\",\"urlTemplate\":\"https:\/\/portalmf.com.br\/?s={search_term_string}\"},\"query-input\":\"required name=search_term_string\"}],\"inLanguage\":\"pt-BR\"},{\"@type\":\"Person\",\"@id\":\"https:\/\/portalmf.com.br\/#\/schema\/person\/9ec101baf56233e53520c26de5d6f6f0\",\"name\":\"Reda\u00e7\u00e3o Portal MF\",\"image\":{\"@type\":\"ImageObject\",\"inLanguage\":\"pt-BR\",\"@id\":\"https:\/\/portalmf.com.br\/#\/schema\/person\/image\/\",\"url\":\"https:\/\/secure.gravatar.com\/avatar\/41b9aaeb2100835f7c64362330f74c7f?s=96&d=mm&r=g\",\"contentUrl\":\"https:\/\/secure.gravatar.com\/avatar\/41b9aaeb2100835f7c64362330f74c7f?s=96&d=mm&r=g\",\"caption\":\"Reda\u00e7\u00e3o Portal MF\"},\"description\":\"Sejam bem-vindos o portal de informa\u00e7\u00f5es de entretenimento de Feira de Santana, desde 2006 realiza coberturas dos principais eventos com entrevistas exclusivas com as principais personalidades mundiais. Fique conectado tamb\u00e9m nas redes sociais.\",\"sameAs\":[\"http:\/\/www.portalmf.com.br\/\",\"https:\/\/www.facebook.com\/portalmfoficial\",\"https:\/\/www.instagram.com\/portalmf\/\",\"https:\/\/x.com\/https:\/\/x.com\/portalmfoficial\",\"https:\/\/www.youtube.com\/@portalmfoficial\"],\"url\":\"https:\/\/portalmf.com.br\/index.php\/author\/junior\/\"}]}<\/script>\n<!-- \/ Yoast SEO plugin. -->","yoast_head_json":{"title":"Irm\u00e3os Macedo celebram 75 anos do Trio El\u00e9trico e 40 anos do Ax\u00e9 no Carnaval de Salvador - Portal MF","robots":{"index":"index","follow":"follow","max-snippet":"max-snippet:-1","max-image-preview":"max-image-preview:large","max-video-preview":"max-video-preview:-1"},"canonical":"https:\/\/portalmf.com.br\/index.php\/2025\/02\/26\/irmaos-macedo-celebram-75-anos-do-trio-eletrico-e-40-anos-do-axe-no-carnaval-de-salvador\/","og_locale":"pt_BR","og_type":"article","og_title":"Irm\u00e3os Macedo celebram 75 anos do Trio El\u00e9trico e 40 anos do Ax\u00e9 no Carnaval de Salvador - Portal MF","og_description":"Os Irm\u00e3os Macedo comemoram 75 anos do Trio El\u00e9trico e 40 anos da Ax\u00e9 Music com apresenta\u00e7\u00f5es especiais no Carnaval de Salvador. A folia come\u00e7a no s\u00e1bado, dia 1\u00ba. O grupo se apresenta no Circuito Osmar (Campo Grande). A sequ\u00eancia segue para o Circuito Dod\u00f4 (Barra) de 2 a 4 de mar\u00e7o, levando ao p\u00fablico [&hellip;]","og_url":"https:\/\/portalmf.com.br\/index.php\/2025\/02\/26\/irmaos-macedo-celebram-75-anos-do-trio-eletrico-e-40-anos-do-axe-no-carnaval-de-salvador\/","og_site_name":"Portal MF","article_author":"https:\/\/www.facebook.com\/portalmfoficial","article_published_time":"2025-02-26T16:57:07+00:00","article_modified_time":"2025-02-26T16:57:08+00:00","og_image":[{"width":1600,"height":1066,"url":"https:\/\/portalmf.com.br\/wp-content\/uploads\/2025\/02\/Irmaos-Macedo-celebram-75-anos-do-Trio-Eletrico-e-40-anos-do-Axe-no-Carnaval-de-Salvador.jpg","type":"image\/jpeg"}],"author":"Reda\u00e7\u00e3o Portal MF","twitter_card":"summary_large_image","twitter_creator":"@https:\/\/x.com\/portalmfoficial","twitter_misc":{"Escrito por":"Reda\u00e7\u00e3o Portal MF","Est. tempo de leitura":"2 minutos"},"schema":{"@context":"https:\/\/schema.org","@graph":[{"@type":"WebPage","@id":"https:\/\/portalmf.com.br\/index.php\/2025\/02\/26\/irmaos-macedo-celebram-75-anos-do-trio-eletrico-e-40-anos-do-axe-no-carnaval-de-salvador\/","url":"https:\/\/portalmf.com.br\/index.php\/2025\/02\/26\/irmaos-macedo-celebram-75-anos-do-trio-eletrico-e-40-anos-do-axe-no-carnaval-de-salvador\/","name":"Irm\u00e3os Macedo celebram 75 anos do Trio El\u00e9trico e 40 anos do Ax\u00e9 no Carnaval de Salvador - Portal MF","isPartOf":{"@id":"https:\/\/portalmf.com.br\/#website"},"primaryImageOfPage":{"@id":"https:\/\/portalmf.com.br\/index.php\/2025\/02\/26\/irmaos-macedo-celebram-75-anos-do-trio-eletrico-e-40-anos-do-axe-no-carnaval-de-salvador\/#primaryimage"},"image":{"@id":"https:\/\/portalmf.com.br\/index.php\/2025\/02\/26\/irmaos-macedo-celebram-75-anos-do-trio-eletrico-e-40-anos-do-axe-no-carnaval-de-salvador\/#primaryimage"},"thumbnailUrl":"https:\/\/portalmf.com.br\/wp-content\/uploads\/2025\/02\/Irmaos-Macedo-celebram-75-anos-do-Trio-Eletrico-e-40-anos-do-Axe-no-Carnaval-de-Salvador.jpg","datePublished":"2025-02-26T16:57:07+00:00","dateModified":"2025-02-26T16:57:08+00:00","author":{"@id":"https:\/\/portalmf.com.br\/#\/schema\/person\/9ec101baf56233e53520c26de5d6f6f0"},"breadcrumb":{"@id":"https:\/\/portalmf.com.br\/index.php\/2025\/02\/26\/irmaos-macedo-celebram-75-anos-do-trio-eletrico-e-40-anos-do-axe-no-carnaval-de-salvador\/#breadcrumb"},"inLanguage":"pt-BR","potentialAction":[{"@type":"ReadAction","target":["https:\/\/portalmf.com.br\/index.php\/2025\/02\/26\/irmaos-macedo-celebram-75-anos-do-trio-eletrico-e-40-anos-do-axe-no-carnaval-de-salvador\/"]}]},{"@type":"ImageObject","inLanguage":"pt-BR","@id":"https:\/\/portalmf.com.br\/index.php\/2025\/02\/26\/irmaos-macedo-celebram-75-anos-do-trio-eletrico-e-40-anos-do-axe-no-carnaval-de-salvador\/#primaryimage","url":"https:\/\/portalmf.com.br\/wp-content\/uploads\/2025\/02\/Irmaos-Macedo-celebram-75-anos-do-Trio-Eletrico-e-40-anos-do-Axe-no-Carnaval-de-Salvador.jpg","contentUrl":"https:\/\/portalmf.com.br\/wp-content\/uploads\/2025\/02\/Irmaos-Macedo-celebram-75-anos-do-Trio-Eletrico-e-40-anos-do-Axe-no-Carnaval-de-Salvador.jpg","width":1600,"height":1066},{"@type":"BreadcrumbList","@id":"https:\/\/portalmf.com.br\/index.php\/2025\/02\/26\/irmaos-macedo-celebram-75-anos-do-trio-eletrico-e-40-anos-do-axe-no-carnaval-de-salvador\/#breadcrumb","itemListElement":[{"@type":"ListItem","position":1,"name":"In\u00edcio","item":"https:\/\/portalmf.com.br\/"},{"@type":"ListItem","position":2,"name":"Irm\u00e3os Macedo celebram 75 anos do Trio El\u00e9trico e 40 anos do Ax\u00e9 no Carnaval de Salvador"}]},{"@type":"WebSite","@id":"https:\/\/portalmf.com.br\/#website","url":"https:\/\/portalmf.com.br\/","name":"Portal MF","description":"Voc\u00ea conectado com a informa\u00e7\u00e3o","potentialAction":[{"@type":"SearchAction","target":{"@type":"EntryPoint","urlTemplate":"https:\/\/portalmf.com.br\/?s={search_term_string}"},"query-input":"required name=search_term_string"}],"inLanguage":"pt-BR"},{"@type":"Person","@id":"https:\/\/portalmf.com.br\/#\/schema\/person\/9ec101baf56233e53520c26de5d6f6f0","name":"Reda\u00e7\u00e3o Portal MF","image":{"@type":"ImageObject","inLanguage":"pt-BR","@id":"https:\/\/portalmf.com.br\/#\/schema\/person\/image\/","url":"https:\/\/secure.gravatar.com\/avatar\/41b9aaeb2100835f7c64362330f74c7f?s=96&d=mm&r=g","contentUrl":"https:\/\/secure.gravatar.com\/avatar\/41b9aaeb2100835f7c64362330f74c7f?s=96&d=mm&r=g","caption":"Reda\u00e7\u00e3o Portal MF"},"description":"Sejam bem-vindos o portal de informa\u00e7\u00f5es de entretenimento de Feira de Santana, desde 2006 realiza coberturas dos principais eventos com entrevistas exclusivas com as principais personalidades mundiais. Fique conectado tamb\u00e9m nas redes sociais.","sameAs":["http:\/\/www.portalmf.com.br\/","https:\/\/www.facebook.com\/portalmfoficial","https:\/\/www.instagram.com\/portalmf\/","https:\/\/x.com\/https:\/\/x.com\/portalmfoficial","https:\/\/www.youtube.com\/@portalmfoficial"],"url":"https:\/\/portalmf.com.br\/index.php\/author\/junior\/"}]}},"_links":{"self":[{"href":"https:\/\/portalmf.com.br\/index.php\/wp-json\/wp\/v2\/posts\/34495"}],"collection":[{"href":"https:\/\/portalmf.com.br\/index.php\/wp-json\/wp\/v2\/posts"}],"about":[{"href":"https:\/\/portalmf.com.br\/index.php\/wp-json\/wp\/v2\/types\/post"}],"author":[{"embeddable":true,"href":"https:\/\/portalmf.com.br\/index.php\/wp-json\/wp\/v2\/users\/3"}],"replies":[{"embeddable":true,"href":"https:\/\/portalmf.com.br\/index.php\/wp-json\/wp\/v2\/comments?post=34495"}],"version-history":[{"count":1,"href":"https:\/\/portalmf.com.br\/index.php\/wp-json\/wp\/v2\/posts\/34495\/revisions"}],"predecessor-version":[{"id":34497,"href":"https:\/\/portalmf.com.br\/index.php\/wp-json\/wp\/v2\/posts\/34495\/revisions\/34497"}],"wp:featuredmedia":[{"embeddable":true,"href":"https:\/\/portalmf.com.br\/index.php\/wp-json\/wp\/v2\/media\/34496"}],"wp:attachment":[{"href":"https:\/\/portalmf.com.br\/index.php\/wp-json\/wp\/v2\/media?parent=34495"}],"wp:term":[{"taxonomy":"category","embeddable":true,"href":"https:\/\/portalmf.com.br\/index.php\/wp-json\/wp\/v2\/categories?post=34495"},{"taxonomy":"post_tag","embeddable":true,"href":"https:\/\/portalmf.com.br\/index.php\/wp-json\/wp\/v2\/tags?post=34495"}],"curies":[{"name":"wp","href":"https:\/\/api.w.org\/{rel}","templated":true}]}}