{"id":34493,"date":"2025-02-26T13:52:28","date_gmt":"2025-02-26T16:52:28","guid":{"rendered":"https:\/\/portalmf.com.br\/?p=34493"},"modified":"2025-02-26T13:52:30","modified_gmt":"2025-02-26T16:52:30","slug":"sergynho-pimenta-canta-na-abertura-do-carnaval-de-salvador","status":"publish","type":"post","link":"https:\/\/portalmf.com.br\/index.php\/2025\/02\/26\/sergynho-pimenta-canta-na-abertura-do-carnaval-de-salvador\/","title":{"rendered":"Sergynho Pimenta canta na abertura do Carnaval de Salvador"},"content":{"rendered":"\n<p>Um dos mais saudosos artistas da m\u00fasica baiana, o cantor Sergynho Pimenta, se une a outros grandes nomes para celebrar os 40 anos do Ax\u00e9 Music no Carnaval de Salvador. O dono do hit &#8216;Maria Joaquina&#8217;, que incendiou a folia nos anos 90, retorna \u00e0 maior festa de rua do mundo com apresenta\u00e7\u00f5es nesta quinta-feira (27) e sexta-feira (28) no Circuito Osmar, no Campo Grande.<\/p>\n\n\n\n<p>Sergynho agita a abertura do Carnaval ao lado do anfitri\u00e3o Carlinhos Brown no Camarote Andante na quinta, a partir das 15h30. Outros nomes como Margareth Menezes, Daniela Mercury e M\u00e1rcio Victor participam do desfile do trio.<\/p>\n\n\n\n<p>J\u00e1 na sexta de Carnaval, Sergynho volta ao circuito mais tradicional da folia baiana para arrastar a sua pipoca, com um repert\u00f3rio especial que celebra os seus 37 anos de carreira, que compreende o seu in\u00edcio na banda Karamelo, passagem pela Papa L\u00e9guas e Cheiro de Amor, funda\u00e7\u00e3o da Pimenta N&#8217;Ativa at\u00e9 chegar ao seu momento atual, em carreira solo.<\/p>\n\n\n\n<p><em>&#8220;\u00c9 uma emo\u00e7\u00e3o muito grande retornar para o Carnaval de Salvador ap\u00f3s 18 anos. Ser\u00e1 ainda mais especial por ser no Campo Grande, onde eu me criei e tudo come\u00e7ou. Meu primeiro Carnaval foi em 1988, exatamente nesse circuito&#8221;<\/em>, relembrou o artista.<\/p>\n\n\n\n<p>A agenda carnavalesca do artista ainda consta apresenta\u00e7\u00e3o no s\u00e1bado (1) no Palco Ax\u00e9 Pel\u00f4, no Pelourinho, e em outras cidades e capitais nordestinas, como Natal e Aracaju.<\/p>\n\n\n\n<p>SERVI\u00c7O<\/p>\n\n\n\n<p>Agenda de Carnaval em Salvador de Sergynho Pimenta<\/p>\n\n\n\n<p>Datas: 27\/02 (quinta-feira) &#8211; Camarote Andante no Circuito Osmar (Campo Grande), a partir das 15h<\/p>\n\n\n\n<p>28\/02 (sexta-feira) &#8211; Pipoca do Sergynho no Circuito Osmar (Campo Grande)<\/p>\n\n\n\n<p>01\/03 (s\u00e1bado) &#8211; Palco Ax\u00e9 Pel\u00f4, Circuito Batatinha, Pelourinho<\/p>\n","protected":false},"excerpt":{"rendered":"<p>Um dos mais saudosos artistas da m\u00fasica baiana, o cantor Sergynho Pimenta, se une a outros grandes nomes para celebrar os 40 anos do Ax\u00e9 Music no Carnaval de Salvador. O dono do hit &#8216;Maria Joaquina&#8217;, que incendiou a folia nos anos 90, retorna \u00e0 maior festa de rua do mundo com apresenta\u00e7\u00f5es nesta quinta-feira [&hellip;]<\/p>\n","protected":false},"author":3,"featured_media":34216,"comment_status":"open","ping_status":"open","sticky":false,"template":"","format":"standard","meta":{"_monsterinsights_skip_tracking":false,"_monsterinsights_sitenote_active":false,"_monsterinsights_sitenote_note":"","_monsterinsights_sitenote_category":0,"footnotes":""},"categories":[44,47],"tags":[],"yoast_head":"<!-- This site is optimized with the Yoast SEO plugin v22.9 - https:\/\/yoast.com\/wordpress\/plugins\/seo\/ -->\n<title>Sergynho Pimenta canta na abertura do Carnaval de Salvador - Portal MF<\/title>\n<meta name=\"robots\" content=\"index, follow, max-snippet:-1, max-image-preview:large, max-video-preview:-1\" \/>\n<link rel=\"canonical\" href=\"https:\/\/portalmf.com.br\/index.php\/2025\/02\/26\/sergynho-pimenta-canta-na-abertura-do-carnaval-de-salvador\/\" \/>\n<meta property=\"og:locale\" content=\"pt_BR\" \/>\n<meta property=\"og:type\" content=\"article\" \/>\n<meta property=\"og:title\" content=\"Sergynho Pimenta canta na abertura do Carnaval de Salvador - Portal MF\" \/>\n<meta property=\"og:description\" content=\"Um dos mais saudosos artistas da m\u00fasica baiana, o cantor Sergynho Pimenta, se une a outros grandes nomes para celebrar os 40 anos do Ax\u00e9 Music no Carnaval de Salvador. O dono do hit &#8216;Maria Joaquina&#8217;, que incendiou a folia nos anos 90, retorna \u00e0 maior festa de rua do mundo com apresenta\u00e7\u00f5es nesta quinta-feira [&hellip;]\" \/>\n<meta property=\"og:url\" content=\"https:\/\/portalmf.com.br\/index.php\/2025\/02\/26\/sergynho-pimenta-canta-na-abertura-do-carnaval-de-salvador\/\" \/>\n<meta property=\"og:site_name\" content=\"Portal MF\" \/>\n<meta property=\"article:author\" content=\"https:\/\/www.facebook.com\/portalmfoficial\" \/>\n<meta property=\"article:published_time\" content=\"2025-02-26T16:52:28+00:00\" \/>\n<meta property=\"article:modified_time\" content=\"2025-02-26T16:52:30+00:00\" \/>\n<meta property=\"og:image\" content=\"https:\/\/portalmf.com.br\/wp-content\/uploads\/2025\/02\/Sergynho-Pimenta.jpg\" \/>\n\t<meta property=\"og:image:width\" content=\"1290\" \/>\n\t<meta property=\"og:image:height\" content=\"858\" \/>\n\t<meta property=\"og:image:type\" content=\"image\/jpeg\" \/>\n<meta name=\"author\" content=\"Reda\u00e7\u00e3o Portal MF\" \/>\n<meta name=\"twitter:card\" content=\"summary_large_image\" \/>\n<meta name=\"twitter:creator\" content=\"@https:\/\/x.com\/portalmfoficial\" \/>\n<meta name=\"twitter:label1\" content=\"Escrito por\" \/>\n\t<meta name=\"twitter:data1\" content=\"Reda\u00e7\u00e3o Portal MF\" \/>\n\t<meta name=\"twitter:label2\" content=\"Est. tempo de leitura\" \/>\n\t<meta name=\"twitter:data2\" content=\"2 minutos\" \/>\n<script type=\"application\/ld+json\" class=\"yoast-schema-graph\">{\"@context\":\"https:\/\/schema.org\",\"@graph\":[{\"@type\":\"WebPage\",\"@id\":\"https:\/\/portalmf.com.br\/index.php\/2025\/02\/26\/sergynho-pimenta-canta-na-abertura-do-carnaval-de-salvador\/\",\"url\":\"https:\/\/portalmf.com.br\/index.php\/2025\/02\/26\/sergynho-pimenta-canta-na-abertura-do-carnaval-de-salvador\/\",\"name\":\"Sergynho Pimenta canta na abertura do Carnaval de Salvador - Portal MF\",\"isPartOf\":{\"@id\":\"https:\/\/portalmf.com.br\/#website\"},\"primaryImageOfPage\":{\"@id\":\"https:\/\/portalmf.com.br\/index.php\/2025\/02\/26\/sergynho-pimenta-canta-na-abertura-do-carnaval-de-salvador\/#primaryimage\"},\"image\":{\"@id\":\"https:\/\/portalmf.com.br\/index.php\/2025\/02\/26\/sergynho-pimenta-canta-na-abertura-do-carnaval-de-salvador\/#primaryimage\"},\"thumbnailUrl\":\"https:\/\/portalmf.com.br\/wp-content\/uploads\/2025\/02\/Sergynho-Pimenta.jpg\",\"datePublished\":\"2025-02-26T16:52:28+00:00\",\"dateModified\":\"2025-02-26T16:52:30+00:00\",\"author\":{\"@id\":\"https:\/\/portalmf.com.br\/#\/schema\/person\/9ec101baf56233e53520c26de5d6f6f0\"},\"breadcrumb\":{\"@id\":\"https:\/\/portalmf.com.br\/index.php\/2025\/02\/26\/sergynho-pimenta-canta-na-abertura-do-carnaval-de-salvador\/#breadcrumb\"},\"inLanguage\":\"pt-BR\",\"potentialAction\":[{\"@type\":\"ReadAction\",\"target\":[\"https:\/\/portalmf.com.br\/index.php\/2025\/02\/26\/sergynho-pimenta-canta-na-abertura-do-carnaval-de-salvador\/\"]}]},{\"@type\":\"ImageObject\",\"inLanguage\":\"pt-BR\",\"@id\":\"https:\/\/portalmf.com.br\/index.php\/2025\/02\/26\/sergynho-pimenta-canta-na-abertura-do-carnaval-de-salvador\/#primaryimage\",\"url\":\"https:\/\/portalmf.com.br\/wp-content\/uploads\/2025\/02\/Sergynho-Pimenta.jpg\",\"contentUrl\":\"https:\/\/portalmf.com.br\/wp-content\/uploads\/2025\/02\/Sergynho-Pimenta.jpg\",\"width\":1290,\"height\":858},{\"@type\":\"BreadcrumbList\",\"@id\":\"https:\/\/portalmf.com.br\/index.php\/2025\/02\/26\/sergynho-pimenta-canta-na-abertura-do-carnaval-de-salvador\/#breadcrumb\",\"itemListElement\":[{\"@type\":\"ListItem\",\"position\":1,\"name\":\"In\u00edcio\",\"item\":\"https:\/\/portalmf.com.br\/\"},{\"@type\":\"ListItem\",\"position\":2,\"name\":\"Sergynho Pimenta canta na abertura do Carnaval de Salvador\"}]},{\"@type\":\"WebSite\",\"@id\":\"https:\/\/portalmf.com.br\/#website\",\"url\":\"https:\/\/portalmf.com.br\/\",\"name\":\"Portal MF\",\"description\":\"Voc\u00ea conectado com a informa\u00e7\u00e3o\",\"potentialAction\":[{\"@type\":\"SearchAction\",\"target\":{\"@type\":\"EntryPoint\",\"urlTemplate\":\"https:\/\/portalmf.com.br\/?s={search_term_string}\"},\"query-input\":\"required name=search_term_string\"}],\"inLanguage\":\"pt-BR\"},{\"@type\":\"Person\",\"@id\":\"https:\/\/portalmf.com.br\/#\/schema\/person\/9ec101baf56233e53520c26de5d6f6f0\",\"name\":\"Reda\u00e7\u00e3o Portal MF\",\"image\":{\"@type\":\"ImageObject\",\"inLanguage\":\"pt-BR\",\"@id\":\"https:\/\/portalmf.com.br\/#\/schema\/person\/image\/\",\"url\":\"https:\/\/secure.gravatar.com\/avatar\/41b9aaeb2100835f7c64362330f74c7f?s=96&d=mm&r=g\",\"contentUrl\":\"https:\/\/secure.gravatar.com\/avatar\/41b9aaeb2100835f7c64362330f74c7f?s=96&d=mm&r=g\",\"caption\":\"Reda\u00e7\u00e3o Portal MF\"},\"description\":\"Sejam bem-vindos o portal de informa\u00e7\u00f5es de entretenimento de Feira de Santana, desde 2006 realiza coberturas dos principais eventos com entrevistas exclusivas com as principais personalidades mundiais. Fique conectado tamb\u00e9m nas redes sociais.\",\"sameAs\":[\"http:\/\/www.portalmf.com.br\/\",\"https:\/\/www.facebook.com\/portalmfoficial\",\"https:\/\/www.instagram.com\/portalmf\/\",\"https:\/\/x.com\/https:\/\/x.com\/portalmfoficial\",\"https:\/\/www.youtube.com\/@portalmfoficial\"],\"url\":\"https:\/\/portalmf.com.br\/index.php\/author\/junior\/\"}]}<\/script>\n<!-- \/ Yoast SEO plugin. -->","yoast_head_json":{"title":"Sergynho Pimenta canta na abertura do Carnaval de Salvador - Portal MF","robots":{"index":"index","follow":"follow","max-snippet":"max-snippet:-1","max-image-preview":"max-image-preview:large","max-video-preview":"max-video-preview:-1"},"canonical":"https:\/\/portalmf.com.br\/index.php\/2025\/02\/26\/sergynho-pimenta-canta-na-abertura-do-carnaval-de-salvador\/","og_locale":"pt_BR","og_type":"article","og_title":"Sergynho Pimenta canta na abertura do Carnaval de Salvador - Portal MF","og_description":"Um dos mais saudosos artistas da m\u00fasica baiana, o cantor Sergynho Pimenta, se une a outros grandes nomes para celebrar os 40 anos do Ax\u00e9 Music no Carnaval de Salvador. O dono do hit &#8216;Maria Joaquina&#8217;, que incendiou a folia nos anos 90, retorna \u00e0 maior festa de rua do mundo com apresenta\u00e7\u00f5es nesta quinta-feira [&hellip;]","og_url":"https:\/\/portalmf.com.br\/index.php\/2025\/02\/26\/sergynho-pimenta-canta-na-abertura-do-carnaval-de-salvador\/","og_site_name":"Portal MF","article_author":"https:\/\/www.facebook.com\/portalmfoficial","article_published_time":"2025-02-26T16:52:28+00:00","article_modified_time":"2025-02-26T16:52:30+00:00","og_image":[{"width":1290,"height":858,"url":"https:\/\/portalmf.com.br\/wp-content\/uploads\/2025\/02\/Sergynho-Pimenta.jpg","type":"image\/jpeg"}],"author":"Reda\u00e7\u00e3o Portal MF","twitter_card":"summary_large_image","twitter_creator":"@https:\/\/x.com\/portalmfoficial","twitter_misc":{"Escrito por":"Reda\u00e7\u00e3o Portal MF","Est. tempo de leitura":"2 minutos"},"schema":{"@context":"https:\/\/schema.org","@graph":[{"@type":"WebPage","@id":"https:\/\/portalmf.com.br\/index.php\/2025\/02\/26\/sergynho-pimenta-canta-na-abertura-do-carnaval-de-salvador\/","url":"https:\/\/portalmf.com.br\/index.php\/2025\/02\/26\/sergynho-pimenta-canta-na-abertura-do-carnaval-de-salvador\/","name":"Sergynho Pimenta canta na abertura do Carnaval de Salvador - Portal MF","isPartOf":{"@id":"https:\/\/portalmf.com.br\/#website"},"primaryImageOfPage":{"@id":"https:\/\/portalmf.com.br\/index.php\/2025\/02\/26\/sergynho-pimenta-canta-na-abertura-do-carnaval-de-salvador\/#primaryimage"},"image":{"@id":"https:\/\/portalmf.com.br\/index.php\/2025\/02\/26\/sergynho-pimenta-canta-na-abertura-do-carnaval-de-salvador\/#primaryimage"},"thumbnailUrl":"https:\/\/portalmf.com.br\/wp-content\/uploads\/2025\/02\/Sergynho-Pimenta.jpg","datePublished":"2025-02-26T16:52:28+00:00","dateModified":"2025-02-26T16:52:30+00:00","author":{"@id":"https:\/\/portalmf.com.br\/#\/schema\/person\/9ec101baf56233e53520c26de5d6f6f0"},"breadcrumb":{"@id":"https:\/\/portalmf.com.br\/index.php\/2025\/02\/26\/sergynho-pimenta-canta-na-abertura-do-carnaval-de-salvador\/#breadcrumb"},"inLanguage":"pt-BR","potentialAction":[{"@type":"ReadAction","target":["https:\/\/portalmf.com.br\/index.php\/2025\/02\/26\/sergynho-pimenta-canta-na-abertura-do-carnaval-de-salvador\/"]}]},{"@type":"ImageObject","inLanguage":"pt-BR","@id":"https:\/\/portalmf.com.br\/index.php\/2025\/02\/26\/sergynho-pimenta-canta-na-abertura-do-carnaval-de-salvador\/#primaryimage","url":"https:\/\/portalmf.com.br\/wp-content\/uploads\/2025\/02\/Sergynho-Pimenta.jpg","contentUrl":"https:\/\/portalmf.com.br\/wp-content\/uploads\/2025\/02\/Sergynho-Pimenta.jpg","width":1290,"height":858},{"@type":"BreadcrumbList","@id":"https:\/\/portalmf.com.br\/index.php\/2025\/02\/26\/sergynho-pimenta-canta-na-abertura-do-carnaval-de-salvador\/#breadcrumb","itemListElement":[{"@type":"ListItem","position":1,"name":"In\u00edcio","item":"https:\/\/portalmf.com.br\/"},{"@type":"ListItem","position":2,"name":"Sergynho Pimenta canta na abertura do Carnaval de Salvador"}]},{"@type":"WebSite","@id":"https:\/\/portalmf.com.br\/#website","url":"https:\/\/portalmf.com.br\/","name":"Portal MF","description":"Voc\u00ea conectado com a informa\u00e7\u00e3o","potentialAction":[{"@type":"SearchAction","target":{"@type":"EntryPoint","urlTemplate":"https:\/\/portalmf.com.br\/?s={search_term_string}"},"query-input":"required name=search_term_string"}],"inLanguage":"pt-BR"},{"@type":"Person","@id":"https:\/\/portalmf.com.br\/#\/schema\/person\/9ec101baf56233e53520c26de5d6f6f0","name":"Reda\u00e7\u00e3o Portal MF","image":{"@type":"ImageObject","inLanguage":"pt-BR","@id":"https:\/\/portalmf.com.br\/#\/schema\/person\/image\/","url":"https:\/\/secure.gravatar.com\/avatar\/41b9aaeb2100835f7c64362330f74c7f?s=96&d=mm&r=g","contentUrl":"https:\/\/secure.gravatar.com\/avatar\/41b9aaeb2100835f7c64362330f74c7f?s=96&d=mm&r=g","caption":"Reda\u00e7\u00e3o Portal MF"},"description":"Sejam bem-vindos o portal de informa\u00e7\u00f5es de entretenimento de Feira de Santana, desde 2006 realiza coberturas dos principais eventos com entrevistas exclusivas com as principais personalidades mundiais. Fique conectado tamb\u00e9m nas redes sociais.","sameAs":["http:\/\/www.portalmf.com.br\/","https:\/\/www.facebook.com\/portalmfoficial","https:\/\/www.instagram.com\/portalmf\/","https:\/\/x.com\/https:\/\/x.com\/portalmfoficial","https:\/\/www.youtube.com\/@portalmfoficial"],"url":"https:\/\/portalmf.com.br\/index.php\/author\/junior\/"}]}},"_links":{"self":[{"href":"https:\/\/portalmf.com.br\/index.php\/wp-json\/wp\/v2\/posts\/34493"}],"collection":[{"href":"https:\/\/portalmf.com.br\/index.php\/wp-json\/wp\/v2\/posts"}],"about":[{"href":"https:\/\/portalmf.com.br\/index.php\/wp-json\/wp\/v2\/types\/post"}],"author":[{"embeddable":true,"href":"https:\/\/portalmf.com.br\/index.php\/wp-json\/wp\/v2\/users\/3"}],"replies":[{"embeddable":true,"href":"https:\/\/portalmf.com.br\/index.php\/wp-json\/wp\/v2\/comments?post=34493"}],"version-history":[{"count":1,"href":"https:\/\/portalmf.com.br\/index.php\/wp-json\/wp\/v2\/posts\/34493\/revisions"}],"predecessor-version":[{"id":34494,"href":"https:\/\/portalmf.com.br\/index.php\/wp-json\/wp\/v2\/posts\/34493\/revisions\/34494"}],"wp:featuredmedia":[{"embeddable":true,"href":"https:\/\/portalmf.com.br\/index.php\/wp-json\/wp\/v2\/media\/34216"}],"wp:attachment":[{"href":"https:\/\/portalmf.com.br\/index.php\/wp-json\/wp\/v2\/media?parent=34493"}],"wp:term":[{"taxonomy":"category","embeddable":true,"href":"https:\/\/portalmf.com.br\/index.php\/wp-json\/wp\/v2\/categories?post=34493"},{"taxonomy":"post_tag","embeddable":true,"href":"https:\/\/portalmf.com.br\/index.php\/wp-json\/wp\/v2\/tags?post=34493"}],"curies":[{"name":"wp","href":"https:\/\/api.w.org\/{rel}","templated":true}]}}