{"id":3449,"date":"2022-08-22T15:45:23","date_gmt":"2022-08-22T18:45:23","guid":{"rendered":"http:\/\/portalmf.com.br\/?p=3449"},"modified":"2022-08-22T15:45:23","modified_gmt":"2022-08-22T18:45:23","slug":"tom-dantas-cumpre-agenda-de-shows-na-franca-em-setembro","status":"publish","type":"post","link":"https:\/\/portalmf.com.br\/index.php\/2022\/08\/22\/tom-dantas-cumpre-agenda-de-shows-na-franca-em-setembro\/","title":{"rendered":"Tom Dantas Cumpre agenda de shows na Fran\u00e7a em Setembro"},"content":{"rendered":"\n<p>Ap\u00f3s uma temporada de shows em solo baiano no primeiro semestre de 2022, o cantor Tom Dantas da Bahia retorna a Paris, cidade onde reside, para dar continuidade a sua agenda de apresenta\u00e7\u00f5es. Um dos maiores propagadores da m\u00fasica baiana em atividade na Fran\u00e7a tem quatro apresenta\u00e7\u00f5es previstas para o m\u00eas de setembro no pa\u00eds, entre elas, um show especial com o conterr\u00e2neo Magary Lord e uma participa\u00e7\u00e3o na Lavage de La Madeleine.<\/p>\n\n\n\n<p>A agenda setembrina inicia no dia 3, com um show na comuna de \u00c9vreux, norte da Fran\u00e7a, em um festival de celebra\u00e7\u00e3o da cultura africana. Um dia depois (4), Tom \u00e9 atra\u00e7\u00e3o convidada da 20\u00aa Lavage de La Madeleine, em Paris. Ser\u00e1 a sexta participa\u00e7\u00e3o do artista na Lavage, que \u00e9 o maior evento cultural brasileiro na Fran\u00e7a.<\/p>\n\n\n\n<p>No dia 9 de setembro, Tom Dantas recebe Magary Lord no show &#8216;Tons da Bahia&#8217;, no Caf\u00e9 A, em Paris, um dos maiores espa\u00e7os culturais e gastron\u00f4micos situado no cora\u00e7\u00e3o da cidade. No repert\u00f3rio, Tom promete saudar sua terra natal, com muito ax\u00e9, samba e ijex\u00e1.<\/p>\n\n\n\n<p>&#8220;Estou muito feliz em retomar a agenda de show aqui na Fran\u00e7a ap\u00f3s um per\u00edodo muito dif\u00edcil para o setor cultural. Para o show Tons da Bahia vamos trazer um repert\u00f3rio bem baiano. Ter\u00e3o m\u00fasicas autorais, ter\u00e3o releituras e ainda a presen\u00e7a do Magary Lord, que, al\u00e9m de ser um artista que representa bem o nosso estado, \u00e9 um grande amigo. A expectativa \u00e9 alta!&#8221;, comemorou Tom.<\/p>\n\n\n\n<p>A agenda deve ser finalizada no dia 15 de setembro, com show comemorativo no Au Bureau, famosa rede de bistr\u00f4 na comuna francesa de Saran.<\/p>\n\n\n\n<p>Fique por dentro de mais detalhes da agenda de shows de Tom Dantas atrav\u00e9s do seu perfil no Instagram, @tomdantasdabahia<\/p>\n\n\n\n<p>SERVI\u00c7O<br>O qu\u00ea: Agenda Tom Dantas da Bahia<br>Onde: Paris, \u00c9vreux e Saran &#8211; Fran\u00e7a<br>Quando: 03\/09 &#8211; Show no Festival Le FunzTival, \u00c9vreux (gratuito);<br>04\/09 &#8211; 20\u00aa edi\u00e7\u00e3o da Lavage de La Madeleine, Paris (gratuito);<br>09\/09 &#8211; Show Tons da Bahia, Caf\u00e9 A, Paris;<br>15\/09 &#8211; Show comemorativo da Rede AU BUREAU, Saran<br>Ingressos: Vendas dispon\u00edveis nos estabelecimentos.<\/p>\n\n\n\n<figure class=\"wp-block-embed is-type-video is-provider-youtube wp-block-embed-youtube wp-embed-aspect-16-9 wp-has-aspect-ratio\"><div class=\"wp-block-embed__wrapper\">\n<iframe title=\"DVD TOM DANTAS DA BAHIA AO VIVO EM PARIS \ud83c\uddeb\ud83c\uddf7\" width=\"696\" height=\"392\" src=\"https:\/\/www.youtube.com\/embed\/1vKNeeYtpBY?feature=oembed\" frameborder=\"0\" allow=\"accelerometer; autoplay; clipboard-write; encrypted-media; gyroscope; picture-in-picture; web-share\" allowfullscreen><\/iframe>\n<\/div><\/figure>\n","protected":false},"excerpt":{"rendered":"<p>Ap\u00f3s uma temporada de shows em solo baiano no primeiro semestre de 2022, o cantor Tom Dantas da Bahia retorna a Paris, cidade onde reside, para dar continuidade a sua agenda de apresenta\u00e7\u00f5es. Um dos maiores propagadores da m\u00fasica baiana em atividade na Fran\u00e7a tem quatro apresenta\u00e7\u00f5es previstas para o m\u00eas de setembro no pa\u00eds, [&hellip;]<\/p>\n","protected":false},"author":2,"featured_media":3450,"comment_status":"open","ping_status":"open","sticky":false,"template":"","format":"standard","meta":{"_monsterinsights_skip_tracking":false,"_monsterinsights_sitenote_active":false,"_monsterinsights_sitenote_note":"","_monsterinsights_sitenote_category":0,"footnotes":""},"categories":[40],"tags":[],"yoast_head":"<!-- This site is optimized with the Yoast SEO plugin v22.9 - https:\/\/yoast.com\/wordpress\/plugins\/seo\/ -->\n<title>Tom Dantas Cumpre agenda de shows na Fran\u00e7a em Setembro - Portal MF<\/title>\n<meta name=\"robots\" content=\"index, follow, max-snippet:-1, max-image-preview:large, max-video-preview:-1\" \/>\n<link rel=\"canonical\" href=\"https:\/\/portalmf.com.br\/index.php\/2022\/08\/22\/tom-dantas-cumpre-agenda-de-shows-na-franca-em-setembro\/\" \/>\n<meta property=\"og:locale\" content=\"pt_BR\" \/>\n<meta property=\"og:type\" content=\"article\" \/>\n<meta property=\"og:title\" content=\"Tom Dantas Cumpre agenda de shows na Fran\u00e7a em Setembro - Portal MF\" \/>\n<meta property=\"og:description\" content=\"Ap\u00f3s uma temporada de shows em solo baiano no primeiro semestre de 2022, o cantor Tom Dantas da Bahia retorna a Paris, cidade onde reside, para dar continuidade a sua agenda de apresenta\u00e7\u00f5es. Um dos maiores propagadores da m\u00fasica baiana em atividade na Fran\u00e7a tem quatro apresenta\u00e7\u00f5es previstas para o m\u00eas de setembro no pa\u00eds, [&hellip;]\" \/>\n<meta property=\"og:url\" content=\"https:\/\/portalmf.com.br\/index.php\/2022\/08\/22\/tom-dantas-cumpre-agenda-de-shows-na-franca-em-setembro\/\" \/>\n<meta property=\"og:site_name\" content=\"Portal MF\" \/>\n<meta property=\"article:author\" content=\"reginaldojrfsa\" \/>\n<meta property=\"article:published_time\" content=\"2022-08-22T18:45:23+00:00\" \/>\n<meta property=\"og:image\" content=\"https:\/\/portalmf.com.br\/wp-content\/uploads\/2022\/08\/WhatsApp-Image-2022-08-18-at-14.21.18.jpeg\" \/>\n\t<meta property=\"og:image:width\" content=\"1600\" \/>\n\t<meta property=\"og:image:height\" content=\"1066\" \/>\n\t<meta property=\"og:image:type\" content=\"image\/jpeg\" \/>\n<meta name=\"author\" content=\"Reginaldo J\u00fanior\" \/>\n<meta name=\"twitter:card\" content=\"summary_large_image\" \/>\n<meta name=\"twitter:creator\" content=\"@reginaldojrmf\" \/>\n<meta name=\"twitter:label1\" content=\"Escrito por\" \/>\n\t<meta name=\"twitter:data1\" content=\"Reginaldo J\u00fanior\" \/>\n\t<meta name=\"twitter:label2\" content=\"Est. tempo de leitura\" \/>\n\t<meta name=\"twitter:data2\" content=\"2 minutos\" \/>\n<script type=\"application\/ld+json\" class=\"yoast-schema-graph\">{\"@context\":\"https:\/\/schema.org\",\"@graph\":[{\"@type\":\"WebPage\",\"@id\":\"https:\/\/portalmf.com.br\/index.php\/2022\/08\/22\/tom-dantas-cumpre-agenda-de-shows-na-franca-em-setembro\/\",\"url\":\"https:\/\/portalmf.com.br\/index.php\/2022\/08\/22\/tom-dantas-cumpre-agenda-de-shows-na-franca-em-setembro\/\",\"name\":\"Tom Dantas Cumpre agenda de shows na Fran\u00e7a em Setembro - Portal MF\",\"isPartOf\":{\"@id\":\"https:\/\/portalmf.com.br\/#website\"},\"primaryImageOfPage\":{\"@id\":\"https:\/\/portalmf.com.br\/index.php\/2022\/08\/22\/tom-dantas-cumpre-agenda-de-shows-na-franca-em-setembro\/#primaryimage\"},\"image\":{\"@id\":\"https:\/\/portalmf.com.br\/index.php\/2022\/08\/22\/tom-dantas-cumpre-agenda-de-shows-na-franca-em-setembro\/#primaryimage\"},\"thumbnailUrl\":\"https:\/\/portalmf.com.br\/wp-content\/uploads\/2022\/08\/WhatsApp-Image-2022-08-18-at-14.21.18.jpeg\",\"datePublished\":\"2022-08-22T18:45:23+00:00\",\"dateModified\":\"2022-08-22T18:45:23+00:00\",\"author\":{\"@id\":\"https:\/\/portalmf.com.br\/#\/schema\/person\/11c82086fe8abc05a19147e964587285\"},\"breadcrumb\":{\"@id\":\"https:\/\/portalmf.com.br\/index.php\/2022\/08\/22\/tom-dantas-cumpre-agenda-de-shows-na-franca-em-setembro\/#breadcrumb\"},\"inLanguage\":\"pt-BR\",\"potentialAction\":[{\"@type\":\"ReadAction\",\"target\":[\"https:\/\/portalmf.com.br\/index.php\/2022\/08\/22\/tom-dantas-cumpre-agenda-de-shows-na-franca-em-setembro\/\"]}]},{\"@type\":\"ImageObject\",\"inLanguage\":\"pt-BR\",\"@id\":\"https:\/\/portalmf.com.br\/index.php\/2022\/08\/22\/tom-dantas-cumpre-agenda-de-shows-na-franca-em-setembro\/#primaryimage\",\"url\":\"https:\/\/portalmf.com.br\/wp-content\/uploads\/2022\/08\/WhatsApp-Image-2022-08-18-at-14.21.18.jpeg\",\"contentUrl\":\"https:\/\/portalmf.com.br\/wp-content\/uploads\/2022\/08\/WhatsApp-Image-2022-08-18-at-14.21.18.jpeg\",\"width\":1600,\"height\":1066},{\"@type\":\"BreadcrumbList\",\"@id\":\"https:\/\/portalmf.com.br\/index.php\/2022\/08\/22\/tom-dantas-cumpre-agenda-de-shows-na-franca-em-setembro\/#breadcrumb\",\"itemListElement\":[{\"@type\":\"ListItem\",\"position\":1,\"name\":\"In\u00edcio\",\"item\":\"https:\/\/portalmf.com.br\/\"},{\"@type\":\"ListItem\",\"position\":2,\"name\":\"Tom Dantas Cumpre agenda de shows na Fran\u00e7a em Setembro\"}]},{\"@type\":\"WebSite\",\"@id\":\"https:\/\/portalmf.com.br\/#website\",\"url\":\"https:\/\/portalmf.com.br\/\",\"name\":\"Portal MF\",\"description\":\"Voc\u00ea conectado com a informa\u00e7\u00e3o\",\"potentialAction\":[{\"@type\":\"SearchAction\",\"target\":{\"@type\":\"EntryPoint\",\"urlTemplate\":\"https:\/\/portalmf.com.br\/?s={search_term_string}\"},\"query-input\":\"required name=search_term_string\"}],\"inLanguage\":\"pt-BR\"},{\"@type\":\"Person\",\"@id\":\"https:\/\/portalmf.com.br\/#\/schema\/person\/11c82086fe8abc05a19147e964587285\",\"name\":\"Reginaldo J\u00fanior\",\"image\":{\"@type\":\"ImageObject\",\"inLanguage\":\"pt-BR\",\"@id\":\"https:\/\/portalmf.com.br\/#\/schema\/person\/image\/\",\"url\":\"https:\/\/secure.gravatar.com\/avatar\/32a3c797cd0ac47cc53b8644c62776f9?s=96&d=mm&r=g\",\"contentUrl\":\"https:\/\/secure.gravatar.com\/avatar\/32a3c797cd0ac47cc53b8644c62776f9?s=96&d=mm&r=g\",\"caption\":\"Reginaldo J\u00fanior\"},\"description\":\"Jornalista e idealizador Portal MF\",\"sameAs\":[\"https:\/\/portalmf.com.br\/index.php\/author\/reginaldojr\/\",\"reginaldojrfsa\",\"reginaldojuniormf\",\"https:\/\/x.com\/reginaldojrmf\"],\"url\":\"https:\/\/portalmf.com.br\/index.php\/author\/reginaldojr\/\"}]}<\/script>\n<!-- \/ Yoast SEO plugin. -->","yoast_head_json":{"title":"Tom Dantas Cumpre agenda de shows na Fran\u00e7a em Setembro - Portal MF","robots":{"index":"index","follow":"follow","max-snippet":"max-snippet:-1","max-image-preview":"max-image-preview:large","max-video-preview":"max-video-preview:-1"},"canonical":"https:\/\/portalmf.com.br\/index.php\/2022\/08\/22\/tom-dantas-cumpre-agenda-de-shows-na-franca-em-setembro\/","og_locale":"pt_BR","og_type":"article","og_title":"Tom Dantas Cumpre agenda de shows na Fran\u00e7a em Setembro - Portal MF","og_description":"Ap\u00f3s uma temporada de shows em solo baiano no primeiro semestre de 2022, o cantor Tom Dantas da Bahia retorna a Paris, cidade onde reside, para dar continuidade a sua agenda de apresenta\u00e7\u00f5es. Um dos maiores propagadores da m\u00fasica baiana em atividade na Fran\u00e7a tem quatro apresenta\u00e7\u00f5es previstas para o m\u00eas de setembro no pa\u00eds, [&hellip;]","og_url":"https:\/\/portalmf.com.br\/index.php\/2022\/08\/22\/tom-dantas-cumpre-agenda-de-shows-na-franca-em-setembro\/","og_site_name":"Portal MF","article_author":"reginaldojrfsa","article_published_time":"2022-08-22T18:45:23+00:00","og_image":[{"width":1600,"height":1066,"url":"https:\/\/portalmf.com.br\/wp-content\/uploads\/2022\/08\/WhatsApp-Image-2022-08-18-at-14.21.18.jpeg","type":"image\/jpeg"}],"author":"Reginaldo J\u00fanior","twitter_card":"summary_large_image","twitter_creator":"@reginaldojrmf","twitter_misc":{"Escrito por":"Reginaldo J\u00fanior","Est. tempo de leitura":"2 minutos"},"schema":{"@context":"https:\/\/schema.org","@graph":[{"@type":"WebPage","@id":"https:\/\/portalmf.com.br\/index.php\/2022\/08\/22\/tom-dantas-cumpre-agenda-de-shows-na-franca-em-setembro\/","url":"https:\/\/portalmf.com.br\/index.php\/2022\/08\/22\/tom-dantas-cumpre-agenda-de-shows-na-franca-em-setembro\/","name":"Tom Dantas Cumpre agenda de shows na Fran\u00e7a em Setembro - Portal MF","isPartOf":{"@id":"https:\/\/portalmf.com.br\/#website"},"primaryImageOfPage":{"@id":"https:\/\/portalmf.com.br\/index.php\/2022\/08\/22\/tom-dantas-cumpre-agenda-de-shows-na-franca-em-setembro\/#primaryimage"},"image":{"@id":"https:\/\/portalmf.com.br\/index.php\/2022\/08\/22\/tom-dantas-cumpre-agenda-de-shows-na-franca-em-setembro\/#primaryimage"},"thumbnailUrl":"https:\/\/portalmf.com.br\/wp-content\/uploads\/2022\/08\/WhatsApp-Image-2022-08-18-at-14.21.18.jpeg","datePublished":"2022-08-22T18:45:23+00:00","dateModified":"2022-08-22T18:45:23+00:00","author":{"@id":"https:\/\/portalmf.com.br\/#\/schema\/person\/11c82086fe8abc05a19147e964587285"},"breadcrumb":{"@id":"https:\/\/portalmf.com.br\/index.php\/2022\/08\/22\/tom-dantas-cumpre-agenda-de-shows-na-franca-em-setembro\/#breadcrumb"},"inLanguage":"pt-BR","potentialAction":[{"@type":"ReadAction","target":["https:\/\/portalmf.com.br\/index.php\/2022\/08\/22\/tom-dantas-cumpre-agenda-de-shows-na-franca-em-setembro\/"]}]},{"@type":"ImageObject","inLanguage":"pt-BR","@id":"https:\/\/portalmf.com.br\/index.php\/2022\/08\/22\/tom-dantas-cumpre-agenda-de-shows-na-franca-em-setembro\/#primaryimage","url":"https:\/\/portalmf.com.br\/wp-content\/uploads\/2022\/08\/WhatsApp-Image-2022-08-18-at-14.21.18.jpeg","contentUrl":"https:\/\/portalmf.com.br\/wp-content\/uploads\/2022\/08\/WhatsApp-Image-2022-08-18-at-14.21.18.jpeg","width":1600,"height":1066},{"@type":"BreadcrumbList","@id":"https:\/\/portalmf.com.br\/index.php\/2022\/08\/22\/tom-dantas-cumpre-agenda-de-shows-na-franca-em-setembro\/#breadcrumb","itemListElement":[{"@type":"ListItem","position":1,"name":"In\u00edcio","item":"https:\/\/portalmf.com.br\/"},{"@type":"ListItem","position":2,"name":"Tom Dantas Cumpre agenda de shows na Fran\u00e7a em Setembro"}]},{"@type":"WebSite","@id":"https:\/\/portalmf.com.br\/#website","url":"https:\/\/portalmf.com.br\/","name":"Portal MF","description":"Voc\u00ea conectado com a informa\u00e7\u00e3o","potentialAction":[{"@type":"SearchAction","target":{"@type":"EntryPoint","urlTemplate":"https:\/\/portalmf.com.br\/?s={search_term_string}"},"query-input":"required name=search_term_string"}],"inLanguage":"pt-BR"},{"@type":"Person","@id":"https:\/\/portalmf.com.br\/#\/schema\/person\/11c82086fe8abc05a19147e964587285","name":"Reginaldo J\u00fanior","image":{"@type":"ImageObject","inLanguage":"pt-BR","@id":"https:\/\/portalmf.com.br\/#\/schema\/person\/image\/","url":"https:\/\/secure.gravatar.com\/avatar\/32a3c797cd0ac47cc53b8644c62776f9?s=96&d=mm&r=g","contentUrl":"https:\/\/secure.gravatar.com\/avatar\/32a3c797cd0ac47cc53b8644c62776f9?s=96&d=mm&r=g","caption":"Reginaldo J\u00fanior"},"description":"Jornalista e idealizador Portal MF","sameAs":["https:\/\/portalmf.com.br\/index.php\/author\/reginaldojr\/","reginaldojrfsa","reginaldojuniormf","https:\/\/x.com\/reginaldojrmf"],"url":"https:\/\/portalmf.com.br\/index.php\/author\/reginaldojr\/"}]}},"_links":{"self":[{"href":"https:\/\/portalmf.com.br\/index.php\/wp-json\/wp\/v2\/posts\/3449"}],"collection":[{"href":"https:\/\/portalmf.com.br\/index.php\/wp-json\/wp\/v2\/posts"}],"about":[{"href":"https:\/\/portalmf.com.br\/index.php\/wp-json\/wp\/v2\/types\/post"}],"author":[{"embeddable":true,"href":"https:\/\/portalmf.com.br\/index.php\/wp-json\/wp\/v2\/users\/2"}],"replies":[{"embeddable":true,"href":"https:\/\/portalmf.com.br\/index.php\/wp-json\/wp\/v2\/comments?post=3449"}],"version-history":[{"count":1,"href":"https:\/\/portalmf.com.br\/index.php\/wp-json\/wp\/v2\/posts\/3449\/revisions"}],"predecessor-version":[{"id":3451,"href":"https:\/\/portalmf.com.br\/index.php\/wp-json\/wp\/v2\/posts\/3449\/revisions\/3451"}],"wp:featuredmedia":[{"embeddable":true,"href":"https:\/\/portalmf.com.br\/index.php\/wp-json\/wp\/v2\/media\/3450"}],"wp:attachment":[{"href":"https:\/\/portalmf.com.br\/index.php\/wp-json\/wp\/v2\/media?parent=3449"}],"wp:term":[{"taxonomy":"category","embeddable":true,"href":"https:\/\/portalmf.com.br\/index.php\/wp-json\/wp\/v2\/categories?post=3449"},{"taxonomy":"post_tag","embeddable":true,"href":"https:\/\/portalmf.com.br\/index.php\/wp-json\/wp\/v2\/tags?post=3449"}],"curies":[{"name":"wp","href":"https:\/\/api.w.org\/{rel}","templated":true}]}}