{"id":34487,"date":"2025-02-26T13:42:24","date_gmt":"2025-02-26T16:42:24","guid":{"rendered":"https:\/\/portalmf.com.br\/?p=34487"},"modified":"2025-02-26T13:42:24","modified_gmt":"2025-02-26T16:42:24","slug":"tony-salles-celebra-primeiro-carnaval-em-carreira-solo-com-homenagem-as-suas-raizes","status":"publish","type":"post","link":"https:\/\/portalmf.com.br\/index.php\/2025\/02\/26\/tony-salles-celebra-primeiro-carnaval-em-carreira-solo-com-homenagem-as-suas-raizes\/","title":{"rendered":"Tony Salles celebra primeiro carnaval em carreira solo com homenagem \u00e0s suas ra\u00edzes"},"content":{"rendered":"\n<p>O cantor Tony Salles promete fazer do Carnaval 2025 um verdadeiro resgate de sua hist\u00f3ria musical e pessoal. Com a turn\u00ea &#8220;A Minha Hist\u00f3ria&#8221;, o artista trar\u00e1 aos palcos uma homenagem \u00e0s diferentes fases de sua carreira, atrav\u00e9s de figurinos ic\u00f4nicos e performances marcantes. A cada dia de folia, Tony revisitar\u00e1 momentos importantes de sua trajet\u00f3ria, desde os primeiros passos na m\u00fasica at\u00e9 o sucesso consolidado na carreira solo.<\/p>\n\n\n\n<p>O ponto de partida dessa jornada emocionante aconteceu no dia 15 de dezembro, em Periperi, sub\u00farbio ferrovi\u00e1rio de Salvador, bairro onde nasceu cresceu. Tony promoveu um show gratuito na Pra\u00e7a da Revolu\u00e7\u00e3o, com um repert\u00f3rio que resgatou sucessos da \u00e9poca em que ele cantava no Cafun\u00e9, \u00c9 o Tchan, Raghatoni e Parangol\u00e9.<\/p>\n\n\n\n<p>Agora, o cantor se prepara para levar esse conceito ao maior palco do mundo: o Carnaval de Salvador. Com figurinos especiais e um repert\u00f3rio que revisita sucessos de cada fase de sua carreira, Tony Salles promete emocionar o p\u00fablico e n\u00e3o deixar ningu\u00e9m parado.<\/p>\n\n\n\n<p>A agenda de Carnaval do cantor j\u00e1 est\u00e1 definida, e ele promete levar muita energia para os foli\u00f5es! A maratona come\u00e7a na quinta-feira (27\/02) com um trio sem cordas no circuito Barra\/Ondina. Na sexta-feira (28\/02), Tony anima a pipoca no Campo Grande e se apresenta no Camarote Planeta Band. No s\u00e1bado (01\/03), volta ao circuito Barra\/Ondina e tamb\u00e9m faz show no Camarote Glamour.<\/p>\n\n\n\n<p>No domingo (02\/03), a festa segue pelo Nordeste, com apresenta\u00e7\u00f5es em Natal (RN), Aracati (CE) e Luiz Correia (PI). Na segunda-feira (03\/03), Tony retorna a Salvador para comandar a pipoca no circuito Barra\/Ondina e se apresentar no Camarote Club. J\u00e1 na ter\u00e7a-feira (04\/03), ele arrasta a multid\u00e3o no tradicional Bloco As Muquiranas, no Campo Grande.<\/p>\n\n\n\n<p>Ap\u00f3s o Carnaval, a agenda continua com o Carnaporto, em Porto Seguro (BA), na quinta-feira (06\/03). No s\u00e1bado (08\/03), Tony faz show em Vera Cruz (BA) e encerra a sequ\u00eancia de apresenta\u00e7\u00f5es no domingo (09\/03), em Condado (PE).<\/p>\n\n\n\n<p>AGENDA DE CARNAVAL TONY SALLES &#8211; A MINHA HIST\u00d3RIA<br>QUINTA (27\/02) \u2013 Pipoca Barra\/ Ondina<br>SEXTA (28\/02) \u2013 Pipoca Campo Grande + Camarote Planeta Band<br>S\u00c1BADO (01\/03) &#8211; Pipoca Barra\/ Ondina + Camarote Glamour<br>DOMINGO (02\/03) \u2013 Natal-RN + Aracati-CE + Luiz Correia-PI<br>SEGUNDA (03\/03) &#8211; Pipoca Barra\/ Ondina + Camarote Club<br>TER\u00c7A (04\/03) &#8211; Bloco As Muquiranas (Campo Grande)<br>QUINTA (06\/03) &#8211; Carnaporto (Porto Seguro-BA)<br>S\u00c1BADO (08\/03) &#8211; Vera Cruz-BA<br>DOMINGO (09\/03) &#8211; Condado-PE<\/p>\n","protected":false},"excerpt":{"rendered":"<p>O cantor Tony Salles promete fazer do Carnaval 2025 um verdadeiro resgate de sua hist\u00f3ria musical e pessoal. Com a turn\u00ea &#8220;A Minha Hist\u00f3ria&#8221;, o artista trar\u00e1 aos palcos uma homenagem \u00e0s diferentes fases de sua carreira, atrav\u00e9s de figurinos ic\u00f4nicos e performances marcantes. A cada dia de folia, Tony revisitar\u00e1 momentos importantes de sua [&hellip;]<\/p>\n","protected":false},"author":3,"featured_media":32431,"comment_status":"open","ping_status":"open","sticky":false,"template":"","format":"standard","meta":{"_monsterinsights_skip_tracking":false,"_monsterinsights_sitenote_active":false,"_monsterinsights_sitenote_note":"","_monsterinsights_sitenote_category":0,"footnotes":""},"categories":[44,48],"tags":[],"yoast_head":"<!-- This site is optimized with the Yoast SEO plugin v22.9 - https:\/\/yoast.com\/wordpress\/plugins\/seo\/ -->\n<title>Tony Salles celebra primeiro carnaval em carreira solo com homenagem \u00e0s suas ra\u00edzes - Portal MF<\/title>\n<meta name=\"robots\" content=\"index, follow, max-snippet:-1, max-image-preview:large, max-video-preview:-1\" \/>\n<link rel=\"canonical\" href=\"https:\/\/portalmf.com.br\/index.php\/2025\/02\/26\/tony-salles-celebra-primeiro-carnaval-em-carreira-solo-com-homenagem-as-suas-raizes\/\" \/>\n<meta property=\"og:locale\" content=\"pt_BR\" \/>\n<meta property=\"og:type\" content=\"article\" \/>\n<meta property=\"og:title\" content=\"Tony Salles celebra primeiro carnaval em carreira solo com homenagem \u00e0s suas ra\u00edzes - Portal MF\" \/>\n<meta property=\"og:description\" content=\"O cantor Tony Salles promete fazer do Carnaval 2025 um verdadeiro resgate de sua hist\u00f3ria musical e pessoal. Com a turn\u00ea &#8220;A Minha Hist\u00f3ria&#8221;, o artista trar\u00e1 aos palcos uma homenagem \u00e0s diferentes fases de sua carreira, atrav\u00e9s de figurinos ic\u00f4nicos e performances marcantes. A cada dia de folia, Tony revisitar\u00e1 momentos importantes de sua [&hellip;]\" \/>\n<meta property=\"og:url\" content=\"https:\/\/portalmf.com.br\/index.php\/2025\/02\/26\/tony-salles-celebra-primeiro-carnaval-em-carreira-solo-com-homenagem-as-suas-raizes\/\" \/>\n<meta property=\"og:site_name\" content=\"Portal MF\" \/>\n<meta property=\"article:author\" content=\"https:\/\/www.facebook.com\/portalmfoficial\" \/>\n<meta property=\"article:published_time\" content=\"2025-02-26T16:42:24+00:00\" \/>\n<meta property=\"og:image\" content=\"https:\/\/portalmf.com.br\/wp-content\/uploads\/2024\/12\/Tony-Salles-emociona-publico-em-show-de-estreia-solo-em-Periperi-1-e1734386177181.jpeg\" \/>\n\t<meta property=\"og:image:width\" content=\"762\" \/>\n\t<meta property=\"og:image:height\" content=\"527\" \/>\n\t<meta property=\"og:image:type\" content=\"image\/jpeg\" \/>\n<meta name=\"author\" content=\"Reda\u00e7\u00e3o Portal MF\" \/>\n<meta name=\"twitter:card\" content=\"summary_large_image\" \/>\n<meta name=\"twitter:creator\" content=\"@https:\/\/x.com\/portalmfoficial\" \/>\n<meta name=\"twitter:label1\" content=\"Escrito por\" \/>\n\t<meta name=\"twitter:data1\" content=\"Reda\u00e7\u00e3o Portal MF\" \/>\n\t<meta name=\"twitter:label2\" content=\"Est. tempo de leitura\" \/>\n\t<meta name=\"twitter:data2\" content=\"3 minutos\" \/>\n<script type=\"application\/ld+json\" class=\"yoast-schema-graph\">{\"@context\":\"https:\/\/schema.org\",\"@graph\":[{\"@type\":\"WebPage\",\"@id\":\"https:\/\/portalmf.com.br\/index.php\/2025\/02\/26\/tony-salles-celebra-primeiro-carnaval-em-carreira-solo-com-homenagem-as-suas-raizes\/\",\"url\":\"https:\/\/portalmf.com.br\/index.php\/2025\/02\/26\/tony-salles-celebra-primeiro-carnaval-em-carreira-solo-com-homenagem-as-suas-raizes\/\",\"name\":\"Tony Salles celebra primeiro carnaval em carreira solo com homenagem \u00e0s suas ra\u00edzes - Portal MF\",\"isPartOf\":{\"@id\":\"https:\/\/portalmf.com.br\/#website\"},\"primaryImageOfPage\":{\"@id\":\"https:\/\/portalmf.com.br\/index.php\/2025\/02\/26\/tony-salles-celebra-primeiro-carnaval-em-carreira-solo-com-homenagem-as-suas-raizes\/#primaryimage\"},\"image\":{\"@id\":\"https:\/\/portalmf.com.br\/index.php\/2025\/02\/26\/tony-salles-celebra-primeiro-carnaval-em-carreira-solo-com-homenagem-as-suas-raizes\/#primaryimage\"},\"thumbnailUrl\":\"https:\/\/portalmf.com.br\/wp-content\/uploads\/2024\/12\/Tony-Salles-emociona-publico-em-show-de-estreia-solo-em-Periperi-1-e1734386177181.jpeg\",\"datePublished\":\"2025-02-26T16:42:24+00:00\",\"dateModified\":\"2025-02-26T16:42:24+00:00\",\"author\":{\"@id\":\"https:\/\/portalmf.com.br\/#\/schema\/person\/9ec101baf56233e53520c26de5d6f6f0\"},\"breadcrumb\":{\"@id\":\"https:\/\/portalmf.com.br\/index.php\/2025\/02\/26\/tony-salles-celebra-primeiro-carnaval-em-carreira-solo-com-homenagem-as-suas-raizes\/#breadcrumb\"},\"inLanguage\":\"pt-BR\",\"potentialAction\":[{\"@type\":\"ReadAction\",\"target\":[\"https:\/\/portalmf.com.br\/index.php\/2025\/02\/26\/tony-salles-celebra-primeiro-carnaval-em-carreira-solo-com-homenagem-as-suas-raizes\/\"]}]},{\"@type\":\"ImageObject\",\"inLanguage\":\"pt-BR\",\"@id\":\"https:\/\/portalmf.com.br\/index.php\/2025\/02\/26\/tony-salles-celebra-primeiro-carnaval-em-carreira-solo-com-homenagem-as-suas-raizes\/#primaryimage\",\"url\":\"https:\/\/portalmf.com.br\/wp-content\/uploads\/2024\/12\/Tony-Salles-emociona-publico-em-show-de-estreia-solo-em-Periperi-1-e1734386177181.jpeg\",\"contentUrl\":\"https:\/\/portalmf.com.br\/wp-content\/uploads\/2024\/12\/Tony-Salles-emociona-publico-em-show-de-estreia-solo-em-Periperi-1-e1734386177181.jpeg\",\"width\":762,\"height\":527},{\"@type\":\"BreadcrumbList\",\"@id\":\"https:\/\/portalmf.com.br\/index.php\/2025\/02\/26\/tony-salles-celebra-primeiro-carnaval-em-carreira-solo-com-homenagem-as-suas-raizes\/#breadcrumb\",\"itemListElement\":[{\"@type\":\"ListItem\",\"position\":1,\"name\":\"In\u00edcio\",\"item\":\"https:\/\/portalmf.com.br\/\"},{\"@type\":\"ListItem\",\"position\":2,\"name\":\"Tony Salles celebra primeiro carnaval em carreira solo com homenagem \u00e0s suas ra\u00edzes\"}]},{\"@type\":\"WebSite\",\"@id\":\"https:\/\/portalmf.com.br\/#website\",\"url\":\"https:\/\/portalmf.com.br\/\",\"name\":\"Portal MF\",\"description\":\"Voc\u00ea conectado com a informa\u00e7\u00e3o\",\"potentialAction\":[{\"@type\":\"SearchAction\",\"target\":{\"@type\":\"EntryPoint\",\"urlTemplate\":\"https:\/\/portalmf.com.br\/?s={search_term_string}\"},\"query-input\":\"required name=search_term_string\"}],\"inLanguage\":\"pt-BR\"},{\"@type\":\"Person\",\"@id\":\"https:\/\/portalmf.com.br\/#\/schema\/person\/9ec101baf56233e53520c26de5d6f6f0\",\"name\":\"Reda\u00e7\u00e3o Portal MF\",\"image\":{\"@type\":\"ImageObject\",\"inLanguage\":\"pt-BR\",\"@id\":\"https:\/\/portalmf.com.br\/#\/schema\/person\/image\/\",\"url\":\"https:\/\/secure.gravatar.com\/avatar\/41b9aaeb2100835f7c64362330f74c7f?s=96&d=mm&r=g\",\"contentUrl\":\"https:\/\/secure.gravatar.com\/avatar\/41b9aaeb2100835f7c64362330f74c7f?s=96&d=mm&r=g\",\"caption\":\"Reda\u00e7\u00e3o Portal MF\"},\"description\":\"Sejam bem-vindos o portal de informa\u00e7\u00f5es de entretenimento de Feira de Santana, desde 2006 realiza coberturas dos principais eventos com entrevistas exclusivas com as principais personalidades mundiais. Fique conectado tamb\u00e9m nas redes sociais.\",\"sameAs\":[\"http:\/\/www.portalmf.com.br\/\",\"https:\/\/www.facebook.com\/portalmfoficial\",\"https:\/\/www.instagram.com\/portalmf\/\",\"https:\/\/x.com\/https:\/\/x.com\/portalmfoficial\",\"https:\/\/www.youtube.com\/@portalmfoficial\"],\"url\":\"https:\/\/portalmf.com.br\/index.php\/author\/junior\/\"}]}<\/script>\n<!-- \/ Yoast SEO plugin. -->","yoast_head_json":{"title":"Tony Salles celebra primeiro carnaval em carreira solo com homenagem \u00e0s suas ra\u00edzes - Portal MF","robots":{"index":"index","follow":"follow","max-snippet":"max-snippet:-1","max-image-preview":"max-image-preview:large","max-video-preview":"max-video-preview:-1"},"canonical":"https:\/\/portalmf.com.br\/index.php\/2025\/02\/26\/tony-salles-celebra-primeiro-carnaval-em-carreira-solo-com-homenagem-as-suas-raizes\/","og_locale":"pt_BR","og_type":"article","og_title":"Tony Salles celebra primeiro carnaval em carreira solo com homenagem \u00e0s suas ra\u00edzes - Portal MF","og_description":"O cantor Tony Salles promete fazer do Carnaval 2025 um verdadeiro resgate de sua hist\u00f3ria musical e pessoal. Com a turn\u00ea &#8220;A Minha Hist\u00f3ria&#8221;, o artista trar\u00e1 aos palcos uma homenagem \u00e0s diferentes fases de sua carreira, atrav\u00e9s de figurinos ic\u00f4nicos e performances marcantes. A cada dia de folia, Tony revisitar\u00e1 momentos importantes de sua [&hellip;]","og_url":"https:\/\/portalmf.com.br\/index.php\/2025\/02\/26\/tony-salles-celebra-primeiro-carnaval-em-carreira-solo-com-homenagem-as-suas-raizes\/","og_site_name":"Portal MF","article_author":"https:\/\/www.facebook.com\/portalmfoficial","article_published_time":"2025-02-26T16:42:24+00:00","og_image":[{"width":762,"height":527,"url":"https:\/\/portalmf.com.br\/wp-content\/uploads\/2024\/12\/Tony-Salles-emociona-publico-em-show-de-estreia-solo-em-Periperi-1-e1734386177181.jpeg","type":"image\/jpeg"}],"author":"Reda\u00e7\u00e3o Portal MF","twitter_card":"summary_large_image","twitter_creator":"@https:\/\/x.com\/portalmfoficial","twitter_misc":{"Escrito por":"Reda\u00e7\u00e3o Portal MF","Est. tempo de leitura":"3 minutos"},"schema":{"@context":"https:\/\/schema.org","@graph":[{"@type":"WebPage","@id":"https:\/\/portalmf.com.br\/index.php\/2025\/02\/26\/tony-salles-celebra-primeiro-carnaval-em-carreira-solo-com-homenagem-as-suas-raizes\/","url":"https:\/\/portalmf.com.br\/index.php\/2025\/02\/26\/tony-salles-celebra-primeiro-carnaval-em-carreira-solo-com-homenagem-as-suas-raizes\/","name":"Tony Salles celebra primeiro carnaval em carreira solo com homenagem \u00e0s suas ra\u00edzes - Portal MF","isPartOf":{"@id":"https:\/\/portalmf.com.br\/#website"},"primaryImageOfPage":{"@id":"https:\/\/portalmf.com.br\/index.php\/2025\/02\/26\/tony-salles-celebra-primeiro-carnaval-em-carreira-solo-com-homenagem-as-suas-raizes\/#primaryimage"},"image":{"@id":"https:\/\/portalmf.com.br\/index.php\/2025\/02\/26\/tony-salles-celebra-primeiro-carnaval-em-carreira-solo-com-homenagem-as-suas-raizes\/#primaryimage"},"thumbnailUrl":"https:\/\/portalmf.com.br\/wp-content\/uploads\/2024\/12\/Tony-Salles-emociona-publico-em-show-de-estreia-solo-em-Periperi-1-e1734386177181.jpeg","datePublished":"2025-02-26T16:42:24+00:00","dateModified":"2025-02-26T16:42:24+00:00","author":{"@id":"https:\/\/portalmf.com.br\/#\/schema\/person\/9ec101baf56233e53520c26de5d6f6f0"},"breadcrumb":{"@id":"https:\/\/portalmf.com.br\/index.php\/2025\/02\/26\/tony-salles-celebra-primeiro-carnaval-em-carreira-solo-com-homenagem-as-suas-raizes\/#breadcrumb"},"inLanguage":"pt-BR","potentialAction":[{"@type":"ReadAction","target":["https:\/\/portalmf.com.br\/index.php\/2025\/02\/26\/tony-salles-celebra-primeiro-carnaval-em-carreira-solo-com-homenagem-as-suas-raizes\/"]}]},{"@type":"ImageObject","inLanguage":"pt-BR","@id":"https:\/\/portalmf.com.br\/index.php\/2025\/02\/26\/tony-salles-celebra-primeiro-carnaval-em-carreira-solo-com-homenagem-as-suas-raizes\/#primaryimage","url":"https:\/\/portalmf.com.br\/wp-content\/uploads\/2024\/12\/Tony-Salles-emociona-publico-em-show-de-estreia-solo-em-Periperi-1-e1734386177181.jpeg","contentUrl":"https:\/\/portalmf.com.br\/wp-content\/uploads\/2024\/12\/Tony-Salles-emociona-publico-em-show-de-estreia-solo-em-Periperi-1-e1734386177181.jpeg","width":762,"height":527},{"@type":"BreadcrumbList","@id":"https:\/\/portalmf.com.br\/index.php\/2025\/02\/26\/tony-salles-celebra-primeiro-carnaval-em-carreira-solo-com-homenagem-as-suas-raizes\/#breadcrumb","itemListElement":[{"@type":"ListItem","position":1,"name":"In\u00edcio","item":"https:\/\/portalmf.com.br\/"},{"@type":"ListItem","position":2,"name":"Tony Salles celebra primeiro carnaval em carreira solo com homenagem \u00e0s suas ra\u00edzes"}]},{"@type":"WebSite","@id":"https:\/\/portalmf.com.br\/#website","url":"https:\/\/portalmf.com.br\/","name":"Portal MF","description":"Voc\u00ea conectado com a informa\u00e7\u00e3o","potentialAction":[{"@type":"SearchAction","target":{"@type":"EntryPoint","urlTemplate":"https:\/\/portalmf.com.br\/?s={search_term_string}"},"query-input":"required name=search_term_string"}],"inLanguage":"pt-BR"},{"@type":"Person","@id":"https:\/\/portalmf.com.br\/#\/schema\/person\/9ec101baf56233e53520c26de5d6f6f0","name":"Reda\u00e7\u00e3o Portal MF","image":{"@type":"ImageObject","inLanguage":"pt-BR","@id":"https:\/\/portalmf.com.br\/#\/schema\/person\/image\/","url":"https:\/\/secure.gravatar.com\/avatar\/41b9aaeb2100835f7c64362330f74c7f?s=96&d=mm&r=g","contentUrl":"https:\/\/secure.gravatar.com\/avatar\/41b9aaeb2100835f7c64362330f74c7f?s=96&d=mm&r=g","caption":"Reda\u00e7\u00e3o Portal MF"},"description":"Sejam bem-vindos o portal de informa\u00e7\u00f5es de entretenimento de Feira de Santana, desde 2006 realiza coberturas dos principais eventos com entrevistas exclusivas com as principais personalidades mundiais. Fique conectado tamb\u00e9m nas redes sociais.","sameAs":["http:\/\/www.portalmf.com.br\/","https:\/\/www.facebook.com\/portalmfoficial","https:\/\/www.instagram.com\/portalmf\/","https:\/\/x.com\/https:\/\/x.com\/portalmfoficial","https:\/\/www.youtube.com\/@portalmfoficial"],"url":"https:\/\/portalmf.com.br\/index.php\/author\/junior\/"}]}},"_links":{"self":[{"href":"https:\/\/portalmf.com.br\/index.php\/wp-json\/wp\/v2\/posts\/34487"}],"collection":[{"href":"https:\/\/portalmf.com.br\/index.php\/wp-json\/wp\/v2\/posts"}],"about":[{"href":"https:\/\/portalmf.com.br\/index.php\/wp-json\/wp\/v2\/types\/post"}],"author":[{"embeddable":true,"href":"https:\/\/portalmf.com.br\/index.php\/wp-json\/wp\/v2\/users\/3"}],"replies":[{"embeddable":true,"href":"https:\/\/portalmf.com.br\/index.php\/wp-json\/wp\/v2\/comments?post=34487"}],"version-history":[{"count":1,"href":"https:\/\/portalmf.com.br\/index.php\/wp-json\/wp\/v2\/posts\/34487\/revisions"}],"predecessor-version":[{"id":34488,"href":"https:\/\/portalmf.com.br\/index.php\/wp-json\/wp\/v2\/posts\/34487\/revisions\/34488"}],"wp:featuredmedia":[{"embeddable":true,"href":"https:\/\/portalmf.com.br\/index.php\/wp-json\/wp\/v2\/media\/32431"}],"wp:attachment":[{"href":"https:\/\/portalmf.com.br\/index.php\/wp-json\/wp\/v2\/media?parent=34487"}],"wp:term":[{"taxonomy":"category","embeddable":true,"href":"https:\/\/portalmf.com.br\/index.php\/wp-json\/wp\/v2\/categories?post=34487"},{"taxonomy":"post_tag","embeddable":true,"href":"https:\/\/portalmf.com.br\/index.php\/wp-json\/wp\/v2\/tags?post=34487"}],"curies":[{"name":"wp","href":"https:\/\/api.w.org\/{rel}","templated":true}]}}