{"id":34484,"date":"2025-02-26T13:38:29","date_gmt":"2025-02-26T16:38:29","guid":{"rendered":"https:\/\/portalmf.com.br\/?p=34484"},"modified":"2025-02-26T13:38:30","modified_gmt":"2025-02-26T16:38:30","slug":"marcio-victor-recebe-juliette-na-terca-de-carnaval-em-salvador","status":"publish","type":"post","link":"https:\/\/portalmf.com.br\/index.php\/2025\/02\/26\/marcio-victor-recebe-juliette-na-terca-de-carnaval-em-salvador\/","title":{"rendered":"M\u00e1rcio Victor recebe Juliette na ter\u00e7a de Carnaval em Salvador"},"content":{"rendered":"\n<p>O Carnaval de Salvador promete momentos hist\u00f3ricos na ter\u00e7a-feira (4), quando M\u00e1rcio Victor, l\u00edder da banda Psirico, receber\u00e1 ningu\u00e9m menos que Juliette em seu trio el\u00e9trico. A vencedora do BBB 21, que conquistou o Brasil com seu carisma e talento, subir\u00e1 ao trio para apresentar a rec\u00e9m-lan\u00e7ada Me Pega, parceria que une sua voz marcante \u00e0 energia contagiante do pagod\u00e3o baiano.<\/p>\n\n\n\n<p>Al\u00e9m de Psirico, a m\u00fasica conta com a participa\u00e7\u00e3o vibrante do \u00c0ttooxx\u00e1 e traz uma fus\u00e3o envolvente de ritmos nordestinos, refor\u00e7ando a versatilidade de Juliette e sua forte conex\u00e3o com as ra\u00edzes culturais do Brasil. O single j\u00e1 \u00e9 apontado como um dos grandes hits deste Carnaval, prometendo embalar multid\u00f5es na avenida.<\/p>\n\n\n\n<p>\u201cA energia do pagod\u00e3o baiano chega com tudo nesse som! Fico muito feliz em trazer a nossa batida, essa mistura gostosa que faz todo mundo dan\u00e7ar. A conex\u00e3o com Juliette foi incr\u00edvel, e essa m\u00fasica tem a cara do Brasil. Tenho certeza de que a galera vai sentir essa vibra\u00e7\u00e3o e n\u00e3o vai conseguir ficar parada!\u201d, destaca M\u00e1rcio Victor.<\/p>\n\n\n\n<p>Juliette, que vem consolidando sua carreira musical com um repert\u00f3rio aut\u00eantico e envolvente, chega a Salvador como um dos grandes nomes da festa, levando consigo uma legi\u00e3o de f\u00e3s apaixonados. Sua presen\u00e7a no trio do Psirico refor\u00e7a sua afinidade com a cultura nordestina e promete um momento inesquec\u00edvel para o p\u00fablico baiano.<\/p>\n\n\n\n<p>Sob o tema O Ritmo que Move o Mundo \u2013 Ax\u00e9 40 Anos, Psirico transforma seu desfile em um verdadeiro tributo ao g\u00eanero, misturando tradi\u00e7\u00e3o e inova\u00e7\u00e3o. O repert\u00f3rio trar\u00e1 desde os cl\u00e1ssicos do pagode raiz at\u00e9 os novos sucessos, incluindo Molen-Molen, aposta do grupo para diversas premia\u00e7\u00f5es, com participa\u00e7\u00f5es de Compadre Washington (\u00c9 o Tchan), Flavinho (Pagod\u2019art), Falc\u00e3o (Guig) e Rubynho.<\/p>\n","protected":false},"excerpt":{"rendered":"<p>O Carnaval de Salvador promete momentos hist\u00f3ricos na ter\u00e7a-feira (4), quando M\u00e1rcio Victor, l\u00edder da banda Psirico, receber\u00e1 ningu\u00e9m menos que Juliette em seu trio el\u00e9trico. A vencedora do BBB 21, que conquistou o Brasil com seu carisma e talento, subir\u00e1 ao trio para apresentar a rec\u00e9m-lan\u00e7ada Me Pega, parceria que une sua voz marcante [&hellip;]<\/p>\n","protected":false},"author":3,"featured_media":34485,"comment_status":"open","ping_status":"open","sticky":false,"template":"","format":"standard","meta":{"_monsterinsights_skip_tracking":false,"_monsterinsights_sitenote_active":false,"_monsterinsights_sitenote_note":"","_monsterinsights_sitenote_category":0,"footnotes":""},"categories":[44,47],"tags":[],"yoast_head":"<!-- This site is optimized with the Yoast SEO plugin v22.9 - https:\/\/yoast.com\/wordpress\/plugins\/seo\/ -->\n<title>M\u00e1rcio Victor recebe Juliette na ter\u00e7a de Carnaval em Salvador - Portal MF<\/title>\n<meta name=\"robots\" content=\"index, follow, max-snippet:-1, max-image-preview:large, max-video-preview:-1\" \/>\n<link rel=\"canonical\" href=\"https:\/\/portalmf.com.br\/index.php\/2025\/02\/26\/marcio-victor-recebe-juliette-na-terca-de-carnaval-em-salvador\/\" \/>\n<meta property=\"og:locale\" content=\"pt_BR\" \/>\n<meta property=\"og:type\" content=\"article\" \/>\n<meta property=\"og:title\" content=\"M\u00e1rcio Victor recebe Juliette na ter\u00e7a de Carnaval em Salvador - Portal MF\" \/>\n<meta property=\"og:description\" content=\"O Carnaval de Salvador promete momentos hist\u00f3ricos na ter\u00e7a-feira (4), quando M\u00e1rcio Victor, l\u00edder da banda Psirico, receber\u00e1 ningu\u00e9m menos que Juliette em seu trio el\u00e9trico. A vencedora do BBB 21, que conquistou o Brasil com seu carisma e talento, subir\u00e1 ao trio para apresentar a rec\u00e9m-lan\u00e7ada Me Pega, parceria que une sua voz marcante [&hellip;]\" \/>\n<meta property=\"og:url\" content=\"https:\/\/portalmf.com.br\/index.php\/2025\/02\/26\/marcio-victor-recebe-juliette-na-terca-de-carnaval-em-salvador\/\" \/>\n<meta property=\"og:site_name\" content=\"Portal MF\" \/>\n<meta property=\"article:author\" content=\"https:\/\/www.facebook.com\/portalmfoficial\" \/>\n<meta property=\"article:published_time\" content=\"2025-02-26T16:38:29+00:00\" \/>\n<meta property=\"article:modified_time\" content=\"2025-02-26T16:38:30+00:00\" \/>\n<meta property=\"og:image\" content=\"https:\/\/portalmf.com.br\/wp-content\/uploads\/2025\/02\/juliete_marcioVictor.jpg\" \/>\n\t<meta property=\"og:image:width\" content=\"900\" \/>\n\t<meta property=\"og:image:height\" content=\"556\" \/>\n\t<meta property=\"og:image:type\" content=\"image\/jpeg\" \/>\n<meta name=\"author\" content=\"Reda\u00e7\u00e3o Portal MF\" \/>\n<meta name=\"twitter:card\" content=\"summary_large_image\" \/>\n<meta name=\"twitter:creator\" content=\"@https:\/\/x.com\/portalmfoficial\" \/>\n<meta name=\"twitter:label1\" content=\"Escrito por\" \/>\n\t<meta name=\"twitter:data1\" content=\"Reda\u00e7\u00e3o Portal MF\" \/>\n\t<meta name=\"twitter:label2\" content=\"Est. tempo de leitura\" \/>\n\t<meta name=\"twitter:data2\" content=\"2 minutos\" \/>\n<script type=\"application\/ld+json\" class=\"yoast-schema-graph\">{\"@context\":\"https:\/\/schema.org\",\"@graph\":[{\"@type\":\"WebPage\",\"@id\":\"https:\/\/portalmf.com.br\/index.php\/2025\/02\/26\/marcio-victor-recebe-juliette-na-terca-de-carnaval-em-salvador\/\",\"url\":\"https:\/\/portalmf.com.br\/index.php\/2025\/02\/26\/marcio-victor-recebe-juliette-na-terca-de-carnaval-em-salvador\/\",\"name\":\"M\u00e1rcio Victor recebe Juliette na ter\u00e7a de Carnaval em Salvador - Portal MF\",\"isPartOf\":{\"@id\":\"https:\/\/portalmf.com.br\/#website\"},\"primaryImageOfPage\":{\"@id\":\"https:\/\/portalmf.com.br\/index.php\/2025\/02\/26\/marcio-victor-recebe-juliette-na-terca-de-carnaval-em-salvador\/#primaryimage\"},\"image\":{\"@id\":\"https:\/\/portalmf.com.br\/index.php\/2025\/02\/26\/marcio-victor-recebe-juliette-na-terca-de-carnaval-em-salvador\/#primaryimage\"},\"thumbnailUrl\":\"https:\/\/portalmf.com.br\/wp-content\/uploads\/2025\/02\/juliete_marcioVictor.jpg\",\"datePublished\":\"2025-02-26T16:38:29+00:00\",\"dateModified\":\"2025-02-26T16:38:30+00:00\",\"author\":{\"@id\":\"https:\/\/portalmf.com.br\/#\/schema\/person\/9ec101baf56233e53520c26de5d6f6f0\"},\"breadcrumb\":{\"@id\":\"https:\/\/portalmf.com.br\/index.php\/2025\/02\/26\/marcio-victor-recebe-juliette-na-terca-de-carnaval-em-salvador\/#breadcrumb\"},\"inLanguage\":\"pt-BR\",\"potentialAction\":[{\"@type\":\"ReadAction\",\"target\":[\"https:\/\/portalmf.com.br\/index.php\/2025\/02\/26\/marcio-victor-recebe-juliette-na-terca-de-carnaval-em-salvador\/\"]}]},{\"@type\":\"ImageObject\",\"inLanguage\":\"pt-BR\",\"@id\":\"https:\/\/portalmf.com.br\/index.php\/2025\/02\/26\/marcio-victor-recebe-juliette-na-terca-de-carnaval-em-salvador\/#primaryimage\",\"url\":\"https:\/\/portalmf.com.br\/wp-content\/uploads\/2025\/02\/juliete_marcioVictor.jpg\",\"contentUrl\":\"https:\/\/portalmf.com.br\/wp-content\/uploads\/2025\/02\/juliete_marcioVictor.jpg\",\"width\":900,\"height\":556},{\"@type\":\"BreadcrumbList\",\"@id\":\"https:\/\/portalmf.com.br\/index.php\/2025\/02\/26\/marcio-victor-recebe-juliette-na-terca-de-carnaval-em-salvador\/#breadcrumb\",\"itemListElement\":[{\"@type\":\"ListItem\",\"position\":1,\"name\":\"In\u00edcio\",\"item\":\"https:\/\/portalmf.com.br\/\"},{\"@type\":\"ListItem\",\"position\":2,\"name\":\"M\u00e1rcio Victor recebe Juliette na ter\u00e7a de Carnaval em Salvador\"}]},{\"@type\":\"WebSite\",\"@id\":\"https:\/\/portalmf.com.br\/#website\",\"url\":\"https:\/\/portalmf.com.br\/\",\"name\":\"Portal MF\",\"description\":\"Voc\u00ea conectado com a informa\u00e7\u00e3o\",\"potentialAction\":[{\"@type\":\"SearchAction\",\"target\":{\"@type\":\"EntryPoint\",\"urlTemplate\":\"https:\/\/portalmf.com.br\/?s={search_term_string}\"},\"query-input\":\"required name=search_term_string\"}],\"inLanguage\":\"pt-BR\"},{\"@type\":\"Person\",\"@id\":\"https:\/\/portalmf.com.br\/#\/schema\/person\/9ec101baf56233e53520c26de5d6f6f0\",\"name\":\"Reda\u00e7\u00e3o Portal MF\",\"image\":{\"@type\":\"ImageObject\",\"inLanguage\":\"pt-BR\",\"@id\":\"https:\/\/portalmf.com.br\/#\/schema\/person\/image\/\",\"url\":\"https:\/\/secure.gravatar.com\/avatar\/41b9aaeb2100835f7c64362330f74c7f?s=96&d=mm&r=g\",\"contentUrl\":\"https:\/\/secure.gravatar.com\/avatar\/41b9aaeb2100835f7c64362330f74c7f?s=96&d=mm&r=g\",\"caption\":\"Reda\u00e7\u00e3o Portal MF\"},\"description\":\"Sejam bem-vindos o portal de informa\u00e7\u00f5es de entretenimento de Feira de Santana, desde 2006 realiza coberturas dos principais eventos com entrevistas exclusivas com as principais personalidades mundiais. Fique conectado tamb\u00e9m nas redes sociais.\",\"sameAs\":[\"http:\/\/www.portalmf.com.br\/\",\"https:\/\/www.facebook.com\/portalmfoficial\",\"https:\/\/www.instagram.com\/portalmf\/\",\"https:\/\/x.com\/https:\/\/x.com\/portalmfoficial\",\"https:\/\/www.youtube.com\/@portalmfoficial\"],\"url\":\"https:\/\/portalmf.com.br\/index.php\/author\/junior\/\"}]}<\/script>\n<!-- \/ Yoast SEO plugin. -->","yoast_head_json":{"title":"M\u00e1rcio Victor recebe Juliette na ter\u00e7a de Carnaval em Salvador - Portal MF","robots":{"index":"index","follow":"follow","max-snippet":"max-snippet:-1","max-image-preview":"max-image-preview:large","max-video-preview":"max-video-preview:-1"},"canonical":"https:\/\/portalmf.com.br\/index.php\/2025\/02\/26\/marcio-victor-recebe-juliette-na-terca-de-carnaval-em-salvador\/","og_locale":"pt_BR","og_type":"article","og_title":"M\u00e1rcio Victor recebe Juliette na ter\u00e7a de Carnaval em Salvador - Portal MF","og_description":"O Carnaval de Salvador promete momentos hist\u00f3ricos na ter\u00e7a-feira (4), quando M\u00e1rcio Victor, l\u00edder da banda Psirico, receber\u00e1 ningu\u00e9m menos que Juliette em seu trio el\u00e9trico. A vencedora do BBB 21, que conquistou o Brasil com seu carisma e talento, subir\u00e1 ao trio para apresentar a rec\u00e9m-lan\u00e7ada Me Pega, parceria que une sua voz marcante [&hellip;]","og_url":"https:\/\/portalmf.com.br\/index.php\/2025\/02\/26\/marcio-victor-recebe-juliette-na-terca-de-carnaval-em-salvador\/","og_site_name":"Portal MF","article_author":"https:\/\/www.facebook.com\/portalmfoficial","article_published_time":"2025-02-26T16:38:29+00:00","article_modified_time":"2025-02-26T16:38:30+00:00","og_image":[{"width":900,"height":556,"url":"https:\/\/portalmf.com.br\/wp-content\/uploads\/2025\/02\/juliete_marcioVictor.jpg","type":"image\/jpeg"}],"author":"Reda\u00e7\u00e3o Portal MF","twitter_card":"summary_large_image","twitter_creator":"@https:\/\/x.com\/portalmfoficial","twitter_misc":{"Escrito por":"Reda\u00e7\u00e3o Portal MF","Est. tempo de leitura":"2 minutos"},"schema":{"@context":"https:\/\/schema.org","@graph":[{"@type":"WebPage","@id":"https:\/\/portalmf.com.br\/index.php\/2025\/02\/26\/marcio-victor-recebe-juliette-na-terca-de-carnaval-em-salvador\/","url":"https:\/\/portalmf.com.br\/index.php\/2025\/02\/26\/marcio-victor-recebe-juliette-na-terca-de-carnaval-em-salvador\/","name":"M\u00e1rcio Victor recebe Juliette na ter\u00e7a de Carnaval em Salvador - Portal MF","isPartOf":{"@id":"https:\/\/portalmf.com.br\/#website"},"primaryImageOfPage":{"@id":"https:\/\/portalmf.com.br\/index.php\/2025\/02\/26\/marcio-victor-recebe-juliette-na-terca-de-carnaval-em-salvador\/#primaryimage"},"image":{"@id":"https:\/\/portalmf.com.br\/index.php\/2025\/02\/26\/marcio-victor-recebe-juliette-na-terca-de-carnaval-em-salvador\/#primaryimage"},"thumbnailUrl":"https:\/\/portalmf.com.br\/wp-content\/uploads\/2025\/02\/juliete_marcioVictor.jpg","datePublished":"2025-02-26T16:38:29+00:00","dateModified":"2025-02-26T16:38:30+00:00","author":{"@id":"https:\/\/portalmf.com.br\/#\/schema\/person\/9ec101baf56233e53520c26de5d6f6f0"},"breadcrumb":{"@id":"https:\/\/portalmf.com.br\/index.php\/2025\/02\/26\/marcio-victor-recebe-juliette-na-terca-de-carnaval-em-salvador\/#breadcrumb"},"inLanguage":"pt-BR","potentialAction":[{"@type":"ReadAction","target":["https:\/\/portalmf.com.br\/index.php\/2025\/02\/26\/marcio-victor-recebe-juliette-na-terca-de-carnaval-em-salvador\/"]}]},{"@type":"ImageObject","inLanguage":"pt-BR","@id":"https:\/\/portalmf.com.br\/index.php\/2025\/02\/26\/marcio-victor-recebe-juliette-na-terca-de-carnaval-em-salvador\/#primaryimage","url":"https:\/\/portalmf.com.br\/wp-content\/uploads\/2025\/02\/juliete_marcioVictor.jpg","contentUrl":"https:\/\/portalmf.com.br\/wp-content\/uploads\/2025\/02\/juliete_marcioVictor.jpg","width":900,"height":556},{"@type":"BreadcrumbList","@id":"https:\/\/portalmf.com.br\/index.php\/2025\/02\/26\/marcio-victor-recebe-juliette-na-terca-de-carnaval-em-salvador\/#breadcrumb","itemListElement":[{"@type":"ListItem","position":1,"name":"In\u00edcio","item":"https:\/\/portalmf.com.br\/"},{"@type":"ListItem","position":2,"name":"M\u00e1rcio Victor recebe Juliette na ter\u00e7a de Carnaval em Salvador"}]},{"@type":"WebSite","@id":"https:\/\/portalmf.com.br\/#website","url":"https:\/\/portalmf.com.br\/","name":"Portal MF","description":"Voc\u00ea conectado com a informa\u00e7\u00e3o","potentialAction":[{"@type":"SearchAction","target":{"@type":"EntryPoint","urlTemplate":"https:\/\/portalmf.com.br\/?s={search_term_string}"},"query-input":"required name=search_term_string"}],"inLanguage":"pt-BR"},{"@type":"Person","@id":"https:\/\/portalmf.com.br\/#\/schema\/person\/9ec101baf56233e53520c26de5d6f6f0","name":"Reda\u00e7\u00e3o Portal MF","image":{"@type":"ImageObject","inLanguage":"pt-BR","@id":"https:\/\/portalmf.com.br\/#\/schema\/person\/image\/","url":"https:\/\/secure.gravatar.com\/avatar\/41b9aaeb2100835f7c64362330f74c7f?s=96&d=mm&r=g","contentUrl":"https:\/\/secure.gravatar.com\/avatar\/41b9aaeb2100835f7c64362330f74c7f?s=96&d=mm&r=g","caption":"Reda\u00e7\u00e3o Portal MF"},"description":"Sejam bem-vindos o portal de informa\u00e7\u00f5es de entretenimento de Feira de Santana, desde 2006 realiza coberturas dos principais eventos com entrevistas exclusivas com as principais personalidades mundiais. Fique conectado tamb\u00e9m nas redes sociais.","sameAs":["http:\/\/www.portalmf.com.br\/","https:\/\/www.facebook.com\/portalmfoficial","https:\/\/www.instagram.com\/portalmf\/","https:\/\/x.com\/https:\/\/x.com\/portalmfoficial","https:\/\/www.youtube.com\/@portalmfoficial"],"url":"https:\/\/portalmf.com.br\/index.php\/author\/junior\/"}]}},"_links":{"self":[{"href":"https:\/\/portalmf.com.br\/index.php\/wp-json\/wp\/v2\/posts\/34484"}],"collection":[{"href":"https:\/\/portalmf.com.br\/index.php\/wp-json\/wp\/v2\/posts"}],"about":[{"href":"https:\/\/portalmf.com.br\/index.php\/wp-json\/wp\/v2\/types\/post"}],"author":[{"embeddable":true,"href":"https:\/\/portalmf.com.br\/index.php\/wp-json\/wp\/v2\/users\/3"}],"replies":[{"embeddable":true,"href":"https:\/\/portalmf.com.br\/index.php\/wp-json\/wp\/v2\/comments?post=34484"}],"version-history":[{"count":1,"href":"https:\/\/portalmf.com.br\/index.php\/wp-json\/wp\/v2\/posts\/34484\/revisions"}],"predecessor-version":[{"id":34486,"href":"https:\/\/portalmf.com.br\/index.php\/wp-json\/wp\/v2\/posts\/34484\/revisions\/34486"}],"wp:featuredmedia":[{"embeddable":true,"href":"https:\/\/portalmf.com.br\/index.php\/wp-json\/wp\/v2\/media\/34485"}],"wp:attachment":[{"href":"https:\/\/portalmf.com.br\/index.php\/wp-json\/wp\/v2\/media?parent=34484"}],"wp:term":[{"taxonomy":"category","embeddable":true,"href":"https:\/\/portalmf.com.br\/index.php\/wp-json\/wp\/v2\/categories?post=34484"},{"taxonomy":"post_tag","embeddable":true,"href":"https:\/\/portalmf.com.br\/index.php\/wp-json\/wp\/v2\/tags?post=34484"}],"curies":[{"name":"wp","href":"https:\/\/api.w.org\/{rel}","templated":true}]}}