{"id":34468,"date":"2025-02-25T18:05:49","date_gmt":"2025-02-25T21:05:49","guid":{"rendered":"https:\/\/portalmf.com.br\/?p=34468"},"modified":"2025-02-25T19:02:31","modified_gmt":"2025-02-25T22:02:31","slug":"vinny-nogueira-estreia-no-carnaval-de-salvador-em-2025","status":"publish","type":"post","link":"https:\/\/portalmf.com.br\/index.php\/2025\/02\/25\/vinny-nogueira-estreia-no-carnaval-de-salvador-em-2025\/","title":{"rendered":"Vinny Nogueira estreia no Carnaval de Salvador em 2025"},"content":{"rendered":"\n<p>Apontado como uma das revela\u00e7\u00f5es da m\u00fasica baiana, o cantor Vinny Nogueira far\u00e1 a sua estreia no Carnaval de Salvador em 2025, na agenda duas apresenta\u00e7\u00f5es para a pipoca na folia baiana e uma participa\u00e7\u00e3o especial, revelada pelo cantor em entrevista ao Portal MF.<\/p>\n\n\n\n<p>Natural da cidade de Tanquinho, Vinny come\u00e7ou na m\u00fasica na banda O Avesso, depois foi vocalista das bandas Ideia Xeke, Tudo Nosso e Kit Ilus\u00e3o e desde 2017 o cantor segue em carreira solo.<\/p>\n\n\n\n<p>Em 2025, Vinny Nogueira lan\u00e7ou a can\u00e7\u00e3o \u201cAlgod\u00e3o Doce\u201d um feat com o cantor Igor Kannario, uma das apostas de hit da folia, ao Portal MF o cantor falou sobre a m\u00fasica que chegou em suas m\u00e3os h\u00e1 dois anos.<\/p>\n\n\n\n<p><em>\u201cEstou feliz demais com o resultado da m\u00fasica, essa m\u00fasica tem um ano guardada, ficamos de lan\u00e7ar em 2023 mais seguramos e divulgamos na melhor \u00e9poca, essa m\u00fasica conta uma hist\u00f3ria e gra\u00e7as a Deus caiu no gosto do p\u00fablico, sabendo que \u00e9 um trabalho do projeto Vinny Nogueira\u201d,<\/em> disse o cantor.<\/p>\n\n\n\n<figure class=\"wp-block-embed is-type-video is-provider-youtube wp-block-embed-youtube wp-embed-aspect-16-9 wp-has-aspect-ratio\"><div class=\"wp-block-embed__wrapper\">\n<iframe title=\"Vinny Nogueira  feat Kannario - Algod\u00e3o Doce (Clipe Oficial)\" width=\"696\" height=\"392\" src=\"https:\/\/www.youtube.com\/embed\/aiaoXLMbWPU?feature=oembed\" frameborder=\"0\" allow=\"accelerometer; autoplay; clipboard-write; encrypted-media; gyroscope; picture-in-picture; web-share\" referrerpolicy=\"strict-origin-when-cross-origin\" allowfullscreen><\/iframe>\n<\/div><\/figure>\n\n\n\n<p>Algod\u00e3o Doce \u00e9 uma composi\u00e7\u00e3o de Iatta Compositor, Jo\u00e3o Mariano, Kaio Oliveira, Luan Sacada e Lucca Lyra e ganhou um clipe, que Vinny apresentou primeiro a sua fam\u00edlia.<\/p>\n\n\n\n<p><em>\u201cMinha fam\u00edlia \u00e9 meu porto seguro, minha base e que motiva todos os dias a correr atr\u00e1s do meu sonho e sempre quando tem algo importante mostro para minha fam\u00edlia e junto com Felipe documentamos esse momento que foi sensacional\u201d,<\/em> revelou o cantor.<\/p>\n\n\n\n<p>Vinny chega a 2025 pronto para encarar o primeiro Carnaval de Salvador puxando seu trio pipoca na quinta-feira (27) no circuito Campo Grande e na ter\u00e7a-feira (04), no circuito Barra\/Ondina e ainda participa da maior pipoca do mundo, como Igor Kannario na segunda-feira (03) no Campo Grande.<\/p>\n\n\n\n<p><em>\u201cEstou muito feliz, um sonho realizado, sempre pedi a Deus por isso e agora vou realizar esse sonho e vem acontecendo na melhor hora. Na segunda-feira vou est\u00e1 no trio de Kannario na pipoca e na ter\u00e7a-feira talvez ele esteja em meu trio, para mim ser\u00e1 um privilegio cantar Algod\u00e3o Doce na maior pipoca do mundo\u201d,<\/em> finalizou o cantor<\/p>\n\n\n\n<p>Em Salvador, Vinny Nogueira tamb\u00e9m far\u00e1 em Paripe (27) e Plataforma (03) e apresenta\u00e7\u00f5es nos carnavais de Janu\u00e1ria em Minas Gerais (01) e Barreiras e Correntina na Bahia (02).<\/p>\n","protected":false},"excerpt":{"rendered":"<p>Apontado como uma das revela\u00e7\u00f5es da m\u00fasica baiana, o cantor Vinny Nogueira far\u00e1 a sua estreia no Carnaval de Salvador em 2025, na agenda duas apresenta\u00e7\u00f5es para a pipoca na folia baiana e uma participa\u00e7\u00e3o especial, revelada pelo cantor em entrevista ao Portal MF. Natural da cidade de Tanquinho, Vinny come\u00e7ou na m\u00fasica na banda [&hellip;]<\/p>\n","protected":false},"author":2,"featured_media":34469,"comment_status":"open","ping_status":"open","sticky":false,"template":"","format":"standard","meta":{"_monsterinsights_skip_tracking":false,"_monsterinsights_sitenote_active":false,"_monsterinsights_sitenote_note":"","_monsterinsights_sitenote_category":0,"footnotes":""},"categories":[44,48],"tags":[],"yoast_head":"<!-- This site is optimized with the Yoast SEO plugin v22.9 - https:\/\/yoast.com\/wordpress\/plugins\/seo\/ -->\n<title>Vinny Nogueira estreia no Carnaval de Salvador em 2025 - Portal MF<\/title>\n<meta name=\"robots\" content=\"index, follow, max-snippet:-1, max-image-preview:large, max-video-preview:-1\" \/>\n<link rel=\"canonical\" href=\"https:\/\/portalmf.com.br\/index.php\/2025\/02\/25\/vinny-nogueira-estreia-no-carnaval-de-salvador-em-2025\/\" \/>\n<meta property=\"og:locale\" content=\"pt_BR\" \/>\n<meta property=\"og:type\" content=\"article\" \/>\n<meta property=\"og:title\" content=\"Vinny Nogueira estreia no Carnaval de Salvador em 2025 - Portal MF\" \/>\n<meta property=\"og:description\" content=\"Apontado como uma das revela\u00e7\u00f5es da m\u00fasica baiana, o cantor Vinny Nogueira far\u00e1 a sua estreia no Carnaval de Salvador em 2025, na agenda duas apresenta\u00e7\u00f5es para a pipoca na folia baiana e uma participa\u00e7\u00e3o especial, revelada pelo cantor em entrevista ao Portal MF. Natural da cidade de Tanquinho, Vinny come\u00e7ou na m\u00fasica na banda [&hellip;]\" \/>\n<meta property=\"og:url\" content=\"https:\/\/portalmf.com.br\/index.php\/2025\/02\/25\/vinny-nogueira-estreia-no-carnaval-de-salvador-em-2025\/\" \/>\n<meta property=\"og:site_name\" content=\"Portal MF\" \/>\n<meta property=\"article:author\" content=\"reginaldojrfsa\" \/>\n<meta property=\"article:published_time\" content=\"2025-02-25T21:05:49+00:00\" \/>\n<meta property=\"article:modified_time\" content=\"2025-02-25T22:02:31+00:00\" \/>\n<meta property=\"og:image\" content=\"https:\/\/portalmf.com.br\/wp-content\/uploads\/2025\/02\/vinny_nogueira_.jpg\" \/>\n\t<meta property=\"og:image:width\" content=\"1024\" \/>\n\t<meta property=\"og:image:height\" content=\"682\" \/>\n\t<meta property=\"og:image:type\" content=\"image\/jpeg\" \/>\n<meta name=\"author\" content=\"Reginaldo J\u00fanior\" \/>\n<meta name=\"twitter:card\" content=\"summary_large_image\" \/>\n<meta name=\"twitter:creator\" content=\"@reginaldojrmf\" \/>\n<meta name=\"twitter:label1\" content=\"Escrito por\" \/>\n\t<meta name=\"twitter:data1\" content=\"Reginaldo J\u00fanior\" \/>\n\t<meta name=\"twitter:label2\" content=\"Est. tempo de leitura\" \/>\n\t<meta name=\"twitter:data2\" content=\"3 minutos\" \/>\n<script type=\"application\/ld+json\" class=\"yoast-schema-graph\">{\"@context\":\"https:\/\/schema.org\",\"@graph\":[{\"@type\":\"WebPage\",\"@id\":\"https:\/\/portalmf.com.br\/index.php\/2025\/02\/25\/vinny-nogueira-estreia-no-carnaval-de-salvador-em-2025\/\",\"url\":\"https:\/\/portalmf.com.br\/index.php\/2025\/02\/25\/vinny-nogueira-estreia-no-carnaval-de-salvador-em-2025\/\",\"name\":\"Vinny Nogueira estreia no Carnaval de Salvador em 2025 - Portal MF\",\"isPartOf\":{\"@id\":\"https:\/\/portalmf.com.br\/#website\"},\"primaryImageOfPage\":{\"@id\":\"https:\/\/portalmf.com.br\/index.php\/2025\/02\/25\/vinny-nogueira-estreia-no-carnaval-de-salvador-em-2025\/#primaryimage\"},\"image\":{\"@id\":\"https:\/\/portalmf.com.br\/index.php\/2025\/02\/25\/vinny-nogueira-estreia-no-carnaval-de-salvador-em-2025\/#primaryimage\"},\"thumbnailUrl\":\"https:\/\/portalmf.com.br\/wp-content\/uploads\/2025\/02\/vinny_nogueira_.jpg\",\"datePublished\":\"2025-02-25T21:05:49+00:00\",\"dateModified\":\"2025-02-25T22:02:31+00:00\",\"author\":{\"@id\":\"https:\/\/portalmf.com.br\/#\/schema\/person\/11c82086fe8abc05a19147e964587285\"},\"breadcrumb\":{\"@id\":\"https:\/\/portalmf.com.br\/index.php\/2025\/02\/25\/vinny-nogueira-estreia-no-carnaval-de-salvador-em-2025\/#breadcrumb\"},\"inLanguage\":\"pt-BR\",\"potentialAction\":[{\"@type\":\"ReadAction\",\"target\":[\"https:\/\/portalmf.com.br\/index.php\/2025\/02\/25\/vinny-nogueira-estreia-no-carnaval-de-salvador-em-2025\/\"]}]},{\"@type\":\"ImageObject\",\"inLanguage\":\"pt-BR\",\"@id\":\"https:\/\/portalmf.com.br\/index.php\/2025\/02\/25\/vinny-nogueira-estreia-no-carnaval-de-salvador-em-2025\/#primaryimage\",\"url\":\"https:\/\/portalmf.com.br\/wp-content\/uploads\/2025\/02\/vinny_nogueira_.jpg\",\"contentUrl\":\"https:\/\/portalmf.com.br\/wp-content\/uploads\/2025\/02\/vinny_nogueira_.jpg\",\"width\":1024,\"height\":682},{\"@type\":\"BreadcrumbList\",\"@id\":\"https:\/\/portalmf.com.br\/index.php\/2025\/02\/25\/vinny-nogueira-estreia-no-carnaval-de-salvador-em-2025\/#breadcrumb\",\"itemListElement\":[{\"@type\":\"ListItem\",\"position\":1,\"name\":\"In\u00edcio\",\"item\":\"https:\/\/portalmf.com.br\/\"},{\"@type\":\"ListItem\",\"position\":2,\"name\":\"Vinny Nogueira estreia no Carnaval de Salvador em 2025\"}]},{\"@type\":\"WebSite\",\"@id\":\"https:\/\/portalmf.com.br\/#website\",\"url\":\"https:\/\/portalmf.com.br\/\",\"name\":\"Portal MF\",\"description\":\"Voc\u00ea conectado com a informa\u00e7\u00e3o\",\"potentialAction\":[{\"@type\":\"SearchAction\",\"target\":{\"@type\":\"EntryPoint\",\"urlTemplate\":\"https:\/\/portalmf.com.br\/?s={search_term_string}\"},\"query-input\":\"required name=search_term_string\"}],\"inLanguage\":\"pt-BR\"},{\"@type\":\"Person\",\"@id\":\"https:\/\/portalmf.com.br\/#\/schema\/person\/11c82086fe8abc05a19147e964587285\",\"name\":\"Reginaldo J\u00fanior\",\"image\":{\"@type\":\"ImageObject\",\"inLanguage\":\"pt-BR\",\"@id\":\"https:\/\/portalmf.com.br\/#\/schema\/person\/image\/\",\"url\":\"https:\/\/secure.gravatar.com\/avatar\/32a3c797cd0ac47cc53b8644c62776f9?s=96&d=mm&r=g\",\"contentUrl\":\"https:\/\/secure.gravatar.com\/avatar\/32a3c797cd0ac47cc53b8644c62776f9?s=96&d=mm&r=g\",\"caption\":\"Reginaldo J\u00fanior\"},\"description\":\"Jornalista e idealizador Portal MF\",\"sameAs\":[\"https:\/\/portalmf.com.br\/index.php\/author\/reginaldojr\/\",\"reginaldojrfsa\",\"reginaldojuniormf\",\"https:\/\/x.com\/reginaldojrmf\"],\"url\":\"https:\/\/portalmf.com.br\/index.php\/author\/reginaldojr\/\"}]}<\/script>\n<!-- \/ Yoast SEO plugin. -->","yoast_head_json":{"title":"Vinny Nogueira estreia no Carnaval de Salvador em 2025 - Portal MF","robots":{"index":"index","follow":"follow","max-snippet":"max-snippet:-1","max-image-preview":"max-image-preview:large","max-video-preview":"max-video-preview:-1"},"canonical":"https:\/\/portalmf.com.br\/index.php\/2025\/02\/25\/vinny-nogueira-estreia-no-carnaval-de-salvador-em-2025\/","og_locale":"pt_BR","og_type":"article","og_title":"Vinny Nogueira estreia no Carnaval de Salvador em 2025 - Portal MF","og_description":"Apontado como uma das revela\u00e7\u00f5es da m\u00fasica baiana, o cantor Vinny Nogueira far\u00e1 a sua estreia no Carnaval de Salvador em 2025, na agenda duas apresenta\u00e7\u00f5es para a pipoca na folia baiana e uma participa\u00e7\u00e3o especial, revelada pelo cantor em entrevista ao Portal MF. Natural da cidade de Tanquinho, Vinny come\u00e7ou na m\u00fasica na banda [&hellip;]","og_url":"https:\/\/portalmf.com.br\/index.php\/2025\/02\/25\/vinny-nogueira-estreia-no-carnaval-de-salvador-em-2025\/","og_site_name":"Portal MF","article_author":"reginaldojrfsa","article_published_time":"2025-02-25T21:05:49+00:00","article_modified_time":"2025-02-25T22:02:31+00:00","og_image":[{"width":1024,"height":682,"url":"https:\/\/portalmf.com.br\/wp-content\/uploads\/2025\/02\/vinny_nogueira_.jpg","type":"image\/jpeg"}],"author":"Reginaldo J\u00fanior","twitter_card":"summary_large_image","twitter_creator":"@reginaldojrmf","twitter_misc":{"Escrito por":"Reginaldo J\u00fanior","Est. tempo de leitura":"3 minutos"},"schema":{"@context":"https:\/\/schema.org","@graph":[{"@type":"WebPage","@id":"https:\/\/portalmf.com.br\/index.php\/2025\/02\/25\/vinny-nogueira-estreia-no-carnaval-de-salvador-em-2025\/","url":"https:\/\/portalmf.com.br\/index.php\/2025\/02\/25\/vinny-nogueira-estreia-no-carnaval-de-salvador-em-2025\/","name":"Vinny Nogueira estreia no Carnaval de Salvador em 2025 - Portal MF","isPartOf":{"@id":"https:\/\/portalmf.com.br\/#website"},"primaryImageOfPage":{"@id":"https:\/\/portalmf.com.br\/index.php\/2025\/02\/25\/vinny-nogueira-estreia-no-carnaval-de-salvador-em-2025\/#primaryimage"},"image":{"@id":"https:\/\/portalmf.com.br\/index.php\/2025\/02\/25\/vinny-nogueira-estreia-no-carnaval-de-salvador-em-2025\/#primaryimage"},"thumbnailUrl":"https:\/\/portalmf.com.br\/wp-content\/uploads\/2025\/02\/vinny_nogueira_.jpg","datePublished":"2025-02-25T21:05:49+00:00","dateModified":"2025-02-25T22:02:31+00:00","author":{"@id":"https:\/\/portalmf.com.br\/#\/schema\/person\/11c82086fe8abc05a19147e964587285"},"breadcrumb":{"@id":"https:\/\/portalmf.com.br\/index.php\/2025\/02\/25\/vinny-nogueira-estreia-no-carnaval-de-salvador-em-2025\/#breadcrumb"},"inLanguage":"pt-BR","potentialAction":[{"@type":"ReadAction","target":["https:\/\/portalmf.com.br\/index.php\/2025\/02\/25\/vinny-nogueira-estreia-no-carnaval-de-salvador-em-2025\/"]}]},{"@type":"ImageObject","inLanguage":"pt-BR","@id":"https:\/\/portalmf.com.br\/index.php\/2025\/02\/25\/vinny-nogueira-estreia-no-carnaval-de-salvador-em-2025\/#primaryimage","url":"https:\/\/portalmf.com.br\/wp-content\/uploads\/2025\/02\/vinny_nogueira_.jpg","contentUrl":"https:\/\/portalmf.com.br\/wp-content\/uploads\/2025\/02\/vinny_nogueira_.jpg","width":1024,"height":682},{"@type":"BreadcrumbList","@id":"https:\/\/portalmf.com.br\/index.php\/2025\/02\/25\/vinny-nogueira-estreia-no-carnaval-de-salvador-em-2025\/#breadcrumb","itemListElement":[{"@type":"ListItem","position":1,"name":"In\u00edcio","item":"https:\/\/portalmf.com.br\/"},{"@type":"ListItem","position":2,"name":"Vinny Nogueira estreia no Carnaval de Salvador em 2025"}]},{"@type":"WebSite","@id":"https:\/\/portalmf.com.br\/#website","url":"https:\/\/portalmf.com.br\/","name":"Portal MF","description":"Voc\u00ea conectado com a informa\u00e7\u00e3o","potentialAction":[{"@type":"SearchAction","target":{"@type":"EntryPoint","urlTemplate":"https:\/\/portalmf.com.br\/?s={search_term_string}"},"query-input":"required name=search_term_string"}],"inLanguage":"pt-BR"},{"@type":"Person","@id":"https:\/\/portalmf.com.br\/#\/schema\/person\/11c82086fe8abc05a19147e964587285","name":"Reginaldo J\u00fanior","image":{"@type":"ImageObject","inLanguage":"pt-BR","@id":"https:\/\/portalmf.com.br\/#\/schema\/person\/image\/","url":"https:\/\/secure.gravatar.com\/avatar\/32a3c797cd0ac47cc53b8644c62776f9?s=96&d=mm&r=g","contentUrl":"https:\/\/secure.gravatar.com\/avatar\/32a3c797cd0ac47cc53b8644c62776f9?s=96&d=mm&r=g","caption":"Reginaldo J\u00fanior"},"description":"Jornalista e idealizador Portal MF","sameAs":["https:\/\/portalmf.com.br\/index.php\/author\/reginaldojr\/","reginaldojrfsa","reginaldojuniormf","https:\/\/x.com\/reginaldojrmf"],"url":"https:\/\/portalmf.com.br\/index.php\/author\/reginaldojr\/"}]}},"_links":{"self":[{"href":"https:\/\/portalmf.com.br\/index.php\/wp-json\/wp\/v2\/posts\/34468"}],"collection":[{"href":"https:\/\/portalmf.com.br\/index.php\/wp-json\/wp\/v2\/posts"}],"about":[{"href":"https:\/\/portalmf.com.br\/index.php\/wp-json\/wp\/v2\/types\/post"}],"author":[{"embeddable":true,"href":"https:\/\/portalmf.com.br\/index.php\/wp-json\/wp\/v2\/users\/2"}],"replies":[{"embeddable":true,"href":"https:\/\/portalmf.com.br\/index.php\/wp-json\/wp\/v2\/comments?post=34468"}],"version-history":[{"count":3,"href":"https:\/\/portalmf.com.br\/index.php\/wp-json\/wp\/v2\/posts\/34468\/revisions"}],"predecessor-version":[{"id":34477,"href":"https:\/\/portalmf.com.br\/index.php\/wp-json\/wp\/v2\/posts\/34468\/revisions\/34477"}],"wp:featuredmedia":[{"embeddable":true,"href":"https:\/\/portalmf.com.br\/index.php\/wp-json\/wp\/v2\/media\/34469"}],"wp:attachment":[{"href":"https:\/\/portalmf.com.br\/index.php\/wp-json\/wp\/v2\/media?parent=34468"}],"wp:term":[{"taxonomy":"category","embeddable":true,"href":"https:\/\/portalmf.com.br\/index.php\/wp-json\/wp\/v2\/categories?post=34468"},{"taxonomy":"post_tag","embeddable":true,"href":"https:\/\/portalmf.com.br\/index.php\/wp-json\/wp\/v2\/tags?post=34468"}],"curies":[{"name":"wp","href":"https:\/\/api.w.org\/{rel}","templated":true}]}}