{"id":34465,"date":"2025-02-25T17:52:53","date_gmt":"2025-02-25T20:52:53","guid":{"rendered":"https:\/\/portalmf.com.br\/?p=34465"},"modified":"2025-02-25T17:52:54","modified_gmt":"2025-02-25T20:52:54","slug":"netto-brito-estreia-no-carnaval-de-salvador-neste-domingo-no-trio-do-arrocha","status":"publish","type":"post","link":"https:\/\/portalmf.com.br\/index.php\/2025\/02\/25\/netto-brito-estreia-no-carnaval-de-salvador-neste-domingo-no-trio-do-arrocha\/","title":{"rendered":"Netto Brito estreia no Carnaval de Salvador neste domingo, no Trio do Arrocha"},"content":{"rendered":"\n<p>O cantor Netto Brito estreia no Carnaval de Salvador, neste domingo (2 de mar\u00e7o), no tradicional Trio do Arrocha. Ao lado de grandes nomes, como Silvano Salles, Kart Love e Mikael Santos; Netto promete colocar o foli\u00e3o pipoca para arrocha<\/p>\n\n\n\n<p>r. Com a carreira em ascens\u00e3o e shows consolidados por todas as regi\u00f5es do pa\u00eds, a expectativa \u00e9 que sua presen\u00e7a no Trio do Arrocha seja um dos grandes destaques da folia de Momo neste domingo. Para a estreia, Netto Brito est\u00e1 para l\u00e1 de animado e promete fazer um show que vai ficar na mem\u00f3ria de todos.<\/p>\n\n\n\n<p><em>\u201cEstar no Carnaval de Salvador \u00e9 um grande sonho. Eu mal posso esperar para subir no Trio do Arrocha e ver o p\u00fablico cantando junto comigo. Vai ser um momento inesquec\u00edvel\u201d,<\/em> afirma o cantor.<\/p>\n\n\n\n<p>Nas ruas do circuito Osmar, no Campo Grande, o p\u00fablico vai acompanhar, al\u00e9m de sucessos do arrocha, as m\u00fasicas do novo audiovisual \u2018Ao Viv\u00e3o 2.0\u2019, rec\u00e9m lan\u00e7ado.<\/p>\n\n\n\n<figure class=\"wp-block-embed is-type-video is-provider-youtube wp-block-embed-youtube wp-embed-aspect-16-9 wp-has-aspect-ratio\"><div class=\"wp-block-embed__wrapper\">\n<iframe title=\"NETTO BRITO - Ao Viv\u00e3o 2.0 [COMPLETO] - OFICIAL\" width=\"696\" height=\"392\" src=\"https:\/\/www.youtube.com\/embed\/93FVXwe5Pm4?feature=oembed\" frameborder=\"0\" allow=\"accelerometer; autoplay; clipboard-write; encrypted-media; gyroscope; picture-in-picture; web-share\" referrerpolicy=\"strict-origin-when-cross-origin\" allowfullscreen><\/iframe>\n<\/div><\/figure>\n","protected":false},"excerpt":{"rendered":"<p>O cantor Netto Brito estreia no Carnaval de Salvador, neste domingo (2 de mar\u00e7o), no tradicional Trio do Arrocha. Ao lado de grandes nomes, como Silvano Salles, Kart Love e Mikael Santos; Netto promete colocar o foli\u00e3o pipoca para arrocha r. Com a carreira em ascens\u00e3o e shows consolidados por todas as regi\u00f5es do pa\u00eds, [&hellip;]<\/p>\n","protected":false},"author":3,"featured_media":34466,"comment_status":"open","ping_status":"open","sticky":false,"template":"","format":"standard","meta":{"_monsterinsights_skip_tracking":false,"_monsterinsights_sitenote_active":false,"_monsterinsights_sitenote_note":"","_monsterinsights_sitenote_category":0,"footnotes":""},"categories":[44,48],"tags":[],"yoast_head":"<!-- This site is optimized with the Yoast SEO plugin v22.9 - https:\/\/yoast.com\/wordpress\/plugins\/seo\/ -->\n<title>Netto Brito estreia no Carnaval de Salvador neste domingo, no Trio do Arrocha - Portal MF<\/title>\n<meta name=\"robots\" content=\"index, follow, max-snippet:-1, max-image-preview:large, max-video-preview:-1\" \/>\n<link rel=\"canonical\" href=\"https:\/\/portalmf.com.br\/index.php\/2025\/02\/25\/netto-brito-estreia-no-carnaval-de-salvador-neste-domingo-no-trio-do-arrocha\/\" \/>\n<meta property=\"og:locale\" content=\"pt_BR\" \/>\n<meta property=\"og:type\" content=\"article\" \/>\n<meta property=\"og:title\" content=\"Netto Brito estreia no Carnaval de Salvador neste domingo, no Trio do Arrocha - Portal MF\" \/>\n<meta property=\"og:description\" content=\"O cantor Netto Brito estreia no Carnaval de Salvador, neste domingo (2 de mar\u00e7o), no tradicional Trio do Arrocha. Ao lado de grandes nomes, como Silvano Salles, Kart Love e Mikael Santos; Netto promete colocar o foli\u00e3o pipoca para arrocha r. Com a carreira em ascens\u00e3o e shows consolidados por todas as regi\u00f5es do pa\u00eds, [&hellip;]\" \/>\n<meta property=\"og:url\" content=\"https:\/\/portalmf.com.br\/index.php\/2025\/02\/25\/netto-brito-estreia-no-carnaval-de-salvador-neste-domingo-no-trio-do-arrocha\/\" \/>\n<meta property=\"og:site_name\" content=\"Portal MF\" \/>\n<meta property=\"article:author\" content=\"https:\/\/www.facebook.com\/portalmfoficial\" \/>\n<meta property=\"article:published_time\" content=\"2025-02-25T20:52:53+00:00\" \/>\n<meta property=\"article:modified_time\" content=\"2025-02-25T20:52:54+00:00\" \/>\n<meta property=\"og:image\" content=\"https:\/\/portalmf.com.br\/wp-content\/uploads\/2025\/02\/Netto-Brito-lanca-novo-album-com-regravacoes-de-classicos-e-visual-retro-1.jpg\" \/>\n\t<meta property=\"og:image:width\" content=\"1500\" \/>\n\t<meta property=\"og:image:height\" content=\"999\" \/>\n\t<meta property=\"og:image:type\" content=\"image\/jpeg\" \/>\n<meta name=\"author\" content=\"Reda\u00e7\u00e3o Portal MF\" \/>\n<meta name=\"twitter:card\" content=\"summary_large_image\" \/>\n<meta name=\"twitter:creator\" content=\"@https:\/\/x.com\/portalmfoficial\" \/>\n<meta name=\"twitter:label1\" content=\"Escrito por\" \/>\n\t<meta name=\"twitter:data1\" content=\"Reda\u00e7\u00e3o Portal MF\" \/>\n\t<meta name=\"twitter:label2\" content=\"Est. tempo de leitura\" \/>\n\t<meta name=\"twitter:data2\" content=\"2 minutos\" \/>\n<script type=\"application\/ld+json\" class=\"yoast-schema-graph\">{\"@context\":\"https:\/\/schema.org\",\"@graph\":[{\"@type\":\"WebPage\",\"@id\":\"https:\/\/portalmf.com.br\/index.php\/2025\/02\/25\/netto-brito-estreia-no-carnaval-de-salvador-neste-domingo-no-trio-do-arrocha\/\",\"url\":\"https:\/\/portalmf.com.br\/index.php\/2025\/02\/25\/netto-brito-estreia-no-carnaval-de-salvador-neste-domingo-no-trio-do-arrocha\/\",\"name\":\"Netto Brito estreia no Carnaval de Salvador neste domingo, no Trio do Arrocha - Portal MF\",\"isPartOf\":{\"@id\":\"https:\/\/portalmf.com.br\/#website\"},\"primaryImageOfPage\":{\"@id\":\"https:\/\/portalmf.com.br\/index.php\/2025\/02\/25\/netto-brito-estreia-no-carnaval-de-salvador-neste-domingo-no-trio-do-arrocha\/#primaryimage\"},\"image\":{\"@id\":\"https:\/\/portalmf.com.br\/index.php\/2025\/02\/25\/netto-brito-estreia-no-carnaval-de-salvador-neste-domingo-no-trio-do-arrocha\/#primaryimage\"},\"thumbnailUrl\":\"https:\/\/portalmf.com.br\/wp-content\/uploads\/2025\/02\/Netto-Brito-lanca-novo-album-com-regravacoes-de-classicos-e-visual-retro-1.jpg\",\"datePublished\":\"2025-02-25T20:52:53+00:00\",\"dateModified\":\"2025-02-25T20:52:54+00:00\",\"author\":{\"@id\":\"https:\/\/portalmf.com.br\/#\/schema\/person\/9ec101baf56233e53520c26de5d6f6f0\"},\"breadcrumb\":{\"@id\":\"https:\/\/portalmf.com.br\/index.php\/2025\/02\/25\/netto-brito-estreia-no-carnaval-de-salvador-neste-domingo-no-trio-do-arrocha\/#breadcrumb\"},\"inLanguage\":\"pt-BR\",\"potentialAction\":[{\"@type\":\"ReadAction\",\"target\":[\"https:\/\/portalmf.com.br\/index.php\/2025\/02\/25\/netto-brito-estreia-no-carnaval-de-salvador-neste-domingo-no-trio-do-arrocha\/\"]}]},{\"@type\":\"ImageObject\",\"inLanguage\":\"pt-BR\",\"@id\":\"https:\/\/portalmf.com.br\/index.php\/2025\/02\/25\/netto-brito-estreia-no-carnaval-de-salvador-neste-domingo-no-trio-do-arrocha\/#primaryimage\",\"url\":\"https:\/\/portalmf.com.br\/wp-content\/uploads\/2025\/02\/Netto-Brito-lanca-novo-album-com-regravacoes-de-classicos-e-visual-retro-1.jpg\",\"contentUrl\":\"https:\/\/portalmf.com.br\/wp-content\/uploads\/2025\/02\/Netto-Brito-lanca-novo-album-com-regravacoes-de-classicos-e-visual-retro-1.jpg\",\"width\":1500,\"height\":999},{\"@type\":\"BreadcrumbList\",\"@id\":\"https:\/\/portalmf.com.br\/index.php\/2025\/02\/25\/netto-brito-estreia-no-carnaval-de-salvador-neste-domingo-no-trio-do-arrocha\/#breadcrumb\",\"itemListElement\":[{\"@type\":\"ListItem\",\"position\":1,\"name\":\"In\u00edcio\",\"item\":\"https:\/\/portalmf.com.br\/\"},{\"@type\":\"ListItem\",\"position\":2,\"name\":\"Netto Brito estreia no Carnaval de Salvador neste domingo, no Trio do Arrocha\"}]},{\"@type\":\"WebSite\",\"@id\":\"https:\/\/portalmf.com.br\/#website\",\"url\":\"https:\/\/portalmf.com.br\/\",\"name\":\"Portal MF\",\"description\":\"Voc\u00ea conectado com a informa\u00e7\u00e3o\",\"potentialAction\":[{\"@type\":\"SearchAction\",\"target\":{\"@type\":\"EntryPoint\",\"urlTemplate\":\"https:\/\/portalmf.com.br\/?s={search_term_string}\"},\"query-input\":\"required name=search_term_string\"}],\"inLanguage\":\"pt-BR\"},{\"@type\":\"Person\",\"@id\":\"https:\/\/portalmf.com.br\/#\/schema\/person\/9ec101baf56233e53520c26de5d6f6f0\",\"name\":\"Reda\u00e7\u00e3o Portal MF\",\"image\":{\"@type\":\"ImageObject\",\"inLanguage\":\"pt-BR\",\"@id\":\"https:\/\/portalmf.com.br\/#\/schema\/person\/image\/\",\"url\":\"https:\/\/secure.gravatar.com\/avatar\/41b9aaeb2100835f7c64362330f74c7f?s=96&d=mm&r=g\",\"contentUrl\":\"https:\/\/secure.gravatar.com\/avatar\/41b9aaeb2100835f7c64362330f74c7f?s=96&d=mm&r=g\",\"caption\":\"Reda\u00e7\u00e3o Portal MF\"},\"description\":\"Sejam bem-vindos o portal de informa\u00e7\u00f5es de entretenimento de Feira de Santana, desde 2006 realiza coberturas dos principais eventos com entrevistas exclusivas com as principais personalidades mundiais. Fique conectado tamb\u00e9m nas redes sociais.\",\"sameAs\":[\"http:\/\/www.portalmf.com.br\/\",\"https:\/\/www.facebook.com\/portalmfoficial\",\"https:\/\/www.instagram.com\/portalmf\/\",\"https:\/\/x.com\/https:\/\/x.com\/portalmfoficial\",\"https:\/\/www.youtube.com\/@portalmfoficial\"],\"url\":\"https:\/\/portalmf.com.br\/index.php\/author\/junior\/\"}]}<\/script>\n<!-- \/ Yoast SEO plugin. -->","yoast_head_json":{"title":"Netto Brito estreia no Carnaval de Salvador neste domingo, no Trio do Arrocha - Portal MF","robots":{"index":"index","follow":"follow","max-snippet":"max-snippet:-1","max-image-preview":"max-image-preview:large","max-video-preview":"max-video-preview:-1"},"canonical":"https:\/\/portalmf.com.br\/index.php\/2025\/02\/25\/netto-brito-estreia-no-carnaval-de-salvador-neste-domingo-no-trio-do-arrocha\/","og_locale":"pt_BR","og_type":"article","og_title":"Netto Brito estreia no Carnaval de Salvador neste domingo, no Trio do Arrocha - Portal MF","og_description":"O cantor Netto Brito estreia no Carnaval de Salvador, neste domingo (2 de mar\u00e7o), no tradicional Trio do Arrocha. Ao lado de grandes nomes, como Silvano Salles, Kart Love e Mikael Santos; Netto promete colocar o foli\u00e3o pipoca para arrocha r. Com a carreira em ascens\u00e3o e shows consolidados por todas as regi\u00f5es do pa\u00eds, [&hellip;]","og_url":"https:\/\/portalmf.com.br\/index.php\/2025\/02\/25\/netto-brito-estreia-no-carnaval-de-salvador-neste-domingo-no-trio-do-arrocha\/","og_site_name":"Portal MF","article_author":"https:\/\/www.facebook.com\/portalmfoficial","article_published_time":"2025-02-25T20:52:53+00:00","article_modified_time":"2025-02-25T20:52:54+00:00","og_image":[{"width":1500,"height":999,"url":"https:\/\/portalmf.com.br\/wp-content\/uploads\/2025\/02\/Netto-Brito-lanca-novo-album-com-regravacoes-de-classicos-e-visual-retro-1.jpg","type":"image\/jpeg"}],"author":"Reda\u00e7\u00e3o Portal MF","twitter_card":"summary_large_image","twitter_creator":"@https:\/\/x.com\/portalmfoficial","twitter_misc":{"Escrito por":"Reda\u00e7\u00e3o Portal MF","Est. tempo de leitura":"2 minutos"},"schema":{"@context":"https:\/\/schema.org","@graph":[{"@type":"WebPage","@id":"https:\/\/portalmf.com.br\/index.php\/2025\/02\/25\/netto-brito-estreia-no-carnaval-de-salvador-neste-domingo-no-trio-do-arrocha\/","url":"https:\/\/portalmf.com.br\/index.php\/2025\/02\/25\/netto-brito-estreia-no-carnaval-de-salvador-neste-domingo-no-trio-do-arrocha\/","name":"Netto Brito estreia no Carnaval de Salvador neste domingo, no Trio do Arrocha - Portal MF","isPartOf":{"@id":"https:\/\/portalmf.com.br\/#website"},"primaryImageOfPage":{"@id":"https:\/\/portalmf.com.br\/index.php\/2025\/02\/25\/netto-brito-estreia-no-carnaval-de-salvador-neste-domingo-no-trio-do-arrocha\/#primaryimage"},"image":{"@id":"https:\/\/portalmf.com.br\/index.php\/2025\/02\/25\/netto-brito-estreia-no-carnaval-de-salvador-neste-domingo-no-trio-do-arrocha\/#primaryimage"},"thumbnailUrl":"https:\/\/portalmf.com.br\/wp-content\/uploads\/2025\/02\/Netto-Brito-lanca-novo-album-com-regravacoes-de-classicos-e-visual-retro-1.jpg","datePublished":"2025-02-25T20:52:53+00:00","dateModified":"2025-02-25T20:52:54+00:00","author":{"@id":"https:\/\/portalmf.com.br\/#\/schema\/person\/9ec101baf56233e53520c26de5d6f6f0"},"breadcrumb":{"@id":"https:\/\/portalmf.com.br\/index.php\/2025\/02\/25\/netto-brito-estreia-no-carnaval-de-salvador-neste-domingo-no-trio-do-arrocha\/#breadcrumb"},"inLanguage":"pt-BR","potentialAction":[{"@type":"ReadAction","target":["https:\/\/portalmf.com.br\/index.php\/2025\/02\/25\/netto-brito-estreia-no-carnaval-de-salvador-neste-domingo-no-trio-do-arrocha\/"]}]},{"@type":"ImageObject","inLanguage":"pt-BR","@id":"https:\/\/portalmf.com.br\/index.php\/2025\/02\/25\/netto-brito-estreia-no-carnaval-de-salvador-neste-domingo-no-trio-do-arrocha\/#primaryimage","url":"https:\/\/portalmf.com.br\/wp-content\/uploads\/2025\/02\/Netto-Brito-lanca-novo-album-com-regravacoes-de-classicos-e-visual-retro-1.jpg","contentUrl":"https:\/\/portalmf.com.br\/wp-content\/uploads\/2025\/02\/Netto-Brito-lanca-novo-album-com-regravacoes-de-classicos-e-visual-retro-1.jpg","width":1500,"height":999},{"@type":"BreadcrumbList","@id":"https:\/\/portalmf.com.br\/index.php\/2025\/02\/25\/netto-brito-estreia-no-carnaval-de-salvador-neste-domingo-no-trio-do-arrocha\/#breadcrumb","itemListElement":[{"@type":"ListItem","position":1,"name":"In\u00edcio","item":"https:\/\/portalmf.com.br\/"},{"@type":"ListItem","position":2,"name":"Netto Brito estreia no Carnaval de Salvador neste domingo, no Trio do Arrocha"}]},{"@type":"WebSite","@id":"https:\/\/portalmf.com.br\/#website","url":"https:\/\/portalmf.com.br\/","name":"Portal MF","description":"Voc\u00ea conectado com a informa\u00e7\u00e3o","potentialAction":[{"@type":"SearchAction","target":{"@type":"EntryPoint","urlTemplate":"https:\/\/portalmf.com.br\/?s={search_term_string}"},"query-input":"required name=search_term_string"}],"inLanguage":"pt-BR"},{"@type":"Person","@id":"https:\/\/portalmf.com.br\/#\/schema\/person\/9ec101baf56233e53520c26de5d6f6f0","name":"Reda\u00e7\u00e3o Portal MF","image":{"@type":"ImageObject","inLanguage":"pt-BR","@id":"https:\/\/portalmf.com.br\/#\/schema\/person\/image\/","url":"https:\/\/secure.gravatar.com\/avatar\/41b9aaeb2100835f7c64362330f74c7f?s=96&d=mm&r=g","contentUrl":"https:\/\/secure.gravatar.com\/avatar\/41b9aaeb2100835f7c64362330f74c7f?s=96&d=mm&r=g","caption":"Reda\u00e7\u00e3o Portal MF"},"description":"Sejam bem-vindos o portal de informa\u00e7\u00f5es de entretenimento de Feira de Santana, desde 2006 realiza coberturas dos principais eventos com entrevistas exclusivas com as principais personalidades mundiais. Fique conectado tamb\u00e9m nas redes sociais.","sameAs":["http:\/\/www.portalmf.com.br\/","https:\/\/www.facebook.com\/portalmfoficial","https:\/\/www.instagram.com\/portalmf\/","https:\/\/x.com\/https:\/\/x.com\/portalmfoficial","https:\/\/www.youtube.com\/@portalmfoficial"],"url":"https:\/\/portalmf.com.br\/index.php\/author\/junior\/"}]}},"_links":{"self":[{"href":"https:\/\/portalmf.com.br\/index.php\/wp-json\/wp\/v2\/posts\/34465"}],"collection":[{"href":"https:\/\/portalmf.com.br\/index.php\/wp-json\/wp\/v2\/posts"}],"about":[{"href":"https:\/\/portalmf.com.br\/index.php\/wp-json\/wp\/v2\/types\/post"}],"author":[{"embeddable":true,"href":"https:\/\/portalmf.com.br\/index.php\/wp-json\/wp\/v2\/users\/3"}],"replies":[{"embeddable":true,"href":"https:\/\/portalmf.com.br\/index.php\/wp-json\/wp\/v2\/comments?post=34465"}],"version-history":[{"count":1,"href":"https:\/\/portalmf.com.br\/index.php\/wp-json\/wp\/v2\/posts\/34465\/revisions"}],"predecessor-version":[{"id":34467,"href":"https:\/\/portalmf.com.br\/index.php\/wp-json\/wp\/v2\/posts\/34465\/revisions\/34467"}],"wp:featuredmedia":[{"embeddable":true,"href":"https:\/\/portalmf.com.br\/index.php\/wp-json\/wp\/v2\/media\/34466"}],"wp:attachment":[{"href":"https:\/\/portalmf.com.br\/index.php\/wp-json\/wp\/v2\/media?parent=34465"}],"wp:term":[{"taxonomy":"category","embeddable":true,"href":"https:\/\/portalmf.com.br\/index.php\/wp-json\/wp\/v2\/categories?post=34465"},{"taxonomy":"post_tag","embeddable":true,"href":"https:\/\/portalmf.com.br\/index.php\/wp-json\/wp\/v2\/tags?post=34465"}],"curies":[{"name":"wp","href":"https:\/\/api.w.org\/{rel}","templated":true}]}}