{"id":34460,"date":"2025-02-25T17:46:51","date_gmt":"2025-02-25T20:46:51","guid":{"rendered":"https:\/\/portalmf.com.br\/?p=34460"},"modified":"2025-02-25T17:46:53","modified_gmt":"2025-02-25T20:46:53","slug":"leo-santana-aposta-em-looks-contemporaneos-para-o-carnaval-2025","status":"publish","type":"post","link":"https:\/\/portalmf.com.br\/index.php\/2025\/02\/25\/leo-santana-aposta-em-looks-contemporaneos-para-o-carnaval-2025\/","title":{"rendered":"Leo Santana aposta em looks contempor\u00e2neos para o Carnaval 2025"},"content":{"rendered":"\n<p>L\u00e9o Santana, uma das grandes refer\u00eancias na atualidade quando se trata de moda e style, est\u00e1 sempre antenado na moda pop mundial e n\u00e3o poderia deixar de valorizar e exaltar esse tema na maior festa do planeta, o Carnaval de Salvador, onde o cantor levar\u00e1 para as ruas em seus desfiles o tema \u201cTHIS IS POP\u201d. Que come\u00e7a a partir de quinta-feira no arrast\u00e3o do Gigante no circuito Barra\/Ondina.<\/p>\n\n\n\n<p>A Moda \u00e9 e sempre ser\u00e1, uma relevante vertente do universo pop, uma fonte inesgot\u00e1vel de inspira\u00e7\u00e3o e influ\u00eancia no cotidiano das pessoas.<\/p>\n\n\n\n<p>Para trazer a linguagem da Moda para a avenida, o GG da Bahia e o stylist William Costa convidaram fashionistas renomados para assinarem os looks, que foram criados a partir da ess\u00eancia de cada subtema e concebidos em conjunto com o diretor art\u00edstico do projeto, Fred Soares.<\/p>\n\n\n\n<p>O estilista Dario Mittmann, que j\u00e1 veste celebridades da m\u00fasica pop nacional e internacional como Shakira, assina os looks GAMES e K-POP: No primeiro ele apresenta uma cria\u00e7\u00e3o ao estilo cyberpunk, bem irreverente em uma est\u00e9tica de artesanato urbano. Para atmosfera dos fen\u00f4menos grupos Coreanos, o design apostou em uma linguagem sint\u00e9tica e vibrante, atrav\u00e9s de pe\u00e7as que podem formar diversas composi\u00e7\u00f5es ao longo do desfile.<\/p>\n\n\n\n<p>Jubba Sam, premiado como Homem do Ano na Moda de 2023, assina CINEMA, trazendo um contraste da alta costura com tecidos tecnol\u00f3gicos e texturas rusticas, tendo como fio condutor o filme Indiana Jones, um dos mais emblem\u00e1ticos filmes do historia. J\u00e1 Hisan Silva e Pedro Batalha da aclamada marca baiana Dendezeiro ficaram respons\u00e1veis pelo QUADRINHOS, apostando em uma vers\u00e3o estilizada do Spiderman, em um figurino que mistura streetwear, alfaiataria e couro customizado.<\/p>\n\n\n\n<p>Para o subtema M\u00daSICA, a aposta \u00e9 uma sutil homenagem a um dos principais \u00edcones do mundo, Michael Jackson e sua influ\u00eancia na moda com extravag\u00e2ncias vanguardistas, em um look de alta costura adornados com cristais bordados artesanalmente.<\/p>\n\n\n\n<figure class=\"wp-block-image size-large\"><img fetchpriority=\"high\" decoding=\"async\" width=\"819\" height=\"1024\" src=\"https:\/\/portalmf.com.br\/wp-content\/uploads\/2025\/02\/TEMA-THIS-IS-POP-819x1024.jpeg\" alt=\"\" class=\"wp-image-34461\" srcset=\"https:\/\/portalmf.com.br\/wp-content\/uploads\/2025\/02\/TEMA-THIS-IS-POP-819x1024.jpeg 819w, https:\/\/portalmf.com.br\/wp-content\/uploads\/2025\/02\/TEMA-THIS-IS-POP-240x300.jpeg 240w, https:\/\/portalmf.com.br\/wp-content\/uploads\/2025\/02\/TEMA-THIS-IS-POP-768x960.jpeg 768w, https:\/\/portalmf.com.br\/wp-content\/uploads\/2025\/02\/TEMA-THIS-IS-POP-1229x1536.jpeg 1229w, https:\/\/portalmf.com.br\/wp-content\/uploads\/2025\/02\/TEMA-THIS-IS-POP-696x870.jpeg 696w, https:\/\/portalmf.com.br\/wp-content\/uploads\/2025\/02\/TEMA-THIS-IS-POP-1068x1335.jpeg 1068w, https:\/\/portalmf.com.br\/wp-content\/uploads\/2025\/02\/TEMA-THIS-IS-POP.jpeg 1280w\" sizes=\"(max-width: 819px) 100vw, 819px\" \/><\/figure>\n\n\n\n<p><em>\u201cA moda \u00e9 outro componente importante da cultura pop, que influenciam gera\u00e7\u00f5es e ditando conceitos. E eu como artista que me identifico com as tend\u00eancias e inspiro o p\u00fablico a experimentar novos estilos e looks, queria trazer essa atmosfera fashion e contempor\u00e2nea para o tema, imprimindo minha ess\u00eancia para o estilo de vestir em cada dia de desfile\u201d,<\/em>&nbsp; pontua Leo Santana.<\/p>\n\n\n\n<p>Nesta ter\u00e7a, 25, L\u00e9o Santana se apresenta pelo 5\u00b0 ano no PIPOCO a partir das 18h, no circuito Orlando Tapaj\u00f3s (Saindo da Ondina, no Morro do Gato em dire\u00e7\u00e3o ao Farol da Barra) e promete sacudir a avenida arrastando milhares de pessoas com um repert\u00f3rio preparado especialmente para a ocasi\u00e3o.<\/p>\n","protected":false},"excerpt":{"rendered":"<p>L\u00e9o Santana, uma das grandes refer\u00eancias na atualidade quando se trata de moda e style, est\u00e1 sempre antenado na moda pop mundial e n\u00e3o poderia deixar de valorizar e exaltar esse tema na maior festa do planeta, o Carnaval de Salvador, onde o cantor levar\u00e1 para as ruas em seus desfiles o tema \u201cTHIS IS [&hellip;]<\/p>\n","protected":false},"author":3,"featured_media":33861,"comment_status":"open","ping_status":"open","sticky":false,"template":"","format":"standard","meta":{"_monsterinsights_skip_tracking":false,"_monsterinsights_sitenote_active":false,"_monsterinsights_sitenote_note":"","_monsterinsights_sitenote_category":0,"footnotes":""},"categories":[44,47],"tags":[],"yoast_head":"<!-- This site is optimized with the Yoast SEO plugin v22.9 - https:\/\/yoast.com\/wordpress\/plugins\/seo\/ -->\n<title>Leo Santana aposta em looks contempor\u00e2neos para o Carnaval 2025 - Portal MF<\/title>\n<meta name=\"robots\" content=\"index, follow, max-snippet:-1, max-image-preview:large, max-video-preview:-1\" \/>\n<link rel=\"canonical\" href=\"https:\/\/portalmf.com.br\/index.php\/2025\/02\/25\/leo-santana-aposta-em-looks-contemporaneos-para-o-carnaval-2025\/\" \/>\n<meta property=\"og:locale\" content=\"pt_BR\" \/>\n<meta property=\"og:type\" content=\"article\" \/>\n<meta property=\"og:title\" content=\"Leo Santana aposta em looks contempor\u00e2neos para o Carnaval 2025 - Portal MF\" \/>\n<meta property=\"og:description\" content=\"L\u00e9o Santana, uma das grandes refer\u00eancias na atualidade quando se trata de moda e style, est\u00e1 sempre antenado na moda pop mundial e n\u00e3o poderia deixar de valorizar e exaltar esse tema na maior festa do planeta, o Carnaval de Salvador, onde o cantor levar\u00e1 para as ruas em seus desfiles o tema \u201cTHIS IS [&hellip;]\" \/>\n<meta property=\"og:url\" content=\"https:\/\/portalmf.com.br\/index.php\/2025\/02\/25\/leo-santana-aposta-em-looks-contemporaneos-para-o-carnaval-2025\/\" \/>\n<meta property=\"og:site_name\" content=\"Portal MF\" \/>\n<meta property=\"article:author\" content=\"https:\/\/www.facebook.com\/portalmfoficial\" \/>\n<meta property=\"article:published_time\" content=\"2025-02-25T20:46:51+00:00\" \/>\n<meta property=\"article:modified_time\" content=\"2025-02-25T20:46:53+00:00\" \/>\n<meta property=\"og:image\" content=\"https:\/\/portalmf.com.br\/wp-content\/uploads\/2025\/02\/Leo-Santana-1_1.jpg\" \/>\n\t<meta property=\"og:image:width\" content=\"1072\" \/>\n\t<meta property=\"og:image:height\" content=\"839\" \/>\n\t<meta property=\"og:image:type\" content=\"image\/jpeg\" \/>\n<meta name=\"author\" content=\"Reda\u00e7\u00e3o Portal MF\" \/>\n<meta name=\"twitter:card\" content=\"summary_large_image\" \/>\n<meta name=\"twitter:creator\" content=\"@https:\/\/x.com\/portalmfoficial\" \/>\n<meta name=\"twitter:label1\" content=\"Escrito por\" \/>\n\t<meta name=\"twitter:data1\" content=\"Reda\u00e7\u00e3o Portal MF\" \/>\n\t<meta name=\"twitter:label2\" content=\"Est. tempo de leitura\" \/>\n\t<meta name=\"twitter:data2\" content=\"3 minutos\" \/>\n<script type=\"application\/ld+json\" class=\"yoast-schema-graph\">{\"@context\":\"https:\/\/schema.org\",\"@graph\":[{\"@type\":\"WebPage\",\"@id\":\"https:\/\/portalmf.com.br\/index.php\/2025\/02\/25\/leo-santana-aposta-em-looks-contemporaneos-para-o-carnaval-2025\/\",\"url\":\"https:\/\/portalmf.com.br\/index.php\/2025\/02\/25\/leo-santana-aposta-em-looks-contemporaneos-para-o-carnaval-2025\/\",\"name\":\"Leo Santana aposta em looks contempor\u00e2neos para o Carnaval 2025 - Portal MF\",\"isPartOf\":{\"@id\":\"https:\/\/portalmf.com.br\/#website\"},\"primaryImageOfPage\":{\"@id\":\"https:\/\/portalmf.com.br\/index.php\/2025\/02\/25\/leo-santana-aposta-em-looks-contemporaneos-para-o-carnaval-2025\/#primaryimage\"},\"image\":{\"@id\":\"https:\/\/portalmf.com.br\/index.php\/2025\/02\/25\/leo-santana-aposta-em-looks-contemporaneos-para-o-carnaval-2025\/#primaryimage\"},\"thumbnailUrl\":\"https:\/\/portalmf.com.br\/wp-content\/uploads\/2025\/02\/Leo-Santana-1_1.jpg\",\"datePublished\":\"2025-02-25T20:46:51+00:00\",\"dateModified\":\"2025-02-25T20:46:53+00:00\",\"author\":{\"@id\":\"https:\/\/portalmf.com.br\/#\/schema\/person\/9ec101baf56233e53520c26de5d6f6f0\"},\"breadcrumb\":{\"@id\":\"https:\/\/portalmf.com.br\/index.php\/2025\/02\/25\/leo-santana-aposta-em-looks-contemporaneos-para-o-carnaval-2025\/#breadcrumb\"},\"inLanguage\":\"pt-BR\",\"potentialAction\":[{\"@type\":\"ReadAction\",\"target\":[\"https:\/\/portalmf.com.br\/index.php\/2025\/02\/25\/leo-santana-aposta-em-looks-contemporaneos-para-o-carnaval-2025\/\"]}]},{\"@type\":\"ImageObject\",\"inLanguage\":\"pt-BR\",\"@id\":\"https:\/\/portalmf.com.br\/index.php\/2025\/02\/25\/leo-santana-aposta-em-looks-contemporaneos-para-o-carnaval-2025\/#primaryimage\",\"url\":\"https:\/\/portalmf.com.br\/wp-content\/uploads\/2025\/02\/Leo-Santana-1_1.jpg\",\"contentUrl\":\"https:\/\/portalmf.com.br\/wp-content\/uploads\/2025\/02\/Leo-Santana-1_1.jpg\",\"width\":1072,\"height\":839},{\"@type\":\"BreadcrumbList\",\"@id\":\"https:\/\/portalmf.com.br\/index.php\/2025\/02\/25\/leo-santana-aposta-em-looks-contemporaneos-para-o-carnaval-2025\/#breadcrumb\",\"itemListElement\":[{\"@type\":\"ListItem\",\"position\":1,\"name\":\"In\u00edcio\",\"item\":\"https:\/\/portalmf.com.br\/\"},{\"@type\":\"ListItem\",\"position\":2,\"name\":\"Leo Santana aposta em looks contempor\u00e2neos para o Carnaval 2025\"}]},{\"@type\":\"WebSite\",\"@id\":\"https:\/\/portalmf.com.br\/#website\",\"url\":\"https:\/\/portalmf.com.br\/\",\"name\":\"Portal MF\",\"description\":\"Voc\u00ea conectado com a informa\u00e7\u00e3o\",\"potentialAction\":[{\"@type\":\"SearchAction\",\"target\":{\"@type\":\"EntryPoint\",\"urlTemplate\":\"https:\/\/portalmf.com.br\/?s={search_term_string}\"},\"query-input\":\"required name=search_term_string\"}],\"inLanguage\":\"pt-BR\"},{\"@type\":\"Person\",\"@id\":\"https:\/\/portalmf.com.br\/#\/schema\/person\/9ec101baf56233e53520c26de5d6f6f0\",\"name\":\"Reda\u00e7\u00e3o Portal MF\",\"image\":{\"@type\":\"ImageObject\",\"inLanguage\":\"pt-BR\",\"@id\":\"https:\/\/portalmf.com.br\/#\/schema\/person\/image\/\",\"url\":\"https:\/\/secure.gravatar.com\/avatar\/41b9aaeb2100835f7c64362330f74c7f?s=96&d=mm&r=g\",\"contentUrl\":\"https:\/\/secure.gravatar.com\/avatar\/41b9aaeb2100835f7c64362330f74c7f?s=96&d=mm&r=g\",\"caption\":\"Reda\u00e7\u00e3o Portal MF\"},\"description\":\"Sejam bem-vindos o portal de informa\u00e7\u00f5es de entretenimento de Feira de Santana, desde 2006 realiza coberturas dos principais eventos com entrevistas exclusivas com as principais personalidades mundiais. Fique conectado tamb\u00e9m nas redes sociais.\",\"sameAs\":[\"http:\/\/www.portalmf.com.br\/\",\"https:\/\/www.facebook.com\/portalmfoficial\",\"https:\/\/www.instagram.com\/portalmf\/\",\"https:\/\/x.com\/https:\/\/x.com\/portalmfoficial\",\"https:\/\/www.youtube.com\/@portalmfoficial\"],\"url\":\"https:\/\/portalmf.com.br\/index.php\/author\/junior\/\"}]}<\/script>\n<!-- \/ Yoast SEO plugin. -->","yoast_head_json":{"title":"Leo Santana aposta em looks contempor\u00e2neos para o Carnaval 2025 - Portal MF","robots":{"index":"index","follow":"follow","max-snippet":"max-snippet:-1","max-image-preview":"max-image-preview:large","max-video-preview":"max-video-preview:-1"},"canonical":"https:\/\/portalmf.com.br\/index.php\/2025\/02\/25\/leo-santana-aposta-em-looks-contemporaneos-para-o-carnaval-2025\/","og_locale":"pt_BR","og_type":"article","og_title":"Leo Santana aposta em looks contempor\u00e2neos para o Carnaval 2025 - Portal MF","og_description":"L\u00e9o Santana, uma das grandes refer\u00eancias na atualidade quando se trata de moda e style, est\u00e1 sempre antenado na moda pop mundial e n\u00e3o poderia deixar de valorizar e exaltar esse tema na maior festa do planeta, o Carnaval de Salvador, onde o cantor levar\u00e1 para as ruas em seus desfiles o tema \u201cTHIS IS [&hellip;]","og_url":"https:\/\/portalmf.com.br\/index.php\/2025\/02\/25\/leo-santana-aposta-em-looks-contemporaneos-para-o-carnaval-2025\/","og_site_name":"Portal MF","article_author":"https:\/\/www.facebook.com\/portalmfoficial","article_published_time":"2025-02-25T20:46:51+00:00","article_modified_time":"2025-02-25T20:46:53+00:00","og_image":[{"width":1072,"height":839,"url":"https:\/\/portalmf.com.br\/wp-content\/uploads\/2025\/02\/Leo-Santana-1_1.jpg","type":"image\/jpeg"}],"author":"Reda\u00e7\u00e3o Portal MF","twitter_card":"summary_large_image","twitter_creator":"@https:\/\/x.com\/portalmfoficial","twitter_misc":{"Escrito por":"Reda\u00e7\u00e3o Portal MF","Est. tempo de leitura":"3 minutos"},"schema":{"@context":"https:\/\/schema.org","@graph":[{"@type":"WebPage","@id":"https:\/\/portalmf.com.br\/index.php\/2025\/02\/25\/leo-santana-aposta-em-looks-contemporaneos-para-o-carnaval-2025\/","url":"https:\/\/portalmf.com.br\/index.php\/2025\/02\/25\/leo-santana-aposta-em-looks-contemporaneos-para-o-carnaval-2025\/","name":"Leo Santana aposta em looks contempor\u00e2neos para o Carnaval 2025 - Portal MF","isPartOf":{"@id":"https:\/\/portalmf.com.br\/#website"},"primaryImageOfPage":{"@id":"https:\/\/portalmf.com.br\/index.php\/2025\/02\/25\/leo-santana-aposta-em-looks-contemporaneos-para-o-carnaval-2025\/#primaryimage"},"image":{"@id":"https:\/\/portalmf.com.br\/index.php\/2025\/02\/25\/leo-santana-aposta-em-looks-contemporaneos-para-o-carnaval-2025\/#primaryimage"},"thumbnailUrl":"https:\/\/portalmf.com.br\/wp-content\/uploads\/2025\/02\/Leo-Santana-1_1.jpg","datePublished":"2025-02-25T20:46:51+00:00","dateModified":"2025-02-25T20:46:53+00:00","author":{"@id":"https:\/\/portalmf.com.br\/#\/schema\/person\/9ec101baf56233e53520c26de5d6f6f0"},"breadcrumb":{"@id":"https:\/\/portalmf.com.br\/index.php\/2025\/02\/25\/leo-santana-aposta-em-looks-contemporaneos-para-o-carnaval-2025\/#breadcrumb"},"inLanguage":"pt-BR","potentialAction":[{"@type":"ReadAction","target":["https:\/\/portalmf.com.br\/index.php\/2025\/02\/25\/leo-santana-aposta-em-looks-contemporaneos-para-o-carnaval-2025\/"]}]},{"@type":"ImageObject","inLanguage":"pt-BR","@id":"https:\/\/portalmf.com.br\/index.php\/2025\/02\/25\/leo-santana-aposta-em-looks-contemporaneos-para-o-carnaval-2025\/#primaryimage","url":"https:\/\/portalmf.com.br\/wp-content\/uploads\/2025\/02\/Leo-Santana-1_1.jpg","contentUrl":"https:\/\/portalmf.com.br\/wp-content\/uploads\/2025\/02\/Leo-Santana-1_1.jpg","width":1072,"height":839},{"@type":"BreadcrumbList","@id":"https:\/\/portalmf.com.br\/index.php\/2025\/02\/25\/leo-santana-aposta-em-looks-contemporaneos-para-o-carnaval-2025\/#breadcrumb","itemListElement":[{"@type":"ListItem","position":1,"name":"In\u00edcio","item":"https:\/\/portalmf.com.br\/"},{"@type":"ListItem","position":2,"name":"Leo Santana aposta em looks contempor\u00e2neos para o Carnaval 2025"}]},{"@type":"WebSite","@id":"https:\/\/portalmf.com.br\/#website","url":"https:\/\/portalmf.com.br\/","name":"Portal MF","description":"Voc\u00ea conectado com a informa\u00e7\u00e3o","potentialAction":[{"@type":"SearchAction","target":{"@type":"EntryPoint","urlTemplate":"https:\/\/portalmf.com.br\/?s={search_term_string}"},"query-input":"required name=search_term_string"}],"inLanguage":"pt-BR"},{"@type":"Person","@id":"https:\/\/portalmf.com.br\/#\/schema\/person\/9ec101baf56233e53520c26de5d6f6f0","name":"Reda\u00e7\u00e3o Portal MF","image":{"@type":"ImageObject","inLanguage":"pt-BR","@id":"https:\/\/portalmf.com.br\/#\/schema\/person\/image\/","url":"https:\/\/secure.gravatar.com\/avatar\/41b9aaeb2100835f7c64362330f74c7f?s=96&d=mm&r=g","contentUrl":"https:\/\/secure.gravatar.com\/avatar\/41b9aaeb2100835f7c64362330f74c7f?s=96&d=mm&r=g","caption":"Reda\u00e7\u00e3o Portal MF"},"description":"Sejam bem-vindos o portal de informa\u00e7\u00f5es de entretenimento de Feira de Santana, desde 2006 realiza coberturas dos principais eventos com entrevistas exclusivas com as principais personalidades mundiais. Fique conectado tamb\u00e9m nas redes sociais.","sameAs":["http:\/\/www.portalmf.com.br\/","https:\/\/www.facebook.com\/portalmfoficial","https:\/\/www.instagram.com\/portalmf\/","https:\/\/x.com\/https:\/\/x.com\/portalmfoficial","https:\/\/www.youtube.com\/@portalmfoficial"],"url":"https:\/\/portalmf.com.br\/index.php\/author\/junior\/"}]}},"_links":{"self":[{"href":"https:\/\/portalmf.com.br\/index.php\/wp-json\/wp\/v2\/posts\/34460"}],"collection":[{"href":"https:\/\/portalmf.com.br\/index.php\/wp-json\/wp\/v2\/posts"}],"about":[{"href":"https:\/\/portalmf.com.br\/index.php\/wp-json\/wp\/v2\/types\/post"}],"author":[{"embeddable":true,"href":"https:\/\/portalmf.com.br\/index.php\/wp-json\/wp\/v2\/users\/3"}],"replies":[{"embeddable":true,"href":"https:\/\/portalmf.com.br\/index.php\/wp-json\/wp\/v2\/comments?post=34460"}],"version-history":[{"count":1,"href":"https:\/\/portalmf.com.br\/index.php\/wp-json\/wp\/v2\/posts\/34460\/revisions"}],"predecessor-version":[{"id":34462,"href":"https:\/\/portalmf.com.br\/index.php\/wp-json\/wp\/v2\/posts\/34460\/revisions\/34462"}],"wp:featuredmedia":[{"embeddable":true,"href":"https:\/\/portalmf.com.br\/index.php\/wp-json\/wp\/v2\/media\/33861"}],"wp:attachment":[{"href":"https:\/\/portalmf.com.br\/index.php\/wp-json\/wp\/v2\/media?parent=34460"}],"wp:term":[{"taxonomy":"category","embeddable":true,"href":"https:\/\/portalmf.com.br\/index.php\/wp-json\/wp\/v2\/categories?post=34460"},{"taxonomy":"post_tag","embeddable":true,"href":"https:\/\/portalmf.com.br\/index.php\/wp-json\/wp\/v2\/tags?post=34460"}],"curies":[{"name":"wp","href":"https:\/\/api.w.org\/{rel}","templated":true}]}}