{"id":34450,"date":"2025-02-25T17:35:27","date_gmt":"2025-02-25T20:35:27","guid":{"rendered":"https:\/\/portalmf.com.br\/?p=34450"},"modified":"2025-02-25T17:35:28","modified_gmt":"2025-02-25T20:35:28","slug":"ile-aiye-homenageia-povo-queniano-em-celebracao-pelo-seu-carnaval-cinquentenario-em-2025","status":"publish","type":"post","link":"https:\/\/portalmf.com.br\/index.php\/2025\/02\/25\/ile-aiye-homenageia-povo-queniano-em-celebracao-pelo-seu-carnaval-cinquentenario-em-2025\/","title":{"rendered":"Il\u00ea Aiy\u00ea homenageia povo queniano em celebra\u00e7\u00e3o pelo seu Carnaval cinquenten\u00e1rio em 2025"},"content":{"rendered":"\n<p>O primeiro desfile do Il\u00ea Aiy\u00ea pelas ruas de Salvador, em 1975, tornou-se um marco no processo de reafricaniza\u00e7\u00e3o do Carnaval, ao levar para a maior festa popular de rua do mundo uma postura combativa pela valoriza\u00e7\u00e3o da identidade negra e resist\u00eancia contra o racismo. Passaram-se 50 anos e o Mais Belo dos Belos consolidou-se como um dos s\u00edmbolos do orgulho da cultura afro-brasileira, colorindo as ruas de Salvador e celebrando a revolu\u00e7\u00e3o que a sua exist\u00eancia representa.<\/p>\n\n\n\n<p>Para comemorar seu desfile carnavalesco cinquenten\u00e1rio e todo o seu legado na luta antirracista, o Il\u00ea Aiy\u00ea levar\u00e1 para a avenida uma imers\u00e3o na ancestralidade e diversidade africana com o tema \u201cKenya: Ber\u00e7o da Humanidade\u201d. A escolha destaca a import\u00e2ncia hist\u00f3rica e cultural de um dos primeiros territ\u00f3rios habitados por seres humanos. Tamb\u00e9m ser\u00e3o homenageadas figuras hist\u00f3ricas quenianas, como Dedan Kimathi, Wangari Maathai e Jomo Kenyatta, s\u00edmbolos da resist\u00eancia contra a opress\u00e3o colonial.<\/p>\n\n\n\n<p>A festa come\u00e7a no s\u00e1bado (01\/03), com a tradicional e concorrida cerim\u00f4nia de sa\u00edda do bloco no Curuzu, considerada um dos momentos mais emocionantes e marcantes do carnaval de Salvador. O ritual de f\u00e9 abre caminhos e aben\u00e7oa o Il\u00ea Aiy\u00ea, tendo \u00e0 frente a ialorix\u00e1 do Terreiro Il\u00ea Ax\u00e9 Jitolu, Hildelice Benta dos Santos. Os sons dos atabaques e tambores se misturam aos c\u00e2nticos de exalta\u00e7\u00e3o \u00e0 ancestralidade e aos orix\u00e1s na subida da ladeira.<\/p>\n\n\n\n<p>Tamb\u00e9m fazem parte do rito ancestral as bacias de milho, pipoca e p\u00f3 de pemba, usadas para pedir boas energias e um grande Carnaval a Oxal\u00e1 e Obalua\u00ea. As pombas brancas s\u00e3o um espet\u00e1culo \u00e0 parte, tamb\u00e9m dedicadas a Oxal\u00e1. Mais que um desfile, a sa\u00edda do Il\u00ea \u00e9 um ato de resist\u00eancia e celebra\u00e7\u00e3o da cultura afro-brasileira.<\/p>\n\n\n\n<p>Atra\u00e7\u00e3o \u00e0 parte ser\u00e1 a estreia do reinado de Lorena Bispo, 22 anos, moradora de Itapu\u00e3, eleita a nova Deusa do \u00c9bano. Ao seu lado, tamb\u00e9m estreiam as princesas Tain\u00e3 de Palmares e St\u00e9phanie Ingrid Souza.<\/p>\n\n\n\n<p>O Ritual do Il\u00ea Aiy\u00ea no Carnaval 2025 \u00e9 uma raliza\u00e7\u00e3o da Associa\u00e7\u00e3o Cultural Bloco Carnavalesco Il\u00ea Aiy\u00ea e Minist\u00e9rio da Cultura, em parceria com a Caderno 2 Produ\u00e7\u00f5es, apoio do Shopping da Bahia e ITS Brasil, apoio financeiro garantido por meio do Programa Ouro Negro, do Governo do Estado da Bahia, e patroc\u00ednio da Neoenergia Coelba e Grupo Belov, mantenedores do Plano Anual do Il\u00ea Aiy\u00ea, atrav\u00e9s da Lei Federal de Incentivo \u00e0 Cultura &#8211; Lei Rouanet, iFood e Caixa.<\/p>\n\n\n\n<p><strong>PROGRAMA\u00c7\u00c3O<\/strong><\/p>\n\n\n\n<p>Ap\u00f3s o tradicional ritual da sa\u00edda do bloco na Ladeira do Curuzu, o trio do Il\u00ea Aiy\u00ea segue em festa para o Plano Inclinado da Liberdade. De l\u00e1, os associados fazem uma pausa at\u00e9 se encontrarem novamente, horas depois, no Corredor da Vit\u00f3ria, onde a entidade inicia o seu primeiro desfile no circuito oficial, o Circuito Osmar, \u00e0s 2h de domingo (02\/03), em dire\u00e7\u00e3o \u00e0 Pra\u00e7a da Piedade.<\/p>\n\n\n\n<p>Na segunda-feira (3\/03), \u00e0s 18h, haver\u00e1 a concentra\u00e7\u00e3o no Corredor da Vit\u00f3ria, onde o desfile tem in\u00edcio \u00e0s 19h no Circuito Osmar, no Campo Grande. Comandado pelo som marcante da Band\u2019Aiy\u00ea, o espet\u00e1culo c\u00eanico-musical do bloco sai acompanhado de um cortejo comemorativo ao tema do Carnaval, com destaque para o carro que se transforma em um verdadeiro altar para a rainha e as princesas rec\u00e9m-eleitas.<\/p>\n\n\n\n<p>Na ter\u00e7a-feira (4\/03), o bloco faz seu terceiro e \u00faltimo desfile carnavalesco, com concentra\u00e7\u00e3o \u00e0s 18h no Corredor da Vit\u00f3ria e in\u00edcio previsto para 19h no Circuito Osmar. O bloco aniversariante se despedir\u00e1 da folia transbordando alegria e arrastando todos os neg\u00f5es e negonas que t\u00eam a entidade carnavalesca como um \u00edcone de resist\u00eancia e luta por igualdade racial.<\/p>\n\n\n\n<p>As fantasias do bloco Il\u00ea Aiy\u00ea podem ser adquiridas na Senzala do Barro Preto (Curuzu). A entrega para os associados come\u00e7a nesta quarta-feira, dia 26\/02, das 14h \u00e0s 20h.<\/p>\n\n\n\n<p>Bloco Er\u00ea &#8211; O domingo (2\/03) tamb\u00e9m ser\u00e1 marcado pela sa\u00edda do tradicional Bloco Er\u00ea, ala infantil do Il\u00ea Aiy\u00ea, \u00e0s 16h. O bloco deve reunir mais de 800 crian\u00e7as e adolescentes no Circuito M\u00e3e Hilda, conduzido pela Banda Er\u00ea, grupo infantil do Il\u00ea criado em 1992, com o objetivo de educar e empoderar as crian\u00e7as negras, promovendo o orgulho das ra\u00edzes africanas desde cedo.<\/p>\n\n\n\n<p>Durante o Carnaval, os pequenos seguem o enredo principal do Il\u00ea Aiy\u00ea, proporcionando uma experi\u00eancia cultural rica e inclusiva. A fantasia do Bloco Er\u00ea ser\u00e1 composta por um conjunto de camisa e short, que ser\u00e3o distribu\u00eddos gratuitamente na sede do bloco, no dia do desfile, \u00e0s 11h. Este ano, os pais e respons\u00e1veis tamb\u00e9m ter\u00e3o direito a uma camisa do bloco e poder\u00e3o dar apoio na seguran\u00e7a dos pequenos foli\u00f5es.<\/p>\n\n\n\n<p><strong>Tema<\/strong>&nbsp;&#8211; \u201cKenya: Ber\u00e7o da Humanidade\u201d foi escolhido como tema do Carnaval 2025 do Il\u00ea Aiy\u00ea para homenagear o pa\u00eds, oficialmente registrado como Rep\u00fablica do Qu\u00eania, que est\u00e1 localizado na \u00c1frica Oriental e possui uma import\u00e2ncia hist\u00f3rica e cient\u00edfica ineg\u00e1vel para a humanidade. Ali foram encontrados f\u00f3sseis de homin\u00eddeos, como o Homo habilis e o Homo erectus, considerados ancestrais diretos do Homo sapiens moderno. Ao colocar os holofotes sobre esse ber\u00e7o de descobertas arqueol\u00f3gicas, o Il\u00ea busca refor\u00e7ar a relev\u00e2ncia do continente africano no processo de evolu\u00e7\u00e3o humana.<\/p>\n\n\n\n<p><strong><u>SERVI\u00c7O:<\/u><\/strong><\/p>\n\n\n\n<p><strong>1\u00ba Dia \u2013 S\u00e1bado &#8211; 01\/03<\/strong><\/p>\n\n\n\n<p>Cerim\u00f4nia de sa\u00edda do Terreiro Il\u00ea Ac\u00e9 Jitol\u00fa (Casa de M\u00e3e Hilda), na ladeira do Curuzu, a partir das 20h<\/p>\n\n\n\n<p>Primeiro desfile: Circuito M\u00e3e Hilda \u2013 Terreiro em dire\u00e7\u00e3o ao Plano Inclinado da Liberdade.<\/p>\n\n\n\n<p>Segundo desfile: A partir de 2h da madrugada de domingo (02\/03), saindo do Corredor da Vit\u00f3ria e seguindo pelo Circuito Osmar.<\/p>\n\n\n\n<p><strong>2\u00ba Dia &#8211; Segunda-feira &#8211; 03\/03<\/strong><\/p>\n\n\n\n<p>Circuito Osmar (Campo Grande)<\/p>\n\n\n\n<p>Concentra\u00e7\u00e3o \u00e0s 18h no Corredor da Vit\u00f3ria<\/p>\n\n\n\n<p>Sa\u00edda prevista: 19h<\/p>\n\n\n\n<p><strong>3\u00ba Dia &#8211; Ter\u00e7a-feira &#8211; 04\/03<\/strong><\/p>\n\n\n\n<p>Circuito Osmar (Campo Grande)<\/p>\n\n\n\n<p>Concentra\u00e7\u00e3o \u00e0s 18h no Corredor da Vit\u00f3ria<\/p>\n\n\n\n<p>Sa\u00edda prevista: 19h<\/p>\n","protected":false},"excerpt":{"rendered":"<p>O primeiro desfile do Il\u00ea Aiy\u00ea pelas ruas de Salvador, em 1975, tornou-se um marco no processo de reafricaniza\u00e7\u00e3o do Carnaval, ao levar para a maior festa popular de rua do mundo uma postura combativa pela valoriza\u00e7\u00e3o da identidade negra e resist\u00eancia contra o racismo. Passaram-se 50 anos e o Mais Belo dos Belos consolidou-se [&hellip;]<\/p>\n","protected":false},"author":3,"featured_media":34451,"comment_status":"open","ping_status":"open","sticky":false,"template":"","format":"standard","meta":{"_monsterinsights_skip_tracking":false,"_monsterinsights_sitenote_active":false,"_monsterinsights_sitenote_note":"","_monsterinsights_sitenote_category":0,"footnotes":""},"categories":[44],"tags":[],"yoast_head":"<!-- This site is optimized with the Yoast SEO plugin v22.9 - https:\/\/yoast.com\/wordpress\/plugins\/seo\/ -->\n<title>Il\u00ea Aiy\u00ea homenageia povo queniano em celebra\u00e7\u00e3o pelo seu Carnaval cinquenten\u00e1rio em 2025 - Portal MF<\/title>\n<meta name=\"robots\" content=\"index, follow, max-snippet:-1, max-image-preview:large, max-video-preview:-1\" \/>\n<link rel=\"canonical\" href=\"https:\/\/portalmf.com.br\/index.php\/2025\/02\/25\/ile-aiye-homenageia-povo-queniano-em-celebracao-pelo-seu-carnaval-cinquentenario-em-2025\/\" \/>\n<meta property=\"og:locale\" content=\"pt_BR\" \/>\n<meta property=\"og:type\" content=\"article\" \/>\n<meta property=\"og:title\" content=\"Il\u00ea Aiy\u00ea homenageia povo queniano em celebra\u00e7\u00e3o pelo seu Carnaval cinquenten\u00e1rio em 2025 - Portal MF\" \/>\n<meta property=\"og:description\" content=\"O primeiro desfile do Il\u00ea Aiy\u00ea pelas ruas de Salvador, em 1975, tornou-se um marco no processo de reafricaniza\u00e7\u00e3o do Carnaval, ao levar para a maior festa popular de rua do mundo uma postura combativa pela valoriza\u00e7\u00e3o da identidade negra e resist\u00eancia contra o racismo. Passaram-se 50 anos e o Mais Belo dos Belos consolidou-se [&hellip;]\" \/>\n<meta property=\"og:url\" content=\"https:\/\/portalmf.com.br\/index.php\/2025\/02\/25\/ile-aiye-homenageia-povo-queniano-em-celebracao-pelo-seu-carnaval-cinquentenario-em-2025\/\" \/>\n<meta property=\"og:site_name\" content=\"Portal MF\" \/>\n<meta property=\"article:author\" content=\"https:\/\/www.facebook.com\/portalmfoficial\" \/>\n<meta property=\"article:published_time\" content=\"2025-02-25T20:35:27+00:00\" \/>\n<meta property=\"article:modified_time\" content=\"2025-02-25T20:35:28+00:00\" \/>\n<meta property=\"og:image\" content=\"https:\/\/portalmf.com.br\/wp-content\/uploads\/2025\/02\/carnaval.ile_.2.jpeg\" \/>\n\t<meta property=\"og:image:width\" content=\"1280\" \/>\n\t<meta property=\"og:image:height\" content=\"853\" \/>\n\t<meta property=\"og:image:type\" content=\"image\/jpeg\" \/>\n<meta name=\"author\" content=\"Reda\u00e7\u00e3o Portal MF\" \/>\n<meta name=\"twitter:card\" content=\"summary_large_image\" \/>\n<meta name=\"twitter:creator\" content=\"@https:\/\/x.com\/portalmfoficial\" \/>\n<meta name=\"twitter:label1\" content=\"Escrito por\" \/>\n\t<meta name=\"twitter:data1\" content=\"Reda\u00e7\u00e3o Portal MF\" \/>\n\t<meta name=\"twitter:label2\" content=\"Est. tempo de leitura\" \/>\n\t<meta name=\"twitter:data2\" content=\"6 minutos\" \/>\n<script type=\"application\/ld+json\" class=\"yoast-schema-graph\">{\"@context\":\"https:\/\/schema.org\",\"@graph\":[{\"@type\":\"WebPage\",\"@id\":\"https:\/\/portalmf.com.br\/index.php\/2025\/02\/25\/ile-aiye-homenageia-povo-queniano-em-celebracao-pelo-seu-carnaval-cinquentenario-em-2025\/\",\"url\":\"https:\/\/portalmf.com.br\/index.php\/2025\/02\/25\/ile-aiye-homenageia-povo-queniano-em-celebracao-pelo-seu-carnaval-cinquentenario-em-2025\/\",\"name\":\"Il\u00ea Aiy\u00ea homenageia povo queniano em celebra\u00e7\u00e3o pelo seu Carnaval cinquenten\u00e1rio em 2025 - Portal MF\",\"isPartOf\":{\"@id\":\"https:\/\/portalmf.com.br\/#website\"},\"primaryImageOfPage\":{\"@id\":\"https:\/\/portalmf.com.br\/index.php\/2025\/02\/25\/ile-aiye-homenageia-povo-queniano-em-celebracao-pelo-seu-carnaval-cinquentenario-em-2025\/#primaryimage\"},\"image\":{\"@id\":\"https:\/\/portalmf.com.br\/index.php\/2025\/02\/25\/ile-aiye-homenageia-povo-queniano-em-celebracao-pelo-seu-carnaval-cinquentenario-em-2025\/#primaryimage\"},\"thumbnailUrl\":\"https:\/\/portalmf.com.br\/wp-content\/uploads\/2025\/02\/carnaval.ile_.2.jpeg\",\"datePublished\":\"2025-02-25T20:35:27+00:00\",\"dateModified\":\"2025-02-25T20:35:28+00:00\",\"author\":{\"@id\":\"https:\/\/portalmf.com.br\/#\/schema\/person\/9ec101baf56233e53520c26de5d6f6f0\"},\"breadcrumb\":{\"@id\":\"https:\/\/portalmf.com.br\/index.php\/2025\/02\/25\/ile-aiye-homenageia-povo-queniano-em-celebracao-pelo-seu-carnaval-cinquentenario-em-2025\/#breadcrumb\"},\"inLanguage\":\"pt-BR\",\"potentialAction\":[{\"@type\":\"ReadAction\",\"target\":[\"https:\/\/portalmf.com.br\/index.php\/2025\/02\/25\/ile-aiye-homenageia-povo-queniano-em-celebracao-pelo-seu-carnaval-cinquentenario-em-2025\/\"]}]},{\"@type\":\"ImageObject\",\"inLanguage\":\"pt-BR\",\"@id\":\"https:\/\/portalmf.com.br\/index.php\/2025\/02\/25\/ile-aiye-homenageia-povo-queniano-em-celebracao-pelo-seu-carnaval-cinquentenario-em-2025\/#primaryimage\",\"url\":\"https:\/\/portalmf.com.br\/wp-content\/uploads\/2025\/02\/carnaval.ile_.2.jpeg\",\"contentUrl\":\"https:\/\/portalmf.com.br\/wp-content\/uploads\/2025\/02\/carnaval.ile_.2.jpeg\",\"width\":1280,\"height\":853},{\"@type\":\"BreadcrumbList\",\"@id\":\"https:\/\/portalmf.com.br\/index.php\/2025\/02\/25\/ile-aiye-homenageia-povo-queniano-em-celebracao-pelo-seu-carnaval-cinquentenario-em-2025\/#breadcrumb\",\"itemListElement\":[{\"@type\":\"ListItem\",\"position\":1,\"name\":\"In\u00edcio\",\"item\":\"https:\/\/portalmf.com.br\/\"},{\"@type\":\"ListItem\",\"position\":2,\"name\":\"Il\u00ea Aiy\u00ea homenageia povo queniano em celebra\u00e7\u00e3o pelo seu Carnaval cinquenten\u00e1rio em 2025\"}]},{\"@type\":\"WebSite\",\"@id\":\"https:\/\/portalmf.com.br\/#website\",\"url\":\"https:\/\/portalmf.com.br\/\",\"name\":\"Portal MF\",\"description\":\"Voc\u00ea conectado com a informa\u00e7\u00e3o\",\"potentialAction\":[{\"@type\":\"SearchAction\",\"target\":{\"@type\":\"EntryPoint\",\"urlTemplate\":\"https:\/\/portalmf.com.br\/?s={search_term_string}\"},\"query-input\":\"required name=search_term_string\"}],\"inLanguage\":\"pt-BR\"},{\"@type\":\"Person\",\"@id\":\"https:\/\/portalmf.com.br\/#\/schema\/person\/9ec101baf56233e53520c26de5d6f6f0\",\"name\":\"Reda\u00e7\u00e3o Portal MF\",\"image\":{\"@type\":\"ImageObject\",\"inLanguage\":\"pt-BR\",\"@id\":\"https:\/\/portalmf.com.br\/#\/schema\/person\/image\/\",\"url\":\"https:\/\/secure.gravatar.com\/avatar\/41b9aaeb2100835f7c64362330f74c7f?s=96&d=mm&r=g\",\"contentUrl\":\"https:\/\/secure.gravatar.com\/avatar\/41b9aaeb2100835f7c64362330f74c7f?s=96&d=mm&r=g\",\"caption\":\"Reda\u00e7\u00e3o Portal MF\"},\"description\":\"Sejam bem-vindos o portal de informa\u00e7\u00f5es de entretenimento de Feira de Santana, desde 2006 realiza coberturas dos principais eventos com entrevistas exclusivas com as principais personalidades mundiais. Fique conectado tamb\u00e9m nas redes sociais.\",\"sameAs\":[\"http:\/\/www.portalmf.com.br\/\",\"https:\/\/www.facebook.com\/portalmfoficial\",\"https:\/\/www.instagram.com\/portalmf\/\",\"https:\/\/x.com\/https:\/\/x.com\/portalmfoficial\",\"https:\/\/www.youtube.com\/@portalmfoficial\"],\"url\":\"https:\/\/portalmf.com.br\/index.php\/author\/junior\/\"}]}<\/script>\n<!-- \/ Yoast SEO plugin. -->","yoast_head_json":{"title":"Il\u00ea Aiy\u00ea homenageia povo queniano em celebra\u00e7\u00e3o pelo seu Carnaval cinquenten\u00e1rio em 2025 - Portal MF","robots":{"index":"index","follow":"follow","max-snippet":"max-snippet:-1","max-image-preview":"max-image-preview:large","max-video-preview":"max-video-preview:-1"},"canonical":"https:\/\/portalmf.com.br\/index.php\/2025\/02\/25\/ile-aiye-homenageia-povo-queniano-em-celebracao-pelo-seu-carnaval-cinquentenario-em-2025\/","og_locale":"pt_BR","og_type":"article","og_title":"Il\u00ea Aiy\u00ea homenageia povo queniano em celebra\u00e7\u00e3o pelo seu Carnaval cinquenten\u00e1rio em 2025 - Portal MF","og_description":"O primeiro desfile do Il\u00ea Aiy\u00ea pelas ruas de Salvador, em 1975, tornou-se um marco no processo de reafricaniza\u00e7\u00e3o do Carnaval, ao levar para a maior festa popular de rua do mundo uma postura combativa pela valoriza\u00e7\u00e3o da identidade negra e resist\u00eancia contra o racismo. Passaram-se 50 anos e o Mais Belo dos Belos consolidou-se [&hellip;]","og_url":"https:\/\/portalmf.com.br\/index.php\/2025\/02\/25\/ile-aiye-homenageia-povo-queniano-em-celebracao-pelo-seu-carnaval-cinquentenario-em-2025\/","og_site_name":"Portal MF","article_author":"https:\/\/www.facebook.com\/portalmfoficial","article_published_time":"2025-02-25T20:35:27+00:00","article_modified_time":"2025-02-25T20:35:28+00:00","og_image":[{"width":1280,"height":853,"url":"https:\/\/portalmf.com.br\/wp-content\/uploads\/2025\/02\/carnaval.ile_.2.jpeg","type":"image\/jpeg"}],"author":"Reda\u00e7\u00e3o Portal MF","twitter_card":"summary_large_image","twitter_creator":"@https:\/\/x.com\/portalmfoficial","twitter_misc":{"Escrito por":"Reda\u00e7\u00e3o Portal MF","Est. tempo de leitura":"6 minutos"},"schema":{"@context":"https:\/\/schema.org","@graph":[{"@type":"WebPage","@id":"https:\/\/portalmf.com.br\/index.php\/2025\/02\/25\/ile-aiye-homenageia-povo-queniano-em-celebracao-pelo-seu-carnaval-cinquentenario-em-2025\/","url":"https:\/\/portalmf.com.br\/index.php\/2025\/02\/25\/ile-aiye-homenageia-povo-queniano-em-celebracao-pelo-seu-carnaval-cinquentenario-em-2025\/","name":"Il\u00ea Aiy\u00ea homenageia povo queniano em celebra\u00e7\u00e3o pelo seu Carnaval cinquenten\u00e1rio em 2025 - Portal MF","isPartOf":{"@id":"https:\/\/portalmf.com.br\/#website"},"primaryImageOfPage":{"@id":"https:\/\/portalmf.com.br\/index.php\/2025\/02\/25\/ile-aiye-homenageia-povo-queniano-em-celebracao-pelo-seu-carnaval-cinquentenario-em-2025\/#primaryimage"},"image":{"@id":"https:\/\/portalmf.com.br\/index.php\/2025\/02\/25\/ile-aiye-homenageia-povo-queniano-em-celebracao-pelo-seu-carnaval-cinquentenario-em-2025\/#primaryimage"},"thumbnailUrl":"https:\/\/portalmf.com.br\/wp-content\/uploads\/2025\/02\/carnaval.ile_.2.jpeg","datePublished":"2025-02-25T20:35:27+00:00","dateModified":"2025-02-25T20:35:28+00:00","author":{"@id":"https:\/\/portalmf.com.br\/#\/schema\/person\/9ec101baf56233e53520c26de5d6f6f0"},"breadcrumb":{"@id":"https:\/\/portalmf.com.br\/index.php\/2025\/02\/25\/ile-aiye-homenageia-povo-queniano-em-celebracao-pelo-seu-carnaval-cinquentenario-em-2025\/#breadcrumb"},"inLanguage":"pt-BR","potentialAction":[{"@type":"ReadAction","target":["https:\/\/portalmf.com.br\/index.php\/2025\/02\/25\/ile-aiye-homenageia-povo-queniano-em-celebracao-pelo-seu-carnaval-cinquentenario-em-2025\/"]}]},{"@type":"ImageObject","inLanguage":"pt-BR","@id":"https:\/\/portalmf.com.br\/index.php\/2025\/02\/25\/ile-aiye-homenageia-povo-queniano-em-celebracao-pelo-seu-carnaval-cinquentenario-em-2025\/#primaryimage","url":"https:\/\/portalmf.com.br\/wp-content\/uploads\/2025\/02\/carnaval.ile_.2.jpeg","contentUrl":"https:\/\/portalmf.com.br\/wp-content\/uploads\/2025\/02\/carnaval.ile_.2.jpeg","width":1280,"height":853},{"@type":"BreadcrumbList","@id":"https:\/\/portalmf.com.br\/index.php\/2025\/02\/25\/ile-aiye-homenageia-povo-queniano-em-celebracao-pelo-seu-carnaval-cinquentenario-em-2025\/#breadcrumb","itemListElement":[{"@type":"ListItem","position":1,"name":"In\u00edcio","item":"https:\/\/portalmf.com.br\/"},{"@type":"ListItem","position":2,"name":"Il\u00ea Aiy\u00ea homenageia povo queniano em celebra\u00e7\u00e3o pelo seu Carnaval cinquenten\u00e1rio em 2025"}]},{"@type":"WebSite","@id":"https:\/\/portalmf.com.br\/#website","url":"https:\/\/portalmf.com.br\/","name":"Portal MF","description":"Voc\u00ea conectado com a informa\u00e7\u00e3o","potentialAction":[{"@type":"SearchAction","target":{"@type":"EntryPoint","urlTemplate":"https:\/\/portalmf.com.br\/?s={search_term_string}"},"query-input":"required name=search_term_string"}],"inLanguage":"pt-BR"},{"@type":"Person","@id":"https:\/\/portalmf.com.br\/#\/schema\/person\/9ec101baf56233e53520c26de5d6f6f0","name":"Reda\u00e7\u00e3o Portal MF","image":{"@type":"ImageObject","inLanguage":"pt-BR","@id":"https:\/\/portalmf.com.br\/#\/schema\/person\/image\/","url":"https:\/\/secure.gravatar.com\/avatar\/41b9aaeb2100835f7c64362330f74c7f?s=96&d=mm&r=g","contentUrl":"https:\/\/secure.gravatar.com\/avatar\/41b9aaeb2100835f7c64362330f74c7f?s=96&d=mm&r=g","caption":"Reda\u00e7\u00e3o Portal MF"},"description":"Sejam bem-vindos o portal de informa\u00e7\u00f5es de entretenimento de Feira de Santana, desde 2006 realiza coberturas dos principais eventos com entrevistas exclusivas com as principais personalidades mundiais. Fique conectado tamb\u00e9m nas redes sociais.","sameAs":["http:\/\/www.portalmf.com.br\/","https:\/\/www.facebook.com\/portalmfoficial","https:\/\/www.instagram.com\/portalmf\/","https:\/\/x.com\/https:\/\/x.com\/portalmfoficial","https:\/\/www.youtube.com\/@portalmfoficial"],"url":"https:\/\/portalmf.com.br\/index.php\/author\/junior\/"}]}},"_links":{"self":[{"href":"https:\/\/portalmf.com.br\/index.php\/wp-json\/wp\/v2\/posts\/34450"}],"collection":[{"href":"https:\/\/portalmf.com.br\/index.php\/wp-json\/wp\/v2\/posts"}],"about":[{"href":"https:\/\/portalmf.com.br\/index.php\/wp-json\/wp\/v2\/types\/post"}],"author":[{"embeddable":true,"href":"https:\/\/portalmf.com.br\/index.php\/wp-json\/wp\/v2\/users\/3"}],"replies":[{"embeddable":true,"href":"https:\/\/portalmf.com.br\/index.php\/wp-json\/wp\/v2\/comments?post=34450"}],"version-history":[{"count":1,"href":"https:\/\/portalmf.com.br\/index.php\/wp-json\/wp\/v2\/posts\/34450\/revisions"}],"predecessor-version":[{"id":34452,"href":"https:\/\/portalmf.com.br\/index.php\/wp-json\/wp\/v2\/posts\/34450\/revisions\/34452"}],"wp:featuredmedia":[{"embeddable":true,"href":"https:\/\/portalmf.com.br\/index.php\/wp-json\/wp\/v2\/media\/34451"}],"wp:attachment":[{"href":"https:\/\/portalmf.com.br\/index.php\/wp-json\/wp\/v2\/media?parent=34450"}],"wp:term":[{"taxonomy":"category","embeddable":true,"href":"https:\/\/portalmf.com.br\/index.php\/wp-json\/wp\/v2\/categories?post=34450"},{"taxonomy":"post_tag","embeddable":true,"href":"https:\/\/portalmf.com.br\/index.php\/wp-json\/wp\/v2\/tags?post=34450"}],"curies":[{"name":"wp","href":"https:\/\/api.w.org\/{rel}","templated":true}]}}