{"id":34447,"date":"2025-02-25T17:17:41","date_gmt":"2025-02-25T20:17:41","guid":{"rendered":"https:\/\/portalmf.com.br\/?p=34447"},"modified":"2025-02-25T17:17:43","modified_gmt":"2025-02-25T20:17:43","slug":"o-vermelho-do-bloco-amor-e-paixao-vai-homenagear-o-poder-e-o-sagrado-feminino","status":"publish","type":"post","link":"https:\/\/portalmf.com.br\/index.php\/2025\/02\/25\/o-vermelho-do-bloco-amor-e-paixao-vai-homenagear-o-poder-e-o-sagrado-feminino\/","title":{"rendered":"O vermelho do Bloco Amor e Paix\u00e3o vai homenagear o poder e o sagrado feminino"},"content":{"rendered":"\n<p>O circuito Osmar (Campo Grande\/Avenida) do Carnaval de Salvador, com seus quase 4km, por onde passam as principais atra\u00e7\u00f5es do movimento Ax\u00e9 Music na folia de Momo baiana, vai ficar pequeno quando o Bloco Amor e Paix\u00e3o passar. A Roda de Samba mais apaixonante da\u00a0 quinta-feira de Momo (27\/2) ser\u00e1 agitada por Nelson \u2013 patriarca do bloco, Eduardinho\u00a0 (Fora da M\u00eddia) e grupo Batifun.<\/p>\n\n\n\n<p>O bloco est\u00e1 completando vinte e um anos de desfiles. Este ano, a agremia\u00e7\u00e3o entrar\u00e1 na Avenida saudando a mensageira do amor, do poder e do sagrado feminino. Com o tema \u201cPomba Gira, a Dama da Noite\u201d, o Amor e Paix\u00e3o, com seu vermelho vibrante em suas fantasias, vai clamar a mo\u00e7a que carrega luz, confian\u00e7a e prosperidade, uma rever\u00eancia e respeito ao povo ligado \u00e0 divindade. Laroy\u00ea Mojub\u00e1!.<\/p>\n\n\n\n<p>Considerado a alma do bloco, aos 82 anos de idade e 60 de carreira, Nelson v\u00ea o crescimento e fortalecimento do ritmo como contribui\u00e7\u00e3o para o carnaval baiano. \u201cO samba alimenta todos os demais ritmos. \u00c9 um som que movimenta o setor do entretenimento em todas as esta\u00e7\u00f5es, principalmente o ver\u00e3o com os diversos ensaios de blocos na Bahia e em diversas capitais brasileiras\u201d, disse Rufino.<\/p>\n\n\n\n<p>Compositor de grandes sucessos como \u201cVerdade\u201d, \u201cVazio\u201d, \u201cAmuleto da Sorte\u201d, \u201cAruand\u00ea\u201d, \u201cMel Pra Minha Dor\u201d, \u201cTodo Menino \u00e9 Um Rei\u201d, entre outros, o sambista tem acumulado t\u00edtulos: Em 2020 tornou-se Comendador do Samba da Bahia pelos servi\u00e7os prestados \u00e0 cultura, e recentemente foi homenageado na edi\u00e7\u00e3o 2024 do Fama e Destaque Awards, em S\u00e3o Paulo, que tamb\u00e9m j\u00e1 homenageou nomes como o Jornalista Pedro Bial, o jogador Ronaldinho e o apresentador Silvio Santos.<\/p>\n\n\n\n<p>Na reta final para a folia, as fantasias (camisa e chap\u00e9u tipo Panam\u00e1) est\u00e3o \u00e0 venda na loja\/sede no piso L-1 do Shopping Lapa, no centro de Salvador; no balc\u00e3o do Projeto Samba Vivo, no piso L-4 do Shopping Piedade; Ticket Maker e Central do Carnaval. Pre\u00e7o promocional R$200,00 \u2013 Informa\u00e7\u00f5es: 71-99652-2238<\/p>\n","protected":false},"excerpt":{"rendered":"<p>O circuito Osmar (Campo Grande\/Avenida) do Carnaval de Salvador, com seus quase 4km, por onde passam as principais atra\u00e7\u00f5es do movimento Ax\u00e9 Music na folia de Momo baiana, vai ficar pequeno quando o Bloco Amor e Paix\u00e3o passar. A Roda de Samba mais apaixonante da\u00a0 quinta-feira de Momo (27\/2) ser\u00e1 agitada por Nelson \u2013 patriarca [&hellip;]<\/p>\n","protected":false},"author":3,"featured_media":34448,"comment_status":"open","ping_status":"open","sticky":false,"template":"","format":"standard","meta":{"_monsterinsights_skip_tracking":false,"_monsterinsights_sitenote_active":false,"_monsterinsights_sitenote_note":"","_monsterinsights_sitenote_category":0,"footnotes":""},"categories":[44],"tags":[],"yoast_head":"<!-- This site is optimized with the Yoast SEO plugin v22.9 - https:\/\/yoast.com\/wordpress\/plugins\/seo\/ -->\n<title>O vermelho do Bloco Amor e Paix\u00e3o vai homenagear o poder e o sagrado feminino - Portal MF<\/title>\n<meta name=\"robots\" content=\"index, follow, max-snippet:-1, max-image-preview:large, max-video-preview:-1\" \/>\n<link rel=\"canonical\" href=\"https:\/\/portalmf.com.br\/index.php\/2025\/02\/25\/o-vermelho-do-bloco-amor-e-paixao-vai-homenagear-o-poder-e-o-sagrado-feminino\/\" \/>\n<meta property=\"og:locale\" content=\"pt_BR\" \/>\n<meta property=\"og:type\" content=\"article\" \/>\n<meta property=\"og:title\" content=\"O vermelho do Bloco Amor e Paix\u00e3o vai homenagear o poder e o sagrado feminino - Portal MF\" \/>\n<meta property=\"og:description\" content=\"O circuito Osmar (Campo Grande\/Avenida) do Carnaval de Salvador, com seus quase 4km, por onde passam as principais atra\u00e7\u00f5es do movimento Ax\u00e9 Music na folia de Momo baiana, vai ficar pequeno quando o Bloco Amor e Paix\u00e3o passar. A Roda de Samba mais apaixonante da\u00a0 quinta-feira de Momo (27\/2) ser\u00e1 agitada por Nelson \u2013 patriarca [&hellip;]\" \/>\n<meta property=\"og:url\" content=\"https:\/\/portalmf.com.br\/index.php\/2025\/02\/25\/o-vermelho-do-bloco-amor-e-paixao-vai-homenagear-o-poder-e-o-sagrado-feminino\/\" \/>\n<meta property=\"og:site_name\" content=\"Portal MF\" \/>\n<meta property=\"article:author\" content=\"https:\/\/www.facebook.com\/portalmfoficial\" \/>\n<meta property=\"article:published_time\" content=\"2025-02-25T20:17:41+00:00\" \/>\n<meta property=\"article:modified_time\" content=\"2025-02-25T20:17:43+00:00\" \/>\n<meta property=\"og:image\" content=\"https:\/\/portalmf.com.br\/wp-content\/uploads\/2025\/02\/Bloco-Amor-e-Paixao.webp\" \/>\n\t<meta property=\"og:image:width\" content=\"725\" \/>\n\t<meta property=\"og:image:height\" content=\"408\" \/>\n\t<meta property=\"og:image:type\" content=\"image\/webp\" \/>\n<meta name=\"author\" content=\"Reda\u00e7\u00e3o Portal MF\" \/>\n<meta name=\"twitter:card\" content=\"summary_large_image\" \/>\n<meta name=\"twitter:creator\" content=\"@https:\/\/x.com\/portalmfoficial\" \/>\n<meta name=\"twitter:label1\" content=\"Escrito por\" \/>\n\t<meta name=\"twitter:data1\" content=\"Reda\u00e7\u00e3o Portal MF\" \/>\n\t<meta name=\"twitter:label2\" content=\"Est. tempo de leitura\" \/>\n\t<meta name=\"twitter:data2\" content=\"2 minutos\" \/>\n<script type=\"application\/ld+json\" class=\"yoast-schema-graph\">{\"@context\":\"https:\/\/schema.org\",\"@graph\":[{\"@type\":\"WebPage\",\"@id\":\"https:\/\/portalmf.com.br\/index.php\/2025\/02\/25\/o-vermelho-do-bloco-amor-e-paixao-vai-homenagear-o-poder-e-o-sagrado-feminino\/\",\"url\":\"https:\/\/portalmf.com.br\/index.php\/2025\/02\/25\/o-vermelho-do-bloco-amor-e-paixao-vai-homenagear-o-poder-e-o-sagrado-feminino\/\",\"name\":\"O vermelho do Bloco Amor e Paix\u00e3o vai homenagear o poder e o sagrado feminino - Portal MF\",\"isPartOf\":{\"@id\":\"https:\/\/portalmf.com.br\/#website\"},\"primaryImageOfPage\":{\"@id\":\"https:\/\/portalmf.com.br\/index.php\/2025\/02\/25\/o-vermelho-do-bloco-amor-e-paixao-vai-homenagear-o-poder-e-o-sagrado-feminino\/#primaryimage\"},\"image\":{\"@id\":\"https:\/\/portalmf.com.br\/index.php\/2025\/02\/25\/o-vermelho-do-bloco-amor-e-paixao-vai-homenagear-o-poder-e-o-sagrado-feminino\/#primaryimage\"},\"thumbnailUrl\":\"https:\/\/portalmf.com.br\/wp-content\/uploads\/2025\/02\/Bloco-Amor-e-Paixao.webp\",\"datePublished\":\"2025-02-25T20:17:41+00:00\",\"dateModified\":\"2025-02-25T20:17:43+00:00\",\"author\":{\"@id\":\"https:\/\/portalmf.com.br\/#\/schema\/person\/9ec101baf56233e53520c26de5d6f6f0\"},\"breadcrumb\":{\"@id\":\"https:\/\/portalmf.com.br\/index.php\/2025\/02\/25\/o-vermelho-do-bloco-amor-e-paixao-vai-homenagear-o-poder-e-o-sagrado-feminino\/#breadcrumb\"},\"inLanguage\":\"pt-BR\",\"potentialAction\":[{\"@type\":\"ReadAction\",\"target\":[\"https:\/\/portalmf.com.br\/index.php\/2025\/02\/25\/o-vermelho-do-bloco-amor-e-paixao-vai-homenagear-o-poder-e-o-sagrado-feminino\/\"]}]},{\"@type\":\"ImageObject\",\"inLanguage\":\"pt-BR\",\"@id\":\"https:\/\/portalmf.com.br\/index.php\/2025\/02\/25\/o-vermelho-do-bloco-amor-e-paixao-vai-homenagear-o-poder-e-o-sagrado-feminino\/#primaryimage\",\"url\":\"https:\/\/portalmf.com.br\/wp-content\/uploads\/2025\/02\/Bloco-Amor-e-Paixao.webp\",\"contentUrl\":\"https:\/\/portalmf.com.br\/wp-content\/uploads\/2025\/02\/Bloco-Amor-e-Paixao.webp\",\"width\":725,\"height\":408},{\"@type\":\"BreadcrumbList\",\"@id\":\"https:\/\/portalmf.com.br\/index.php\/2025\/02\/25\/o-vermelho-do-bloco-amor-e-paixao-vai-homenagear-o-poder-e-o-sagrado-feminino\/#breadcrumb\",\"itemListElement\":[{\"@type\":\"ListItem\",\"position\":1,\"name\":\"In\u00edcio\",\"item\":\"https:\/\/portalmf.com.br\/\"},{\"@type\":\"ListItem\",\"position\":2,\"name\":\"O vermelho do Bloco Amor e Paix\u00e3o vai homenagear o poder e o sagrado feminino\"}]},{\"@type\":\"WebSite\",\"@id\":\"https:\/\/portalmf.com.br\/#website\",\"url\":\"https:\/\/portalmf.com.br\/\",\"name\":\"Portal MF\",\"description\":\"Voc\u00ea conectado com a informa\u00e7\u00e3o\",\"potentialAction\":[{\"@type\":\"SearchAction\",\"target\":{\"@type\":\"EntryPoint\",\"urlTemplate\":\"https:\/\/portalmf.com.br\/?s={search_term_string}\"},\"query-input\":\"required name=search_term_string\"}],\"inLanguage\":\"pt-BR\"},{\"@type\":\"Person\",\"@id\":\"https:\/\/portalmf.com.br\/#\/schema\/person\/9ec101baf56233e53520c26de5d6f6f0\",\"name\":\"Reda\u00e7\u00e3o Portal MF\",\"image\":{\"@type\":\"ImageObject\",\"inLanguage\":\"pt-BR\",\"@id\":\"https:\/\/portalmf.com.br\/#\/schema\/person\/image\/\",\"url\":\"https:\/\/secure.gravatar.com\/avatar\/41b9aaeb2100835f7c64362330f74c7f?s=96&d=mm&r=g\",\"contentUrl\":\"https:\/\/secure.gravatar.com\/avatar\/41b9aaeb2100835f7c64362330f74c7f?s=96&d=mm&r=g\",\"caption\":\"Reda\u00e7\u00e3o Portal MF\"},\"description\":\"Sejam bem-vindos o portal de informa\u00e7\u00f5es de entretenimento de Feira de Santana, desde 2006 realiza coberturas dos principais eventos com entrevistas exclusivas com as principais personalidades mundiais. Fique conectado tamb\u00e9m nas redes sociais.\",\"sameAs\":[\"http:\/\/www.portalmf.com.br\/\",\"https:\/\/www.facebook.com\/portalmfoficial\",\"https:\/\/www.instagram.com\/portalmf\/\",\"https:\/\/x.com\/https:\/\/x.com\/portalmfoficial\",\"https:\/\/www.youtube.com\/@portalmfoficial\"],\"url\":\"https:\/\/portalmf.com.br\/index.php\/author\/junior\/\"}]}<\/script>\n<!-- \/ Yoast SEO plugin. -->","yoast_head_json":{"title":"O vermelho do Bloco Amor e Paix\u00e3o vai homenagear o poder e o sagrado feminino - Portal MF","robots":{"index":"index","follow":"follow","max-snippet":"max-snippet:-1","max-image-preview":"max-image-preview:large","max-video-preview":"max-video-preview:-1"},"canonical":"https:\/\/portalmf.com.br\/index.php\/2025\/02\/25\/o-vermelho-do-bloco-amor-e-paixao-vai-homenagear-o-poder-e-o-sagrado-feminino\/","og_locale":"pt_BR","og_type":"article","og_title":"O vermelho do Bloco Amor e Paix\u00e3o vai homenagear o poder e o sagrado feminino - Portal MF","og_description":"O circuito Osmar (Campo Grande\/Avenida) do Carnaval de Salvador, com seus quase 4km, por onde passam as principais atra\u00e7\u00f5es do movimento Ax\u00e9 Music na folia de Momo baiana, vai ficar pequeno quando o Bloco Amor e Paix\u00e3o passar. A Roda de Samba mais apaixonante da\u00a0 quinta-feira de Momo (27\/2) ser\u00e1 agitada por Nelson \u2013 patriarca [&hellip;]","og_url":"https:\/\/portalmf.com.br\/index.php\/2025\/02\/25\/o-vermelho-do-bloco-amor-e-paixao-vai-homenagear-o-poder-e-o-sagrado-feminino\/","og_site_name":"Portal MF","article_author":"https:\/\/www.facebook.com\/portalmfoficial","article_published_time":"2025-02-25T20:17:41+00:00","article_modified_time":"2025-02-25T20:17:43+00:00","og_image":[{"width":725,"height":408,"url":"https:\/\/portalmf.com.br\/wp-content\/uploads\/2025\/02\/Bloco-Amor-e-Paixao.webp","type":"image\/webp"}],"author":"Reda\u00e7\u00e3o Portal MF","twitter_card":"summary_large_image","twitter_creator":"@https:\/\/x.com\/portalmfoficial","twitter_misc":{"Escrito por":"Reda\u00e7\u00e3o Portal MF","Est. tempo de leitura":"2 minutos"},"schema":{"@context":"https:\/\/schema.org","@graph":[{"@type":"WebPage","@id":"https:\/\/portalmf.com.br\/index.php\/2025\/02\/25\/o-vermelho-do-bloco-amor-e-paixao-vai-homenagear-o-poder-e-o-sagrado-feminino\/","url":"https:\/\/portalmf.com.br\/index.php\/2025\/02\/25\/o-vermelho-do-bloco-amor-e-paixao-vai-homenagear-o-poder-e-o-sagrado-feminino\/","name":"O vermelho do Bloco Amor e Paix\u00e3o vai homenagear o poder e o sagrado feminino - Portal MF","isPartOf":{"@id":"https:\/\/portalmf.com.br\/#website"},"primaryImageOfPage":{"@id":"https:\/\/portalmf.com.br\/index.php\/2025\/02\/25\/o-vermelho-do-bloco-amor-e-paixao-vai-homenagear-o-poder-e-o-sagrado-feminino\/#primaryimage"},"image":{"@id":"https:\/\/portalmf.com.br\/index.php\/2025\/02\/25\/o-vermelho-do-bloco-amor-e-paixao-vai-homenagear-o-poder-e-o-sagrado-feminino\/#primaryimage"},"thumbnailUrl":"https:\/\/portalmf.com.br\/wp-content\/uploads\/2025\/02\/Bloco-Amor-e-Paixao.webp","datePublished":"2025-02-25T20:17:41+00:00","dateModified":"2025-02-25T20:17:43+00:00","author":{"@id":"https:\/\/portalmf.com.br\/#\/schema\/person\/9ec101baf56233e53520c26de5d6f6f0"},"breadcrumb":{"@id":"https:\/\/portalmf.com.br\/index.php\/2025\/02\/25\/o-vermelho-do-bloco-amor-e-paixao-vai-homenagear-o-poder-e-o-sagrado-feminino\/#breadcrumb"},"inLanguage":"pt-BR","potentialAction":[{"@type":"ReadAction","target":["https:\/\/portalmf.com.br\/index.php\/2025\/02\/25\/o-vermelho-do-bloco-amor-e-paixao-vai-homenagear-o-poder-e-o-sagrado-feminino\/"]}]},{"@type":"ImageObject","inLanguage":"pt-BR","@id":"https:\/\/portalmf.com.br\/index.php\/2025\/02\/25\/o-vermelho-do-bloco-amor-e-paixao-vai-homenagear-o-poder-e-o-sagrado-feminino\/#primaryimage","url":"https:\/\/portalmf.com.br\/wp-content\/uploads\/2025\/02\/Bloco-Amor-e-Paixao.webp","contentUrl":"https:\/\/portalmf.com.br\/wp-content\/uploads\/2025\/02\/Bloco-Amor-e-Paixao.webp","width":725,"height":408},{"@type":"BreadcrumbList","@id":"https:\/\/portalmf.com.br\/index.php\/2025\/02\/25\/o-vermelho-do-bloco-amor-e-paixao-vai-homenagear-o-poder-e-o-sagrado-feminino\/#breadcrumb","itemListElement":[{"@type":"ListItem","position":1,"name":"In\u00edcio","item":"https:\/\/portalmf.com.br\/"},{"@type":"ListItem","position":2,"name":"O vermelho do Bloco Amor e Paix\u00e3o vai homenagear o poder e o sagrado feminino"}]},{"@type":"WebSite","@id":"https:\/\/portalmf.com.br\/#website","url":"https:\/\/portalmf.com.br\/","name":"Portal MF","description":"Voc\u00ea conectado com a informa\u00e7\u00e3o","potentialAction":[{"@type":"SearchAction","target":{"@type":"EntryPoint","urlTemplate":"https:\/\/portalmf.com.br\/?s={search_term_string}"},"query-input":"required name=search_term_string"}],"inLanguage":"pt-BR"},{"@type":"Person","@id":"https:\/\/portalmf.com.br\/#\/schema\/person\/9ec101baf56233e53520c26de5d6f6f0","name":"Reda\u00e7\u00e3o Portal MF","image":{"@type":"ImageObject","inLanguage":"pt-BR","@id":"https:\/\/portalmf.com.br\/#\/schema\/person\/image\/","url":"https:\/\/secure.gravatar.com\/avatar\/41b9aaeb2100835f7c64362330f74c7f?s=96&d=mm&r=g","contentUrl":"https:\/\/secure.gravatar.com\/avatar\/41b9aaeb2100835f7c64362330f74c7f?s=96&d=mm&r=g","caption":"Reda\u00e7\u00e3o Portal MF"},"description":"Sejam bem-vindos o portal de informa\u00e7\u00f5es de entretenimento de Feira de Santana, desde 2006 realiza coberturas dos principais eventos com entrevistas exclusivas com as principais personalidades mundiais. Fique conectado tamb\u00e9m nas redes sociais.","sameAs":["http:\/\/www.portalmf.com.br\/","https:\/\/www.facebook.com\/portalmfoficial","https:\/\/www.instagram.com\/portalmf\/","https:\/\/x.com\/https:\/\/x.com\/portalmfoficial","https:\/\/www.youtube.com\/@portalmfoficial"],"url":"https:\/\/portalmf.com.br\/index.php\/author\/junior\/"}]}},"_links":{"self":[{"href":"https:\/\/portalmf.com.br\/index.php\/wp-json\/wp\/v2\/posts\/34447"}],"collection":[{"href":"https:\/\/portalmf.com.br\/index.php\/wp-json\/wp\/v2\/posts"}],"about":[{"href":"https:\/\/portalmf.com.br\/index.php\/wp-json\/wp\/v2\/types\/post"}],"author":[{"embeddable":true,"href":"https:\/\/portalmf.com.br\/index.php\/wp-json\/wp\/v2\/users\/3"}],"replies":[{"embeddable":true,"href":"https:\/\/portalmf.com.br\/index.php\/wp-json\/wp\/v2\/comments?post=34447"}],"version-history":[{"count":1,"href":"https:\/\/portalmf.com.br\/index.php\/wp-json\/wp\/v2\/posts\/34447\/revisions"}],"predecessor-version":[{"id":34449,"href":"https:\/\/portalmf.com.br\/index.php\/wp-json\/wp\/v2\/posts\/34447\/revisions\/34449"}],"wp:featuredmedia":[{"embeddable":true,"href":"https:\/\/portalmf.com.br\/index.php\/wp-json\/wp\/v2\/media\/34448"}],"wp:attachment":[{"href":"https:\/\/portalmf.com.br\/index.php\/wp-json\/wp\/v2\/media?parent=34447"}],"wp:term":[{"taxonomy":"category","embeddable":true,"href":"https:\/\/portalmf.com.br\/index.php\/wp-json\/wp\/v2\/categories?post=34447"},{"taxonomy":"post_tag","embeddable":true,"href":"https:\/\/portalmf.com.br\/index.php\/wp-json\/wp\/v2\/tags?post=34447"}],"curies":[{"name":"wp","href":"https:\/\/api.w.org\/{rel}","templated":true}]}}