{"id":34445,"date":"2025-02-25T17:15:25","date_gmt":"2025-02-25T20:15:25","guid":{"rendered":"https:\/\/portalmf.com.br\/?p=34445"},"modified":"2025-02-25T17:15:26","modified_gmt":"2025-02-25T20:15:26","slug":"jammil-leva-pauta-ambiental-para-a-avenida-e-homenageia-pedrinho-da-rocha-no-praieiro","status":"publish","type":"post","link":"https:\/\/portalmf.com.br\/index.php\/2025\/02\/25\/jammil-leva-pauta-ambiental-para-a-avenida-e-homenageia-pedrinho-da-rocha-no-praieiro\/","title":{"rendered":"Jammil leva pauta ambiental para a avenida e homenageia Pedrinho da Rocha no Praieiro"},"content":{"rendered":"\n<p>No ano de celebra\u00e7\u00e3o dos 40 anos do Ax\u00e9 e dos dez anos de hist\u00f3ria do Bloco Praieiro, a banda Jammil e Uma Noites faz um resgate necess\u00e1rio de uma pauta que j\u00e1 foi destaque antes e demonstra o perfil vision\u00e1rio de um nome fundamental para a festa na Bahia: Pedrinho da Rocha. Artista e designer respons\u00e1vel por diversas artes que marcaram o Carnaval de Salvador, Pedrinho vai assinar a cria\u00e7\u00e3o dos abad\u00e1s do bloco, que ser\u00e3o inspirados em uma frase sua: \u201cPreservar o verde para os outros carnavais\u201d.<\/p>\n\n\n\n<p>O tema n\u00e3o \u00e9 in\u00e9dito, mas permanece atual: foi criado por ele para os figurinos usados pelos foli\u00f5es do \u201cTraz os Montes\u201d no Carnaval de 1983, ano em que o bloco desfilou pela primeira vez na Barra, marcando tamb\u00e9m a estreia de um bloco no circuito. Naquele ano, a pe\u00e7a j\u00e1 trazia a necessidade da consci\u00eancia ambiental, que \u00e9 marca do trabalho do Jammil em a\u00e7\u00f5es de sustentabilidade em eventos como o \u201cVamos Ver o P\u00f4r do Sol\u201d, na Ponta de Humait\u00e1.&nbsp;<\/p>\n\n\n\n<p>O Praieiro ser\u00e1 puxado pela banda Jammil na ter\u00e7a-feira da festa, dia 04, e em hor\u00e1rio nobre \u2014 o quarto da fila, atr\u00e1s de Bell Marques, Claudia Leitte e Parangol\u00e9. O bloco, \u00e0 venda na&nbsp;<a href=\"https:\/\/home.centraldocarnaval.com.br\/blocos\/praieiro.html\" target=\"_blank\" rel=\"noreferrer noopener\">Central do Carnaval<\/a>&nbsp;e na loja do Praieiro, inaugurada no Shopping Bela Vista, desponta como uma op\u00e7\u00e3o de renova\u00e7\u00e3o do p\u00fablico, com a expectativa de atrair jovens soteropolitanos e turistas, al\u00e9m dos f\u00e3s do Jammil de todas as idades. Na estrutura, o p\u00fablico vai contar com servi\u00e7os que garantem o conforto e iniciativas personalizadas durante o desfile. O Praieiro tem o patroc\u00ednio do Esportes da Sorte, Bradesco e Shopping Bela Vista.<\/p>\n\n\n\n<p>Al\u00e9m de banheiros e bares exclusivos do bloco, o trio do Praieiro vai investir em sistema de som e ilumina\u00e7\u00e3o que vai potencializar a experi\u00eancia. No carro de apoio, sistema de bar com variedade de bebidas e lanches, al\u00e9m de assist\u00eancia m\u00e9dica de primeiros socorros com equipe de plant\u00e3o.<\/p>\n\n\n\n<p>Com mais de 25 anos de hist\u00f3ria, o Jammil continua se reinventando e apostando em novidades que posicionam a banda como uma das mais ativas do atual cen\u00e1rio musical, movimentando a cena com diversos lan\u00e7amentos e uma extensa agenda de shows em micaretas e festivais no Brasil e fora do pa\u00eds.<\/p>\n","protected":false},"excerpt":{"rendered":"<p>No ano de celebra\u00e7\u00e3o dos 40 anos do Ax\u00e9 e dos dez anos de hist\u00f3ria do Bloco Praieiro, a banda Jammil e Uma Noites faz um resgate necess\u00e1rio de uma pauta que j\u00e1 foi destaque antes e demonstra o perfil vision\u00e1rio de um nome fundamental para a festa na Bahia: Pedrinho da Rocha. Artista e [&hellip;]<\/p>\n","protected":false},"author":3,"featured_media":23438,"comment_status":"open","ping_status":"open","sticky":false,"template":"","format":"standard","meta":{"_monsterinsights_skip_tracking":false,"_monsterinsights_sitenote_active":false,"_monsterinsights_sitenote_note":"","_monsterinsights_sitenote_category":0,"footnotes":""},"categories":[44],"tags":[],"yoast_head":"<!-- This site is optimized with the Yoast SEO plugin v22.9 - https:\/\/yoast.com\/wordpress\/plugins\/seo\/ -->\n<title>Jammil leva pauta ambiental para a avenida e homenageia Pedrinho da Rocha no Praieiro - Portal MF<\/title>\n<meta name=\"robots\" content=\"index, follow, max-snippet:-1, max-image-preview:large, max-video-preview:-1\" \/>\n<link rel=\"canonical\" href=\"https:\/\/portalmf.com.br\/index.php\/2025\/02\/25\/jammil-leva-pauta-ambiental-para-a-avenida-e-homenageia-pedrinho-da-rocha-no-praieiro\/\" \/>\n<meta property=\"og:locale\" content=\"pt_BR\" \/>\n<meta property=\"og:type\" content=\"article\" \/>\n<meta property=\"og:title\" content=\"Jammil leva pauta ambiental para a avenida e homenageia Pedrinho da Rocha no Praieiro - Portal MF\" \/>\n<meta property=\"og:description\" content=\"No ano de celebra\u00e7\u00e3o dos 40 anos do Ax\u00e9 e dos dez anos de hist\u00f3ria do Bloco Praieiro, a banda Jammil e Uma Noites faz um resgate necess\u00e1rio de uma pauta que j\u00e1 foi destaque antes e demonstra o perfil vision\u00e1rio de um nome fundamental para a festa na Bahia: Pedrinho da Rocha. Artista e [&hellip;]\" \/>\n<meta property=\"og:url\" content=\"https:\/\/portalmf.com.br\/index.php\/2025\/02\/25\/jammil-leva-pauta-ambiental-para-a-avenida-e-homenageia-pedrinho-da-rocha-no-praieiro\/\" \/>\n<meta property=\"og:site_name\" content=\"Portal MF\" \/>\n<meta property=\"article:author\" content=\"https:\/\/www.facebook.com\/portalmfoficial\" \/>\n<meta property=\"article:published_time\" content=\"2025-02-25T20:15:25+00:00\" \/>\n<meta property=\"article:modified_time\" content=\"2025-02-25T20:15:26+00:00\" \/>\n<meta property=\"og:image\" content=\"https:\/\/portalmf.com.br\/wp-content\/uploads\/2024\/02\/Jammil-no-Furdunco_Fotos-de-Edgar-de-Souza-1.jpeg\" \/>\n\t<meta property=\"og:image:width\" content=\"1600\" \/>\n\t<meta property=\"og:image:height\" content=\"1066\" \/>\n\t<meta property=\"og:image:type\" content=\"image\/jpeg\" \/>\n<meta name=\"author\" content=\"Reda\u00e7\u00e3o Portal MF\" \/>\n<meta name=\"twitter:card\" content=\"summary_large_image\" \/>\n<meta name=\"twitter:creator\" content=\"@https:\/\/x.com\/portalmfoficial\" \/>\n<meta name=\"twitter:label1\" content=\"Escrito por\" \/>\n\t<meta name=\"twitter:data1\" content=\"Reda\u00e7\u00e3o Portal MF\" \/>\n\t<meta name=\"twitter:label2\" content=\"Est. tempo de leitura\" \/>\n\t<meta name=\"twitter:data2\" content=\"3 minutos\" \/>\n<script type=\"application\/ld+json\" class=\"yoast-schema-graph\">{\"@context\":\"https:\/\/schema.org\",\"@graph\":[{\"@type\":\"WebPage\",\"@id\":\"https:\/\/portalmf.com.br\/index.php\/2025\/02\/25\/jammil-leva-pauta-ambiental-para-a-avenida-e-homenageia-pedrinho-da-rocha-no-praieiro\/\",\"url\":\"https:\/\/portalmf.com.br\/index.php\/2025\/02\/25\/jammil-leva-pauta-ambiental-para-a-avenida-e-homenageia-pedrinho-da-rocha-no-praieiro\/\",\"name\":\"Jammil leva pauta ambiental para a avenida e homenageia Pedrinho da Rocha no Praieiro - Portal MF\",\"isPartOf\":{\"@id\":\"https:\/\/portalmf.com.br\/#website\"},\"primaryImageOfPage\":{\"@id\":\"https:\/\/portalmf.com.br\/index.php\/2025\/02\/25\/jammil-leva-pauta-ambiental-para-a-avenida-e-homenageia-pedrinho-da-rocha-no-praieiro\/#primaryimage\"},\"image\":{\"@id\":\"https:\/\/portalmf.com.br\/index.php\/2025\/02\/25\/jammil-leva-pauta-ambiental-para-a-avenida-e-homenageia-pedrinho-da-rocha-no-praieiro\/#primaryimage\"},\"thumbnailUrl\":\"https:\/\/portalmf.com.br\/wp-content\/uploads\/2024\/02\/Jammil-no-Furdunco_Fotos-de-Edgar-de-Souza-1.jpeg\",\"datePublished\":\"2025-02-25T20:15:25+00:00\",\"dateModified\":\"2025-02-25T20:15:26+00:00\",\"author\":{\"@id\":\"https:\/\/portalmf.com.br\/#\/schema\/person\/9ec101baf56233e53520c26de5d6f6f0\"},\"breadcrumb\":{\"@id\":\"https:\/\/portalmf.com.br\/index.php\/2025\/02\/25\/jammil-leva-pauta-ambiental-para-a-avenida-e-homenageia-pedrinho-da-rocha-no-praieiro\/#breadcrumb\"},\"inLanguage\":\"pt-BR\",\"potentialAction\":[{\"@type\":\"ReadAction\",\"target\":[\"https:\/\/portalmf.com.br\/index.php\/2025\/02\/25\/jammil-leva-pauta-ambiental-para-a-avenida-e-homenageia-pedrinho-da-rocha-no-praieiro\/\"]}]},{\"@type\":\"ImageObject\",\"inLanguage\":\"pt-BR\",\"@id\":\"https:\/\/portalmf.com.br\/index.php\/2025\/02\/25\/jammil-leva-pauta-ambiental-para-a-avenida-e-homenageia-pedrinho-da-rocha-no-praieiro\/#primaryimage\",\"url\":\"https:\/\/portalmf.com.br\/wp-content\/uploads\/2024\/02\/Jammil-no-Furdunco_Fotos-de-Edgar-de-Souza-1.jpeg\",\"contentUrl\":\"https:\/\/portalmf.com.br\/wp-content\/uploads\/2024\/02\/Jammil-no-Furdunco_Fotos-de-Edgar-de-Souza-1.jpeg\",\"width\":1600,\"height\":1066},{\"@type\":\"BreadcrumbList\",\"@id\":\"https:\/\/portalmf.com.br\/index.php\/2025\/02\/25\/jammil-leva-pauta-ambiental-para-a-avenida-e-homenageia-pedrinho-da-rocha-no-praieiro\/#breadcrumb\",\"itemListElement\":[{\"@type\":\"ListItem\",\"position\":1,\"name\":\"In\u00edcio\",\"item\":\"https:\/\/portalmf.com.br\/\"},{\"@type\":\"ListItem\",\"position\":2,\"name\":\"Jammil leva pauta ambiental para a avenida e homenageia Pedrinho da Rocha no Praieiro\"}]},{\"@type\":\"WebSite\",\"@id\":\"https:\/\/portalmf.com.br\/#website\",\"url\":\"https:\/\/portalmf.com.br\/\",\"name\":\"Portal MF\",\"description\":\"Voc\u00ea conectado com a informa\u00e7\u00e3o\",\"potentialAction\":[{\"@type\":\"SearchAction\",\"target\":{\"@type\":\"EntryPoint\",\"urlTemplate\":\"https:\/\/portalmf.com.br\/?s={search_term_string}\"},\"query-input\":\"required name=search_term_string\"}],\"inLanguage\":\"pt-BR\"},{\"@type\":\"Person\",\"@id\":\"https:\/\/portalmf.com.br\/#\/schema\/person\/9ec101baf56233e53520c26de5d6f6f0\",\"name\":\"Reda\u00e7\u00e3o Portal MF\",\"image\":{\"@type\":\"ImageObject\",\"inLanguage\":\"pt-BR\",\"@id\":\"https:\/\/portalmf.com.br\/#\/schema\/person\/image\/\",\"url\":\"https:\/\/secure.gravatar.com\/avatar\/41b9aaeb2100835f7c64362330f74c7f?s=96&d=mm&r=g\",\"contentUrl\":\"https:\/\/secure.gravatar.com\/avatar\/41b9aaeb2100835f7c64362330f74c7f?s=96&d=mm&r=g\",\"caption\":\"Reda\u00e7\u00e3o Portal MF\"},\"description\":\"Sejam bem-vindos o portal de informa\u00e7\u00f5es de entretenimento de Feira de Santana, desde 2006 realiza coberturas dos principais eventos com entrevistas exclusivas com as principais personalidades mundiais. Fique conectado tamb\u00e9m nas redes sociais.\",\"sameAs\":[\"http:\/\/www.portalmf.com.br\/\",\"https:\/\/www.facebook.com\/portalmfoficial\",\"https:\/\/www.instagram.com\/portalmf\/\",\"https:\/\/x.com\/https:\/\/x.com\/portalmfoficial\",\"https:\/\/www.youtube.com\/@portalmfoficial\"],\"url\":\"https:\/\/portalmf.com.br\/index.php\/author\/junior\/\"}]}<\/script>\n<!-- \/ Yoast SEO plugin. -->","yoast_head_json":{"title":"Jammil leva pauta ambiental para a avenida e homenageia Pedrinho da Rocha no Praieiro - Portal MF","robots":{"index":"index","follow":"follow","max-snippet":"max-snippet:-1","max-image-preview":"max-image-preview:large","max-video-preview":"max-video-preview:-1"},"canonical":"https:\/\/portalmf.com.br\/index.php\/2025\/02\/25\/jammil-leva-pauta-ambiental-para-a-avenida-e-homenageia-pedrinho-da-rocha-no-praieiro\/","og_locale":"pt_BR","og_type":"article","og_title":"Jammil leva pauta ambiental para a avenida e homenageia Pedrinho da Rocha no Praieiro - Portal MF","og_description":"No ano de celebra\u00e7\u00e3o dos 40 anos do Ax\u00e9 e dos dez anos de hist\u00f3ria do Bloco Praieiro, a banda Jammil e Uma Noites faz um resgate necess\u00e1rio de uma pauta que j\u00e1 foi destaque antes e demonstra o perfil vision\u00e1rio de um nome fundamental para a festa na Bahia: Pedrinho da Rocha. Artista e [&hellip;]","og_url":"https:\/\/portalmf.com.br\/index.php\/2025\/02\/25\/jammil-leva-pauta-ambiental-para-a-avenida-e-homenageia-pedrinho-da-rocha-no-praieiro\/","og_site_name":"Portal MF","article_author":"https:\/\/www.facebook.com\/portalmfoficial","article_published_time":"2025-02-25T20:15:25+00:00","article_modified_time":"2025-02-25T20:15:26+00:00","og_image":[{"width":1600,"height":1066,"url":"https:\/\/portalmf.com.br\/wp-content\/uploads\/2024\/02\/Jammil-no-Furdunco_Fotos-de-Edgar-de-Souza-1.jpeg","type":"image\/jpeg"}],"author":"Reda\u00e7\u00e3o Portal MF","twitter_card":"summary_large_image","twitter_creator":"@https:\/\/x.com\/portalmfoficial","twitter_misc":{"Escrito por":"Reda\u00e7\u00e3o Portal MF","Est. tempo de leitura":"3 minutos"},"schema":{"@context":"https:\/\/schema.org","@graph":[{"@type":"WebPage","@id":"https:\/\/portalmf.com.br\/index.php\/2025\/02\/25\/jammil-leva-pauta-ambiental-para-a-avenida-e-homenageia-pedrinho-da-rocha-no-praieiro\/","url":"https:\/\/portalmf.com.br\/index.php\/2025\/02\/25\/jammil-leva-pauta-ambiental-para-a-avenida-e-homenageia-pedrinho-da-rocha-no-praieiro\/","name":"Jammil leva pauta ambiental para a avenida e homenageia Pedrinho da Rocha no Praieiro - Portal MF","isPartOf":{"@id":"https:\/\/portalmf.com.br\/#website"},"primaryImageOfPage":{"@id":"https:\/\/portalmf.com.br\/index.php\/2025\/02\/25\/jammil-leva-pauta-ambiental-para-a-avenida-e-homenageia-pedrinho-da-rocha-no-praieiro\/#primaryimage"},"image":{"@id":"https:\/\/portalmf.com.br\/index.php\/2025\/02\/25\/jammil-leva-pauta-ambiental-para-a-avenida-e-homenageia-pedrinho-da-rocha-no-praieiro\/#primaryimage"},"thumbnailUrl":"https:\/\/portalmf.com.br\/wp-content\/uploads\/2024\/02\/Jammil-no-Furdunco_Fotos-de-Edgar-de-Souza-1.jpeg","datePublished":"2025-02-25T20:15:25+00:00","dateModified":"2025-02-25T20:15:26+00:00","author":{"@id":"https:\/\/portalmf.com.br\/#\/schema\/person\/9ec101baf56233e53520c26de5d6f6f0"},"breadcrumb":{"@id":"https:\/\/portalmf.com.br\/index.php\/2025\/02\/25\/jammil-leva-pauta-ambiental-para-a-avenida-e-homenageia-pedrinho-da-rocha-no-praieiro\/#breadcrumb"},"inLanguage":"pt-BR","potentialAction":[{"@type":"ReadAction","target":["https:\/\/portalmf.com.br\/index.php\/2025\/02\/25\/jammil-leva-pauta-ambiental-para-a-avenida-e-homenageia-pedrinho-da-rocha-no-praieiro\/"]}]},{"@type":"ImageObject","inLanguage":"pt-BR","@id":"https:\/\/portalmf.com.br\/index.php\/2025\/02\/25\/jammil-leva-pauta-ambiental-para-a-avenida-e-homenageia-pedrinho-da-rocha-no-praieiro\/#primaryimage","url":"https:\/\/portalmf.com.br\/wp-content\/uploads\/2024\/02\/Jammil-no-Furdunco_Fotos-de-Edgar-de-Souza-1.jpeg","contentUrl":"https:\/\/portalmf.com.br\/wp-content\/uploads\/2024\/02\/Jammil-no-Furdunco_Fotos-de-Edgar-de-Souza-1.jpeg","width":1600,"height":1066},{"@type":"BreadcrumbList","@id":"https:\/\/portalmf.com.br\/index.php\/2025\/02\/25\/jammil-leva-pauta-ambiental-para-a-avenida-e-homenageia-pedrinho-da-rocha-no-praieiro\/#breadcrumb","itemListElement":[{"@type":"ListItem","position":1,"name":"In\u00edcio","item":"https:\/\/portalmf.com.br\/"},{"@type":"ListItem","position":2,"name":"Jammil leva pauta ambiental para a avenida e homenageia Pedrinho da Rocha no Praieiro"}]},{"@type":"WebSite","@id":"https:\/\/portalmf.com.br\/#website","url":"https:\/\/portalmf.com.br\/","name":"Portal MF","description":"Voc\u00ea conectado com a informa\u00e7\u00e3o","potentialAction":[{"@type":"SearchAction","target":{"@type":"EntryPoint","urlTemplate":"https:\/\/portalmf.com.br\/?s={search_term_string}"},"query-input":"required name=search_term_string"}],"inLanguage":"pt-BR"},{"@type":"Person","@id":"https:\/\/portalmf.com.br\/#\/schema\/person\/9ec101baf56233e53520c26de5d6f6f0","name":"Reda\u00e7\u00e3o Portal MF","image":{"@type":"ImageObject","inLanguage":"pt-BR","@id":"https:\/\/portalmf.com.br\/#\/schema\/person\/image\/","url":"https:\/\/secure.gravatar.com\/avatar\/41b9aaeb2100835f7c64362330f74c7f?s=96&d=mm&r=g","contentUrl":"https:\/\/secure.gravatar.com\/avatar\/41b9aaeb2100835f7c64362330f74c7f?s=96&d=mm&r=g","caption":"Reda\u00e7\u00e3o Portal MF"},"description":"Sejam bem-vindos o portal de informa\u00e7\u00f5es de entretenimento de Feira de Santana, desde 2006 realiza coberturas dos principais eventos com entrevistas exclusivas com as principais personalidades mundiais. Fique conectado tamb\u00e9m nas redes sociais.","sameAs":["http:\/\/www.portalmf.com.br\/","https:\/\/www.facebook.com\/portalmfoficial","https:\/\/www.instagram.com\/portalmf\/","https:\/\/x.com\/https:\/\/x.com\/portalmfoficial","https:\/\/www.youtube.com\/@portalmfoficial"],"url":"https:\/\/portalmf.com.br\/index.php\/author\/junior\/"}]}},"_links":{"self":[{"href":"https:\/\/portalmf.com.br\/index.php\/wp-json\/wp\/v2\/posts\/34445"}],"collection":[{"href":"https:\/\/portalmf.com.br\/index.php\/wp-json\/wp\/v2\/posts"}],"about":[{"href":"https:\/\/portalmf.com.br\/index.php\/wp-json\/wp\/v2\/types\/post"}],"author":[{"embeddable":true,"href":"https:\/\/portalmf.com.br\/index.php\/wp-json\/wp\/v2\/users\/3"}],"replies":[{"embeddable":true,"href":"https:\/\/portalmf.com.br\/index.php\/wp-json\/wp\/v2\/comments?post=34445"}],"version-history":[{"count":1,"href":"https:\/\/portalmf.com.br\/index.php\/wp-json\/wp\/v2\/posts\/34445\/revisions"}],"predecessor-version":[{"id":34446,"href":"https:\/\/portalmf.com.br\/index.php\/wp-json\/wp\/v2\/posts\/34445\/revisions\/34446"}],"wp:featuredmedia":[{"embeddable":true,"href":"https:\/\/portalmf.com.br\/index.php\/wp-json\/wp\/v2\/media\/23438"}],"wp:attachment":[{"href":"https:\/\/portalmf.com.br\/index.php\/wp-json\/wp\/v2\/media?parent=34445"}],"wp:term":[{"taxonomy":"category","embeddable":true,"href":"https:\/\/portalmf.com.br\/index.php\/wp-json\/wp\/v2\/categories?post=34445"},{"taxonomy":"post_tag","embeddable":true,"href":"https:\/\/portalmf.com.br\/index.php\/wp-json\/wp\/v2\/tags?post=34445"}],"curies":[{"name":"wp","href":"https:\/\/api.w.org\/{rel}","templated":true}]}}