{"id":34440,"date":"2025-02-25T17:08:11","date_gmt":"2025-02-25T20:08:11","guid":{"rendered":"https:\/\/portalmf.com.br\/?p=34440"},"modified":"2025-02-25T17:08:11","modified_gmt":"2025-02-25T20:08:11","slug":"com-candidata-a-musica-do-carnaval-papazoni-faz-a-festa-pela-bahia","status":"publish","type":"post","link":"https:\/\/portalmf.com.br\/index.php\/2025\/02\/25\/com-candidata-a-musica-do-carnaval-papazoni-faz-a-festa-pela-bahia\/","title":{"rendered":"Com candidata \u00e0 m\u00fasica do Carnaval, Papazoni faz a festa pela Bahia"},"content":{"rendered":"\n<p>A banda Papazoni segue com tudo nesse ver\u00e3o. Com agenda cheia, o grupo promete muita anima\u00e7\u00e3o durante o Carnaval 2025, que tem sabor especial, pois \u201cVentilador\u201d, m\u00fasica do grupo Feat com o \u00c9 o Tchan, \u00e9 apontada como candidata \u00e0 m\u00fasica da folia. Logo nesta quinta-feira, dia 27 de fevereiro, a banda, comandada pelo cantor Felipe Gama, tem encontro marcado com o p\u00fablico do Circuito Barra-Ondina, a bordo de um trio el\u00e9trico para o foli\u00e3o pipoca. A apresenta\u00e7\u00e3o na quinta (27), no trio, para o foli\u00e3o pipoca, conta com o apoio do Governo do Estado da Bahia, atrav\u00e9s da Superintendencia do Fomento ao Turismo (Sufotur). <\/p>\n\n\n\n<p>Na sexta, dia 28, a folia momesca segue tamb\u00e9m no Circuito Barra-Ondina. Primeiro, comandando mais uma vez de um trio el\u00e9trico; e depois, sacudindo os foli\u00f5es no Camarote da Pol\u00edcia Militar, em Ondina. Mas n\u00e3o para por a\u00ed&#8230; No s\u00e1bado (01 de mar\u00e7o), o Papazoni garante mais uma vez a festa em Salvador, no Circuito Barra-Ondina, para que os foli\u00f5es que escolhem curtir na rua, tenham divers\u00e3o garantida. Mais uma vez, a apresenta\u00e7\u00e3o deste s\u00e1bado (01) conta com o apoio do Governo do Estado da Bahia, atrav\u00e9s da Superintendencia do Fomento ao Turismo (Sufotur). Domingo (02), o grupo se apresenta nas cidades de Belmonte e Porto Seguro, no extremo-sul da Bahia.<\/p>\n\n\n\n<p>Na segunda, dia 03 tem jornada tripla para a banda! Os shows ser\u00e3o nas cidades baianas de S\u00e3o F\u00e9lix do Coribe, Correntia e Barrareiras, onde grupo vai animar o Bloco Allanbick. Ter\u00e7a (04), a festa ser\u00e1 em Candido Sales. O Papazoni promete um grande show para o p\u00fablico de l\u00e1.<\/p>\n\n\n\n<p>Mas a folia n\u00e3o para por a\u00ed! Na sexta, dia 07, a parada ser\u00e1 na cidade de Espinoza, interior de Minas Gerais. E, para fechar com chave de ouro, no s\u00e1bado (08), j\u00e1 de volta \u00e0 Bahia, o grupo encerra as apresenta\u00e7\u00f5es carnavalescas em Encruzilhada.<\/p>\n","protected":false},"excerpt":{"rendered":"<p>A banda Papazoni segue com tudo nesse ver\u00e3o. Com agenda cheia, o grupo promete muita anima\u00e7\u00e3o durante o Carnaval 2025, que tem sabor especial, pois \u201cVentilador\u201d, m\u00fasica do grupo Feat com o \u00c9 o Tchan, \u00e9 apontada como candidata \u00e0 m\u00fasica da folia. Logo nesta quinta-feira, dia 27 de fevereiro, a banda, comandada pelo cantor [&hellip;]<\/p>\n","protected":false},"author":3,"featured_media":33757,"comment_status":"open","ping_status":"open","sticky":false,"template":"","format":"standard","meta":{"_monsterinsights_skip_tracking":false,"_monsterinsights_sitenote_active":false,"_monsterinsights_sitenote_note":"","_monsterinsights_sitenote_category":0,"footnotes":""},"categories":[44,47],"tags":[],"yoast_head":"<!-- This site is optimized with the Yoast SEO plugin v22.9 - https:\/\/yoast.com\/wordpress\/plugins\/seo\/ -->\n<title>Com candidata \u00e0 m\u00fasica do Carnaval, Papazoni faz a festa pela Bahia - Portal MF<\/title>\n<meta name=\"robots\" content=\"index, follow, max-snippet:-1, max-image-preview:large, max-video-preview:-1\" \/>\n<link rel=\"canonical\" href=\"https:\/\/portalmf.com.br\/index.php\/2025\/02\/25\/com-candidata-a-musica-do-carnaval-papazoni-faz-a-festa-pela-bahia\/\" \/>\n<meta property=\"og:locale\" content=\"pt_BR\" \/>\n<meta property=\"og:type\" content=\"article\" \/>\n<meta property=\"og:title\" content=\"Com candidata \u00e0 m\u00fasica do Carnaval, Papazoni faz a festa pela Bahia - Portal MF\" \/>\n<meta property=\"og:description\" content=\"A banda Papazoni segue com tudo nesse ver\u00e3o. Com agenda cheia, o grupo promete muita anima\u00e7\u00e3o durante o Carnaval 2025, que tem sabor especial, pois \u201cVentilador\u201d, m\u00fasica do grupo Feat com o \u00c9 o Tchan, \u00e9 apontada como candidata \u00e0 m\u00fasica da folia. Logo nesta quinta-feira, dia 27 de fevereiro, a banda, comandada pelo cantor [&hellip;]\" \/>\n<meta property=\"og:url\" content=\"https:\/\/portalmf.com.br\/index.php\/2025\/02\/25\/com-candidata-a-musica-do-carnaval-papazoni-faz-a-festa-pela-bahia\/\" \/>\n<meta property=\"og:site_name\" content=\"Portal MF\" \/>\n<meta property=\"article:author\" content=\"https:\/\/www.facebook.com\/portalmfoficial\" \/>\n<meta property=\"article:published_time\" content=\"2025-02-25T20:08:11+00:00\" \/>\n<meta property=\"og:image\" content=\"https:\/\/portalmf.com.br\/wp-content\/uploads\/2025\/02\/Papazoni-2024_DIV4_H.jpg\" \/>\n\t<meta property=\"og:image:width\" content=\"1500\" \/>\n\t<meta property=\"og:image:height\" content=\"778\" \/>\n\t<meta property=\"og:image:type\" content=\"image\/jpeg\" \/>\n<meta name=\"author\" content=\"Reda\u00e7\u00e3o Portal MF\" \/>\n<meta name=\"twitter:card\" content=\"summary_large_image\" \/>\n<meta name=\"twitter:creator\" content=\"@https:\/\/x.com\/portalmfoficial\" \/>\n<meta name=\"twitter:label1\" content=\"Escrito por\" \/>\n\t<meta name=\"twitter:data1\" content=\"Reda\u00e7\u00e3o Portal MF\" \/>\n\t<meta name=\"twitter:label2\" content=\"Est. tempo de leitura\" \/>\n\t<meta name=\"twitter:data2\" content=\"2 minutos\" \/>\n<script type=\"application\/ld+json\" class=\"yoast-schema-graph\">{\"@context\":\"https:\/\/schema.org\",\"@graph\":[{\"@type\":\"WebPage\",\"@id\":\"https:\/\/portalmf.com.br\/index.php\/2025\/02\/25\/com-candidata-a-musica-do-carnaval-papazoni-faz-a-festa-pela-bahia\/\",\"url\":\"https:\/\/portalmf.com.br\/index.php\/2025\/02\/25\/com-candidata-a-musica-do-carnaval-papazoni-faz-a-festa-pela-bahia\/\",\"name\":\"Com candidata \u00e0 m\u00fasica do Carnaval, Papazoni faz a festa pela Bahia - Portal MF\",\"isPartOf\":{\"@id\":\"https:\/\/portalmf.com.br\/#website\"},\"primaryImageOfPage\":{\"@id\":\"https:\/\/portalmf.com.br\/index.php\/2025\/02\/25\/com-candidata-a-musica-do-carnaval-papazoni-faz-a-festa-pela-bahia\/#primaryimage\"},\"image\":{\"@id\":\"https:\/\/portalmf.com.br\/index.php\/2025\/02\/25\/com-candidata-a-musica-do-carnaval-papazoni-faz-a-festa-pela-bahia\/#primaryimage\"},\"thumbnailUrl\":\"https:\/\/portalmf.com.br\/wp-content\/uploads\/2025\/02\/Papazoni-2024_DIV4_H.jpg\",\"datePublished\":\"2025-02-25T20:08:11+00:00\",\"dateModified\":\"2025-02-25T20:08:11+00:00\",\"author\":{\"@id\":\"https:\/\/portalmf.com.br\/#\/schema\/person\/9ec101baf56233e53520c26de5d6f6f0\"},\"breadcrumb\":{\"@id\":\"https:\/\/portalmf.com.br\/index.php\/2025\/02\/25\/com-candidata-a-musica-do-carnaval-papazoni-faz-a-festa-pela-bahia\/#breadcrumb\"},\"inLanguage\":\"pt-BR\",\"potentialAction\":[{\"@type\":\"ReadAction\",\"target\":[\"https:\/\/portalmf.com.br\/index.php\/2025\/02\/25\/com-candidata-a-musica-do-carnaval-papazoni-faz-a-festa-pela-bahia\/\"]}]},{\"@type\":\"ImageObject\",\"inLanguage\":\"pt-BR\",\"@id\":\"https:\/\/portalmf.com.br\/index.php\/2025\/02\/25\/com-candidata-a-musica-do-carnaval-papazoni-faz-a-festa-pela-bahia\/#primaryimage\",\"url\":\"https:\/\/portalmf.com.br\/wp-content\/uploads\/2025\/02\/Papazoni-2024_DIV4_H.jpg\",\"contentUrl\":\"https:\/\/portalmf.com.br\/wp-content\/uploads\/2025\/02\/Papazoni-2024_DIV4_H.jpg\",\"width\":1500,\"height\":778},{\"@type\":\"BreadcrumbList\",\"@id\":\"https:\/\/portalmf.com.br\/index.php\/2025\/02\/25\/com-candidata-a-musica-do-carnaval-papazoni-faz-a-festa-pela-bahia\/#breadcrumb\",\"itemListElement\":[{\"@type\":\"ListItem\",\"position\":1,\"name\":\"In\u00edcio\",\"item\":\"https:\/\/portalmf.com.br\/\"},{\"@type\":\"ListItem\",\"position\":2,\"name\":\"Com candidata \u00e0 m\u00fasica do Carnaval, Papazoni faz a festa pela Bahia\"}]},{\"@type\":\"WebSite\",\"@id\":\"https:\/\/portalmf.com.br\/#website\",\"url\":\"https:\/\/portalmf.com.br\/\",\"name\":\"Portal MF\",\"description\":\"Voc\u00ea conectado com a informa\u00e7\u00e3o\",\"potentialAction\":[{\"@type\":\"SearchAction\",\"target\":{\"@type\":\"EntryPoint\",\"urlTemplate\":\"https:\/\/portalmf.com.br\/?s={search_term_string}\"},\"query-input\":\"required name=search_term_string\"}],\"inLanguage\":\"pt-BR\"},{\"@type\":\"Person\",\"@id\":\"https:\/\/portalmf.com.br\/#\/schema\/person\/9ec101baf56233e53520c26de5d6f6f0\",\"name\":\"Reda\u00e7\u00e3o Portal MF\",\"image\":{\"@type\":\"ImageObject\",\"inLanguage\":\"pt-BR\",\"@id\":\"https:\/\/portalmf.com.br\/#\/schema\/person\/image\/\",\"url\":\"https:\/\/secure.gravatar.com\/avatar\/41b9aaeb2100835f7c64362330f74c7f?s=96&d=mm&r=g\",\"contentUrl\":\"https:\/\/secure.gravatar.com\/avatar\/41b9aaeb2100835f7c64362330f74c7f?s=96&d=mm&r=g\",\"caption\":\"Reda\u00e7\u00e3o Portal MF\"},\"description\":\"Sejam bem-vindos o portal de informa\u00e7\u00f5es de entretenimento de Feira de Santana, desde 2006 realiza coberturas dos principais eventos com entrevistas exclusivas com as principais personalidades mundiais. Fique conectado tamb\u00e9m nas redes sociais.\",\"sameAs\":[\"http:\/\/www.portalmf.com.br\/\",\"https:\/\/www.facebook.com\/portalmfoficial\",\"https:\/\/www.instagram.com\/portalmf\/\",\"https:\/\/x.com\/https:\/\/x.com\/portalmfoficial\",\"https:\/\/www.youtube.com\/@portalmfoficial\"],\"url\":\"https:\/\/portalmf.com.br\/index.php\/author\/junior\/\"}]}<\/script>\n<!-- \/ Yoast SEO plugin. -->","yoast_head_json":{"title":"Com candidata \u00e0 m\u00fasica do Carnaval, Papazoni faz a festa pela Bahia - Portal MF","robots":{"index":"index","follow":"follow","max-snippet":"max-snippet:-1","max-image-preview":"max-image-preview:large","max-video-preview":"max-video-preview:-1"},"canonical":"https:\/\/portalmf.com.br\/index.php\/2025\/02\/25\/com-candidata-a-musica-do-carnaval-papazoni-faz-a-festa-pela-bahia\/","og_locale":"pt_BR","og_type":"article","og_title":"Com candidata \u00e0 m\u00fasica do Carnaval, Papazoni faz a festa pela Bahia - Portal MF","og_description":"A banda Papazoni segue com tudo nesse ver\u00e3o. Com agenda cheia, o grupo promete muita anima\u00e7\u00e3o durante o Carnaval 2025, que tem sabor especial, pois \u201cVentilador\u201d, m\u00fasica do grupo Feat com o \u00c9 o Tchan, \u00e9 apontada como candidata \u00e0 m\u00fasica da folia. Logo nesta quinta-feira, dia 27 de fevereiro, a banda, comandada pelo cantor [&hellip;]","og_url":"https:\/\/portalmf.com.br\/index.php\/2025\/02\/25\/com-candidata-a-musica-do-carnaval-papazoni-faz-a-festa-pela-bahia\/","og_site_name":"Portal MF","article_author":"https:\/\/www.facebook.com\/portalmfoficial","article_published_time":"2025-02-25T20:08:11+00:00","og_image":[{"width":1500,"height":778,"url":"https:\/\/portalmf.com.br\/wp-content\/uploads\/2025\/02\/Papazoni-2024_DIV4_H.jpg","type":"image\/jpeg"}],"author":"Reda\u00e7\u00e3o Portal MF","twitter_card":"summary_large_image","twitter_creator":"@https:\/\/x.com\/portalmfoficial","twitter_misc":{"Escrito por":"Reda\u00e7\u00e3o Portal MF","Est. tempo de leitura":"2 minutos"},"schema":{"@context":"https:\/\/schema.org","@graph":[{"@type":"WebPage","@id":"https:\/\/portalmf.com.br\/index.php\/2025\/02\/25\/com-candidata-a-musica-do-carnaval-papazoni-faz-a-festa-pela-bahia\/","url":"https:\/\/portalmf.com.br\/index.php\/2025\/02\/25\/com-candidata-a-musica-do-carnaval-papazoni-faz-a-festa-pela-bahia\/","name":"Com candidata \u00e0 m\u00fasica do Carnaval, Papazoni faz a festa pela Bahia - Portal MF","isPartOf":{"@id":"https:\/\/portalmf.com.br\/#website"},"primaryImageOfPage":{"@id":"https:\/\/portalmf.com.br\/index.php\/2025\/02\/25\/com-candidata-a-musica-do-carnaval-papazoni-faz-a-festa-pela-bahia\/#primaryimage"},"image":{"@id":"https:\/\/portalmf.com.br\/index.php\/2025\/02\/25\/com-candidata-a-musica-do-carnaval-papazoni-faz-a-festa-pela-bahia\/#primaryimage"},"thumbnailUrl":"https:\/\/portalmf.com.br\/wp-content\/uploads\/2025\/02\/Papazoni-2024_DIV4_H.jpg","datePublished":"2025-02-25T20:08:11+00:00","dateModified":"2025-02-25T20:08:11+00:00","author":{"@id":"https:\/\/portalmf.com.br\/#\/schema\/person\/9ec101baf56233e53520c26de5d6f6f0"},"breadcrumb":{"@id":"https:\/\/portalmf.com.br\/index.php\/2025\/02\/25\/com-candidata-a-musica-do-carnaval-papazoni-faz-a-festa-pela-bahia\/#breadcrumb"},"inLanguage":"pt-BR","potentialAction":[{"@type":"ReadAction","target":["https:\/\/portalmf.com.br\/index.php\/2025\/02\/25\/com-candidata-a-musica-do-carnaval-papazoni-faz-a-festa-pela-bahia\/"]}]},{"@type":"ImageObject","inLanguage":"pt-BR","@id":"https:\/\/portalmf.com.br\/index.php\/2025\/02\/25\/com-candidata-a-musica-do-carnaval-papazoni-faz-a-festa-pela-bahia\/#primaryimage","url":"https:\/\/portalmf.com.br\/wp-content\/uploads\/2025\/02\/Papazoni-2024_DIV4_H.jpg","contentUrl":"https:\/\/portalmf.com.br\/wp-content\/uploads\/2025\/02\/Papazoni-2024_DIV4_H.jpg","width":1500,"height":778},{"@type":"BreadcrumbList","@id":"https:\/\/portalmf.com.br\/index.php\/2025\/02\/25\/com-candidata-a-musica-do-carnaval-papazoni-faz-a-festa-pela-bahia\/#breadcrumb","itemListElement":[{"@type":"ListItem","position":1,"name":"In\u00edcio","item":"https:\/\/portalmf.com.br\/"},{"@type":"ListItem","position":2,"name":"Com candidata \u00e0 m\u00fasica do Carnaval, Papazoni faz a festa pela Bahia"}]},{"@type":"WebSite","@id":"https:\/\/portalmf.com.br\/#website","url":"https:\/\/portalmf.com.br\/","name":"Portal MF","description":"Voc\u00ea conectado com a informa\u00e7\u00e3o","potentialAction":[{"@type":"SearchAction","target":{"@type":"EntryPoint","urlTemplate":"https:\/\/portalmf.com.br\/?s={search_term_string}"},"query-input":"required name=search_term_string"}],"inLanguage":"pt-BR"},{"@type":"Person","@id":"https:\/\/portalmf.com.br\/#\/schema\/person\/9ec101baf56233e53520c26de5d6f6f0","name":"Reda\u00e7\u00e3o Portal MF","image":{"@type":"ImageObject","inLanguage":"pt-BR","@id":"https:\/\/portalmf.com.br\/#\/schema\/person\/image\/","url":"https:\/\/secure.gravatar.com\/avatar\/41b9aaeb2100835f7c64362330f74c7f?s=96&d=mm&r=g","contentUrl":"https:\/\/secure.gravatar.com\/avatar\/41b9aaeb2100835f7c64362330f74c7f?s=96&d=mm&r=g","caption":"Reda\u00e7\u00e3o Portal MF"},"description":"Sejam bem-vindos o portal de informa\u00e7\u00f5es de entretenimento de Feira de Santana, desde 2006 realiza coberturas dos principais eventos com entrevistas exclusivas com as principais personalidades mundiais. Fique conectado tamb\u00e9m nas redes sociais.","sameAs":["http:\/\/www.portalmf.com.br\/","https:\/\/www.facebook.com\/portalmfoficial","https:\/\/www.instagram.com\/portalmf\/","https:\/\/x.com\/https:\/\/x.com\/portalmfoficial","https:\/\/www.youtube.com\/@portalmfoficial"],"url":"https:\/\/portalmf.com.br\/index.php\/author\/junior\/"}]}},"_links":{"self":[{"href":"https:\/\/portalmf.com.br\/index.php\/wp-json\/wp\/v2\/posts\/34440"}],"collection":[{"href":"https:\/\/portalmf.com.br\/index.php\/wp-json\/wp\/v2\/posts"}],"about":[{"href":"https:\/\/portalmf.com.br\/index.php\/wp-json\/wp\/v2\/types\/post"}],"author":[{"embeddable":true,"href":"https:\/\/portalmf.com.br\/index.php\/wp-json\/wp\/v2\/users\/3"}],"replies":[{"embeddable":true,"href":"https:\/\/portalmf.com.br\/index.php\/wp-json\/wp\/v2\/comments?post=34440"}],"version-history":[{"count":1,"href":"https:\/\/portalmf.com.br\/index.php\/wp-json\/wp\/v2\/posts\/34440\/revisions"}],"predecessor-version":[{"id":34441,"href":"https:\/\/portalmf.com.br\/index.php\/wp-json\/wp\/v2\/posts\/34440\/revisions\/34441"}],"wp:featuredmedia":[{"embeddable":true,"href":"https:\/\/portalmf.com.br\/index.php\/wp-json\/wp\/v2\/media\/33757"}],"wp:attachment":[{"href":"https:\/\/portalmf.com.br\/index.php\/wp-json\/wp\/v2\/media?parent=34440"}],"wp:term":[{"taxonomy":"category","embeddable":true,"href":"https:\/\/portalmf.com.br\/index.php\/wp-json\/wp\/v2\/categories?post=34440"},{"taxonomy":"post_tag","embeddable":true,"href":"https:\/\/portalmf.com.br\/index.php\/wp-json\/wp\/v2\/tags?post=34440"}],"curies":[{"name":"wp","href":"https:\/\/api.w.org\/{rel}","templated":true}]}}