{"id":34438,"date":"2025-02-25T17:06:30","date_gmt":"2025-02-25T20:06:30","guid":{"rendered":"https:\/\/portalmf.com.br\/?p=34438"},"modified":"2025-02-25T17:06:31","modified_gmt":"2025-02-25T20:06:31","slug":"alexandre-peixe-anima-a-folia-carnavalesca-em-salvador-e-minas-gerais","status":"publish","type":"post","link":"https:\/\/portalmf.com.br\/index.php\/2025\/02\/25\/alexandre-peixe-anima-a-folia-carnavalesca-em-salvador-e-minas-gerais\/","title":{"rendered":"Alexandre Peixe anima a folia carnavalesca em Salvador e Minas Gerais"},"content":{"rendered":"\n<p>A caravana carnavalesca do cantor e compositor Alexandre Peixe continua na estrada animando o p\u00fablico por onde passa. Nesta quarta, dia 26 de fevereiro, o artista comanda o Bloco Gravata Doida, na Par\u00f3quia de Santo Ant\u00f4nio Al\u00e9m do Carmo, em Salvador.<\/p>\n\n\n\n<p>Os ingressos est\u00e3o dispon\u00edveis atrav\u00e9s de <a href=\"https:\/\/ingresse.com\/gravata-doida-2025\/\">https:\/\/ingresse.com\/gravata-doida-2025\/<\/a>.<\/p>\n\n\n\n<p>Na quinta-feira, dia 27, Peixe faz jornada dupla no primeiro dia oficial de Carnaval. Primeiro, ele se apresenta no Camarote Har\u00e9m e, na sequ\u00eancia, no Camarote Salvador. Sexta, 28, ser\u00e1 a vez do Camarote Ondina receber o show do artista baiano. No s\u00e1bado, dia 01 de mar\u00e7o, j\u00e1 em terras mineiras, Peixe vai fazer a festa nas cidades de Pouso Alegre e Campos Gerais.<\/p>\n\n\n\n<p>Domingo (02), tem mais dose dupla; desta vez em Fama e Tr\u00eas Pontas, ambas no interior de Minas Gerais. Na segunda, dia 03, tem apresenta\u00e7\u00f5es em Belo Horizonte, na festa \u201cCarnaval dos Sonhos\u201d; e no munic\u00edpio de Mato Dentro (MG). J\u00e1 na ter\u00e7a, dia 04, o cantor e compositor baiano retorna a Salvador, para agitar os p\u00fablicos dos Camarotes Club e Har\u00e9m, onde garante que n\u00e3o faltar\u00e3o sucessos para os foli\u00f5es.<\/p>\n\n\n\n<p><em>\u201cEsse Carnaval ser\u00e1 ainda mais especial. Celebro 20 anos de carreira como cantor e o Ax\u00e9 comemora seus 40 anos. \u00c9 uma edi\u00e7\u00e3o especial\u00edssima da festa\u201d,<\/em> conta Peixe.<\/p>\n","protected":false},"excerpt":{"rendered":"<p>A caravana carnavalesca do cantor e compositor Alexandre Peixe continua na estrada animando o p\u00fablico por onde passa. Nesta quarta, dia 26 de fevereiro, o artista comanda o Bloco Gravata Doida, na Par\u00f3quia de Santo Ant\u00f4nio Al\u00e9m do Carmo, em Salvador. Os ingressos est\u00e3o dispon\u00edveis atrav\u00e9s de https:\/\/ingresse.com\/gravata-doida-2025\/. Na quinta-feira, dia 27, Peixe faz jornada [&hellip;]<\/p>\n","protected":false},"author":3,"featured_media":30851,"comment_status":"open","ping_status":"open","sticky":false,"template":"","format":"standard","meta":{"_monsterinsights_skip_tracking":false,"_monsterinsights_sitenote_active":false,"_monsterinsights_sitenote_note":"","_monsterinsights_sitenote_category":0,"footnotes":""},"categories":[44],"tags":[],"yoast_head":"<!-- This site is optimized with the Yoast SEO plugin v22.9 - https:\/\/yoast.com\/wordpress\/plugins\/seo\/ -->\n<title>Alexandre Peixe anima a folia carnavalesca em Salvador e Minas Gerais - Portal MF<\/title>\n<meta name=\"robots\" content=\"index, follow, max-snippet:-1, max-image-preview:large, max-video-preview:-1\" \/>\n<link rel=\"canonical\" href=\"https:\/\/portalmf.com.br\/index.php\/2025\/02\/25\/alexandre-peixe-anima-a-folia-carnavalesca-em-salvador-e-minas-gerais\/\" \/>\n<meta property=\"og:locale\" content=\"pt_BR\" \/>\n<meta property=\"og:type\" content=\"article\" \/>\n<meta property=\"og:title\" content=\"Alexandre Peixe anima a folia carnavalesca em Salvador e Minas Gerais - Portal MF\" \/>\n<meta property=\"og:description\" content=\"A caravana carnavalesca do cantor e compositor Alexandre Peixe continua na estrada animando o p\u00fablico por onde passa. Nesta quarta, dia 26 de fevereiro, o artista comanda o Bloco Gravata Doida, na Par\u00f3quia de Santo Ant\u00f4nio Al\u00e9m do Carmo, em Salvador. Os ingressos est\u00e3o dispon\u00edveis atrav\u00e9s de https:\/\/ingresse.com\/gravata-doida-2025\/. Na quinta-feira, dia 27, Peixe faz jornada [&hellip;]\" \/>\n<meta property=\"og:url\" content=\"https:\/\/portalmf.com.br\/index.php\/2025\/02\/25\/alexandre-peixe-anima-a-folia-carnavalesca-em-salvador-e-minas-gerais\/\" \/>\n<meta property=\"og:site_name\" content=\"Portal MF\" \/>\n<meta property=\"article:author\" content=\"https:\/\/www.facebook.com\/portalmfoficial\" \/>\n<meta property=\"article:published_time\" content=\"2025-02-25T20:06:30+00:00\" \/>\n<meta property=\"article:modified_time\" content=\"2025-02-25T20:06:31+00:00\" \/>\n<meta property=\"og:image\" content=\"https:\/\/portalmf.com.br\/wp-content\/uploads\/2024\/10\/Peixe-palco-ao-vivo.jpg\" \/>\n\t<meta property=\"og:image:width\" content=\"666\" \/>\n\t<meta property=\"og:image:height\" content=\"492\" \/>\n\t<meta property=\"og:image:type\" content=\"image\/jpeg\" \/>\n<meta name=\"author\" content=\"Reda\u00e7\u00e3o Portal MF\" \/>\n<meta name=\"twitter:card\" content=\"summary_large_image\" \/>\n<meta name=\"twitter:creator\" content=\"@https:\/\/x.com\/portalmfoficial\" \/>\n<meta name=\"twitter:label1\" content=\"Escrito por\" \/>\n\t<meta name=\"twitter:data1\" content=\"Reda\u00e7\u00e3o Portal MF\" \/>\n\t<meta name=\"twitter:label2\" content=\"Est. tempo de leitura\" \/>\n\t<meta name=\"twitter:data2\" content=\"2 minutos\" \/>\n<script type=\"application\/ld+json\" class=\"yoast-schema-graph\">{\"@context\":\"https:\/\/schema.org\",\"@graph\":[{\"@type\":\"WebPage\",\"@id\":\"https:\/\/portalmf.com.br\/index.php\/2025\/02\/25\/alexandre-peixe-anima-a-folia-carnavalesca-em-salvador-e-minas-gerais\/\",\"url\":\"https:\/\/portalmf.com.br\/index.php\/2025\/02\/25\/alexandre-peixe-anima-a-folia-carnavalesca-em-salvador-e-minas-gerais\/\",\"name\":\"Alexandre Peixe anima a folia carnavalesca em Salvador e Minas Gerais - Portal MF\",\"isPartOf\":{\"@id\":\"https:\/\/portalmf.com.br\/#website\"},\"primaryImageOfPage\":{\"@id\":\"https:\/\/portalmf.com.br\/index.php\/2025\/02\/25\/alexandre-peixe-anima-a-folia-carnavalesca-em-salvador-e-minas-gerais\/#primaryimage\"},\"image\":{\"@id\":\"https:\/\/portalmf.com.br\/index.php\/2025\/02\/25\/alexandre-peixe-anima-a-folia-carnavalesca-em-salvador-e-minas-gerais\/#primaryimage\"},\"thumbnailUrl\":\"https:\/\/portalmf.com.br\/wp-content\/uploads\/2024\/10\/Peixe-palco-ao-vivo.jpg\",\"datePublished\":\"2025-02-25T20:06:30+00:00\",\"dateModified\":\"2025-02-25T20:06:31+00:00\",\"author\":{\"@id\":\"https:\/\/portalmf.com.br\/#\/schema\/person\/9ec101baf56233e53520c26de5d6f6f0\"},\"breadcrumb\":{\"@id\":\"https:\/\/portalmf.com.br\/index.php\/2025\/02\/25\/alexandre-peixe-anima-a-folia-carnavalesca-em-salvador-e-minas-gerais\/#breadcrumb\"},\"inLanguage\":\"pt-BR\",\"potentialAction\":[{\"@type\":\"ReadAction\",\"target\":[\"https:\/\/portalmf.com.br\/index.php\/2025\/02\/25\/alexandre-peixe-anima-a-folia-carnavalesca-em-salvador-e-minas-gerais\/\"]}]},{\"@type\":\"ImageObject\",\"inLanguage\":\"pt-BR\",\"@id\":\"https:\/\/portalmf.com.br\/index.php\/2025\/02\/25\/alexandre-peixe-anima-a-folia-carnavalesca-em-salvador-e-minas-gerais\/#primaryimage\",\"url\":\"https:\/\/portalmf.com.br\/wp-content\/uploads\/2024\/10\/Peixe-palco-ao-vivo.jpg\",\"contentUrl\":\"https:\/\/portalmf.com.br\/wp-content\/uploads\/2024\/10\/Peixe-palco-ao-vivo.jpg\",\"width\":666,\"height\":492},{\"@type\":\"BreadcrumbList\",\"@id\":\"https:\/\/portalmf.com.br\/index.php\/2025\/02\/25\/alexandre-peixe-anima-a-folia-carnavalesca-em-salvador-e-minas-gerais\/#breadcrumb\",\"itemListElement\":[{\"@type\":\"ListItem\",\"position\":1,\"name\":\"In\u00edcio\",\"item\":\"https:\/\/portalmf.com.br\/\"},{\"@type\":\"ListItem\",\"position\":2,\"name\":\"Alexandre Peixe anima a folia carnavalesca em Salvador e Minas Gerais\"}]},{\"@type\":\"WebSite\",\"@id\":\"https:\/\/portalmf.com.br\/#website\",\"url\":\"https:\/\/portalmf.com.br\/\",\"name\":\"Portal MF\",\"description\":\"Voc\u00ea conectado com a informa\u00e7\u00e3o\",\"potentialAction\":[{\"@type\":\"SearchAction\",\"target\":{\"@type\":\"EntryPoint\",\"urlTemplate\":\"https:\/\/portalmf.com.br\/?s={search_term_string}\"},\"query-input\":\"required name=search_term_string\"}],\"inLanguage\":\"pt-BR\"},{\"@type\":\"Person\",\"@id\":\"https:\/\/portalmf.com.br\/#\/schema\/person\/9ec101baf56233e53520c26de5d6f6f0\",\"name\":\"Reda\u00e7\u00e3o Portal MF\",\"image\":{\"@type\":\"ImageObject\",\"inLanguage\":\"pt-BR\",\"@id\":\"https:\/\/portalmf.com.br\/#\/schema\/person\/image\/\",\"url\":\"https:\/\/secure.gravatar.com\/avatar\/41b9aaeb2100835f7c64362330f74c7f?s=96&d=mm&r=g\",\"contentUrl\":\"https:\/\/secure.gravatar.com\/avatar\/41b9aaeb2100835f7c64362330f74c7f?s=96&d=mm&r=g\",\"caption\":\"Reda\u00e7\u00e3o Portal MF\"},\"description\":\"Sejam bem-vindos o portal de informa\u00e7\u00f5es de entretenimento de Feira de Santana, desde 2006 realiza coberturas dos principais eventos com entrevistas exclusivas com as principais personalidades mundiais. Fique conectado tamb\u00e9m nas redes sociais.\",\"sameAs\":[\"http:\/\/www.portalmf.com.br\/\",\"https:\/\/www.facebook.com\/portalmfoficial\",\"https:\/\/www.instagram.com\/portalmf\/\",\"https:\/\/x.com\/https:\/\/x.com\/portalmfoficial\",\"https:\/\/www.youtube.com\/@portalmfoficial\"],\"url\":\"https:\/\/portalmf.com.br\/index.php\/author\/junior\/\"}]}<\/script>\n<!-- \/ Yoast SEO plugin. -->","yoast_head_json":{"title":"Alexandre Peixe anima a folia carnavalesca em Salvador e Minas Gerais - Portal MF","robots":{"index":"index","follow":"follow","max-snippet":"max-snippet:-1","max-image-preview":"max-image-preview:large","max-video-preview":"max-video-preview:-1"},"canonical":"https:\/\/portalmf.com.br\/index.php\/2025\/02\/25\/alexandre-peixe-anima-a-folia-carnavalesca-em-salvador-e-minas-gerais\/","og_locale":"pt_BR","og_type":"article","og_title":"Alexandre Peixe anima a folia carnavalesca em Salvador e Minas Gerais - Portal MF","og_description":"A caravana carnavalesca do cantor e compositor Alexandre Peixe continua na estrada animando o p\u00fablico por onde passa. Nesta quarta, dia 26 de fevereiro, o artista comanda o Bloco Gravata Doida, na Par\u00f3quia de Santo Ant\u00f4nio Al\u00e9m do Carmo, em Salvador. Os ingressos est\u00e3o dispon\u00edveis atrav\u00e9s de https:\/\/ingresse.com\/gravata-doida-2025\/. Na quinta-feira, dia 27, Peixe faz jornada [&hellip;]","og_url":"https:\/\/portalmf.com.br\/index.php\/2025\/02\/25\/alexandre-peixe-anima-a-folia-carnavalesca-em-salvador-e-minas-gerais\/","og_site_name":"Portal MF","article_author":"https:\/\/www.facebook.com\/portalmfoficial","article_published_time":"2025-02-25T20:06:30+00:00","article_modified_time":"2025-02-25T20:06:31+00:00","og_image":[{"width":666,"height":492,"url":"https:\/\/portalmf.com.br\/wp-content\/uploads\/2024\/10\/Peixe-palco-ao-vivo.jpg","type":"image\/jpeg"}],"author":"Reda\u00e7\u00e3o Portal MF","twitter_card":"summary_large_image","twitter_creator":"@https:\/\/x.com\/portalmfoficial","twitter_misc":{"Escrito por":"Reda\u00e7\u00e3o Portal MF","Est. tempo de leitura":"2 minutos"},"schema":{"@context":"https:\/\/schema.org","@graph":[{"@type":"WebPage","@id":"https:\/\/portalmf.com.br\/index.php\/2025\/02\/25\/alexandre-peixe-anima-a-folia-carnavalesca-em-salvador-e-minas-gerais\/","url":"https:\/\/portalmf.com.br\/index.php\/2025\/02\/25\/alexandre-peixe-anima-a-folia-carnavalesca-em-salvador-e-minas-gerais\/","name":"Alexandre Peixe anima a folia carnavalesca em Salvador e Minas Gerais - Portal MF","isPartOf":{"@id":"https:\/\/portalmf.com.br\/#website"},"primaryImageOfPage":{"@id":"https:\/\/portalmf.com.br\/index.php\/2025\/02\/25\/alexandre-peixe-anima-a-folia-carnavalesca-em-salvador-e-minas-gerais\/#primaryimage"},"image":{"@id":"https:\/\/portalmf.com.br\/index.php\/2025\/02\/25\/alexandre-peixe-anima-a-folia-carnavalesca-em-salvador-e-minas-gerais\/#primaryimage"},"thumbnailUrl":"https:\/\/portalmf.com.br\/wp-content\/uploads\/2024\/10\/Peixe-palco-ao-vivo.jpg","datePublished":"2025-02-25T20:06:30+00:00","dateModified":"2025-02-25T20:06:31+00:00","author":{"@id":"https:\/\/portalmf.com.br\/#\/schema\/person\/9ec101baf56233e53520c26de5d6f6f0"},"breadcrumb":{"@id":"https:\/\/portalmf.com.br\/index.php\/2025\/02\/25\/alexandre-peixe-anima-a-folia-carnavalesca-em-salvador-e-minas-gerais\/#breadcrumb"},"inLanguage":"pt-BR","potentialAction":[{"@type":"ReadAction","target":["https:\/\/portalmf.com.br\/index.php\/2025\/02\/25\/alexandre-peixe-anima-a-folia-carnavalesca-em-salvador-e-minas-gerais\/"]}]},{"@type":"ImageObject","inLanguage":"pt-BR","@id":"https:\/\/portalmf.com.br\/index.php\/2025\/02\/25\/alexandre-peixe-anima-a-folia-carnavalesca-em-salvador-e-minas-gerais\/#primaryimage","url":"https:\/\/portalmf.com.br\/wp-content\/uploads\/2024\/10\/Peixe-palco-ao-vivo.jpg","contentUrl":"https:\/\/portalmf.com.br\/wp-content\/uploads\/2024\/10\/Peixe-palco-ao-vivo.jpg","width":666,"height":492},{"@type":"BreadcrumbList","@id":"https:\/\/portalmf.com.br\/index.php\/2025\/02\/25\/alexandre-peixe-anima-a-folia-carnavalesca-em-salvador-e-minas-gerais\/#breadcrumb","itemListElement":[{"@type":"ListItem","position":1,"name":"In\u00edcio","item":"https:\/\/portalmf.com.br\/"},{"@type":"ListItem","position":2,"name":"Alexandre Peixe anima a folia carnavalesca em Salvador e Minas Gerais"}]},{"@type":"WebSite","@id":"https:\/\/portalmf.com.br\/#website","url":"https:\/\/portalmf.com.br\/","name":"Portal MF","description":"Voc\u00ea conectado com a informa\u00e7\u00e3o","potentialAction":[{"@type":"SearchAction","target":{"@type":"EntryPoint","urlTemplate":"https:\/\/portalmf.com.br\/?s={search_term_string}"},"query-input":"required name=search_term_string"}],"inLanguage":"pt-BR"},{"@type":"Person","@id":"https:\/\/portalmf.com.br\/#\/schema\/person\/9ec101baf56233e53520c26de5d6f6f0","name":"Reda\u00e7\u00e3o Portal MF","image":{"@type":"ImageObject","inLanguage":"pt-BR","@id":"https:\/\/portalmf.com.br\/#\/schema\/person\/image\/","url":"https:\/\/secure.gravatar.com\/avatar\/41b9aaeb2100835f7c64362330f74c7f?s=96&d=mm&r=g","contentUrl":"https:\/\/secure.gravatar.com\/avatar\/41b9aaeb2100835f7c64362330f74c7f?s=96&d=mm&r=g","caption":"Reda\u00e7\u00e3o Portal MF"},"description":"Sejam bem-vindos o portal de informa\u00e7\u00f5es de entretenimento de Feira de Santana, desde 2006 realiza coberturas dos principais eventos com entrevistas exclusivas com as principais personalidades mundiais. Fique conectado tamb\u00e9m nas redes sociais.","sameAs":["http:\/\/www.portalmf.com.br\/","https:\/\/www.facebook.com\/portalmfoficial","https:\/\/www.instagram.com\/portalmf\/","https:\/\/x.com\/https:\/\/x.com\/portalmfoficial","https:\/\/www.youtube.com\/@portalmfoficial"],"url":"https:\/\/portalmf.com.br\/index.php\/author\/junior\/"}]}},"_links":{"self":[{"href":"https:\/\/portalmf.com.br\/index.php\/wp-json\/wp\/v2\/posts\/34438"}],"collection":[{"href":"https:\/\/portalmf.com.br\/index.php\/wp-json\/wp\/v2\/posts"}],"about":[{"href":"https:\/\/portalmf.com.br\/index.php\/wp-json\/wp\/v2\/types\/post"}],"author":[{"embeddable":true,"href":"https:\/\/portalmf.com.br\/index.php\/wp-json\/wp\/v2\/users\/3"}],"replies":[{"embeddable":true,"href":"https:\/\/portalmf.com.br\/index.php\/wp-json\/wp\/v2\/comments?post=34438"}],"version-history":[{"count":1,"href":"https:\/\/portalmf.com.br\/index.php\/wp-json\/wp\/v2\/posts\/34438\/revisions"}],"predecessor-version":[{"id":34439,"href":"https:\/\/portalmf.com.br\/index.php\/wp-json\/wp\/v2\/posts\/34438\/revisions\/34439"}],"wp:featuredmedia":[{"embeddable":true,"href":"https:\/\/portalmf.com.br\/index.php\/wp-json\/wp\/v2\/media\/30851"}],"wp:attachment":[{"href":"https:\/\/portalmf.com.br\/index.php\/wp-json\/wp\/v2\/media?parent=34438"}],"wp:term":[{"taxonomy":"category","embeddable":true,"href":"https:\/\/portalmf.com.br\/index.php\/wp-json\/wp\/v2\/categories?post=34438"},{"taxonomy":"post_tag","embeddable":true,"href":"https:\/\/portalmf.com.br\/index.php\/wp-json\/wp\/v2\/tags?post=34438"}],"curies":[{"name":"wp","href":"https:\/\/api.w.org\/{rel}","templated":true}]}}