{"id":3443,"date":"2022-08-22T08:34:00","date_gmt":"2022-08-22T11:34:00","guid":{"rendered":"http:\/\/portalmf.com.br\/?p=3443"},"modified":"2022-08-22T15:38:39","modified_gmt":"2022-08-22T18:38:39","slug":"angelo-almeida-lanca-candidatura-a-reeleicao-em-feira-de-santana","status":"publish","type":"post","link":"https:\/\/portalmf.com.br\/index.php\/2022\/08\/22\/angelo-almeida-lanca-candidatura-a-reeleicao-em-feira-de-santana\/","title":{"rendered":"Angelo Almeida lan\u00e7a candidatura \u00e0 reelei\u00e7\u00e3o em Feira de Santana"},"content":{"rendered":"\n<p>Nada menos que 57 munic\u00edpios de todas as regi\u00f5es do estado da Bahia estiveram representados, em Feira de Santana, no lan\u00e7amento da candidatura \u00e0 reelei\u00e7\u00e3o do deputado estadual Angelo Almeida (PSB), para a Assembleia Legislativa.<\/p>\n\n\n\n<p>Prefeitos de sete munic\u00edpios, vices, ex-prefeitos, deputados, vereadores e lideran\u00e7as lotaram o teatro da C\u00e2mara de Dirigentes Lojistas(CDL), confirmando a for\u00e7a do candidato que tamb\u00e9m j\u00e1 foi vereador do munic\u00edpio.<\/p>\n\n\n\n<p>O lan\u00e7amento teve a presen\u00e7a da ex-prefeita de Salvador, presidente do PSB na Bahia e deputada federal, L\u00eddice da Mata, que tamb\u00e9m disputa a reelei\u00e7\u00e3o. A parlamentar lamentou a situa\u00e7\u00e3o que o Brasil atravessa hoje, defendeu a elei\u00e7\u00e3o de Lula e Jer\u00f4nimo e teceu elogios ao correligion\u00e1rio. \u201c\u00c9 um irm\u00e3o, uma pessoa da nossa confian\u00e7a, que mora no nosso cora\u00e7\u00e3o e a gente pode contar com ele. Coragem, lealdade e disposi\u00e7\u00e3o s\u00e3o suas caracter\u00edsticas centrais\u201d, disse acerca de Angelo.<\/p>\n\n\n\n<p>O irm\u00e3o do deputado, o m\u00e9dico cardiologista Andr\u00e9 Almeida, ressaltou que o senso de justi\u00e7a e a capacidade de agregar e brigar pelos mais pobres s\u00e3o suas marcas desde a inf\u00e2ncia. Mas, admitiu que ficou surpreso quando Angelo anunciou que deixaria o consult\u00f3rio de dentista para iniciar na pol\u00edtica. \u201cEle disse: a quantidade de pessoas que eu consigo ajudar tratando dente \u00e9 muito pequena. Tenho que ir \u00e9 para a pol\u00edtica, que l\u00e1 eu consigo ajudar muito mais gente&#8221;, lembrou.<\/p>\n\n\n\n<p>Angelo se emocionou com a presen\u00e7a maci\u00e7a de apoiadores e os depoimentos dos pol\u00edticos e amigos presentes. &#8220;Gratid\u00e3o se paga em dobro. Mas n\u00e3o adianta s\u00f3 agradecer. Eu vou agradecer em dobro e trabalhar em dobro. N\u00f3s vamos vencer essa elei\u00e7\u00e3o junto com Lula, Jer\u00f4nimo e Otto, no dia 2 de outubro, e vamos fazer muito mais por nossa Bahia&#8221;, garantiu.<\/p>\n\n\n\n<p>Ap\u00f3s o evento na CDL, os participantes sa\u00edram em caminhada e carreata pelo centro da cidade at\u00e9 a sede do comit\u00ea, inaugurado no antigo Ponto do Zequinha. O deputado federal Z\u00e9 Neto participou do ato e ressaltou a simbologia do lugar. \u201cEu me emocionei quando entrei aqui. Esse sempre foi um espa\u00e7o importante para Feira de Santana, um espa\u00e7o de di\u00e1logo, de encontros, Zequinha ali sempre presente\u201d. E acrescentou: \u201cAngelo, pode contar comigo no que estiver ao meu alcance. O nosso campo \u00e9 concilia\u00e7\u00e3o, trabalho e harmonia\u201d.<\/p>\n","protected":false},"excerpt":{"rendered":"<p>Nada menos que 57 munic\u00edpios de todas as regi\u00f5es do estado da Bahia estiveram representados, em Feira de Santana, no lan\u00e7amento da candidatura \u00e0 reelei\u00e7\u00e3o do deputado estadual Angelo Almeida (PSB), para a Assembleia Legislativa. Prefeitos de sete munic\u00edpios, vices, ex-prefeitos, deputados, vereadores e lideran\u00e7as lotaram o teatro da C\u00e2mara de Dirigentes Lojistas(CDL), confirmando a [&hellip;]<\/p>\n","protected":false},"author":2,"featured_media":3444,"comment_status":"open","ping_status":"open","sticky":false,"template":"","format":"standard","meta":{"_monsterinsights_skip_tracking":false,"_monsterinsights_sitenote_active":false,"_monsterinsights_sitenote_note":"","_monsterinsights_sitenote_category":0,"footnotes":""},"categories":[34],"tags":[],"yoast_head":"<!-- This site is optimized with the Yoast SEO plugin v22.9 - https:\/\/yoast.com\/wordpress\/plugins\/seo\/ -->\n<title>Angelo Almeida lan\u00e7a candidatura \u00e0 reelei\u00e7\u00e3o em Feira de Santana - Portal MF<\/title>\n<meta name=\"robots\" content=\"index, follow, max-snippet:-1, max-image-preview:large, max-video-preview:-1\" \/>\n<link rel=\"canonical\" href=\"https:\/\/portalmf.com.br\/index.php\/2022\/08\/22\/angelo-almeida-lanca-candidatura-a-reeleicao-em-feira-de-santana\/\" \/>\n<meta property=\"og:locale\" content=\"pt_BR\" \/>\n<meta property=\"og:type\" content=\"article\" \/>\n<meta property=\"og:title\" content=\"Angelo Almeida lan\u00e7a candidatura \u00e0 reelei\u00e7\u00e3o em Feira de Santana - Portal MF\" \/>\n<meta property=\"og:description\" content=\"Nada menos que 57 munic\u00edpios de todas as regi\u00f5es do estado da Bahia estiveram representados, em Feira de Santana, no lan\u00e7amento da candidatura \u00e0 reelei\u00e7\u00e3o do deputado estadual Angelo Almeida (PSB), para a Assembleia Legislativa. Prefeitos de sete munic\u00edpios, vices, ex-prefeitos, deputados, vereadores e lideran\u00e7as lotaram o teatro da C\u00e2mara de Dirigentes Lojistas(CDL), confirmando a [&hellip;]\" \/>\n<meta property=\"og:url\" content=\"https:\/\/portalmf.com.br\/index.php\/2022\/08\/22\/angelo-almeida-lanca-candidatura-a-reeleicao-em-feira-de-santana\/\" \/>\n<meta property=\"og:site_name\" content=\"Portal MF\" \/>\n<meta property=\"article:author\" content=\"reginaldojrfsa\" \/>\n<meta property=\"article:published_time\" content=\"2022-08-22T11:34:00+00:00\" \/>\n<meta property=\"article:modified_time\" content=\"2022-08-22T18:38:39+00:00\" \/>\n<meta property=\"og:image\" content=\"https:\/\/portalmf.com.br\/wp-content\/uploads\/2022\/08\/WhatsApp-Image-2022-08-21-at-17.28.47.jpeg\" \/>\n\t<meta property=\"og:image:width\" content=\"1600\" \/>\n\t<meta property=\"og:image:height\" content=\"1200\" \/>\n\t<meta property=\"og:image:type\" content=\"image\/jpeg\" \/>\n<meta name=\"author\" content=\"Reginaldo J\u00fanior\" \/>\n<meta name=\"twitter:card\" content=\"summary_large_image\" \/>\n<meta name=\"twitter:creator\" content=\"@reginaldojrmf\" \/>\n<meta name=\"twitter:label1\" content=\"Escrito por\" \/>\n\t<meta name=\"twitter:data1\" content=\"Reginaldo J\u00fanior\" \/>\n\t<meta name=\"twitter:label2\" content=\"Est. tempo de leitura\" \/>\n\t<meta name=\"twitter:data2\" content=\"3 minutos\" \/>\n<script type=\"application\/ld+json\" class=\"yoast-schema-graph\">{\"@context\":\"https:\/\/schema.org\",\"@graph\":[{\"@type\":\"WebPage\",\"@id\":\"https:\/\/portalmf.com.br\/index.php\/2022\/08\/22\/angelo-almeida-lanca-candidatura-a-reeleicao-em-feira-de-santana\/\",\"url\":\"https:\/\/portalmf.com.br\/index.php\/2022\/08\/22\/angelo-almeida-lanca-candidatura-a-reeleicao-em-feira-de-santana\/\",\"name\":\"Angelo Almeida lan\u00e7a candidatura \u00e0 reelei\u00e7\u00e3o em Feira de Santana - Portal MF\",\"isPartOf\":{\"@id\":\"https:\/\/portalmf.com.br\/#website\"},\"primaryImageOfPage\":{\"@id\":\"https:\/\/portalmf.com.br\/index.php\/2022\/08\/22\/angelo-almeida-lanca-candidatura-a-reeleicao-em-feira-de-santana\/#primaryimage\"},\"image\":{\"@id\":\"https:\/\/portalmf.com.br\/index.php\/2022\/08\/22\/angelo-almeida-lanca-candidatura-a-reeleicao-em-feira-de-santana\/#primaryimage\"},\"thumbnailUrl\":\"https:\/\/portalmf.com.br\/wp-content\/uploads\/2022\/08\/WhatsApp-Image-2022-08-21-at-17.28.47.jpeg\",\"datePublished\":\"2022-08-22T11:34:00+00:00\",\"dateModified\":\"2022-08-22T18:38:39+00:00\",\"author\":{\"@id\":\"https:\/\/portalmf.com.br\/#\/schema\/person\/11c82086fe8abc05a19147e964587285\"},\"breadcrumb\":{\"@id\":\"https:\/\/portalmf.com.br\/index.php\/2022\/08\/22\/angelo-almeida-lanca-candidatura-a-reeleicao-em-feira-de-santana\/#breadcrumb\"},\"inLanguage\":\"pt-BR\",\"potentialAction\":[{\"@type\":\"ReadAction\",\"target\":[\"https:\/\/portalmf.com.br\/index.php\/2022\/08\/22\/angelo-almeida-lanca-candidatura-a-reeleicao-em-feira-de-santana\/\"]}]},{\"@type\":\"ImageObject\",\"inLanguage\":\"pt-BR\",\"@id\":\"https:\/\/portalmf.com.br\/index.php\/2022\/08\/22\/angelo-almeida-lanca-candidatura-a-reeleicao-em-feira-de-santana\/#primaryimage\",\"url\":\"https:\/\/portalmf.com.br\/wp-content\/uploads\/2022\/08\/WhatsApp-Image-2022-08-21-at-17.28.47.jpeg\",\"contentUrl\":\"https:\/\/portalmf.com.br\/wp-content\/uploads\/2022\/08\/WhatsApp-Image-2022-08-21-at-17.28.47.jpeg\",\"width\":1600,\"height\":1200},{\"@type\":\"BreadcrumbList\",\"@id\":\"https:\/\/portalmf.com.br\/index.php\/2022\/08\/22\/angelo-almeida-lanca-candidatura-a-reeleicao-em-feira-de-santana\/#breadcrumb\",\"itemListElement\":[{\"@type\":\"ListItem\",\"position\":1,\"name\":\"In\u00edcio\",\"item\":\"https:\/\/portalmf.com.br\/\"},{\"@type\":\"ListItem\",\"position\":2,\"name\":\"Angelo Almeida lan\u00e7a candidatura \u00e0 reelei\u00e7\u00e3o em Feira de Santana\"}]},{\"@type\":\"WebSite\",\"@id\":\"https:\/\/portalmf.com.br\/#website\",\"url\":\"https:\/\/portalmf.com.br\/\",\"name\":\"Portal MF\",\"description\":\"Voc\u00ea conectado com a informa\u00e7\u00e3o\",\"potentialAction\":[{\"@type\":\"SearchAction\",\"target\":{\"@type\":\"EntryPoint\",\"urlTemplate\":\"https:\/\/portalmf.com.br\/?s={search_term_string}\"},\"query-input\":\"required name=search_term_string\"}],\"inLanguage\":\"pt-BR\"},{\"@type\":\"Person\",\"@id\":\"https:\/\/portalmf.com.br\/#\/schema\/person\/11c82086fe8abc05a19147e964587285\",\"name\":\"Reginaldo J\u00fanior\",\"image\":{\"@type\":\"ImageObject\",\"inLanguage\":\"pt-BR\",\"@id\":\"https:\/\/portalmf.com.br\/#\/schema\/person\/image\/\",\"url\":\"https:\/\/secure.gravatar.com\/avatar\/32a3c797cd0ac47cc53b8644c62776f9?s=96&d=mm&r=g\",\"contentUrl\":\"https:\/\/secure.gravatar.com\/avatar\/32a3c797cd0ac47cc53b8644c62776f9?s=96&d=mm&r=g\",\"caption\":\"Reginaldo J\u00fanior\"},\"description\":\"Jornalista e idealizador Portal MF\",\"sameAs\":[\"https:\/\/portalmf.com.br\/index.php\/author\/reginaldojr\/\",\"reginaldojrfsa\",\"reginaldojuniormf\",\"https:\/\/x.com\/reginaldojrmf\"],\"url\":\"https:\/\/portalmf.com.br\/index.php\/author\/reginaldojr\/\"}]}<\/script>\n<!-- \/ Yoast SEO plugin. -->","yoast_head_json":{"title":"Angelo Almeida lan\u00e7a candidatura \u00e0 reelei\u00e7\u00e3o em Feira de Santana - Portal MF","robots":{"index":"index","follow":"follow","max-snippet":"max-snippet:-1","max-image-preview":"max-image-preview:large","max-video-preview":"max-video-preview:-1"},"canonical":"https:\/\/portalmf.com.br\/index.php\/2022\/08\/22\/angelo-almeida-lanca-candidatura-a-reeleicao-em-feira-de-santana\/","og_locale":"pt_BR","og_type":"article","og_title":"Angelo Almeida lan\u00e7a candidatura \u00e0 reelei\u00e7\u00e3o em Feira de Santana - Portal MF","og_description":"Nada menos que 57 munic\u00edpios de todas as regi\u00f5es do estado da Bahia estiveram representados, em Feira de Santana, no lan\u00e7amento da candidatura \u00e0 reelei\u00e7\u00e3o do deputado estadual Angelo Almeida (PSB), para a Assembleia Legislativa. Prefeitos de sete munic\u00edpios, vices, ex-prefeitos, deputados, vereadores e lideran\u00e7as lotaram o teatro da C\u00e2mara de Dirigentes Lojistas(CDL), confirmando a [&hellip;]","og_url":"https:\/\/portalmf.com.br\/index.php\/2022\/08\/22\/angelo-almeida-lanca-candidatura-a-reeleicao-em-feira-de-santana\/","og_site_name":"Portal MF","article_author":"reginaldojrfsa","article_published_time":"2022-08-22T11:34:00+00:00","article_modified_time":"2022-08-22T18:38:39+00:00","og_image":[{"width":1600,"height":1200,"url":"https:\/\/portalmf.com.br\/wp-content\/uploads\/2022\/08\/WhatsApp-Image-2022-08-21-at-17.28.47.jpeg","type":"image\/jpeg"}],"author":"Reginaldo J\u00fanior","twitter_card":"summary_large_image","twitter_creator":"@reginaldojrmf","twitter_misc":{"Escrito por":"Reginaldo J\u00fanior","Est. tempo de leitura":"3 minutos"},"schema":{"@context":"https:\/\/schema.org","@graph":[{"@type":"WebPage","@id":"https:\/\/portalmf.com.br\/index.php\/2022\/08\/22\/angelo-almeida-lanca-candidatura-a-reeleicao-em-feira-de-santana\/","url":"https:\/\/portalmf.com.br\/index.php\/2022\/08\/22\/angelo-almeida-lanca-candidatura-a-reeleicao-em-feira-de-santana\/","name":"Angelo Almeida lan\u00e7a candidatura \u00e0 reelei\u00e7\u00e3o em Feira de Santana - Portal MF","isPartOf":{"@id":"https:\/\/portalmf.com.br\/#website"},"primaryImageOfPage":{"@id":"https:\/\/portalmf.com.br\/index.php\/2022\/08\/22\/angelo-almeida-lanca-candidatura-a-reeleicao-em-feira-de-santana\/#primaryimage"},"image":{"@id":"https:\/\/portalmf.com.br\/index.php\/2022\/08\/22\/angelo-almeida-lanca-candidatura-a-reeleicao-em-feira-de-santana\/#primaryimage"},"thumbnailUrl":"https:\/\/portalmf.com.br\/wp-content\/uploads\/2022\/08\/WhatsApp-Image-2022-08-21-at-17.28.47.jpeg","datePublished":"2022-08-22T11:34:00+00:00","dateModified":"2022-08-22T18:38:39+00:00","author":{"@id":"https:\/\/portalmf.com.br\/#\/schema\/person\/11c82086fe8abc05a19147e964587285"},"breadcrumb":{"@id":"https:\/\/portalmf.com.br\/index.php\/2022\/08\/22\/angelo-almeida-lanca-candidatura-a-reeleicao-em-feira-de-santana\/#breadcrumb"},"inLanguage":"pt-BR","potentialAction":[{"@type":"ReadAction","target":["https:\/\/portalmf.com.br\/index.php\/2022\/08\/22\/angelo-almeida-lanca-candidatura-a-reeleicao-em-feira-de-santana\/"]}]},{"@type":"ImageObject","inLanguage":"pt-BR","@id":"https:\/\/portalmf.com.br\/index.php\/2022\/08\/22\/angelo-almeida-lanca-candidatura-a-reeleicao-em-feira-de-santana\/#primaryimage","url":"https:\/\/portalmf.com.br\/wp-content\/uploads\/2022\/08\/WhatsApp-Image-2022-08-21-at-17.28.47.jpeg","contentUrl":"https:\/\/portalmf.com.br\/wp-content\/uploads\/2022\/08\/WhatsApp-Image-2022-08-21-at-17.28.47.jpeg","width":1600,"height":1200},{"@type":"BreadcrumbList","@id":"https:\/\/portalmf.com.br\/index.php\/2022\/08\/22\/angelo-almeida-lanca-candidatura-a-reeleicao-em-feira-de-santana\/#breadcrumb","itemListElement":[{"@type":"ListItem","position":1,"name":"In\u00edcio","item":"https:\/\/portalmf.com.br\/"},{"@type":"ListItem","position":2,"name":"Angelo Almeida lan\u00e7a candidatura \u00e0 reelei\u00e7\u00e3o em Feira de Santana"}]},{"@type":"WebSite","@id":"https:\/\/portalmf.com.br\/#website","url":"https:\/\/portalmf.com.br\/","name":"Portal MF","description":"Voc\u00ea conectado com a informa\u00e7\u00e3o","potentialAction":[{"@type":"SearchAction","target":{"@type":"EntryPoint","urlTemplate":"https:\/\/portalmf.com.br\/?s={search_term_string}"},"query-input":"required name=search_term_string"}],"inLanguage":"pt-BR"},{"@type":"Person","@id":"https:\/\/portalmf.com.br\/#\/schema\/person\/11c82086fe8abc05a19147e964587285","name":"Reginaldo J\u00fanior","image":{"@type":"ImageObject","inLanguage":"pt-BR","@id":"https:\/\/portalmf.com.br\/#\/schema\/person\/image\/","url":"https:\/\/secure.gravatar.com\/avatar\/32a3c797cd0ac47cc53b8644c62776f9?s=96&d=mm&r=g","contentUrl":"https:\/\/secure.gravatar.com\/avatar\/32a3c797cd0ac47cc53b8644c62776f9?s=96&d=mm&r=g","caption":"Reginaldo J\u00fanior"},"description":"Jornalista e idealizador Portal MF","sameAs":["https:\/\/portalmf.com.br\/index.php\/author\/reginaldojr\/","reginaldojrfsa","reginaldojuniormf","https:\/\/x.com\/reginaldojrmf"],"url":"https:\/\/portalmf.com.br\/index.php\/author\/reginaldojr\/"}]}},"_links":{"self":[{"href":"https:\/\/portalmf.com.br\/index.php\/wp-json\/wp\/v2\/posts\/3443"}],"collection":[{"href":"https:\/\/portalmf.com.br\/index.php\/wp-json\/wp\/v2\/posts"}],"about":[{"href":"https:\/\/portalmf.com.br\/index.php\/wp-json\/wp\/v2\/types\/post"}],"author":[{"embeddable":true,"href":"https:\/\/portalmf.com.br\/index.php\/wp-json\/wp\/v2\/users\/2"}],"replies":[{"embeddable":true,"href":"https:\/\/portalmf.com.br\/index.php\/wp-json\/wp\/v2\/comments?post=3443"}],"version-history":[{"count":1,"href":"https:\/\/portalmf.com.br\/index.php\/wp-json\/wp\/v2\/posts\/3443\/revisions"}],"predecessor-version":[{"id":3445,"href":"https:\/\/portalmf.com.br\/index.php\/wp-json\/wp\/v2\/posts\/3443\/revisions\/3445"}],"wp:featuredmedia":[{"embeddable":true,"href":"https:\/\/portalmf.com.br\/index.php\/wp-json\/wp\/v2\/media\/3444"}],"wp:attachment":[{"href":"https:\/\/portalmf.com.br\/index.php\/wp-json\/wp\/v2\/media?parent=3443"}],"wp:term":[{"taxonomy":"category","embeddable":true,"href":"https:\/\/portalmf.com.br\/index.php\/wp-json\/wp\/v2\/categories?post=3443"},{"taxonomy":"post_tag","embeddable":true,"href":"https:\/\/portalmf.com.br\/index.php\/wp-json\/wp\/v2\/tags?post=3443"}],"curies":[{"name":"wp","href":"https:\/\/api.w.org\/{rel}","templated":true}]}}