{"id":34406,"date":"2025-02-25T16:18:06","date_gmt":"2025-02-25T19:18:06","guid":{"rendered":"https:\/\/portalmf.com.br\/?p=34406"},"modified":"2025-02-25T16:18:08","modified_gmt":"2025-02-25T19:18:08","slug":"adao-negro-divulga-agenda-de-show-para-o-carnaval-2025","status":"publish","type":"post","link":"https:\/\/portalmf.com.br\/index.php\/2025\/02\/25\/adao-negro-divulga-agenda-de-show-para-o-carnaval-2025\/","title":{"rendered":"Ad\u00e3o Negro divulga agenda de show para o Carnaval 2025"},"content":{"rendered":"\n<p>O Ad\u00e3o Negro vai marcar presen\u00e7a no Carnaval de Salvador com shows no Rio Vermelho, Pelourinho e Plataforma, al\u00e9m de apresenta\u00e7\u00f5es em outras cidades da Bahia. A banda, que comemora seus quase 30 anos de carreira, leva ao p\u00fablico sucessos que misturam romance e ativismo social, reafirmando sua trajet\u00f3ria no reggae brasileiro.<\/p>\n\n\n\n<p>A agenda carnavalesca come\u00e7a na sexta-feira (28\/02), no Rio Vermelho, trazendo uma novidade para os f\u00e3s da banda. No s\u00e1bado (01\/03), o grupo se apresenta no bairro de Plataforma. No domingo (02\/03), a festa acontece em Maragogipe.<\/p>\n\n\n\n<p>Na segunda-feira (03\/03), o Pelourinho recebe o Ad\u00e3o Negro em um show que promete repetir a repercuss\u00e3o do October Reggae Festival, realizado no local em outubro. Na ocasi\u00e3o, a programa\u00e7\u00e3o atraiu um grande p\u00fablico, fortalecendo a cena reggae no circuito do Centro Hist\u00f3rico.<\/p>\n\n\n\n<p>O encerramento da agenda acontece na ter\u00e7a-feira (04\/03), em Nilo Pe\u00e7anha, fechando a turn\u00ea carnavalesca do grupo.<\/p>\n\n\n\n<p>Desde sua funda\u00e7\u00e3o, em 1996, o Ad\u00e3o Negro consolidou-se como um dos principais nomes do reggae nacional, compartilhando palco com Planet Hemp, Natiruts, C\u00e1ssia Eller, Capital Inicial, Israel Vibration e Alpha Blondy. Entre os grandes sucessos da banda, destacam-se \u201cAnjo Bom\u201d, \u201cEu Louvei\u201d, \u201cBota Um\u201d, \u201cBoa Malandragem\u201d e \u201cPele Negra\u201d.<\/p>\n\n\n\n<p>Agenda do Ad\u00e3o Negro no Carnaval 2025<\/p>\n\n\n\n<p>28\/02 (Sexta-feira) \u2013 20h30 | Salvador \u2013 Rio Vermelho<br>01\/03 (S\u00e1bado) \u2013 20h30 | Salvador \u2013 Plataforma<br>02\/03 (Domingo) \u2013 20h00 | Maragogipe<br>03\/03 (Segunda-feira) \u2013 21h00 | Salvador \u2013 Pelourinho<br>04\/03 (Ter\u00e7a-feira) \u2013 21h00 | Nilo Pe\u00e7anha<\/p>\n","protected":false},"excerpt":{"rendered":"<p>O Ad\u00e3o Negro vai marcar presen\u00e7a no Carnaval de Salvador com shows no Rio Vermelho, Pelourinho e Plataforma, al\u00e9m de apresenta\u00e7\u00f5es em outras cidades da Bahia. A banda, que comemora seus quase 30 anos de carreira, leva ao p\u00fablico sucessos que misturam romance e ativismo social, reafirmando sua trajet\u00f3ria no reggae brasileiro. A agenda carnavalesca [&hellip;]<\/p>\n","protected":false},"author":3,"featured_media":34407,"comment_status":"open","ping_status":"open","sticky":false,"template":"","format":"standard","meta":{"_monsterinsights_skip_tracking":false,"_monsterinsights_sitenote_active":false,"_monsterinsights_sitenote_note":"","_monsterinsights_sitenote_category":0,"footnotes":""},"categories":[44,47],"tags":[],"yoast_head":"<!-- This site is optimized with the Yoast SEO plugin v22.9 - https:\/\/yoast.com\/wordpress\/plugins\/seo\/ -->\n<title>Ad\u00e3o Negro divulga agenda de show para o Carnaval 2025 - Portal MF<\/title>\n<meta name=\"robots\" content=\"index, follow, max-snippet:-1, max-image-preview:large, max-video-preview:-1\" \/>\n<link rel=\"canonical\" href=\"https:\/\/portalmf.com.br\/index.php\/2025\/02\/25\/adao-negro-divulga-agenda-de-show-para-o-carnaval-2025\/\" \/>\n<meta property=\"og:locale\" content=\"pt_BR\" \/>\n<meta property=\"og:type\" content=\"article\" \/>\n<meta property=\"og:title\" content=\"Ad\u00e3o Negro divulga agenda de show para o Carnaval 2025 - Portal MF\" \/>\n<meta property=\"og:description\" content=\"O Ad\u00e3o Negro vai marcar presen\u00e7a no Carnaval de Salvador com shows no Rio Vermelho, Pelourinho e Plataforma, al\u00e9m de apresenta\u00e7\u00f5es em outras cidades da Bahia. A banda, que comemora seus quase 30 anos de carreira, leva ao p\u00fablico sucessos que misturam romance e ativismo social, reafirmando sua trajet\u00f3ria no reggae brasileiro. A agenda carnavalesca [&hellip;]\" \/>\n<meta property=\"og:url\" content=\"https:\/\/portalmf.com.br\/index.php\/2025\/02\/25\/adao-negro-divulga-agenda-de-show-para-o-carnaval-2025\/\" \/>\n<meta property=\"og:site_name\" content=\"Portal MF\" \/>\n<meta property=\"article:author\" content=\"https:\/\/www.facebook.com\/portalmfoficial\" \/>\n<meta property=\"article:published_time\" content=\"2025-02-25T19:18:06+00:00\" \/>\n<meta property=\"article:modified_time\" content=\"2025-02-25T19:18:08+00:00\" \/>\n<meta property=\"og:image\" content=\"https:\/\/portalmf.com.br\/wp-content\/uploads\/2025\/02\/Adao-Negro-e1740511065434.jpg\" \/>\n\t<meta property=\"og:image:width\" content=\"1200\" \/>\n\t<meta property=\"og:image:height\" content=\"770\" \/>\n\t<meta property=\"og:image:type\" content=\"image\/jpeg\" \/>\n<meta name=\"author\" content=\"Reda\u00e7\u00e3o Portal MF\" \/>\n<meta name=\"twitter:card\" content=\"summary_large_image\" \/>\n<meta name=\"twitter:creator\" content=\"@https:\/\/x.com\/portalmfoficial\" \/>\n<meta name=\"twitter:label1\" content=\"Escrito por\" \/>\n\t<meta name=\"twitter:data1\" content=\"Reda\u00e7\u00e3o Portal MF\" \/>\n\t<meta name=\"twitter:label2\" content=\"Est. tempo de leitura\" \/>\n\t<meta name=\"twitter:data2\" content=\"2 minutos\" \/>\n<script type=\"application\/ld+json\" class=\"yoast-schema-graph\">{\"@context\":\"https:\/\/schema.org\",\"@graph\":[{\"@type\":\"WebPage\",\"@id\":\"https:\/\/portalmf.com.br\/index.php\/2025\/02\/25\/adao-negro-divulga-agenda-de-show-para-o-carnaval-2025\/\",\"url\":\"https:\/\/portalmf.com.br\/index.php\/2025\/02\/25\/adao-negro-divulga-agenda-de-show-para-o-carnaval-2025\/\",\"name\":\"Ad\u00e3o Negro divulga agenda de show para o Carnaval 2025 - Portal MF\",\"isPartOf\":{\"@id\":\"https:\/\/portalmf.com.br\/#website\"},\"primaryImageOfPage\":{\"@id\":\"https:\/\/portalmf.com.br\/index.php\/2025\/02\/25\/adao-negro-divulga-agenda-de-show-para-o-carnaval-2025\/#primaryimage\"},\"image\":{\"@id\":\"https:\/\/portalmf.com.br\/index.php\/2025\/02\/25\/adao-negro-divulga-agenda-de-show-para-o-carnaval-2025\/#primaryimage\"},\"thumbnailUrl\":\"https:\/\/portalmf.com.br\/wp-content\/uploads\/2025\/02\/Adao-Negro-e1740511065434.jpg\",\"datePublished\":\"2025-02-25T19:18:06+00:00\",\"dateModified\":\"2025-02-25T19:18:08+00:00\",\"author\":{\"@id\":\"https:\/\/portalmf.com.br\/#\/schema\/person\/9ec101baf56233e53520c26de5d6f6f0\"},\"breadcrumb\":{\"@id\":\"https:\/\/portalmf.com.br\/index.php\/2025\/02\/25\/adao-negro-divulga-agenda-de-show-para-o-carnaval-2025\/#breadcrumb\"},\"inLanguage\":\"pt-BR\",\"potentialAction\":[{\"@type\":\"ReadAction\",\"target\":[\"https:\/\/portalmf.com.br\/index.php\/2025\/02\/25\/adao-negro-divulga-agenda-de-show-para-o-carnaval-2025\/\"]}]},{\"@type\":\"ImageObject\",\"inLanguage\":\"pt-BR\",\"@id\":\"https:\/\/portalmf.com.br\/index.php\/2025\/02\/25\/adao-negro-divulga-agenda-de-show-para-o-carnaval-2025\/#primaryimage\",\"url\":\"https:\/\/portalmf.com.br\/wp-content\/uploads\/2025\/02\/Adao-Negro-e1740511065434.jpg\",\"contentUrl\":\"https:\/\/portalmf.com.br\/wp-content\/uploads\/2025\/02\/Adao-Negro-e1740511065434.jpg\",\"width\":1200,\"height\":770},{\"@type\":\"BreadcrumbList\",\"@id\":\"https:\/\/portalmf.com.br\/index.php\/2025\/02\/25\/adao-negro-divulga-agenda-de-show-para-o-carnaval-2025\/#breadcrumb\",\"itemListElement\":[{\"@type\":\"ListItem\",\"position\":1,\"name\":\"In\u00edcio\",\"item\":\"https:\/\/portalmf.com.br\/\"},{\"@type\":\"ListItem\",\"position\":2,\"name\":\"Ad\u00e3o Negro divulga agenda de show para o Carnaval 2025\"}]},{\"@type\":\"WebSite\",\"@id\":\"https:\/\/portalmf.com.br\/#website\",\"url\":\"https:\/\/portalmf.com.br\/\",\"name\":\"Portal MF\",\"description\":\"Voc\u00ea conectado com a informa\u00e7\u00e3o\",\"potentialAction\":[{\"@type\":\"SearchAction\",\"target\":{\"@type\":\"EntryPoint\",\"urlTemplate\":\"https:\/\/portalmf.com.br\/?s={search_term_string}\"},\"query-input\":\"required name=search_term_string\"}],\"inLanguage\":\"pt-BR\"},{\"@type\":\"Person\",\"@id\":\"https:\/\/portalmf.com.br\/#\/schema\/person\/9ec101baf56233e53520c26de5d6f6f0\",\"name\":\"Reda\u00e7\u00e3o Portal MF\",\"image\":{\"@type\":\"ImageObject\",\"inLanguage\":\"pt-BR\",\"@id\":\"https:\/\/portalmf.com.br\/#\/schema\/person\/image\/\",\"url\":\"https:\/\/secure.gravatar.com\/avatar\/41b9aaeb2100835f7c64362330f74c7f?s=96&d=mm&r=g\",\"contentUrl\":\"https:\/\/secure.gravatar.com\/avatar\/41b9aaeb2100835f7c64362330f74c7f?s=96&d=mm&r=g\",\"caption\":\"Reda\u00e7\u00e3o Portal MF\"},\"description\":\"Sejam bem-vindos o portal de informa\u00e7\u00f5es de entretenimento de Feira de Santana, desde 2006 realiza coberturas dos principais eventos com entrevistas exclusivas com as principais personalidades mundiais. Fique conectado tamb\u00e9m nas redes sociais.\",\"sameAs\":[\"http:\/\/www.portalmf.com.br\/\",\"https:\/\/www.facebook.com\/portalmfoficial\",\"https:\/\/www.instagram.com\/portalmf\/\",\"https:\/\/x.com\/https:\/\/x.com\/portalmfoficial\",\"https:\/\/www.youtube.com\/@portalmfoficial\"],\"url\":\"https:\/\/portalmf.com.br\/index.php\/author\/junior\/\"}]}<\/script>\n<!-- \/ Yoast SEO plugin. -->","yoast_head_json":{"title":"Ad\u00e3o Negro divulga agenda de show para o Carnaval 2025 - Portal MF","robots":{"index":"index","follow":"follow","max-snippet":"max-snippet:-1","max-image-preview":"max-image-preview:large","max-video-preview":"max-video-preview:-1"},"canonical":"https:\/\/portalmf.com.br\/index.php\/2025\/02\/25\/adao-negro-divulga-agenda-de-show-para-o-carnaval-2025\/","og_locale":"pt_BR","og_type":"article","og_title":"Ad\u00e3o Negro divulga agenda de show para o Carnaval 2025 - Portal MF","og_description":"O Ad\u00e3o Negro vai marcar presen\u00e7a no Carnaval de Salvador com shows no Rio Vermelho, Pelourinho e Plataforma, al\u00e9m de apresenta\u00e7\u00f5es em outras cidades da Bahia. A banda, que comemora seus quase 30 anos de carreira, leva ao p\u00fablico sucessos que misturam romance e ativismo social, reafirmando sua trajet\u00f3ria no reggae brasileiro. A agenda carnavalesca [&hellip;]","og_url":"https:\/\/portalmf.com.br\/index.php\/2025\/02\/25\/adao-negro-divulga-agenda-de-show-para-o-carnaval-2025\/","og_site_name":"Portal MF","article_author":"https:\/\/www.facebook.com\/portalmfoficial","article_published_time":"2025-02-25T19:18:06+00:00","article_modified_time":"2025-02-25T19:18:08+00:00","og_image":[{"width":1200,"height":770,"url":"https:\/\/portalmf.com.br\/wp-content\/uploads\/2025\/02\/Adao-Negro-e1740511065434.jpg","type":"image\/jpeg"}],"author":"Reda\u00e7\u00e3o Portal MF","twitter_card":"summary_large_image","twitter_creator":"@https:\/\/x.com\/portalmfoficial","twitter_misc":{"Escrito por":"Reda\u00e7\u00e3o Portal MF","Est. tempo de leitura":"2 minutos"},"schema":{"@context":"https:\/\/schema.org","@graph":[{"@type":"WebPage","@id":"https:\/\/portalmf.com.br\/index.php\/2025\/02\/25\/adao-negro-divulga-agenda-de-show-para-o-carnaval-2025\/","url":"https:\/\/portalmf.com.br\/index.php\/2025\/02\/25\/adao-negro-divulga-agenda-de-show-para-o-carnaval-2025\/","name":"Ad\u00e3o Negro divulga agenda de show para o Carnaval 2025 - Portal MF","isPartOf":{"@id":"https:\/\/portalmf.com.br\/#website"},"primaryImageOfPage":{"@id":"https:\/\/portalmf.com.br\/index.php\/2025\/02\/25\/adao-negro-divulga-agenda-de-show-para-o-carnaval-2025\/#primaryimage"},"image":{"@id":"https:\/\/portalmf.com.br\/index.php\/2025\/02\/25\/adao-negro-divulga-agenda-de-show-para-o-carnaval-2025\/#primaryimage"},"thumbnailUrl":"https:\/\/portalmf.com.br\/wp-content\/uploads\/2025\/02\/Adao-Negro-e1740511065434.jpg","datePublished":"2025-02-25T19:18:06+00:00","dateModified":"2025-02-25T19:18:08+00:00","author":{"@id":"https:\/\/portalmf.com.br\/#\/schema\/person\/9ec101baf56233e53520c26de5d6f6f0"},"breadcrumb":{"@id":"https:\/\/portalmf.com.br\/index.php\/2025\/02\/25\/adao-negro-divulga-agenda-de-show-para-o-carnaval-2025\/#breadcrumb"},"inLanguage":"pt-BR","potentialAction":[{"@type":"ReadAction","target":["https:\/\/portalmf.com.br\/index.php\/2025\/02\/25\/adao-negro-divulga-agenda-de-show-para-o-carnaval-2025\/"]}]},{"@type":"ImageObject","inLanguage":"pt-BR","@id":"https:\/\/portalmf.com.br\/index.php\/2025\/02\/25\/adao-negro-divulga-agenda-de-show-para-o-carnaval-2025\/#primaryimage","url":"https:\/\/portalmf.com.br\/wp-content\/uploads\/2025\/02\/Adao-Negro-e1740511065434.jpg","contentUrl":"https:\/\/portalmf.com.br\/wp-content\/uploads\/2025\/02\/Adao-Negro-e1740511065434.jpg","width":1200,"height":770},{"@type":"BreadcrumbList","@id":"https:\/\/portalmf.com.br\/index.php\/2025\/02\/25\/adao-negro-divulga-agenda-de-show-para-o-carnaval-2025\/#breadcrumb","itemListElement":[{"@type":"ListItem","position":1,"name":"In\u00edcio","item":"https:\/\/portalmf.com.br\/"},{"@type":"ListItem","position":2,"name":"Ad\u00e3o Negro divulga agenda de show para o Carnaval 2025"}]},{"@type":"WebSite","@id":"https:\/\/portalmf.com.br\/#website","url":"https:\/\/portalmf.com.br\/","name":"Portal MF","description":"Voc\u00ea conectado com a informa\u00e7\u00e3o","potentialAction":[{"@type":"SearchAction","target":{"@type":"EntryPoint","urlTemplate":"https:\/\/portalmf.com.br\/?s={search_term_string}"},"query-input":"required name=search_term_string"}],"inLanguage":"pt-BR"},{"@type":"Person","@id":"https:\/\/portalmf.com.br\/#\/schema\/person\/9ec101baf56233e53520c26de5d6f6f0","name":"Reda\u00e7\u00e3o Portal MF","image":{"@type":"ImageObject","inLanguage":"pt-BR","@id":"https:\/\/portalmf.com.br\/#\/schema\/person\/image\/","url":"https:\/\/secure.gravatar.com\/avatar\/41b9aaeb2100835f7c64362330f74c7f?s=96&d=mm&r=g","contentUrl":"https:\/\/secure.gravatar.com\/avatar\/41b9aaeb2100835f7c64362330f74c7f?s=96&d=mm&r=g","caption":"Reda\u00e7\u00e3o Portal MF"},"description":"Sejam bem-vindos o portal de informa\u00e7\u00f5es de entretenimento de Feira de Santana, desde 2006 realiza coberturas dos principais eventos com entrevistas exclusivas com as principais personalidades mundiais. Fique conectado tamb\u00e9m nas redes sociais.","sameAs":["http:\/\/www.portalmf.com.br\/","https:\/\/www.facebook.com\/portalmfoficial","https:\/\/www.instagram.com\/portalmf\/","https:\/\/x.com\/https:\/\/x.com\/portalmfoficial","https:\/\/www.youtube.com\/@portalmfoficial"],"url":"https:\/\/portalmf.com.br\/index.php\/author\/junior\/"}]}},"_links":{"self":[{"href":"https:\/\/portalmf.com.br\/index.php\/wp-json\/wp\/v2\/posts\/34406"}],"collection":[{"href":"https:\/\/portalmf.com.br\/index.php\/wp-json\/wp\/v2\/posts"}],"about":[{"href":"https:\/\/portalmf.com.br\/index.php\/wp-json\/wp\/v2\/types\/post"}],"author":[{"embeddable":true,"href":"https:\/\/portalmf.com.br\/index.php\/wp-json\/wp\/v2\/users\/3"}],"replies":[{"embeddable":true,"href":"https:\/\/portalmf.com.br\/index.php\/wp-json\/wp\/v2\/comments?post=34406"}],"version-history":[{"count":1,"href":"https:\/\/portalmf.com.br\/index.php\/wp-json\/wp\/v2\/posts\/34406\/revisions"}],"predecessor-version":[{"id":34408,"href":"https:\/\/portalmf.com.br\/index.php\/wp-json\/wp\/v2\/posts\/34406\/revisions\/34408"}],"wp:featuredmedia":[{"embeddable":true,"href":"https:\/\/portalmf.com.br\/index.php\/wp-json\/wp\/v2\/media\/34407"}],"wp:attachment":[{"href":"https:\/\/portalmf.com.br\/index.php\/wp-json\/wp\/v2\/media?parent=34406"}],"wp:term":[{"taxonomy":"category","embeddable":true,"href":"https:\/\/portalmf.com.br\/index.php\/wp-json\/wp\/v2\/categories?post=34406"},{"taxonomy":"post_tag","embeddable":true,"href":"https:\/\/portalmf.com.br\/index.php\/wp-json\/wp\/v2\/tags?post=34406"}],"curies":[{"name":"wp","href":"https:\/\/api.w.org\/{rel}","templated":true}]}}