{"id":34400,"date":"2025-02-25T11:28:08","date_gmt":"2025-02-25T14:28:08","guid":{"rendered":"https:\/\/portalmf.com.br\/?p=34400"},"modified":"2025-02-25T11:33:30","modified_gmt":"2025-02-25T14:33:30","slug":"rachel-reis-apresenta-carnaval-deixa-molhar-em-salvador","status":"publish","type":"post","link":"https:\/\/portalmf.com.br\/index.php\/2025\/02\/25\/rachel-reis-apresenta-carnaval-deixa-molhar-em-salvador\/","title":{"rendered":"Rachel Reis apresenta \u201cCarnaval Deixa Molhar&#8221; em Salvador"},"content":{"rendered":"\n<p>Se firmando cada vez mais como musa do Carnaval de Salvador,\u00a0<strong>Rachel Reis<\/strong>\u00a0esquenta os f\u00e3s com seus novos hits com tr\u00eas shows e duas participa\u00e7\u00f5es pelos circuitos da cidade. <\/p>\n\n\n\n<p>A cantora e compositora baiana, que no \u00faltimo ano participou de diversas programa\u00e7\u00f5es do Carnaval de Salvador e Recife, agora apresenta o\u00a0<strong>\u201cCarnaval<\/strong>\u00a0<strong>Deixa Molhar<\/strong>\u201d, estando cada vez mais presente nos festejos da Bahia.\u00a0<\/p>\n\n\n\n<figure class=\"wp-block-embed is-type-video is-provider-youtube wp-block-embed-youtube wp-embed-aspect-16-9 wp-has-aspect-ratio\"><div class=\"wp-block-embed__wrapper\">\n<iframe title=\"Rachel Reis - Deixa Molhar\" width=\"696\" height=\"392\" src=\"https:\/\/www.youtube.com\/embed\/OW3FOz92vII?feature=oembed\" frameborder=\"0\" allow=\"accelerometer; autoplay; clipboard-write; encrypted-media; gyroscope; picture-in-picture; web-share\" referrerpolicy=\"strict-origin-when-cross-origin\" allowfullscreen><\/iframe>\n<\/div><\/figure>\n\n\n\n<p>A programa\u00e7\u00e3o come\u00e7a no dia 27 de fevereiro, onde participa do Bloco Fissura, no trio com Filhos de Jorge, passando pelo Circuito Barra-Ondina, seguindo para um show no Palco Multicultural no dia 28.<\/p>\n\n\n\n<p>Abrindo mar\u00e7o, a Pra\u00e7a Castro Alves ficar\u00e1 pequena para a diva, que sobe ao palco \u00e0s 19h. J\u00e1 no dia 03, Rachel participa do trio de Daniela Mercury, com quem, inclusive, tem o sucesso gravado \u201cMeu Corpo Treme\u201d. Para fechar, dia 04, o Largo do Pelourinho, no cora\u00e7\u00e3o de Salvador, recebe a artista \u00e0s 19h.&nbsp;<\/p>\n\n\n\n<p><strong>SERVI\u00c7O:<\/strong><\/p>\n\n\n\n<p><strong>Carnaval Deixa Molhar &#8211; Rachel Reis &#8211; Salvador, BA<\/strong><\/p>\n\n\n\n<p>27\/02 Part. Trio Filhos de Jorge &#8211; Circuito Barra- Ondina&nbsp;<\/p>\n\n\n\n<p>28\/02 Palco Multicultural &#8211; Pra\u00e7a Municipal &#8211; 17h<\/p>\n\n\n\n<p>01\/03 Pra\u00e7a Castro Alves &#8211; 19h<\/p>\n\n\n\n<p>03\/03 Part. Trio de Daniela Mercury &#8211; Circuito Barra- Ondina&nbsp;<\/p>\n\n\n\n<p>04\/03 &#8211; Largo do Pelourinho &#8211; 19h<\/p>\n","protected":false},"excerpt":{"rendered":"<p>Se firmando cada vez mais como musa do Carnaval de Salvador,\u00a0Rachel Reis\u00a0esquenta os f\u00e3s com seus novos hits com tr\u00eas shows e duas participa\u00e7\u00f5es pelos circuitos da cidade. A cantora e compositora baiana, que no \u00faltimo ano participou de diversas programa\u00e7\u00f5es do Carnaval de Salvador e Recife, agora apresenta o\u00a0\u201cCarnaval\u00a0Deixa Molhar\u201d, estando cada vez mais [&hellip;]<\/p>\n","protected":false},"author":3,"featured_media":18235,"comment_status":"open","ping_status":"open","sticky":false,"template":"","format":"standard","meta":{"_monsterinsights_skip_tracking":false,"_monsterinsights_sitenote_active":false,"_monsterinsights_sitenote_note":"","_monsterinsights_sitenote_category":0,"footnotes":""},"categories":[44,48],"tags":[],"yoast_head":"<!-- This site is optimized with the Yoast SEO plugin v22.9 - https:\/\/yoast.com\/wordpress\/plugins\/seo\/ -->\n<title>Rachel Reis apresenta \u201cCarnaval Deixa Molhar&quot; em Salvador - Portal MF<\/title>\n<meta name=\"robots\" content=\"index, follow, max-snippet:-1, max-image-preview:large, max-video-preview:-1\" \/>\n<link rel=\"canonical\" href=\"https:\/\/portalmf.com.br\/index.php\/2025\/02\/25\/rachel-reis-apresenta-carnaval-deixa-molhar-em-salvador\/\" \/>\n<meta property=\"og:locale\" content=\"pt_BR\" \/>\n<meta property=\"og:type\" content=\"article\" \/>\n<meta property=\"og:title\" content=\"Rachel Reis apresenta \u201cCarnaval Deixa Molhar&quot; em Salvador - Portal MF\" \/>\n<meta property=\"og:description\" content=\"Se firmando cada vez mais como musa do Carnaval de Salvador,\u00a0Rachel Reis\u00a0esquenta os f\u00e3s com seus novos hits com tr\u00eas shows e duas participa\u00e7\u00f5es pelos circuitos da cidade. A cantora e compositora baiana, que no \u00faltimo ano participou de diversas programa\u00e7\u00f5es do Carnaval de Salvador e Recife, agora apresenta o\u00a0\u201cCarnaval\u00a0Deixa Molhar\u201d, estando cada vez mais [&hellip;]\" \/>\n<meta property=\"og:url\" content=\"https:\/\/portalmf.com.br\/index.php\/2025\/02\/25\/rachel-reis-apresenta-carnaval-deixa-molhar-em-salvador\/\" \/>\n<meta property=\"og:site_name\" content=\"Portal MF\" \/>\n<meta property=\"article:author\" content=\"https:\/\/www.facebook.com\/portalmfoficial\" \/>\n<meta property=\"article:published_time\" content=\"2025-02-25T14:28:08+00:00\" \/>\n<meta property=\"article:modified_time\" content=\"2025-02-25T14:33:30+00:00\" \/>\n<meta property=\"og:image\" content=\"https:\/\/portalmf.com.br\/wp-content\/uploads\/2023\/09\/Rachel-Reis-Creditos-Rubens-Henrique.jpg\" \/>\n\t<meta property=\"og:image:width\" content=\"1200\" \/>\n\t<meta property=\"og:image:height\" content=\"720\" \/>\n\t<meta property=\"og:image:type\" content=\"image\/jpeg\" \/>\n<meta name=\"author\" content=\"Reda\u00e7\u00e3o Portal MF\" \/>\n<meta name=\"twitter:card\" content=\"summary_large_image\" \/>\n<meta name=\"twitter:creator\" content=\"@https:\/\/x.com\/portalmfoficial\" \/>\n<meta name=\"twitter:label1\" content=\"Escrito por\" \/>\n\t<meta name=\"twitter:data1\" content=\"Reda\u00e7\u00e3o Portal MF\" \/>\n\t<meta name=\"twitter:label2\" content=\"Est. tempo de leitura\" \/>\n\t<meta name=\"twitter:data2\" content=\"2 minutos\" \/>\n<script type=\"application\/ld+json\" class=\"yoast-schema-graph\">{\"@context\":\"https:\/\/schema.org\",\"@graph\":[{\"@type\":\"WebPage\",\"@id\":\"https:\/\/portalmf.com.br\/index.php\/2025\/02\/25\/rachel-reis-apresenta-carnaval-deixa-molhar-em-salvador\/\",\"url\":\"https:\/\/portalmf.com.br\/index.php\/2025\/02\/25\/rachel-reis-apresenta-carnaval-deixa-molhar-em-salvador\/\",\"name\":\"Rachel Reis apresenta \u201cCarnaval Deixa Molhar\\\" em Salvador - Portal MF\",\"isPartOf\":{\"@id\":\"https:\/\/portalmf.com.br\/#website\"},\"primaryImageOfPage\":{\"@id\":\"https:\/\/portalmf.com.br\/index.php\/2025\/02\/25\/rachel-reis-apresenta-carnaval-deixa-molhar-em-salvador\/#primaryimage\"},\"image\":{\"@id\":\"https:\/\/portalmf.com.br\/index.php\/2025\/02\/25\/rachel-reis-apresenta-carnaval-deixa-molhar-em-salvador\/#primaryimage\"},\"thumbnailUrl\":\"https:\/\/portalmf.com.br\/wp-content\/uploads\/2023\/09\/Rachel-Reis-Creditos-Rubens-Henrique.jpg\",\"datePublished\":\"2025-02-25T14:28:08+00:00\",\"dateModified\":\"2025-02-25T14:33:30+00:00\",\"author\":{\"@id\":\"https:\/\/portalmf.com.br\/#\/schema\/person\/9ec101baf56233e53520c26de5d6f6f0\"},\"breadcrumb\":{\"@id\":\"https:\/\/portalmf.com.br\/index.php\/2025\/02\/25\/rachel-reis-apresenta-carnaval-deixa-molhar-em-salvador\/#breadcrumb\"},\"inLanguage\":\"pt-BR\",\"potentialAction\":[{\"@type\":\"ReadAction\",\"target\":[\"https:\/\/portalmf.com.br\/index.php\/2025\/02\/25\/rachel-reis-apresenta-carnaval-deixa-molhar-em-salvador\/\"]}]},{\"@type\":\"ImageObject\",\"inLanguage\":\"pt-BR\",\"@id\":\"https:\/\/portalmf.com.br\/index.php\/2025\/02\/25\/rachel-reis-apresenta-carnaval-deixa-molhar-em-salvador\/#primaryimage\",\"url\":\"https:\/\/portalmf.com.br\/wp-content\/uploads\/2023\/09\/Rachel-Reis-Creditos-Rubens-Henrique.jpg\",\"contentUrl\":\"https:\/\/portalmf.com.br\/wp-content\/uploads\/2023\/09\/Rachel-Reis-Creditos-Rubens-Henrique.jpg\",\"width\":1200,\"height\":720},{\"@type\":\"BreadcrumbList\",\"@id\":\"https:\/\/portalmf.com.br\/index.php\/2025\/02\/25\/rachel-reis-apresenta-carnaval-deixa-molhar-em-salvador\/#breadcrumb\",\"itemListElement\":[{\"@type\":\"ListItem\",\"position\":1,\"name\":\"In\u00edcio\",\"item\":\"https:\/\/portalmf.com.br\/\"},{\"@type\":\"ListItem\",\"position\":2,\"name\":\"Rachel Reis apresenta \u201cCarnaval Deixa Molhar&#8221; em Salvador\"}]},{\"@type\":\"WebSite\",\"@id\":\"https:\/\/portalmf.com.br\/#website\",\"url\":\"https:\/\/portalmf.com.br\/\",\"name\":\"Portal MF\",\"description\":\"Voc\u00ea conectado com a informa\u00e7\u00e3o\",\"potentialAction\":[{\"@type\":\"SearchAction\",\"target\":{\"@type\":\"EntryPoint\",\"urlTemplate\":\"https:\/\/portalmf.com.br\/?s={search_term_string}\"},\"query-input\":\"required name=search_term_string\"}],\"inLanguage\":\"pt-BR\"},{\"@type\":\"Person\",\"@id\":\"https:\/\/portalmf.com.br\/#\/schema\/person\/9ec101baf56233e53520c26de5d6f6f0\",\"name\":\"Reda\u00e7\u00e3o Portal MF\",\"image\":{\"@type\":\"ImageObject\",\"inLanguage\":\"pt-BR\",\"@id\":\"https:\/\/portalmf.com.br\/#\/schema\/person\/image\/\",\"url\":\"https:\/\/secure.gravatar.com\/avatar\/41b9aaeb2100835f7c64362330f74c7f?s=96&d=mm&r=g\",\"contentUrl\":\"https:\/\/secure.gravatar.com\/avatar\/41b9aaeb2100835f7c64362330f74c7f?s=96&d=mm&r=g\",\"caption\":\"Reda\u00e7\u00e3o Portal MF\"},\"description\":\"Sejam bem-vindos o portal de informa\u00e7\u00f5es de entretenimento de Feira de Santana, desde 2006 realiza coberturas dos principais eventos com entrevistas exclusivas com as principais personalidades mundiais. Fique conectado tamb\u00e9m nas redes sociais.\",\"sameAs\":[\"http:\/\/www.portalmf.com.br\/\",\"https:\/\/www.facebook.com\/portalmfoficial\",\"https:\/\/www.instagram.com\/portalmf\/\",\"https:\/\/x.com\/https:\/\/x.com\/portalmfoficial\",\"https:\/\/www.youtube.com\/@portalmfoficial\"],\"url\":\"https:\/\/portalmf.com.br\/index.php\/author\/junior\/\"}]}<\/script>\n<!-- \/ Yoast SEO plugin. -->","yoast_head_json":{"title":"Rachel Reis apresenta \u201cCarnaval Deixa Molhar\" em Salvador - Portal MF","robots":{"index":"index","follow":"follow","max-snippet":"max-snippet:-1","max-image-preview":"max-image-preview:large","max-video-preview":"max-video-preview:-1"},"canonical":"https:\/\/portalmf.com.br\/index.php\/2025\/02\/25\/rachel-reis-apresenta-carnaval-deixa-molhar-em-salvador\/","og_locale":"pt_BR","og_type":"article","og_title":"Rachel Reis apresenta \u201cCarnaval Deixa Molhar\" em Salvador - Portal MF","og_description":"Se firmando cada vez mais como musa do Carnaval de Salvador,\u00a0Rachel Reis\u00a0esquenta os f\u00e3s com seus novos hits com tr\u00eas shows e duas participa\u00e7\u00f5es pelos circuitos da cidade. A cantora e compositora baiana, que no \u00faltimo ano participou de diversas programa\u00e7\u00f5es do Carnaval de Salvador e Recife, agora apresenta o\u00a0\u201cCarnaval\u00a0Deixa Molhar\u201d, estando cada vez mais [&hellip;]","og_url":"https:\/\/portalmf.com.br\/index.php\/2025\/02\/25\/rachel-reis-apresenta-carnaval-deixa-molhar-em-salvador\/","og_site_name":"Portal MF","article_author":"https:\/\/www.facebook.com\/portalmfoficial","article_published_time":"2025-02-25T14:28:08+00:00","article_modified_time":"2025-02-25T14:33:30+00:00","og_image":[{"width":1200,"height":720,"url":"https:\/\/portalmf.com.br\/wp-content\/uploads\/2023\/09\/Rachel-Reis-Creditos-Rubens-Henrique.jpg","type":"image\/jpeg"}],"author":"Reda\u00e7\u00e3o Portal MF","twitter_card":"summary_large_image","twitter_creator":"@https:\/\/x.com\/portalmfoficial","twitter_misc":{"Escrito por":"Reda\u00e7\u00e3o Portal MF","Est. tempo de leitura":"2 minutos"},"schema":{"@context":"https:\/\/schema.org","@graph":[{"@type":"WebPage","@id":"https:\/\/portalmf.com.br\/index.php\/2025\/02\/25\/rachel-reis-apresenta-carnaval-deixa-molhar-em-salvador\/","url":"https:\/\/portalmf.com.br\/index.php\/2025\/02\/25\/rachel-reis-apresenta-carnaval-deixa-molhar-em-salvador\/","name":"Rachel Reis apresenta \u201cCarnaval Deixa Molhar\" em Salvador - Portal MF","isPartOf":{"@id":"https:\/\/portalmf.com.br\/#website"},"primaryImageOfPage":{"@id":"https:\/\/portalmf.com.br\/index.php\/2025\/02\/25\/rachel-reis-apresenta-carnaval-deixa-molhar-em-salvador\/#primaryimage"},"image":{"@id":"https:\/\/portalmf.com.br\/index.php\/2025\/02\/25\/rachel-reis-apresenta-carnaval-deixa-molhar-em-salvador\/#primaryimage"},"thumbnailUrl":"https:\/\/portalmf.com.br\/wp-content\/uploads\/2023\/09\/Rachel-Reis-Creditos-Rubens-Henrique.jpg","datePublished":"2025-02-25T14:28:08+00:00","dateModified":"2025-02-25T14:33:30+00:00","author":{"@id":"https:\/\/portalmf.com.br\/#\/schema\/person\/9ec101baf56233e53520c26de5d6f6f0"},"breadcrumb":{"@id":"https:\/\/portalmf.com.br\/index.php\/2025\/02\/25\/rachel-reis-apresenta-carnaval-deixa-molhar-em-salvador\/#breadcrumb"},"inLanguage":"pt-BR","potentialAction":[{"@type":"ReadAction","target":["https:\/\/portalmf.com.br\/index.php\/2025\/02\/25\/rachel-reis-apresenta-carnaval-deixa-molhar-em-salvador\/"]}]},{"@type":"ImageObject","inLanguage":"pt-BR","@id":"https:\/\/portalmf.com.br\/index.php\/2025\/02\/25\/rachel-reis-apresenta-carnaval-deixa-molhar-em-salvador\/#primaryimage","url":"https:\/\/portalmf.com.br\/wp-content\/uploads\/2023\/09\/Rachel-Reis-Creditos-Rubens-Henrique.jpg","contentUrl":"https:\/\/portalmf.com.br\/wp-content\/uploads\/2023\/09\/Rachel-Reis-Creditos-Rubens-Henrique.jpg","width":1200,"height":720},{"@type":"BreadcrumbList","@id":"https:\/\/portalmf.com.br\/index.php\/2025\/02\/25\/rachel-reis-apresenta-carnaval-deixa-molhar-em-salvador\/#breadcrumb","itemListElement":[{"@type":"ListItem","position":1,"name":"In\u00edcio","item":"https:\/\/portalmf.com.br\/"},{"@type":"ListItem","position":2,"name":"Rachel Reis apresenta \u201cCarnaval Deixa Molhar&#8221; em Salvador"}]},{"@type":"WebSite","@id":"https:\/\/portalmf.com.br\/#website","url":"https:\/\/portalmf.com.br\/","name":"Portal MF","description":"Voc\u00ea conectado com a informa\u00e7\u00e3o","potentialAction":[{"@type":"SearchAction","target":{"@type":"EntryPoint","urlTemplate":"https:\/\/portalmf.com.br\/?s={search_term_string}"},"query-input":"required name=search_term_string"}],"inLanguage":"pt-BR"},{"@type":"Person","@id":"https:\/\/portalmf.com.br\/#\/schema\/person\/9ec101baf56233e53520c26de5d6f6f0","name":"Reda\u00e7\u00e3o Portal MF","image":{"@type":"ImageObject","inLanguage":"pt-BR","@id":"https:\/\/portalmf.com.br\/#\/schema\/person\/image\/","url":"https:\/\/secure.gravatar.com\/avatar\/41b9aaeb2100835f7c64362330f74c7f?s=96&d=mm&r=g","contentUrl":"https:\/\/secure.gravatar.com\/avatar\/41b9aaeb2100835f7c64362330f74c7f?s=96&d=mm&r=g","caption":"Reda\u00e7\u00e3o Portal MF"},"description":"Sejam bem-vindos o portal de informa\u00e7\u00f5es de entretenimento de Feira de Santana, desde 2006 realiza coberturas dos principais eventos com entrevistas exclusivas com as principais personalidades mundiais. Fique conectado tamb\u00e9m nas redes sociais.","sameAs":["http:\/\/www.portalmf.com.br\/","https:\/\/www.facebook.com\/portalmfoficial","https:\/\/www.instagram.com\/portalmf\/","https:\/\/x.com\/https:\/\/x.com\/portalmfoficial","https:\/\/www.youtube.com\/@portalmfoficial"],"url":"https:\/\/portalmf.com.br\/index.php\/author\/junior\/"}]}},"_links":{"self":[{"href":"https:\/\/portalmf.com.br\/index.php\/wp-json\/wp\/v2\/posts\/34400"}],"collection":[{"href":"https:\/\/portalmf.com.br\/index.php\/wp-json\/wp\/v2\/posts"}],"about":[{"href":"https:\/\/portalmf.com.br\/index.php\/wp-json\/wp\/v2\/types\/post"}],"author":[{"embeddable":true,"href":"https:\/\/portalmf.com.br\/index.php\/wp-json\/wp\/v2\/users\/3"}],"replies":[{"embeddable":true,"href":"https:\/\/portalmf.com.br\/index.php\/wp-json\/wp\/v2\/comments?post=34400"}],"version-history":[{"count":2,"href":"https:\/\/portalmf.com.br\/index.php\/wp-json\/wp\/v2\/posts\/34400\/revisions"}],"predecessor-version":[{"id":34402,"href":"https:\/\/portalmf.com.br\/index.php\/wp-json\/wp\/v2\/posts\/34400\/revisions\/34402"}],"wp:featuredmedia":[{"embeddable":true,"href":"https:\/\/portalmf.com.br\/index.php\/wp-json\/wp\/v2\/media\/18235"}],"wp:attachment":[{"href":"https:\/\/portalmf.com.br\/index.php\/wp-json\/wp\/v2\/media?parent=34400"}],"wp:term":[{"taxonomy":"category","embeddable":true,"href":"https:\/\/portalmf.com.br\/index.php\/wp-json\/wp\/v2\/categories?post=34400"},{"taxonomy":"post_tag","embeddable":true,"href":"https:\/\/portalmf.com.br\/index.php\/wp-json\/wp\/v2\/tags?post=34400"}],"curies":[{"name":"wp","href":"https:\/\/api.w.org\/{rel}","templated":true}]}}