{"id":3440,"date":"2022-08-22T15:18:53","date_gmt":"2022-08-22T18:18:53","guid":{"rendered":"http:\/\/portalmf.com.br\/?p=3440"},"modified":"2022-08-22T15:18:55","modified_gmt":"2022-08-22T18:18:55","slug":"oab-feira-organiza-i-encontro-de-mulheres-advogadas-do-interior-dialogando-com-o-agosto-lilas","status":"publish","type":"post","link":"https:\/\/portalmf.com.br\/index.php\/2022\/08\/22\/oab-feira-organiza-i-encontro-de-mulheres-advogadas-do-interior-dialogando-com-o-agosto-lilas\/","title":{"rendered":"OAB Feira organiza I Encontro de Mulheres Advogadas do Interior &#8211; dialogando com o Agosto Lil\u00e1s"},"content":{"rendered":"\n<p>Dando continuidade \u00e0s a\u00e7\u00f5es do m\u00eas de agosto, m\u00eas em que se comemora a advocacia, a OAB Subse\u00e7\u00e3o Feira de Santana vai realizar nesta semana, na quarta (24) e na quinta (25), o evento intitulado \u201cI Encontro de Mulheres Advogadas do Interior: dialogando com o agosto lil\u00e1s\u201d.<\/p>\n\n\n\n<p>O evento ser\u00e1 aberto ao p\u00fablico, com inscri\u00e7\u00f5es gratuitas e doa\u00e7\u00e3o de materiais de higiene pessoal como shampoo, condicionador, sabonete, desodorante em creme, creme dental e absorventes para serem direcionados \u00e0s mulheres em situa\u00e7\u00e3o de vulnerabilidade social.<\/p>\n\n\n\n<p>Em formato h\u00edbrido, sendo presencial no audit\u00f3rio da sede da OAB Feira e com transmiss\u00e3o simult\u00e2nea no YouTube, o encontro ocorrer\u00e1 entre as 18h e as 22h em ambos os dias.<\/p>\n\n\n\n<p>As inscri\u00e7\u00f5es do evento podem ser feitas pelo<a href=\"https:\/\/www.sympla.com.br\/i-encontro-de-mulheres-advogadas-do-interior-baiano-dialogando-com-o-agosto-lilas__1667932.\"> Sympla.<\/a><\/p>\n\n\n\n<p>A mesa de abertura ser\u00e1 composta L pela presidente da OAB Seccional Bahia, Dra. Daniela Borges, primeira mulher eleita para o cargo em 90 anos de institui\u00e7\u00e3o. Tamb\u00e9m haver\u00e1 a participa\u00e7\u00e3o do presidente da OAB Feira, Dr. Raphael Pitombo, e da vice-presidente, Dra. Lorena Peixoto, a primeira mulher advogada a assumir cargo de vice-presid\u00eancia na OAB Feira de Santana.<\/p>\n\n\n\n<p>Ainda haver\u00e1 a participa\u00e7\u00e3o da Dra. Esmeralda Halana, atual presidente da Comiss\u00e3o em Defesa dos Direitos das Mulheres e das Advogadas e da vice-presidente desta comiss\u00e3o, Dra. Tayanne Travassos.<\/p>\n","protected":false},"excerpt":{"rendered":"<p>Dando continuidade \u00e0s a\u00e7\u00f5es do m\u00eas de agosto, m\u00eas em que se comemora a advocacia, a OAB Subse\u00e7\u00e3o Feira de Santana vai realizar nesta semana, na quarta (24) e na quinta (25), o evento intitulado \u201cI Encontro de Mulheres Advogadas do Interior: dialogando com o agosto lil\u00e1s\u201d. O evento ser\u00e1 aberto ao p\u00fablico, com inscri\u00e7\u00f5es [&hellip;]<\/p>\n","protected":false},"author":2,"featured_media":3441,"comment_status":"open","ping_status":"open","sticky":false,"template":"","format":"standard","meta":{"_monsterinsights_skip_tracking":false,"_monsterinsights_sitenote_active":false,"_monsterinsights_sitenote_note":"","_monsterinsights_sitenote_category":0,"footnotes":""},"categories":[34],"tags":[],"yoast_head":"<!-- This site is optimized with the Yoast SEO plugin v22.9 - https:\/\/yoast.com\/wordpress\/plugins\/seo\/ -->\n<title>OAB Feira organiza I Encontro de Mulheres Advogadas do Interior - dialogando com o Agosto Lil\u00e1s - Portal MF<\/title>\n<meta name=\"robots\" content=\"index, follow, max-snippet:-1, max-image-preview:large, max-video-preview:-1\" \/>\n<link rel=\"canonical\" href=\"https:\/\/portalmf.com.br\/index.php\/2022\/08\/22\/oab-feira-organiza-i-encontro-de-mulheres-advogadas-do-interior-dialogando-com-o-agosto-lilas\/\" \/>\n<meta property=\"og:locale\" content=\"pt_BR\" \/>\n<meta property=\"og:type\" content=\"article\" \/>\n<meta property=\"og:title\" content=\"OAB Feira organiza I Encontro de Mulheres Advogadas do Interior - dialogando com o Agosto Lil\u00e1s - Portal MF\" \/>\n<meta property=\"og:description\" content=\"Dando continuidade \u00e0s a\u00e7\u00f5es do m\u00eas de agosto, m\u00eas em que se comemora a advocacia, a OAB Subse\u00e7\u00e3o Feira de Santana vai realizar nesta semana, na quarta (24) e na quinta (25), o evento intitulado \u201cI Encontro de Mulheres Advogadas do Interior: dialogando com o agosto lil\u00e1s\u201d. O evento ser\u00e1 aberto ao p\u00fablico, com inscri\u00e7\u00f5es [&hellip;]\" \/>\n<meta property=\"og:url\" content=\"https:\/\/portalmf.com.br\/index.php\/2022\/08\/22\/oab-feira-organiza-i-encontro-de-mulheres-advogadas-do-interior-dialogando-com-o-agosto-lilas\/\" \/>\n<meta property=\"og:site_name\" content=\"Portal MF\" \/>\n<meta property=\"article:author\" content=\"reginaldojrfsa\" \/>\n<meta property=\"article:published_time\" content=\"2022-08-22T18:18:53+00:00\" \/>\n<meta property=\"article:modified_time\" content=\"2022-08-22T18:18:55+00:00\" \/>\n<meta property=\"og:image\" content=\"https:\/\/portalmf.com.br\/wp-content\/uploads\/2022\/08\/WhatsApp-Image-2022-08-22-at-14.56.44.jpeg\" \/>\n\t<meta property=\"og:image:width\" content=\"1600\" \/>\n\t<meta property=\"og:image:height\" content=\"1600\" \/>\n\t<meta property=\"og:image:type\" content=\"image\/jpeg\" \/>\n<meta name=\"author\" content=\"Reginaldo J\u00fanior\" \/>\n<meta name=\"twitter:card\" content=\"summary_large_image\" \/>\n<meta name=\"twitter:creator\" content=\"@reginaldojrmf\" \/>\n<meta name=\"twitter:label1\" content=\"Escrito por\" \/>\n\t<meta name=\"twitter:data1\" content=\"Reginaldo J\u00fanior\" \/>\n\t<meta name=\"twitter:label2\" content=\"Est. tempo de leitura\" \/>\n\t<meta name=\"twitter:data2\" content=\"2 minutos\" \/>\n<script type=\"application\/ld+json\" class=\"yoast-schema-graph\">{\"@context\":\"https:\/\/schema.org\",\"@graph\":[{\"@type\":\"WebPage\",\"@id\":\"https:\/\/portalmf.com.br\/index.php\/2022\/08\/22\/oab-feira-organiza-i-encontro-de-mulheres-advogadas-do-interior-dialogando-com-o-agosto-lilas\/\",\"url\":\"https:\/\/portalmf.com.br\/index.php\/2022\/08\/22\/oab-feira-organiza-i-encontro-de-mulheres-advogadas-do-interior-dialogando-com-o-agosto-lilas\/\",\"name\":\"OAB Feira organiza I Encontro de Mulheres Advogadas do Interior - dialogando com o Agosto Lil\u00e1s - Portal MF\",\"isPartOf\":{\"@id\":\"https:\/\/portalmf.com.br\/#website\"},\"primaryImageOfPage\":{\"@id\":\"https:\/\/portalmf.com.br\/index.php\/2022\/08\/22\/oab-feira-organiza-i-encontro-de-mulheres-advogadas-do-interior-dialogando-com-o-agosto-lilas\/#primaryimage\"},\"image\":{\"@id\":\"https:\/\/portalmf.com.br\/index.php\/2022\/08\/22\/oab-feira-organiza-i-encontro-de-mulheres-advogadas-do-interior-dialogando-com-o-agosto-lilas\/#primaryimage\"},\"thumbnailUrl\":\"https:\/\/portalmf.com.br\/wp-content\/uploads\/2022\/08\/WhatsApp-Image-2022-08-22-at-14.56.44.jpeg\",\"datePublished\":\"2022-08-22T18:18:53+00:00\",\"dateModified\":\"2022-08-22T18:18:55+00:00\",\"author\":{\"@id\":\"https:\/\/portalmf.com.br\/#\/schema\/person\/11c82086fe8abc05a19147e964587285\"},\"breadcrumb\":{\"@id\":\"https:\/\/portalmf.com.br\/index.php\/2022\/08\/22\/oab-feira-organiza-i-encontro-de-mulheres-advogadas-do-interior-dialogando-com-o-agosto-lilas\/#breadcrumb\"},\"inLanguage\":\"pt-BR\",\"potentialAction\":[{\"@type\":\"ReadAction\",\"target\":[\"https:\/\/portalmf.com.br\/index.php\/2022\/08\/22\/oab-feira-organiza-i-encontro-de-mulheres-advogadas-do-interior-dialogando-com-o-agosto-lilas\/\"]}]},{\"@type\":\"ImageObject\",\"inLanguage\":\"pt-BR\",\"@id\":\"https:\/\/portalmf.com.br\/index.php\/2022\/08\/22\/oab-feira-organiza-i-encontro-de-mulheres-advogadas-do-interior-dialogando-com-o-agosto-lilas\/#primaryimage\",\"url\":\"https:\/\/portalmf.com.br\/wp-content\/uploads\/2022\/08\/WhatsApp-Image-2022-08-22-at-14.56.44.jpeg\",\"contentUrl\":\"https:\/\/portalmf.com.br\/wp-content\/uploads\/2022\/08\/WhatsApp-Image-2022-08-22-at-14.56.44.jpeg\",\"width\":1600,\"height\":1600},{\"@type\":\"BreadcrumbList\",\"@id\":\"https:\/\/portalmf.com.br\/index.php\/2022\/08\/22\/oab-feira-organiza-i-encontro-de-mulheres-advogadas-do-interior-dialogando-com-o-agosto-lilas\/#breadcrumb\",\"itemListElement\":[{\"@type\":\"ListItem\",\"position\":1,\"name\":\"In\u00edcio\",\"item\":\"https:\/\/portalmf.com.br\/\"},{\"@type\":\"ListItem\",\"position\":2,\"name\":\"OAB Feira organiza I Encontro de Mulheres Advogadas do Interior &#8211; dialogando com o Agosto Lil\u00e1s\"}]},{\"@type\":\"WebSite\",\"@id\":\"https:\/\/portalmf.com.br\/#website\",\"url\":\"https:\/\/portalmf.com.br\/\",\"name\":\"Portal MF\",\"description\":\"Voc\u00ea conectado com a informa\u00e7\u00e3o\",\"potentialAction\":[{\"@type\":\"SearchAction\",\"target\":{\"@type\":\"EntryPoint\",\"urlTemplate\":\"https:\/\/portalmf.com.br\/?s={search_term_string}\"},\"query-input\":\"required name=search_term_string\"}],\"inLanguage\":\"pt-BR\"},{\"@type\":\"Person\",\"@id\":\"https:\/\/portalmf.com.br\/#\/schema\/person\/11c82086fe8abc05a19147e964587285\",\"name\":\"Reginaldo J\u00fanior\",\"image\":{\"@type\":\"ImageObject\",\"inLanguage\":\"pt-BR\",\"@id\":\"https:\/\/portalmf.com.br\/#\/schema\/person\/image\/\",\"url\":\"https:\/\/secure.gravatar.com\/avatar\/32a3c797cd0ac47cc53b8644c62776f9?s=96&d=mm&r=g\",\"contentUrl\":\"https:\/\/secure.gravatar.com\/avatar\/32a3c797cd0ac47cc53b8644c62776f9?s=96&d=mm&r=g\",\"caption\":\"Reginaldo J\u00fanior\"},\"description\":\"Jornalista e idealizador Portal MF\",\"sameAs\":[\"https:\/\/portalmf.com.br\/index.php\/author\/reginaldojr\/\",\"reginaldojrfsa\",\"reginaldojuniormf\",\"https:\/\/x.com\/reginaldojrmf\"],\"url\":\"https:\/\/portalmf.com.br\/index.php\/author\/reginaldojr\/\"}]}<\/script>\n<!-- \/ Yoast SEO plugin. -->","yoast_head_json":{"title":"OAB Feira organiza I Encontro de Mulheres Advogadas do Interior - dialogando com o Agosto Lil\u00e1s - Portal MF","robots":{"index":"index","follow":"follow","max-snippet":"max-snippet:-1","max-image-preview":"max-image-preview:large","max-video-preview":"max-video-preview:-1"},"canonical":"https:\/\/portalmf.com.br\/index.php\/2022\/08\/22\/oab-feira-organiza-i-encontro-de-mulheres-advogadas-do-interior-dialogando-com-o-agosto-lilas\/","og_locale":"pt_BR","og_type":"article","og_title":"OAB Feira organiza I Encontro de Mulheres Advogadas do Interior - dialogando com o Agosto Lil\u00e1s - Portal MF","og_description":"Dando continuidade \u00e0s a\u00e7\u00f5es do m\u00eas de agosto, m\u00eas em que se comemora a advocacia, a OAB Subse\u00e7\u00e3o Feira de Santana vai realizar nesta semana, na quarta (24) e na quinta (25), o evento intitulado \u201cI Encontro de Mulheres Advogadas do Interior: dialogando com o agosto lil\u00e1s\u201d. O evento ser\u00e1 aberto ao p\u00fablico, com inscri\u00e7\u00f5es [&hellip;]","og_url":"https:\/\/portalmf.com.br\/index.php\/2022\/08\/22\/oab-feira-organiza-i-encontro-de-mulheres-advogadas-do-interior-dialogando-com-o-agosto-lilas\/","og_site_name":"Portal MF","article_author":"reginaldojrfsa","article_published_time":"2022-08-22T18:18:53+00:00","article_modified_time":"2022-08-22T18:18:55+00:00","og_image":[{"width":1600,"height":1600,"url":"https:\/\/portalmf.com.br\/wp-content\/uploads\/2022\/08\/WhatsApp-Image-2022-08-22-at-14.56.44.jpeg","type":"image\/jpeg"}],"author":"Reginaldo J\u00fanior","twitter_card":"summary_large_image","twitter_creator":"@reginaldojrmf","twitter_misc":{"Escrito por":"Reginaldo J\u00fanior","Est. tempo de leitura":"2 minutos"},"schema":{"@context":"https:\/\/schema.org","@graph":[{"@type":"WebPage","@id":"https:\/\/portalmf.com.br\/index.php\/2022\/08\/22\/oab-feira-organiza-i-encontro-de-mulheres-advogadas-do-interior-dialogando-com-o-agosto-lilas\/","url":"https:\/\/portalmf.com.br\/index.php\/2022\/08\/22\/oab-feira-organiza-i-encontro-de-mulheres-advogadas-do-interior-dialogando-com-o-agosto-lilas\/","name":"OAB Feira organiza I Encontro de Mulheres Advogadas do Interior - dialogando com o Agosto Lil\u00e1s - Portal MF","isPartOf":{"@id":"https:\/\/portalmf.com.br\/#website"},"primaryImageOfPage":{"@id":"https:\/\/portalmf.com.br\/index.php\/2022\/08\/22\/oab-feira-organiza-i-encontro-de-mulheres-advogadas-do-interior-dialogando-com-o-agosto-lilas\/#primaryimage"},"image":{"@id":"https:\/\/portalmf.com.br\/index.php\/2022\/08\/22\/oab-feira-organiza-i-encontro-de-mulheres-advogadas-do-interior-dialogando-com-o-agosto-lilas\/#primaryimage"},"thumbnailUrl":"https:\/\/portalmf.com.br\/wp-content\/uploads\/2022\/08\/WhatsApp-Image-2022-08-22-at-14.56.44.jpeg","datePublished":"2022-08-22T18:18:53+00:00","dateModified":"2022-08-22T18:18:55+00:00","author":{"@id":"https:\/\/portalmf.com.br\/#\/schema\/person\/11c82086fe8abc05a19147e964587285"},"breadcrumb":{"@id":"https:\/\/portalmf.com.br\/index.php\/2022\/08\/22\/oab-feira-organiza-i-encontro-de-mulheres-advogadas-do-interior-dialogando-com-o-agosto-lilas\/#breadcrumb"},"inLanguage":"pt-BR","potentialAction":[{"@type":"ReadAction","target":["https:\/\/portalmf.com.br\/index.php\/2022\/08\/22\/oab-feira-organiza-i-encontro-de-mulheres-advogadas-do-interior-dialogando-com-o-agosto-lilas\/"]}]},{"@type":"ImageObject","inLanguage":"pt-BR","@id":"https:\/\/portalmf.com.br\/index.php\/2022\/08\/22\/oab-feira-organiza-i-encontro-de-mulheres-advogadas-do-interior-dialogando-com-o-agosto-lilas\/#primaryimage","url":"https:\/\/portalmf.com.br\/wp-content\/uploads\/2022\/08\/WhatsApp-Image-2022-08-22-at-14.56.44.jpeg","contentUrl":"https:\/\/portalmf.com.br\/wp-content\/uploads\/2022\/08\/WhatsApp-Image-2022-08-22-at-14.56.44.jpeg","width":1600,"height":1600},{"@type":"BreadcrumbList","@id":"https:\/\/portalmf.com.br\/index.php\/2022\/08\/22\/oab-feira-organiza-i-encontro-de-mulheres-advogadas-do-interior-dialogando-com-o-agosto-lilas\/#breadcrumb","itemListElement":[{"@type":"ListItem","position":1,"name":"In\u00edcio","item":"https:\/\/portalmf.com.br\/"},{"@type":"ListItem","position":2,"name":"OAB Feira organiza I Encontro de Mulheres Advogadas do Interior &#8211; dialogando com o Agosto Lil\u00e1s"}]},{"@type":"WebSite","@id":"https:\/\/portalmf.com.br\/#website","url":"https:\/\/portalmf.com.br\/","name":"Portal MF","description":"Voc\u00ea conectado com a informa\u00e7\u00e3o","potentialAction":[{"@type":"SearchAction","target":{"@type":"EntryPoint","urlTemplate":"https:\/\/portalmf.com.br\/?s={search_term_string}"},"query-input":"required name=search_term_string"}],"inLanguage":"pt-BR"},{"@type":"Person","@id":"https:\/\/portalmf.com.br\/#\/schema\/person\/11c82086fe8abc05a19147e964587285","name":"Reginaldo J\u00fanior","image":{"@type":"ImageObject","inLanguage":"pt-BR","@id":"https:\/\/portalmf.com.br\/#\/schema\/person\/image\/","url":"https:\/\/secure.gravatar.com\/avatar\/32a3c797cd0ac47cc53b8644c62776f9?s=96&d=mm&r=g","contentUrl":"https:\/\/secure.gravatar.com\/avatar\/32a3c797cd0ac47cc53b8644c62776f9?s=96&d=mm&r=g","caption":"Reginaldo J\u00fanior"},"description":"Jornalista e idealizador Portal MF","sameAs":["https:\/\/portalmf.com.br\/index.php\/author\/reginaldojr\/","reginaldojrfsa","reginaldojuniormf","https:\/\/x.com\/reginaldojrmf"],"url":"https:\/\/portalmf.com.br\/index.php\/author\/reginaldojr\/"}]}},"_links":{"self":[{"href":"https:\/\/portalmf.com.br\/index.php\/wp-json\/wp\/v2\/posts\/3440"}],"collection":[{"href":"https:\/\/portalmf.com.br\/index.php\/wp-json\/wp\/v2\/posts"}],"about":[{"href":"https:\/\/portalmf.com.br\/index.php\/wp-json\/wp\/v2\/types\/post"}],"author":[{"embeddable":true,"href":"https:\/\/portalmf.com.br\/index.php\/wp-json\/wp\/v2\/users\/2"}],"replies":[{"embeddable":true,"href":"https:\/\/portalmf.com.br\/index.php\/wp-json\/wp\/v2\/comments?post=3440"}],"version-history":[{"count":1,"href":"https:\/\/portalmf.com.br\/index.php\/wp-json\/wp\/v2\/posts\/3440\/revisions"}],"predecessor-version":[{"id":3442,"href":"https:\/\/portalmf.com.br\/index.php\/wp-json\/wp\/v2\/posts\/3440\/revisions\/3442"}],"wp:featuredmedia":[{"embeddable":true,"href":"https:\/\/portalmf.com.br\/index.php\/wp-json\/wp\/v2\/media\/3441"}],"wp:attachment":[{"href":"https:\/\/portalmf.com.br\/index.php\/wp-json\/wp\/v2\/media?parent=3440"}],"wp:term":[{"taxonomy":"category","embeddable":true,"href":"https:\/\/portalmf.com.br\/index.php\/wp-json\/wp\/v2\/categories?post=3440"},{"taxonomy":"post_tag","embeddable":true,"href":"https:\/\/portalmf.com.br\/index.php\/wp-json\/wp\/v2\/tags?post=3440"}],"curies":[{"name":"wp","href":"https:\/\/api.w.org\/{rel}","templated":true}]}}