{"id":34383,"date":"2025-02-24T18:58:55","date_gmt":"2025-02-24T21:58:55","guid":{"rendered":"https:\/\/portalmf.com.br\/?p=34383"},"modified":"2025-02-24T19:05:28","modified_gmt":"2025-02-24T22:05:28","slug":"bloco-da-anitta-vai-agitar-a-sexta-de-carnaval-em-salvador","status":"publish","type":"post","link":"https:\/\/portalmf.com.br\/index.php\/2025\/02\/24\/bloco-da-anitta-vai-agitar-a-sexta-de-carnaval-em-salvador\/","title":{"rendered":"Bloco da Anitta vai agitar a sexta de Carnaval em Salvador"},"content":{"rendered":"\n<p>Depois de agitar doze cidades brasileiras com a sua temporada de shows pr\u00e9-carnavalescos, a cantora Anitta se prepara para botar o Bloco da Anitta na rua. Em Salvador, o desfile ser\u00e1 nesta sexta-feira, dia 28 de fevereiro, no Circuito Barra-Ondina (Dod\u00f4) e promete uma dose extra de anima\u00e7\u00e3o para o p\u00fablico, que poder\u00e1 curtir os principais sucessos da carreira da cantora. Esse ser\u00e1 o oitavo ano da artista na folia baiana.<\/p>\n\n\n\n<p><em>\u00a0\u201cO Carnaval da Bahia \u00e9 incr\u00edvel! Eu amo estar em cima do trio vendo aquela multid\u00e3o de foli\u00f5es pulando e se divertindo. \u00c9 muito delicioso! Esse vai ser o oitavo ano de Bloco em Salvador e sempre parece que t\u00f4 come\u00e7ando agora. Bate at\u00e9 aquele frio na barriga ao imaginar a concentra\u00e7\u00e3o ali no farol. Espero todo mundo para ir pulando atr\u00e1s do trio! Vamos fazer uma festa linda\u201d,<\/em> conta Anitta.<\/p>\n\n\n\n<p>&nbsp;Para a temporada de 2025, a carioca elegeu o tema \u201cMaratona de Joga\u00e7\u00e3o\u201d, celebrando o universo esportivo e sua import\u00e2ncia s\u00f3cio-cultural, como tema de seu carnaval. Fantasias ic\u00f4nicas, inspiradas por diferentes modalidades esportivas, v\u00eam guiando as produ\u00e7\u00f5es da cantora desde janeiro, quando deu in\u00edcio aos ensaios pelo Brasil. Esportes como motocross, t\u00eanis, h\u00f3quei, futebol, esgrima, beisebol, tiro com arco e motocross j\u00e1 foram celebrados pelos looks de palco.<\/p>\n\n\n\n<p><em>\u00a0\u201cCarnaval \u00e9 minha \u00e9poca preferida do ano. E tamb\u00e9m \u00e9 um momento de grande aten\u00e7\u00e3o nacional e internacional. \u00c9 por isso que sempre aproveito a ocasi\u00e3o para falar de coisas que s\u00e3o importantes para mim. Meu carnaval j\u00e1 homenageou mulheres incr\u00edveis da hist\u00f3ria, causas ambientais, tecnologia\u2026 Agora \u00e9 a vez dos esportes. T\u00f4 feliz e animada pra cair na estrada novamente\u201d,<\/em> comemora a artista, que anualmente faz quest\u00e3o de cantar em diversas cidades brasileiras durante a folia.<\/p>\n\n\n\n<p>&nbsp;Para Salvador, os detalhes do figurino ainda s\u00e3o guardados a sete chaves, e s\u00f3 ser\u00e3o conhecidos horas antes do desfile.&nbsp; Esse ano, al\u00e9m do Bloco da Anitta na capital baiana, a cantora tamb\u00e9m comandar\u00e1 o j\u00e1 tradicional bloco no Carnaval do Rio de Janeiro. Ser\u00e1 no s\u00e1bado, dia 08 de mar\u00e7o.<\/p>\n\n\n\n<p>&nbsp;A temporada carnavalesca de Anitta come\u00e7ou em janeiro, com o in\u00edcio da temporada 2025 dos Ensaios da Anitta. O projeto passou por S\u00e3o Lu\u00eds, Fortaleza, Salvador, Bras\u00edlia, Recife, Ribeir\u00e3o Preto, Belo Horizonte, Campinas, Rio de Janeiro, Curitiba, Florian\u00f3polis e S\u00e3o Paulo, com 100% dos ingressos vendidos.<\/p>\n","protected":false},"excerpt":{"rendered":"<p>Depois de agitar doze cidades brasileiras com a sua temporada de shows pr\u00e9-carnavalescos, a cantora Anitta se prepara para botar o Bloco da Anitta na rua. Em Salvador, o desfile ser\u00e1 nesta sexta-feira, dia 28 de fevereiro, no Circuito Barra-Ondina (Dod\u00f4) e promete uma dose extra de anima\u00e7\u00e3o para o p\u00fablico, que poder\u00e1 curtir os [&hellip;]<\/p>\n","protected":false},"author":3,"featured_media":34384,"comment_status":"open","ping_status":"open","sticky":false,"template":"","format":"standard","meta":{"_monsterinsights_skip_tracking":false,"_monsterinsights_sitenote_active":false,"_monsterinsights_sitenote_note":"","_monsterinsights_sitenote_category":0,"footnotes":""},"categories":[44,48],"tags":[],"yoast_head":"<!-- This site is optimized with the Yoast SEO plugin v22.9 - https:\/\/yoast.com\/wordpress\/plugins\/seo\/ -->\n<title>Bloco da Anitta vai agitar a sexta de Carnaval em Salvador - Portal MF<\/title>\n<meta name=\"robots\" content=\"index, follow, max-snippet:-1, max-image-preview:large, max-video-preview:-1\" \/>\n<link rel=\"canonical\" href=\"https:\/\/portalmf.com.br\/index.php\/2025\/02\/24\/bloco-da-anitta-vai-agitar-a-sexta-de-carnaval-em-salvador\/\" \/>\n<meta property=\"og:locale\" content=\"pt_BR\" \/>\n<meta property=\"og:type\" content=\"article\" \/>\n<meta property=\"og:title\" content=\"Bloco da Anitta vai agitar a sexta de Carnaval em Salvador - Portal MF\" \/>\n<meta property=\"og:description\" content=\"Depois de agitar doze cidades brasileiras com a sua temporada de shows pr\u00e9-carnavalescos, a cantora Anitta se prepara para botar o Bloco da Anitta na rua. Em Salvador, o desfile ser\u00e1 nesta sexta-feira, dia 28 de fevereiro, no Circuito Barra-Ondina (Dod\u00f4) e promete uma dose extra de anima\u00e7\u00e3o para o p\u00fablico, que poder\u00e1 curtir os [&hellip;]\" \/>\n<meta property=\"og:url\" content=\"https:\/\/portalmf.com.br\/index.php\/2025\/02\/24\/bloco-da-anitta-vai-agitar-a-sexta-de-carnaval-em-salvador\/\" \/>\n<meta property=\"og:site_name\" content=\"Portal MF\" \/>\n<meta property=\"article:author\" content=\"https:\/\/www.facebook.com\/portalmfoficial\" \/>\n<meta property=\"article:published_time\" content=\"2025-02-24T21:58:55+00:00\" \/>\n<meta property=\"article:modified_time\" content=\"2025-02-24T22:05:28+00:00\" \/>\n<meta property=\"og:image\" content=\"https:\/\/portalmf.com.br\/wp-content\/uploads\/2025\/02\/Anitta-Creditos-Fred-Othero_.jpg\" \/>\n\t<meta property=\"og:image:width\" content=\"997\" \/>\n\t<meta property=\"og:image:height\" content=\"783\" \/>\n\t<meta property=\"og:image:type\" content=\"image\/jpeg\" \/>\n<meta name=\"author\" content=\"Reda\u00e7\u00e3o Portal MF\" \/>\n<meta name=\"twitter:card\" content=\"summary_large_image\" \/>\n<meta name=\"twitter:creator\" content=\"@https:\/\/x.com\/portalmfoficial\" \/>\n<meta name=\"twitter:label1\" content=\"Escrito por\" \/>\n\t<meta name=\"twitter:data1\" content=\"Reda\u00e7\u00e3o Portal MF\" \/>\n\t<meta name=\"twitter:label2\" content=\"Est. tempo de leitura\" \/>\n\t<meta name=\"twitter:data2\" content=\"3 minutos\" \/>\n<script type=\"application\/ld+json\" class=\"yoast-schema-graph\">{\"@context\":\"https:\/\/schema.org\",\"@graph\":[{\"@type\":\"WebPage\",\"@id\":\"https:\/\/portalmf.com.br\/index.php\/2025\/02\/24\/bloco-da-anitta-vai-agitar-a-sexta-de-carnaval-em-salvador\/\",\"url\":\"https:\/\/portalmf.com.br\/index.php\/2025\/02\/24\/bloco-da-anitta-vai-agitar-a-sexta-de-carnaval-em-salvador\/\",\"name\":\"Bloco da Anitta vai agitar a sexta de Carnaval em Salvador - Portal MF\",\"isPartOf\":{\"@id\":\"https:\/\/portalmf.com.br\/#website\"},\"primaryImageOfPage\":{\"@id\":\"https:\/\/portalmf.com.br\/index.php\/2025\/02\/24\/bloco-da-anitta-vai-agitar-a-sexta-de-carnaval-em-salvador\/#primaryimage\"},\"image\":{\"@id\":\"https:\/\/portalmf.com.br\/index.php\/2025\/02\/24\/bloco-da-anitta-vai-agitar-a-sexta-de-carnaval-em-salvador\/#primaryimage\"},\"thumbnailUrl\":\"https:\/\/portalmf.com.br\/wp-content\/uploads\/2025\/02\/Anitta-Creditos-Fred-Othero_.jpg\",\"datePublished\":\"2025-02-24T21:58:55+00:00\",\"dateModified\":\"2025-02-24T22:05:28+00:00\",\"author\":{\"@id\":\"https:\/\/portalmf.com.br\/#\/schema\/person\/9ec101baf56233e53520c26de5d6f6f0\"},\"breadcrumb\":{\"@id\":\"https:\/\/portalmf.com.br\/index.php\/2025\/02\/24\/bloco-da-anitta-vai-agitar-a-sexta-de-carnaval-em-salvador\/#breadcrumb\"},\"inLanguage\":\"pt-BR\",\"potentialAction\":[{\"@type\":\"ReadAction\",\"target\":[\"https:\/\/portalmf.com.br\/index.php\/2025\/02\/24\/bloco-da-anitta-vai-agitar-a-sexta-de-carnaval-em-salvador\/\"]}]},{\"@type\":\"ImageObject\",\"inLanguage\":\"pt-BR\",\"@id\":\"https:\/\/portalmf.com.br\/index.php\/2025\/02\/24\/bloco-da-anitta-vai-agitar-a-sexta-de-carnaval-em-salvador\/#primaryimage\",\"url\":\"https:\/\/portalmf.com.br\/wp-content\/uploads\/2025\/02\/Anitta-Creditos-Fred-Othero_.jpg\",\"contentUrl\":\"https:\/\/portalmf.com.br\/wp-content\/uploads\/2025\/02\/Anitta-Creditos-Fred-Othero_.jpg\",\"width\":997,\"height\":783},{\"@type\":\"BreadcrumbList\",\"@id\":\"https:\/\/portalmf.com.br\/index.php\/2025\/02\/24\/bloco-da-anitta-vai-agitar-a-sexta-de-carnaval-em-salvador\/#breadcrumb\",\"itemListElement\":[{\"@type\":\"ListItem\",\"position\":1,\"name\":\"In\u00edcio\",\"item\":\"https:\/\/portalmf.com.br\/\"},{\"@type\":\"ListItem\",\"position\":2,\"name\":\"Bloco da Anitta vai agitar a sexta de Carnaval em Salvador\"}]},{\"@type\":\"WebSite\",\"@id\":\"https:\/\/portalmf.com.br\/#website\",\"url\":\"https:\/\/portalmf.com.br\/\",\"name\":\"Portal MF\",\"description\":\"Voc\u00ea conectado com a informa\u00e7\u00e3o\",\"potentialAction\":[{\"@type\":\"SearchAction\",\"target\":{\"@type\":\"EntryPoint\",\"urlTemplate\":\"https:\/\/portalmf.com.br\/?s={search_term_string}\"},\"query-input\":\"required name=search_term_string\"}],\"inLanguage\":\"pt-BR\"},{\"@type\":\"Person\",\"@id\":\"https:\/\/portalmf.com.br\/#\/schema\/person\/9ec101baf56233e53520c26de5d6f6f0\",\"name\":\"Reda\u00e7\u00e3o Portal MF\",\"image\":{\"@type\":\"ImageObject\",\"inLanguage\":\"pt-BR\",\"@id\":\"https:\/\/portalmf.com.br\/#\/schema\/person\/image\/\",\"url\":\"https:\/\/secure.gravatar.com\/avatar\/41b9aaeb2100835f7c64362330f74c7f?s=96&d=mm&r=g\",\"contentUrl\":\"https:\/\/secure.gravatar.com\/avatar\/41b9aaeb2100835f7c64362330f74c7f?s=96&d=mm&r=g\",\"caption\":\"Reda\u00e7\u00e3o Portal MF\"},\"description\":\"Sejam bem-vindos o portal de informa\u00e7\u00f5es de entretenimento de Feira de Santana, desde 2006 realiza coberturas dos principais eventos com entrevistas exclusivas com as principais personalidades mundiais. Fique conectado tamb\u00e9m nas redes sociais.\",\"sameAs\":[\"http:\/\/www.portalmf.com.br\/\",\"https:\/\/www.facebook.com\/portalmfoficial\",\"https:\/\/www.instagram.com\/portalmf\/\",\"https:\/\/x.com\/https:\/\/x.com\/portalmfoficial\",\"https:\/\/www.youtube.com\/@portalmfoficial\"],\"url\":\"https:\/\/portalmf.com.br\/index.php\/author\/junior\/\"}]}<\/script>\n<!-- \/ Yoast SEO plugin. -->","yoast_head_json":{"title":"Bloco da Anitta vai agitar a sexta de Carnaval em Salvador - Portal MF","robots":{"index":"index","follow":"follow","max-snippet":"max-snippet:-1","max-image-preview":"max-image-preview:large","max-video-preview":"max-video-preview:-1"},"canonical":"https:\/\/portalmf.com.br\/index.php\/2025\/02\/24\/bloco-da-anitta-vai-agitar-a-sexta-de-carnaval-em-salvador\/","og_locale":"pt_BR","og_type":"article","og_title":"Bloco da Anitta vai agitar a sexta de Carnaval em Salvador - Portal MF","og_description":"Depois de agitar doze cidades brasileiras com a sua temporada de shows pr\u00e9-carnavalescos, a cantora Anitta se prepara para botar o Bloco da Anitta na rua. Em Salvador, o desfile ser\u00e1 nesta sexta-feira, dia 28 de fevereiro, no Circuito Barra-Ondina (Dod\u00f4) e promete uma dose extra de anima\u00e7\u00e3o para o p\u00fablico, que poder\u00e1 curtir os [&hellip;]","og_url":"https:\/\/portalmf.com.br\/index.php\/2025\/02\/24\/bloco-da-anitta-vai-agitar-a-sexta-de-carnaval-em-salvador\/","og_site_name":"Portal MF","article_author":"https:\/\/www.facebook.com\/portalmfoficial","article_published_time":"2025-02-24T21:58:55+00:00","article_modified_time":"2025-02-24T22:05:28+00:00","og_image":[{"width":997,"height":783,"url":"https:\/\/portalmf.com.br\/wp-content\/uploads\/2025\/02\/Anitta-Creditos-Fred-Othero_.jpg","type":"image\/jpeg"}],"author":"Reda\u00e7\u00e3o Portal MF","twitter_card":"summary_large_image","twitter_creator":"@https:\/\/x.com\/portalmfoficial","twitter_misc":{"Escrito por":"Reda\u00e7\u00e3o Portal MF","Est. tempo de leitura":"3 minutos"},"schema":{"@context":"https:\/\/schema.org","@graph":[{"@type":"WebPage","@id":"https:\/\/portalmf.com.br\/index.php\/2025\/02\/24\/bloco-da-anitta-vai-agitar-a-sexta-de-carnaval-em-salvador\/","url":"https:\/\/portalmf.com.br\/index.php\/2025\/02\/24\/bloco-da-anitta-vai-agitar-a-sexta-de-carnaval-em-salvador\/","name":"Bloco da Anitta vai agitar a sexta de Carnaval em Salvador - Portal MF","isPartOf":{"@id":"https:\/\/portalmf.com.br\/#website"},"primaryImageOfPage":{"@id":"https:\/\/portalmf.com.br\/index.php\/2025\/02\/24\/bloco-da-anitta-vai-agitar-a-sexta-de-carnaval-em-salvador\/#primaryimage"},"image":{"@id":"https:\/\/portalmf.com.br\/index.php\/2025\/02\/24\/bloco-da-anitta-vai-agitar-a-sexta-de-carnaval-em-salvador\/#primaryimage"},"thumbnailUrl":"https:\/\/portalmf.com.br\/wp-content\/uploads\/2025\/02\/Anitta-Creditos-Fred-Othero_.jpg","datePublished":"2025-02-24T21:58:55+00:00","dateModified":"2025-02-24T22:05:28+00:00","author":{"@id":"https:\/\/portalmf.com.br\/#\/schema\/person\/9ec101baf56233e53520c26de5d6f6f0"},"breadcrumb":{"@id":"https:\/\/portalmf.com.br\/index.php\/2025\/02\/24\/bloco-da-anitta-vai-agitar-a-sexta-de-carnaval-em-salvador\/#breadcrumb"},"inLanguage":"pt-BR","potentialAction":[{"@type":"ReadAction","target":["https:\/\/portalmf.com.br\/index.php\/2025\/02\/24\/bloco-da-anitta-vai-agitar-a-sexta-de-carnaval-em-salvador\/"]}]},{"@type":"ImageObject","inLanguage":"pt-BR","@id":"https:\/\/portalmf.com.br\/index.php\/2025\/02\/24\/bloco-da-anitta-vai-agitar-a-sexta-de-carnaval-em-salvador\/#primaryimage","url":"https:\/\/portalmf.com.br\/wp-content\/uploads\/2025\/02\/Anitta-Creditos-Fred-Othero_.jpg","contentUrl":"https:\/\/portalmf.com.br\/wp-content\/uploads\/2025\/02\/Anitta-Creditos-Fred-Othero_.jpg","width":997,"height":783},{"@type":"BreadcrumbList","@id":"https:\/\/portalmf.com.br\/index.php\/2025\/02\/24\/bloco-da-anitta-vai-agitar-a-sexta-de-carnaval-em-salvador\/#breadcrumb","itemListElement":[{"@type":"ListItem","position":1,"name":"In\u00edcio","item":"https:\/\/portalmf.com.br\/"},{"@type":"ListItem","position":2,"name":"Bloco da Anitta vai agitar a sexta de Carnaval em Salvador"}]},{"@type":"WebSite","@id":"https:\/\/portalmf.com.br\/#website","url":"https:\/\/portalmf.com.br\/","name":"Portal MF","description":"Voc\u00ea conectado com a informa\u00e7\u00e3o","potentialAction":[{"@type":"SearchAction","target":{"@type":"EntryPoint","urlTemplate":"https:\/\/portalmf.com.br\/?s={search_term_string}"},"query-input":"required name=search_term_string"}],"inLanguage":"pt-BR"},{"@type":"Person","@id":"https:\/\/portalmf.com.br\/#\/schema\/person\/9ec101baf56233e53520c26de5d6f6f0","name":"Reda\u00e7\u00e3o Portal MF","image":{"@type":"ImageObject","inLanguage":"pt-BR","@id":"https:\/\/portalmf.com.br\/#\/schema\/person\/image\/","url":"https:\/\/secure.gravatar.com\/avatar\/41b9aaeb2100835f7c64362330f74c7f?s=96&d=mm&r=g","contentUrl":"https:\/\/secure.gravatar.com\/avatar\/41b9aaeb2100835f7c64362330f74c7f?s=96&d=mm&r=g","caption":"Reda\u00e7\u00e3o Portal MF"},"description":"Sejam bem-vindos o portal de informa\u00e7\u00f5es de entretenimento de Feira de Santana, desde 2006 realiza coberturas dos principais eventos com entrevistas exclusivas com as principais personalidades mundiais. Fique conectado tamb\u00e9m nas redes sociais.","sameAs":["http:\/\/www.portalmf.com.br\/","https:\/\/www.facebook.com\/portalmfoficial","https:\/\/www.instagram.com\/portalmf\/","https:\/\/x.com\/https:\/\/x.com\/portalmfoficial","https:\/\/www.youtube.com\/@portalmfoficial"],"url":"https:\/\/portalmf.com.br\/index.php\/author\/junior\/"}]}},"_links":{"self":[{"href":"https:\/\/portalmf.com.br\/index.php\/wp-json\/wp\/v2\/posts\/34383"}],"collection":[{"href":"https:\/\/portalmf.com.br\/index.php\/wp-json\/wp\/v2\/posts"}],"about":[{"href":"https:\/\/portalmf.com.br\/index.php\/wp-json\/wp\/v2\/types\/post"}],"author":[{"embeddable":true,"href":"https:\/\/portalmf.com.br\/index.php\/wp-json\/wp\/v2\/users\/3"}],"replies":[{"embeddable":true,"href":"https:\/\/portalmf.com.br\/index.php\/wp-json\/wp\/v2\/comments?post=34383"}],"version-history":[{"count":2,"href":"https:\/\/portalmf.com.br\/index.php\/wp-json\/wp\/v2\/posts\/34383\/revisions"}],"predecessor-version":[{"id":34386,"href":"https:\/\/portalmf.com.br\/index.php\/wp-json\/wp\/v2\/posts\/34383\/revisions\/34386"}],"wp:featuredmedia":[{"embeddable":true,"href":"https:\/\/portalmf.com.br\/index.php\/wp-json\/wp\/v2\/media\/34384"}],"wp:attachment":[{"href":"https:\/\/portalmf.com.br\/index.php\/wp-json\/wp\/v2\/media?parent=34383"}],"wp:term":[{"taxonomy":"category","embeddable":true,"href":"https:\/\/portalmf.com.br\/index.php\/wp-json\/wp\/v2\/categories?post=34383"},{"taxonomy":"post_tag","embeddable":true,"href":"https:\/\/portalmf.com.br\/index.php\/wp-json\/wp\/v2\/tags?post=34383"}],"curies":[{"name":"wp","href":"https:\/\/api.w.org\/{rel}","templated":true}]}}