{"id":3437,"date":"2022-08-22T15:14:40","date_gmt":"2022-08-22T18:14:40","guid":{"rendered":"http:\/\/portalmf.com.br\/?p=3437"},"modified":"2022-08-22T15:14:41","modified_gmt":"2022-08-22T18:14:41","slug":"acm-neto-ana-coelho-e-caca-leao-participam-de-caminhada-em-pau-da-lima","status":"publish","type":"post","link":"https:\/\/portalmf.com.br\/index.php\/2022\/08\/22\/acm-neto-ana-coelho-e-caca-leao-participam-de-caminhada-em-pau-da-lima\/","title":{"rendered":"ACM Neto, Ana Coelho e Cac\u00e1 Le\u00e3o participam de caminhada em Pau da Lima"},"content":{"rendered":"\n<p>Uma multid\u00e3o acompanhou o candidato a governador ACM Neto (Uni\u00e3o Brasil) durante caminhada realizada no bairro de Pau da Lima na manh\u00e3 desta segunda-feira (22). No ato, Neto estava acompanhado dos candidatos a vice-governadora Ana Coelho (Republicanos), ao Senado Cac\u00e1 Le\u00e3o (PP), e do prefeito de Salvador, Bruno Reis (Uni\u00e3o Brasil).<\/p>\n\n\n\n<p>Enquanto realizou o trajeto pelo bairro da capital baiana, ACM Neto teve a oportunidade de estar ao lado dos comerciantes e dos moradores locais. O candidato foi recebido com cartazes de apoio \u00e0 sua campanha, com pedidos para tirar selfies e centenas de abra\u00e7os.<\/p>\n\n\n\n<p>Durante a gest\u00e3o na Prefeitura de Salvador, Neto reconstruiu a Escola Municipal Roberto Correia no bairro de Pau da Lima. Toda a infraestrutura da unidade, que antes era feita com materiais pr\u00e9-moldados, foi demolida para que a nova unidade escolar fosse reestruturada.<\/p>\n\n\n\n<p>No espa\u00e7o, foram investidos R$ 6 milh\u00f5es em mais de 2 mil m\u00b2 de \u00e1rea constru\u00edda para abrigar 18 salas de aulas climatizadas. A amplia\u00e7\u00e3o fez a escola ter a capacidade de atendimento para 1.080 alunos do Ensino Fundamental. Antes do empenho feito pelo candidato a governador, a unidade de educa\u00e7\u00e3o atendia apenas 501 alunos.<\/p>\n\n\n\n<p>Hoje, a escola tem quadra poliesportiva, acessibilidade com rampa, estacionamento, acolhimento, diretoria, secretaria, coordena\u00e7\u00e3o, sala de professores, dep\u00f3sito de material did\u00e1tico, dep\u00f3sito de material de limpeza, cozinha, triagem, dep\u00f3sito de merenda, \u00e1rea de servi\u00e7o, refeit\u00f3rio, recreio descoberto, guarita, subesta\u00e7\u00e3o, casa de g\u00e1s, casa de lixo, entre outros espa\u00e7os.<\/p>\n\n\n\n<p>Outra frente de trabalho realizada por ACM Neto no bairro foi durante a pandemia causada pelo coronav\u00edrus, um dos maiores desafios dos oito anos \u00e0 frente da administra\u00e7\u00e3o da capital.<\/p>\n\n\n\n<p>\u00c0 \u00e9poca, a gest\u00e3o distribuiu 4 mil refei\u00e7\u00f5es por dia nos Restaurantes Populares de S\u00e3o Tom\u00e9 de Paripe e Pau da Lima, e nos centros de distribui\u00e7\u00e3o instalados em Itapu\u00e3, Barris e Barroquinha. Foram entregues mais de 38 mil cestas b\u00e1sicas por m\u00eas a pessoas inscritas no Cadastro \u00danico e que n\u00e3o haviam recebido nenhum outro benef\u00edcio nesse per\u00edodo.<\/p>\n","protected":false},"excerpt":{"rendered":"<p>Uma multid\u00e3o acompanhou o candidato a governador ACM Neto (Uni\u00e3o Brasil) durante caminhada realizada no bairro de Pau da Lima na manh\u00e3 desta segunda-feira (22). No ato, Neto estava acompanhado dos candidatos a vice-governadora Ana Coelho (Republicanos), ao Senado Cac\u00e1 Le\u00e3o (PP), e do prefeito de Salvador, Bruno Reis (Uni\u00e3o Brasil). Enquanto realizou o trajeto [&hellip;]<\/p>\n","protected":false},"author":2,"featured_media":3438,"comment_status":"open","ping_status":"open","sticky":false,"template":"","format":"standard","meta":{"_monsterinsights_skip_tracking":false,"_monsterinsights_sitenote_active":false,"_monsterinsights_sitenote_note":"","_monsterinsights_sitenote_category":0,"footnotes":""},"categories":[34],"tags":[],"yoast_head":"<!-- This site is optimized with the Yoast SEO plugin v22.9 - https:\/\/yoast.com\/wordpress\/plugins\/seo\/ -->\n<title>ACM Neto, Ana Coelho e Cac\u00e1 Le\u00e3o participam de caminhada em Pau da Lima - Portal MF<\/title>\n<meta name=\"robots\" content=\"index, follow, max-snippet:-1, max-image-preview:large, max-video-preview:-1\" \/>\n<link rel=\"canonical\" href=\"https:\/\/portalmf.com.br\/index.php\/2022\/08\/22\/acm-neto-ana-coelho-e-caca-leao-participam-de-caminhada-em-pau-da-lima\/\" \/>\n<meta property=\"og:locale\" content=\"pt_BR\" \/>\n<meta property=\"og:type\" content=\"article\" \/>\n<meta property=\"og:title\" content=\"ACM Neto, Ana Coelho e Cac\u00e1 Le\u00e3o participam de caminhada em Pau da Lima - Portal MF\" \/>\n<meta property=\"og:description\" content=\"Uma multid\u00e3o acompanhou o candidato a governador ACM Neto (Uni\u00e3o Brasil) durante caminhada realizada no bairro de Pau da Lima na manh\u00e3 desta segunda-feira (22). No ato, Neto estava acompanhado dos candidatos a vice-governadora Ana Coelho (Republicanos), ao Senado Cac\u00e1 Le\u00e3o (PP), e do prefeito de Salvador, Bruno Reis (Uni\u00e3o Brasil). Enquanto realizou o trajeto [&hellip;]\" \/>\n<meta property=\"og:url\" content=\"https:\/\/portalmf.com.br\/index.php\/2022\/08\/22\/acm-neto-ana-coelho-e-caca-leao-participam-de-caminhada-em-pau-da-lima\/\" \/>\n<meta property=\"og:site_name\" content=\"Portal MF\" \/>\n<meta property=\"article:author\" content=\"reginaldojrfsa\" \/>\n<meta property=\"article:published_time\" content=\"2022-08-22T18:14:40+00:00\" \/>\n<meta property=\"article:modified_time\" content=\"2022-08-22T18:14:41+00:00\" \/>\n<meta property=\"og:image\" content=\"https:\/\/portalmf.com.br\/wp-content\/uploads\/2022\/08\/WhatsApp-Image-2022-08-22-at-13.42.19.jpeg\" \/>\n\t<meta property=\"og:image:width\" content=\"1599\" \/>\n\t<meta property=\"og:image:height\" content=\"1066\" \/>\n\t<meta property=\"og:image:type\" content=\"image\/jpeg\" \/>\n<meta name=\"author\" content=\"Reginaldo J\u00fanior\" \/>\n<meta name=\"twitter:card\" content=\"summary_large_image\" \/>\n<meta name=\"twitter:creator\" content=\"@reginaldojrmf\" \/>\n<meta name=\"twitter:label1\" content=\"Escrito por\" \/>\n\t<meta name=\"twitter:data1\" content=\"Reginaldo J\u00fanior\" \/>\n\t<meta name=\"twitter:label2\" content=\"Est. tempo de leitura\" \/>\n\t<meta name=\"twitter:data2\" content=\"2 minutos\" \/>\n<script type=\"application\/ld+json\" class=\"yoast-schema-graph\">{\"@context\":\"https:\/\/schema.org\",\"@graph\":[{\"@type\":\"WebPage\",\"@id\":\"https:\/\/portalmf.com.br\/index.php\/2022\/08\/22\/acm-neto-ana-coelho-e-caca-leao-participam-de-caminhada-em-pau-da-lima\/\",\"url\":\"https:\/\/portalmf.com.br\/index.php\/2022\/08\/22\/acm-neto-ana-coelho-e-caca-leao-participam-de-caminhada-em-pau-da-lima\/\",\"name\":\"ACM Neto, Ana Coelho e Cac\u00e1 Le\u00e3o participam de caminhada em Pau da Lima - Portal MF\",\"isPartOf\":{\"@id\":\"https:\/\/portalmf.com.br\/#website\"},\"primaryImageOfPage\":{\"@id\":\"https:\/\/portalmf.com.br\/index.php\/2022\/08\/22\/acm-neto-ana-coelho-e-caca-leao-participam-de-caminhada-em-pau-da-lima\/#primaryimage\"},\"image\":{\"@id\":\"https:\/\/portalmf.com.br\/index.php\/2022\/08\/22\/acm-neto-ana-coelho-e-caca-leao-participam-de-caminhada-em-pau-da-lima\/#primaryimage\"},\"thumbnailUrl\":\"https:\/\/portalmf.com.br\/wp-content\/uploads\/2022\/08\/WhatsApp-Image-2022-08-22-at-13.42.19.jpeg\",\"datePublished\":\"2022-08-22T18:14:40+00:00\",\"dateModified\":\"2022-08-22T18:14:41+00:00\",\"author\":{\"@id\":\"https:\/\/portalmf.com.br\/#\/schema\/person\/11c82086fe8abc05a19147e964587285\"},\"breadcrumb\":{\"@id\":\"https:\/\/portalmf.com.br\/index.php\/2022\/08\/22\/acm-neto-ana-coelho-e-caca-leao-participam-de-caminhada-em-pau-da-lima\/#breadcrumb\"},\"inLanguage\":\"pt-BR\",\"potentialAction\":[{\"@type\":\"ReadAction\",\"target\":[\"https:\/\/portalmf.com.br\/index.php\/2022\/08\/22\/acm-neto-ana-coelho-e-caca-leao-participam-de-caminhada-em-pau-da-lima\/\"]}]},{\"@type\":\"ImageObject\",\"inLanguage\":\"pt-BR\",\"@id\":\"https:\/\/portalmf.com.br\/index.php\/2022\/08\/22\/acm-neto-ana-coelho-e-caca-leao-participam-de-caminhada-em-pau-da-lima\/#primaryimage\",\"url\":\"https:\/\/portalmf.com.br\/wp-content\/uploads\/2022\/08\/WhatsApp-Image-2022-08-22-at-13.42.19.jpeg\",\"contentUrl\":\"https:\/\/portalmf.com.br\/wp-content\/uploads\/2022\/08\/WhatsApp-Image-2022-08-22-at-13.42.19.jpeg\",\"width\":1599,\"height\":1066},{\"@type\":\"BreadcrumbList\",\"@id\":\"https:\/\/portalmf.com.br\/index.php\/2022\/08\/22\/acm-neto-ana-coelho-e-caca-leao-participam-de-caminhada-em-pau-da-lima\/#breadcrumb\",\"itemListElement\":[{\"@type\":\"ListItem\",\"position\":1,\"name\":\"In\u00edcio\",\"item\":\"https:\/\/portalmf.com.br\/\"},{\"@type\":\"ListItem\",\"position\":2,\"name\":\"ACM Neto, Ana Coelho e Cac\u00e1 Le\u00e3o participam de caminhada em Pau da Lima\"}]},{\"@type\":\"WebSite\",\"@id\":\"https:\/\/portalmf.com.br\/#website\",\"url\":\"https:\/\/portalmf.com.br\/\",\"name\":\"Portal MF\",\"description\":\"Voc\u00ea conectado com a informa\u00e7\u00e3o\",\"potentialAction\":[{\"@type\":\"SearchAction\",\"target\":{\"@type\":\"EntryPoint\",\"urlTemplate\":\"https:\/\/portalmf.com.br\/?s={search_term_string}\"},\"query-input\":\"required name=search_term_string\"}],\"inLanguage\":\"pt-BR\"},{\"@type\":\"Person\",\"@id\":\"https:\/\/portalmf.com.br\/#\/schema\/person\/11c82086fe8abc05a19147e964587285\",\"name\":\"Reginaldo J\u00fanior\",\"image\":{\"@type\":\"ImageObject\",\"inLanguage\":\"pt-BR\",\"@id\":\"https:\/\/portalmf.com.br\/#\/schema\/person\/image\/\",\"url\":\"https:\/\/secure.gravatar.com\/avatar\/32a3c797cd0ac47cc53b8644c62776f9?s=96&d=mm&r=g\",\"contentUrl\":\"https:\/\/secure.gravatar.com\/avatar\/32a3c797cd0ac47cc53b8644c62776f9?s=96&d=mm&r=g\",\"caption\":\"Reginaldo J\u00fanior\"},\"description\":\"Jornalista e idealizador Portal MF\",\"sameAs\":[\"https:\/\/portalmf.com.br\/index.php\/author\/reginaldojr\/\",\"reginaldojrfsa\",\"reginaldojuniormf\",\"https:\/\/x.com\/reginaldojrmf\"],\"url\":\"https:\/\/portalmf.com.br\/index.php\/author\/reginaldojr\/\"}]}<\/script>\n<!-- \/ Yoast SEO plugin. -->","yoast_head_json":{"title":"ACM Neto, Ana Coelho e Cac\u00e1 Le\u00e3o participam de caminhada em Pau da Lima - Portal MF","robots":{"index":"index","follow":"follow","max-snippet":"max-snippet:-1","max-image-preview":"max-image-preview:large","max-video-preview":"max-video-preview:-1"},"canonical":"https:\/\/portalmf.com.br\/index.php\/2022\/08\/22\/acm-neto-ana-coelho-e-caca-leao-participam-de-caminhada-em-pau-da-lima\/","og_locale":"pt_BR","og_type":"article","og_title":"ACM Neto, Ana Coelho e Cac\u00e1 Le\u00e3o participam de caminhada em Pau da Lima - Portal MF","og_description":"Uma multid\u00e3o acompanhou o candidato a governador ACM Neto (Uni\u00e3o Brasil) durante caminhada realizada no bairro de Pau da Lima na manh\u00e3 desta segunda-feira (22). No ato, Neto estava acompanhado dos candidatos a vice-governadora Ana Coelho (Republicanos), ao Senado Cac\u00e1 Le\u00e3o (PP), e do prefeito de Salvador, Bruno Reis (Uni\u00e3o Brasil). Enquanto realizou o trajeto [&hellip;]","og_url":"https:\/\/portalmf.com.br\/index.php\/2022\/08\/22\/acm-neto-ana-coelho-e-caca-leao-participam-de-caminhada-em-pau-da-lima\/","og_site_name":"Portal MF","article_author":"reginaldojrfsa","article_published_time":"2022-08-22T18:14:40+00:00","article_modified_time":"2022-08-22T18:14:41+00:00","og_image":[{"width":1599,"height":1066,"url":"https:\/\/portalmf.com.br\/wp-content\/uploads\/2022\/08\/WhatsApp-Image-2022-08-22-at-13.42.19.jpeg","type":"image\/jpeg"}],"author":"Reginaldo J\u00fanior","twitter_card":"summary_large_image","twitter_creator":"@reginaldojrmf","twitter_misc":{"Escrito por":"Reginaldo J\u00fanior","Est. tempo de leitura":"2 minutos"},"schema":{"@context":"https:\/\/schema.org","@graph":[{"@type":"WebPage","@id":"https:\/\/portalmf.com.br\/index.php\/2022\/08\/22\/acm-neto-ana-coelho-e-caca-leao-participam-de-caminhada-em-pau-da-lima\/","url":"https:\/\/portalmf.com.br\/index.php\/2022\/08\/22\/acm-neto-ana-coelho-e-caca-leao-participam-de-caminhada-em-pau-da-lima\/","name":"ACM Neto, Ana Coelho e Cac\u00e1 Le\u00e3o participam de caminhada em Pau da Lima - Portal MF","isPartOf":{"@id":"https:\/\/portalmf.com.br\/#website"},"primaryImageOfPage":{"@id":"https:\/\/portalmf.com.br\/index.php\/2022\/08\/22\/acm-neto-ana-coelho-e-caca-leao-participam-de-caminhada-em-pau-da-lima\/#primaryimage"},"image":{"@id":"https:\/\/portalmf.com.br\/index.php\/2022\/08\/22\/acm-neto-ana-coelho-e-caca-leao-participam-de-caminhada-em-pau-da-lima\/#primaryimage"},"thumbnailUrl":"https:\/\/portalmf.com.br\/wp-content\/uploads\/2022\/08\/WhatsApp-Image-2022-08-22-at-13.42.19.jpeg","datePublished":"2022-08-22T18:14:40+00:00","dateModified":"2022-08-22T18:14:41+00:00","author":{"@id":"https:\/\/portalmf.com.br\/#\/schema\/person\/11c82086fe8abc05a19147e964587285"},"breadcrumb":{"@id":"https:\/\/portalmf.com.br\/index.php\/2022\/08\/22\/acm-neto-ana-coelho-e-caca-leao-participam-de-caminhada-em-pau-da-lima\/#breadcrumb"},"inLanguage":"pt-BR","potentialAction":[{"@type":"ReadAction","target":["https:\/\/portalmf.com.br\/index.php\/2022\/08\/22\/acm-neto-ana-coelho-e-caca-leao-participam-de-caminhada-em-pau-da-lima\/"]}]},{"@type":"ImageObject","inLanguage":"pt-BR","@id":"https:\/\/portalmf.com.br\/index.php\/2022\/08\/22\/acm-neto-ana-coelho-e-caca-leao-participam-de-caminhada-em-pau-da-lima\/#primaryimage","url":"https:\/\/portalmf.com.br\/wp-content\/uploads\/2022\/08\/WhatsApp-Image-2022-08-22-at-13.42.19.jpeg","contentUrl":"https:\/\/portalmf.com.br\/wp-content\/uploads\/2022\/08\/WhatsApp-Image-2022-08-22-at-13.42.19.jpeg","width":1599,"height":1066},{"@type":"BreadcrumbList","@id":"https:\/\/portalmf.com.br\/index.php\/2022\/08\/22\/acm-neto-ana-coelho-e-caca-leao-participam-de-caminhada-em-pau-da-lima\/#breadcrumb","itemListElement":[{"@type":"ListItem","position":1,"name":"In\u00edcio","item":"https:\/\/portalmf.com.br\/"},{"@type":"ListItem","position":2,"name":"ACM Neto, Ana Coelho e Cac\u00e1 Le\u00e3o participam de caminhada em Pau da Lima"}]},{"@type":"WebSite","@id":"https:\/\/portalmf.com.br\/#website","url":"https:\/\/portalmf.com.br\/","name":"Portal MF","description":"Voc\u00ea conectado com a informa\u00e7\u00e3o","potentialAction":[{"@type":"SearchAction","target":{"@type":"EntryPoint","urlTemplate":"https:\/\/portalmf.com.br\/?s={search_term_string}"},"query-input":"required name=search_term_string"}],"inLanguage":"pt-BR"},{"@type":"Person","@id":"https:\/\/portalmf.com.br\/#\/schema\/person\/11c82086fe8abc05a19147e964587285","name":"Reginaldo J\u00fanior","image":{"@type":"ImageObject","inLanguage":"pt-BR","@id":"https:\/\/portalmf.com.br\/#\/schema\/person\/image\/","url":"https:\/\/secure.gravatar.com\/avatar\/32a3c797cd0ac47cc53b8644c62776f9?s=96&d=mm&r=g","contentUrl":"https:\/\/secure.gravatar.com\/avatar\/32a3c797cd0ac47cc53b8644c62776f9?s=96&d=mm&r=g","caption":"Reginaldo J\u00fanior"},"description":"Jornalista e idealizador Portal MF","sameAs":["https:\/\/portalmf.com.br\/index.php\/author\/reginaldojr\/","reginaldojrfsa","reginaldojuniormf","https:\/\/x.com\/reginaldojrmf"],"url":"https:\/\/portalmf.com.br\/index.php\/author\/reginaldojr\/"}]}},"_links":{"self":[{"href":"https:\/\/portalmf.com.br\/index.php\/wp-json\/wp\/v2\/posts\/3437"}],"collection":[{"href":"https:\/\/portalmf.com.br\/index.php\/wp-json\/wp\/v2\/posts"}],"about":[{"href":"https:\/\/portalmf.com.br\/index.php\/wp-json\/wp\/v2\/types\/post"}],"author":[{"embeddable":true,"href":"https:\/\/portalmf.com.br\/index.php\/wp-json\/wp\/v2\/users\/2"}],"replies":[{"embeddable":true,"href":"https:\/\/portalmf.com.br\/index.php\/wp-json\/wp\/v2\/comments?post=3437"}],"version-history":[{"count":1,"href":"https:\/\/portalmf.com.br\/index.php\/wp-json\/wp\/v2\/posts\/3437\/revisions"}],"predecessor-version":[{"id":3439,"href":"https:\/\/portalmf.com.br\/index.php\/wp-json\/wp\/v2\/posts\/3437\/revisions\/3439"}],"wp:featuredmedia":[{"embeddable":true,"href":"https:\/\/portalmf.com.br\/index.php\/wp-json\/wp\/v2\/media\/3438"}],"wp:attachment":[{"href":"https:\/\/portalmf.com.br\/index.php\/wp-json\/wp\/v2\/media?parent=3437"}],"wp:term":[{"taxonomy":"category","embeddable":true,"href":"https:\/\/portalmf.com.br\/index.php\/wp-json\/wp\/v2\/categories?post=3437"},{"taxonomy":"post_tag","embeddable":true,"href":"https:\/\/portalmf.com.br\/index.php\/wp-json\/wp\/v2\/tags?post=3437"}],"curies":[{"name":"wp","href":"https:\/\/api.w.org\/{rel}","templated":true}]}}