{"id":33634,"date":"2025-01-30T17:43:11","date_gmt":"2025-01-30T20:43:11","guid":{"rendered":"https:\/\/portalmf.com.br\/?p=33634"},"modified":"2025-01-30T17:43:11","modified_gmt":"2025-01-30T20:43:11","slug":"prefeito-de-tanhacu-deixa-da-base-politica-de-acm-neto-e-declara-apoio-a-jeronimo","status":"publish","type":"post","link":"https:\/\/portalmf.com.br\/index.php\/2025\/01\/30\/prefeito-de-tanhacu-deixa-da-base-politica-de-acm-neto-e-declara-apoio-a-jeronimo\/","title":{"rendered":"Prefeito de Tanha\u00e7u deixa da base pol\u00edtica de ACM Neto e declara apoio a Jer\u00f4nimo"},"content":{"rendered":"\n<p>O ex-prefeito de Salvador e postulante ao Pal\u00e1cio de Ondina, ACM Neto, tem assistido \u00e0 diminui\u00e7\u00e3o de sua base pol\u00edtica entre prefeitos do interior baiano. Nesta ter\u00e7a-feira (28), foi a vez do prefeito de Tanha\u00e7u, Valdemir Gondim (PSD), que apoiou a candidatura de Neto em 2022, declarar publicamente apoio pol\u00edtico e ades\u00e3o ao governo de Jer\u00f4nimo Rodrigues.<\/p>\n\n\n\n<p><em>\u201cSaio muito feliz nessa jun\u00e7\u00e3o: munic\u00edpio e Governo do Estado. Trabalhar em conjunto e poder levar os benef\u00edcios para aqueles que mais precisam: o povo de Tanha\u00e7u. Tenha certeza que a parceria de Valdemir com o Governo do Estado vai ser produtiva&#8221;,<\/em> prometeu o prefeito.<\/p>\n\n\n\n<p>Valdemir Gondim se reuniu com o governador, em Salvador, e tratou de diversos temas de interesse de Tanha\u00e7u neste in\u00edcio de gest\u00e3o. Ele celebrou as novas perspectivas para o munic\u00edpio.<\/p>\n\n\n\n<p><em>&#8220;Viemos aqui buscar recursos e sa\u00edmos daqui hoje felizes. Felizes por sermos atendidos nas nossas demandas na \u00e1rea de sa\u00fade, na \u00e1rea de educa\u00e7\u00e3o e na \u00e1rea de infraestrutura. Tanha\u00e7u e o governador: podem contar que essa parceria vai ser uma parceria de sucesso&#8221;<\/em>, concluiu.<\/p>\n","protected":false},"excerpt":{"rendered":"<p>O ex-prefeito de Salvador e postulante ao Pal\u00e1cio de Ondina, ACM Neto, tem assistido \u00e0 diminui\u00e7\u00e3o de sua base pol\u00edtica entre prefeitos do interior baiano. Nesta ter\u00e7a-feira (28), foi a vez do prefeito de Tanha\u00e7u, Valdemir Gondim (PSD), que apoiou a candidatura de Neto em 2022, declarar publicamente apoio pol\u00edtico e ades\u00e3o ao governo de [&hellip;]<\/p>\n","protected":false},"author":3,"featured_media":33635,"comment_status":"open","ping_status":"open","sticky":false,"template":"","format":"standard","meta":{"_monsterinsights_skip_tracking":false,"_monsterinsights_sitenote_active":false,"_monsterinsights_sitenote_note":"","_monsterinsights_sitenote_category":0,"footnotes":""},"categories":[301,34],"tags":[],"yoast_head":"<!-- This site is optimized with the Yoast SEO plugin v22.9 - https:\/\/yoast.com\/wordpress\/plugins\/seo\/ -->\n<title>Prefeito de Tanha\u00e7u deixa da base pol\u00edtica de ACM Neto e declara apoio a Jer\u00f4nimo - Portal MF<\/title>\n<meta name=\"robots\" content=\"index, follow, max-snippet:-1, max-image-preview:large, max-video-preview:-1\" \/>\n<link rel=\"canonical\" href=\"https:\/\/portalmf.com.br\/index.php\/2025\/01\/30\/prefeito-de-tanhacu-deixa-da-base-politica-de-acm-neto-e-declara-apoio-a-jeronimo\/\" \/>\n<meta property=\"og:locale\" content=\"pt_BR\" \/>\n<meta property=\"og:type\" content=\"article\" \/>\n<meta property=\"og:title\" content=\"Prefeito de Tanha\u00e7u deixa da base pol\u00edtica de ACM Neto e declara apoio a Jer\u00f4nimo - Portal MF\" \/>\n<meta property=\"og:description\" content=\"O ex-prefeito de Salvador e postulante ao Pal\u00e1cio de Ondina, ACM Neto, tem assistido \u00e0 diminui\u00e7\u00e3o de sua base pol\u00edtica entre prefeitos do interior baiano. Nesta ter\u00e7a-feira (28), foi a vez do prefeito de Tanha\u00e7u, Valdemir Gondim (PSD), que apoiou a candidatura de Neto em 2022, declarar publicamente apoio pol\u00edtico e ades\u00e3o ao governo de [&hellip;]\" \/>\n<meta property=\"og:url\" content=\"https:\/\/portalmf.com.br\/index.php\/2025\/01\/30\/prefeito-de-tanhacu-deixa-da-base-politica-de-acm-neto-e-declara-apoio-a-jeronimo\/\" \/>\n<meta property=\"og:site_name\" content=\"Portal MF\" \/>\n<meta property=\"article:author\" content=\"https:\/\/www.facebook.com\/portalmfoficial\" \/>\n<meta property=\"article:published_time\" content=\"2025-01-30T20:43:11+00:00\" \/>\n<meta property=\"og:image\" content=\"https:\/\/portalmf.com.br\/wp-content\/uploads\/2025\/01\/Prefeito-de-Tanhacu-declara-apoio-a-Jeronimo-e-amplia-movimento-de-abandono-da-base-politica-de-ACM-Neto.jpg\" \/>\n\t<meta property=\"og:image:width\" content=\"1600\" \/>\n\t<meta property=\"og:image:height\" content=\"899\" \/>\n\t<meta property=\"og:image:type\" content=\"image\/jpeg\" \/>\n<meta name=\"author\" content=\"Reda\u00e7\u00e3o Portal MF\" \/>\n<meta name=\"twitter:card\" content=\"summary_large_image\" \/>\n<meta name=\"twitter:creator\" content=\"@https:\/\/x.com\/portalmfoficial\" \/>\n<meta name=\"twitter:label1\" content=\"Escrito por\" \/>\n\t<meta name=\"twitter:data1\" content=\"Reda\u00e7\u00e3o Portal MF\" \/>\n\t<meta name=\"twitter:label2\" content=\"Est. tempo de leitura\" \/>\n\t<meta name=\"twitter:data2\" content=\"1 minuto\" \/>\n<script type=\"application\/ld+json\" class=\"yoast-schema-graph\">{\"@context\":\"https:\/\/schema.org\",\"@graph\":[{\"@type\":\"WebPage\",\"@id\":\"https:\/\/portalmf.com.br\/index.php\/2025\/01\/30\/prefeito-de-tanhacu-deixa-da-base-politica-de-acm-neto-e-declara-apoio-a-jeronimo\/\",\"url\":\"https:\/\/portalmf.com.br\/index.php\/2025\/01\/30\/prefeito-de-tanhacu-deixa-da-base-politica-de-acm-neto-e-declara-apoio-a-jeronimo\/\",\"name\":\"Prefeito de Tanha\u00e7u deixa da base pol\u00edtica de ACM Neto e declara apoio a Jer\u00f4nimo - Portal MF\",\"isPartOf\":{\"@id\":\"https:\/\/portalmf.com.br\/#website\"},\"primaryImageOfPage\":{\"@id\":\"https:\/\/portalmf.com.br\/index.php\/2025\/01\/30\/prefeito-de-tanhacu-deixa-da-base-politica-de-acm-neto-e-declara-apoio-a-jeronimo\/#primaryimage\"},\"image\":{\"@id\":\"https:\/\/portalmf.com.br\/index.php\/2025\/01\/30\/prefeito-de-tanhacu-deixa-da-base-politica-de-acm-neto-e-declara-apoio-a-jeronimo\/#primaryimage\"},\"thumbnailUrl\":\"https:\/\/portalmf.com.br\/wp-content\/uploads\/2025\/01\/Prefeito-de-Tanhacu-declara-apoio-a-Jeronimo-e-amplia-movimento-de-abandono-da-base-politica-de-ACM-Neto.jpg\",\"datePublished\":\"2025-01-30T20:43:11+00:00\",\"dateModified\":\"2025-01-30T20:43:11+00:00\",\"author\":{\"@id\":\"https:\/\/portalmf.com.br\/#\/schema\/person\/9ec101baf56233e53520c26de5d6f6f0\"},\"breadcrumb\":{\"@id\":\"https:\/\/portalmf.com.br\/index.php\/2025\/01\/30\/prefeito-de-tanhacu-deixa-da-base-politica-de-acm-neto-e-declara-apoio-a-jeronimo\/#breadcrumb\"},\"inLanguage\":\"pt-BR\",\"potentialAction\":[{\"@type\":\"ReadAction\",\"target\":[\"https:\/\/portalmf.com.br\/index.php\/2025\/01\/30\/prefeito-de-tanhacu-deixa-da-base-politica-de-acm-neto-e-declara-apoio-a-jeronimo\/\"]}]},{\"@type\":\"ImageObject\",\"inLanguage\":\"pt-BR\",\"@id\":\"https:\/\/portalmf.com.br\/index.php\/2025\/01\/30\/prefeito-de-tanhacu-deixa-da-base-politica-de-acm-neto-e-declara-apoio-a-jeronimo\/#primaryimage\",\"url\":\"https:\/\/portalmf.com.br\/wp-content\/uploads\/2025\/01\/Prefeito-de-Tanhacu-declara-apoio-a-Jeronimo-e-amplia-movimento-de-abandono-da-base-politica-de-ACM-Neto.jpg\",\"contentUrl\":\"https:\/\/portalmf.com.br\/wp-content\/uploads\/2025\/01\/Prefeito-de-Tanhacu-declara-apoio-a-Jeronimo-e-amplia-movimento-de-abandono-da-base-politica-de-ACM-Neto.jpg\",\"width\":1600,\"height\":899},{\"@type\":\"BreadcrumbList\",\"@id\":\"https:\/\/portalmf.com.br\/index.php\/2025\/01\/30\/prefeito-de-tanhacu-deixa-da-base-politica-de-acm-neto-e-declara-apoio-a-jeronimo\/#breadcrumb\",\"itemListElement\":[{\"@type\":\"ListItem\",\"position\":1,\"name\":\"In\u00edcio\",\"item\":\"https:\/\/portalmf.com.br\/\"},{\"@type\":\"ListItem\",\"position\":2,\"name\":\"Prefeito de Tanha\u00e7u deixa da base pol\u00edtica de ACM Neto e declara apoio a Jer\u00f4nimo\"}]},{\"@type\":\"WebSite\",\"@id\":\"https:\/\/portalmf.com.br\/#website\",\"url\":\"https:\/\/portalmf.com.br\/\",\"name\":\"Portal MF\",\"description\":\"Voc\u00ea conectado com a informa\u00e7\u00e3o\",\"potentialAction\":[{\"@type\":\"SearchAction\",\"target\":{\"@type\":\"EntryPoint\",\"urlTemplate\":\"https:\/\/portalmf.com.br\/?s={search_term_string}\"},\"query-input\":\"required name=search_term_string\"}],\"inLanguage\":\"pt-BR\"},{\"@type\":\"Person\",\"@id\":\"https:\/\/portalmf.com.br\/#\/schema\/person\/9ec101baf56233e53520c26de5d6f6f0\",\"name\":\"Reda\u00e7\u00e3o Portal MF\",\"image\":{\"@type\":\"ImageObject\",\"inLanguage\":\"pt-BR\",\"@id\":\"https:\/\/portalmf.com.br\/#\/schema\/person\/image\/\",\"url\":\"https:\/\/secure.gravatar.com\/avatar\/41b9aaeb2100835f7c64362330f74c7f?s=96&d=mm&r=g\",\"contentUrl\":\"https:\/\/secure.gravatar.com\/avatar\/41b9aaeb2100835f7c64362330f74c7f?s=96&d=mm&r=g\",\"caption\":\"Reda\u00e7\u00e3o Portal MF\"},\"description\":\"Sejam bem-vindos o portal de informa\u00e7\u00f5es de entretenimento de Feira de Santana, desde 2006 realiza coberturas dos principais eventos com entrevistas exclusivas com as principais personalidades mundiais. Fique conectado tamb\u00e9m nas redes sociais.\",\"sameAs\":[\"http:\/\/www.portalmf.com.br\/\",\"https:\/\/www.facebook.com\/portalmfoficial\",\"https:\/\/www.instagram.com\/portalmf\/\",\"https:\/\/x.com\/https:\/\/x.com\/portalmfoficial\",\"https:\/\/www.youtube.com\/@portalmfoficial\"],\"url\":\"https:\/\/portalmf.com.br\/index.php\/author\/junior\/\"}]}<\/script>\n<!-- \/ Yoast SEO plugin. -->","yoast_head_json":{"title":"Prefeito de Tanha\u00e7u deixa da base pol\u00edtica de ACM Neto e declara apoio a Jer\u00f4nimo - Portal MF","robots":{"index":"index","follow":"follow","max-snippet":"max-snippet:-1","max-image-preview":"max-image-preview:large","max-video-preview":"max-video-preview:-1"},"canonical":"https:\/\/portalmf.com.br\/index.php\/2025\/01\/30\/prefeito-de-tanhacu-deixa-da-base-politica-de-acm-neto-e-declara-apoio-a-jeronimo\/","og_locale":"pt_BR","og_type":"article","og_title":"Prefeito de Tanha\u00e7u deixa da base pol\u00edtica de ACM Neto e declara apoio a Jer\u00f4nimo - Portal MF","og_description":"O ex-prefeito de Salvador e postulante ao Pal\u00e1cio de Ondina, ACM Neto, tem assistido \u00e0 diminui\u00e7\u00e3o de sua base pol\u00edtica entre prefeitos do interior baiano. Nesta ter\u00e7a-feira (28), foi a vez do prefeito de Tanha\u00e7u, Valdemir Gondim (PSD), que apoiou a candidatura de Neto em 2022, declarar publicamente apoio pol\u00edtico e ades\u00e3o ao governo de [&hellip;]","og_url":"https:\/\/portalmf.com.br\/index.php\/2025\/01\/30\/prefeito-de-tanhacu-deixa-da-base-politica-de-acm-neto-e-declara-apoio-a-jeronimo\/","og_site_name":"Portal MF","article_author":"https:\/\/www.facebook.com\/portalmfoficial","article_published_time":"2025-01-30T20:43:11+00:00","og_image":[{"width":1600,"height":899,"url":"https:\/\/portalmf.com.br\/wp-content\/uploads\/2025\/01\/Prefeito-de-Tanhacu-declara-apoio-a-Jeronimo-e-amplia-movimento-de-abandono-da-base-politica-de-ACM-Neto.jpg","type":"image\/jpeg"}],"author":"Reda\u00e7\u00e3o Portal MF","twitter_card":"summary_large_image","twitter_creator":"@https:\/\/x.com\/portalmfoficial","twitter_misc":{"Escrito por":"Reda\u00e7\u00e3o Portal MF","Est. tempo de leitura":"1 minuto"},"schema":{"@context":"https:\/\/schema.org","@graph":[{"@type":"WebPage","@id":"https:\/\/portalmf.com.br\/index.php\/2025\/01\/30\/prefeito-de-tanhacu-deixa-da-base-politica-de-acm-neto-e-declara-apoio-a-jeronimo\/","url":"https:\/\/portalmf.com.br\/index.php\/2025\/01\/30\/prefeito-de-tanhacu-deixa-da-base-politica-de-acm-neto-e-declara-apoio-a-jeronimo\/","name":"Prefeito de Tanha\u00e7u deixa da base pol\u00edtica de ACM Neto e declara apoio a Jer\u00f4nimo - Portal MF","isPartOf":{"@id":"https:\/\/portalmf.com.br\/#website"},"primaryImageOfPage":{"@id":"https:\/\/portalmf.com.br\/index.php\/2025\/01\/30\/prefeito-de-tanhacu-deixa-da-base-politica-de-acm-neto-e-declara-apoio-a-jeronimo\/#primaryimage"},"image":{"@id":"https:\/\/portalmf.com.br\/index.php\/2025\/01\/30\/prefeito-de-tanhacu-deixa-da-base-politica-de-acm-neto-e-declara-apoio-a-jeronimo\/#primaryimage"},"thumbnailUrl":"https:\/\/portalmf.com.br\/wp-content\/uploads\/2025\/01\/Prefeito-de-Tanhacu-declara-apoio-a-Jeronimo-e-amplia-movimento-de-abandono-da-base-politica-de-ACM-Neto.jpg","datePublished":"2025-01-30T20:43:11+00:00","dateModified":"2025-01-30T20:43:11+00:00","author":{"@id":"https:\/\/portalmf.com.br\/#\/schema\/person\/9ec101baf56233e53520c26de5d6f6f0"},"breadcrumb":{"@id":"https:\/\/portalmf.com.br\/index.php\/2025\/01\/30\/prefeito-de-tanhacu-deixa-da-base-politica-de-acm-neto-e-declara-apoio-a-jeronimo\/#breadcrumb"},"inLanguage":"pt-BR","potentialAction":[{"@type":"ReadAction","target":["https:\/\/portalmf.com.br\/index.php\/2025\/01\/30\/prefeito-de-tanhacu-deixa-da-base-politica-de-acm-neto-e-declara-apoio-a-jeronimo\/"]}]},{"@type":"ImageObject","inLanguage":"pt-BR","@id":"https:\/\/portalmf.com.br\/index.php\/2025\/01\/30\/prefeito-de-tanhacu-deixa-da-base-politica-de-acm-neto-e-declara-apoio-a-jeronimo\/#primaryimage","url":"https:\/\/portalmf.com.br\/wp-content\/uploads\/2025\/01\/Prefeito-de-Tanhacu-declara-apoio-a-Jeronimo-e-amplia-movimento-de-abandono-da-base-politica-de-ACM-Neto.jpg","contentUrl":"https:\/\/portalmf.com.br\/wp-content\/uploads\/2025\/01\/Prefeito-de-Tanhacu-declara-apoio-a-Jeronimo-e-amplia-movimento-de-abandono-da-base-politica-de-ACM-Neto.jpg","width":1600,"height":899},{"@type":"BreadcrumbList","@id":"https:\/\/portalmf.com.br\/index.php\/2025\/01\/30\/prefeito-de-tanhacu-deixa-da-base-politica-de-acm-neto-e-declara-apoio-a-jeronimo\/#breadcrumb","itemListElement":[{"@type":"ListItem","position":1,"name":"In\u00edcio","item":"https:\/\/portalmf.com.br\/"},{"@type":"ListItem","position":2,"name":"Prefeito de Tanha\u00e7u deixa da base pol\u00edtica de ACM Neto e declara apoio a Jer\u00f4nimo"}]},{"@type":"WebSite","@id":"https:\/\/portalmf.com.br\/#website","url":"https:\/\/portalmf.com.br\/","name":"Portal MF","description":"Voc\u00ea conectado com a informa\u00e7\u00e3o","potentialAction":[{"@type":"SearchAction","target":{"@type":"EntryPoint","urlTemplate":"https:\/\/portalmf.com.br\/?s={search_term_string}"},"query-input":"required name=search_term_string"}],"inLanguage":"pt-BR"},{"@type":"Person","@id":"https:\/\/portalmf.com.br\/#\/schema\/person\/9ec101baf56233e53520c26de5d6f6f0","name":"Reda\u00e7\u00e3o Portal MF","image":{"@type":"ImageObject","inLanguage":"pt-BR","@id":"https:\/\/portalmf.com.br\/#\/schema\/person\/image\/","url":"https:\/\/secure.gravatar.com\/avatar\/41b9aaeb2100835f7c64362330f74c7f?s=96&d=mm&r=g","contentUrl":"https:\/\/secure.gravatar.com\/avatar\/41b9aaeb2100835f7c64362330f74c7f?s=96&d=mm&r=g","caption":"Reda\u00e7\u00e3o Portal MF"},"description":"Sejam bem-vindos o portal de informa\u00e7\u00f5es de entretenimento de Feira de Santana, desde 2006 realiza coberturas dos principais eventos com entrevistas exclusivas com as principais personalidades mundiais. Fique conectado tamb\u00e9m nas redes sociais.","sameAs":["http:\/\/www.portalmf.com.br\/","https:\/\/www.facebook.com\/portalmfoficial","https:\/\/www.instagram.com\/portalmf\/","https:\/\/x.com\/https:\/\/x.com\/portalmfoficial","https:\/\/www.youtube.com\/@portalmfoficial"],"url":"https:\/\/portalmf.com.br\/index.php\/author\/junior\/"}]}},"_links":{"self":[{"href":"https:\/\/portalmf.com.br\/index.php\/wp-json\/wp\/v2\/posts\/33634"}],"collection":[{"href":"https:\/\/portalmf.com.br\/index.php\/wp-json\/wp\/v2\/posts"}],"about":[{"href":"https:\/\/portalmf.com.br\/index.php\/wp-json\/wp\/v2\/types\/post"}],"author":[{"embeddable":true,"href":"https:\/\/portalmf.com.br\/index.php\/wp-json\/wp\/v2\/users\/3"}],"replies":[{"embeddable":true,"href":"https:\/\/portalmf.com.br\/index.php\/wp-json\/wp\/v2\/comments?post=33634"}],"version-history":[{"count":1,"href":"https:\/\/portalmf.com.br\/index.php\/wp-json\/wp\/v2\/posts\/33634\/revisions"}],"predecessor-version":[{"id":33636,"href":"https:\/\/portalmf.com.br\/index.php\/wp-json\/wp\/v2\/posts\/33634\/revisions\/33636"}],"wp:featuredmedia":[{"embeddable":true,"href":"https:\/\/portalmf.com.br\/index.php\/wp-json\/wp\/v2\/media\/33635"}],"wp:attachment":[{"href":"https:\/\/portalmf.com.br\/index.php\/wp-json\/wp\/v2\/media?parent=33634"}],"wp:term":[{"taxonomy":"category","embeddable":true,"href":"https:\/\/portalmf.com.br\/index.php\/wp-json\/wp\/v2\/categories?post=33634"},{"taxonomy":"post_tag","embeddable":true,"href":"https:\/\/portalmf.com.br\/index.php\/wp-json\/wp\/v2\/tags?post=33634"}],"curies":[{"name":"wp","href":"https:\/\/api.w.org\/{rel}","templated":true}]}}