{"id":33476,"date":"2025-01-24T16:16:12","date_gmt":"2025-01-24T19:16:12","guid":{"rendered":"https:\/\/portalmf.com.br\/?p=33476"},"modified":"2025-01-24T16:16:13","modified_gmt":"2025-01-24T19:16:13","slug":"ferias-como-cuidar-dos-dentes-das-criancas-no-periodo-mais-doce-do-ano","status":"publish","type":"post","link":"https:\/\/portalmf.com.br\/index.php\/2025\/01\/24\/ferias-como-cuidar-dos-dentes-das-criancas-no-periodo-mais-doce-do-ano\/","title":{"rendered":"F\u00e9rias: como cuidar dos dentes das crian\u00e7as no per\u00edodo mais doce do ano"},"content":{"rendered":"\n<p>As f\u00e9rias escolares s\u00e3o, para as crian\u00e7as, sin\u00f4nimo de divers\u00e3o e liberdade, mas para os pais, elas trazem um desafio extra: como garantir a sa\u00fade bucal dos pequenos enquanto eles mergulham em um universo de guloseimas, refrigerantes e mudan\u00e7as na rotina? Segundo a professora Jocimara Campos, coordenadora do curso de Odontologia de um faculdade essa \u00e9 uma preocupa\u00e7\u00e3o leg\u00edtima, mas com um pouco de planejamento, tudo pode ser resolvido.<\/p>\n\n\n\n<p><em>\u201cA mudan\u00e7a de rotina e o consumo de alimentos mais doces e \u00e1cidos, muito comuns nessa \u00e9poca, podem impactar a sa\u00fade bucal das crian\u00e7as. Por isso, \u00e9 fundamental redobrar os cuidados\u201d,<\/em> alerta a professora.<\/p>\n\n\n\n<p>Jocimara explica que manter a escova\u00e7\u00e3o adequada durante as f\u00e9rias n\u00e3o precisa ser uma tarefa \u00e1rdua.<\/p>\n\n\n\n<p><em>&#8220;Tornar o momento divertido \u00e9 a chave. Kits personalizados, escovas el\u00e9tricas ou escovas com adesivos remov\u00edveis podem transformar a higiene bucal em uma brincadeira\u201d,<\/em> sugere. Outra dica valiosa \u00e9 criar um calend\u00e1rio de escova\u00e7\u00e3o, incentivando a crian\u00e7a a marcar cada vez que escova os dentes ap\u00f3s as refei\u00e7\u00f5es principais.<\/p>\n\n\n\n<p>Al\u00e9m disso, \u00e9 importante oferecer op\u00e7\u00f5es de alimenta\u00e7\u00e3o saud\u00e1vel, mesmo nos dias mais descontra\u00eddos. <em>\u201cDoces e bebidas \u00e1cidas devem ser consumidos com modera\u00e7\u00e3o. Apostar em lanches saud\u00e1veis e incentivar a ingest\u00e3o de \u00e1gua ajudam a manter os dentes protegidos&#8221;,<\/em> diz a professora.<\/p>\n\n\n\n<p><strong>Prote\u00e7\u00e3o extra para os aventureiros<\/strong><\/p>\n\n\n\n<p>Para as crian\u00e7as que praticam esportes, especialmente atividades de maior impacto, Jocimara recomenda o uso de protetores bucais. \u201cEssa simples atitude pode evitar traumas dent\u00e1rios, comuns em brincadeiras mais intensas durante as f\u00e9rias\u201d, explica.<\/p>\n\n\n\n<p>E se, mesmo com todos os cuidados, algum imprevisto acontecer? <em>&#8220;Uma consulta ao dentista logo ap\u00f3s as f\u00e9rias \u00e9 ideal. Avaliar poss\u00edveis c\u00e1ries iniciais, refor\u00e7ar a preven\u00e7\u00e3o bucal e atualizar o plano de tratamento s\u00e3o passos essenciais para evitar problemas maiores no futuro&#8221;<\/em>, orienta.<\/p>\n\n\n\n<p>O segredo para equilibrar divers\u00e3o e sa\u00fade est\u00e1 na supervis\u00e3o atenta dos pais e na cria\u00e7\u00e3o de h\u00e1bitos saud\u00e1veis desde cedo. Jocimara lembra que crian\u00e7as que se envolvem no processo de escolha de seus materiais de higiene bucal e participam de uma rotina divertida t\u00eam mais chances de levar esses h\u00e1bitos para a vida toda.<\/p>\n\n\n\n<p><em>\u201cCuidar dos dentes durante as f\u00e9rias n\u00e3o precisa ser um fardo. Com planejamento e um toque de criatividade, \u00e9 poss\u00edvel garantir que as crian\u00e7as aproveitem o melhor da esta\u00e7\u00e3o sem abrir m\u00e3o de um sorriso saud\u00e1vel\u201d,<\/em> finaliza.<\/p>\n","protected":false},"excerpt":{"rendered":"<p>As f\u00e9rias escolares s\u00e3o, para as crian\u00e7as, sin\u00f4nimo de divers\u00e3o e liberdade, mas para os pais, elas trazem um desafio extra: como garantir a sa\u00fade bucal dos pequenos enquanto eles mergulham em um universo de guloseimas, refrigerantes e mudan\u00e7as na rotina? Segundo a professora Jocimara Campos, coordenadora do curso de Odontologia de um faculdade essa [&hellip;]<\/p>\n","protected":false},"author":3,"featured_media":33477,"comment_status":"open","ping_status":"open","sticky":false,"template":"","format":"standard","meta":{"_monsterinsights_skip_tracking":false,"_monsterinsights_sitenote_active":false,"_monsterinsights_sitenote_note":"","_monsterinsights_sitenote_category":0,"footnotes":""},"categories":[41],"tags":[],"yoast_head":"<!-- This site is optimized with the Yoast SEO plugin v22.9 - https:\/\/yoast.com\/wordpress\/plugins\/seo\/ -->\n<title>F\u00e9rias: como cuidar dos dentes das crian\u00e7as no per\u00edodo mais doce do ano - Portal MF<\/title>\n<meta name=\"robots\" content=\"index, follow, max-snippet:-1, max-image-preview:large, max-video-preview:-1\" \/>\n<link rel=\"canonical\" href=\"https:\/\/portalmf.com.br\/index.php\/2025\/01\/24\/ferias-como-cuidar-dos-dentes-das-criancas-no-periodo-mais-doce-do-ano\/\" \/>\n<meta property=\"og:locale\" content=\"pt_BR\" \/>\n<meta property=\"og:type\" content=\"article\" \/>\n<meta property=\"og:title\" content=\"F\u00e9rias: como cuidar dos dentes das crian\u00e7as no per\u00edodo mais doce do ano - Portal MF\" \/>\n<meta property=\"og:description\" content=\"As f\u00e9rias escolares s\u00e3o, para as crian\u00e7as, sin\u00f4nimo de divers\u00e3o e liberdade, mas para os pais, elas trazem um desafio extra: como garantir a sa\u00fade bucal dos pequenos enquanto eles mergulham em um universo de guloseimas, refrigerantes e mudan\u00e7as na rotina? Segundo a professora Jocimara Campos, coordenadora do curso de Odontologia de um faculdade essa [&hellip;]\" \/>\n<meta property=\"og:url\" content=\"https:\/\/portalmf.com.br\/index.php\/2025\/01\/24\/ferias-como-cuidar-dos-dentes-das-criancas-no-periodo-mais-doce-do-ano\/\" \/>\n<meta property=\"og:site_name\" content=\"Portal MF\" \/>\n<meta property=\"article:author\" content=\"https:\/\/www.facebook.com\/portalmfoficial\" \/>\n<meta property=\"article:published_time\" content=\"2025-01-24T19:16:12+00:00\" \/>\n<meta property=\"article:modified_time\" content=\"2025-01-24T19:16:13+00:00\" \/>\n<meta property=\"og:image\" content=\"https:\/\/portalmf.com.br\/wp-content\/uploads\/2025\/01\/SAUDE-BUCAL-CRIANCAS-FREEPIK.jpg\" \/>\n\t<meta property=\"og:image:width\" content=\"826\" \/>\n\t<meta property=\"og:image:height\" content=\"463\" \/>\n\t<meta property=\"og:image:type\" content=\"image\/jpeg\" \/>\n<meta name=\"author\" content=\"Reda\u00e7\u00e3o Portal MF\" \/>\n<meta name=\"twitter:card\" content=\"summary_large_image\" \/>\n<meta name=\"twitter:creator\" content=\"@https:\/\/x.com\/portalmfoficial\" \/>\n<meta name=\"twitter:label1\" content=\"Escrito por\" \/>\n\t<meta name=\"twitter:data1\" content=\"Reda\u00e7\u00e3o Portal MF\" \/>\n\t<meta name=\"twitter:label2\" content=\"Est. tempo de leitura\" \/>\n\t<meta name=\"twitter:data2\" content=\"3 minutos\" \/>\n<script type=\"application\/ld+json\" class=\"yoast-schema-graph\">{\"@context\":\"https:\/\/schema.org\",\"@graph\":[{\"@type\":\"WebPage\",\"@id\":\"https:\/\/portalmf.com.br\/index.php\/2025\/01\/24\/ferias-como-cuidar-dos-dentes-das-criancas-no-periodo-mais-doce-do-ano\/\",\"url\":\"https:\/\/portalmf.com.br\/index.php\/2025\/01\/24\/ferias-como-cuidar-dos-dentes-das-criancas-no-periodo-mais-doce-do-ano\/\",\"name\":\"F\u00e9rias: como cuidar dos dentes das crian\u00e7as no per\u00edodo mais doce do ano - Portal MF\",\"isPartOf\":{\"@id\":\"https:\/\/portalmf.com.br\/#website\"},\"primaryImageOfPage\":{\"@id\":\"https:\/\/portalmf.com.br\/index.php\/2025\/01\/24\/ferias-como-cuidar-dos-dentes-das-criancas-no-periodo-mais-doce-do-ano\/#primaryimage\"},\"image\":{\"@id\":\"https:\/\/portalmf.com.br\/index.php\/2025\/01\/24\/ferias-como-cuidar-dos-dentes-das-criancas-no-periodo-mais-doce-do-ano\/#primaryimage\"},\"thumbnailUrl\":\"https:\/\/portalmf.com.br\/wp-content\/uploads\/2025\/01\/SAUDE-BUCAL-CRIANCAS-FREEPIK.jpg\",\"datePublished\":\"2025-01-24T19:16:12+00:00\",\"dateModified\":\"2025-01-24T19:16:13+00:00\",\"author\":{\"@id\":\"https:\/\/portalmf.com.br\/#\/schema\/person\/9ec101baf56233e53520c26de5d6f6f0\"},\"breadcrumb\":{\"@id\":\"https:\/\/portalmf.com.br\/index.php\/2025\/01\/24\/ferias-como-cuidar-dos-dentes-das-criancas-no-periodo-mais-doce-do-ano\/#breadcrumb\"},\"inLanguage\":\"pt-BR\",\"potentialAction\":[{\"@type\":\"ReadAction\",\"target\":[\"https:\/\/portalmf.com.br\/index.php\/2025\/01\/24\/ferias-como-cuidar-dos-dentes-das-criancas-no-periodo-mais-doce-do-ano\/\"]}]},{\"@type\":\"ImageObject\",\"inLanguage\":\"pt-BR\",\"@id\":\"https:\/\/portalmf.com.br\/index.php\/2025\/01\/24\/ferias-como-cuidar-dos-dentes-das-criancas-no-periodo-mais-doce-do-ano\/#primaryimage\",\"url\":\"https:\/\/portalmf.com.br\/wp-content\/uploads\/2025\/01\/SAUDE-BUCAL-CRIANCAS-FREEPIK.jpg\",\"contentUrl\":\"https:\/\/portalmf.com.br\/wp-content\/uploads\/2025\/01\/SAUDE-BUCAL-CRIANCAS-FREEPIK.jpg\",\"width\":826,\"height\":463},{\"@type\":\"BreadcrumbList\",\"@id\":\"https:\/\/portalmf.com.br\/index.php\/2025\/01\/24\/ferias-como-cuidar-dos-dentes-das-criancas-no-periodo-mais-doce-do-ano\/#breadcrumb\",\"itemListElement\":[{\"@type\":\"ListItem\",\"position\":1,\"name\":\"In\u00edcio\",\"item\":\"https:\/\/portalmf.com.br\/\"},{\"@type\":\"ListItem\",\"position\":2,\"name\":\"F\u00e9rias: como cuidar dos dentes das crian\u00e7as no per\u00edodo mais doce do ano\"}]},{\"@type\":\"WebSite\",\"@id\":\"https:\/\/portalmf.com.br\/#website\",\"url\":\"https:\/\/portalmf.com.br\/\",\"name\":\"Portal MF\",\"description\":\"Voc\u00ea conectado com a informa\u00e7\u00e3o\",\"potentialAction\":[{\"@type\":\"SearchAction\",\"target\":{\"@type\":\"EntryPoint\",\"urlTemplate\":\"https:\/\/portalmf.com.br\/?s={search_term_string}\"},\"query-input\":\"required name=search_term_string\"}],\"inLanguage\":\"pt-BR\"},{\"@type\":\"Person\",\"@id\":\"https:\/\/portalmf.com.br\/#\/schema\/person\/9ec101baf56233e53520c26de5d6f6f0\",\"name\":\"Reda\u00e7\u00e3o Portal MF\",\"image\":{\"@type\":\"ImageObject\",\"inLanguage\":\"pt-BR\",\"@id\":\"https:\/\/portalmf.com.br\/#\/schema\/person\/image\/\",\"url\":\"https:\/\/secure.gravatar.com\/avatar\/41b9aaeb2100835f7c64362330f74c7f?s=96&d=mm&r=g\",\"contentUrl\":\"https:\/\/secure.gravatar.com\/avatar\/41b9aaeb2100835f7c64362330f74c7f?s=96&d=mm&r=g\",\"caption\":\"Reda\u00e7\u00e3o Portal MF\"},\"description\":\"Sejam bem-vindos o portal de informa\u00e7\u00f5es de entretenimento de Feira de Santana, desde 2006 realiza coberturas dos principais eventos com entrevistas exclusivas com as principais personalidades mundiais. Fique conectado tamb\u00e9m nas redes sociais.\",\"sameAs\":[\"http:\/\/www.portalmf.com.br\/\",\"https:\/\/www.facebook.com\/portalmfoficial\",\"https:\/\/www.instagram.com\/portalmf\/\",\"https:\/\/x.com\/https:\/\/x.com\/portalmfoficial\",\"https:\/\/www.youtube.com\/@portalmfoficial\"],\"url\":\"https:\/\/portalmf.com.br\/index.php\/author\/junior\/\"}]}<\/script>\n<!-- \/ Yoast SEO plugin. -->","yoast_head_json":{"title":"F\u00e9rias: como cuidar dos dentes das crian\u00e7as no per\u00edodo mais doce do ano - Portal MF","robots":{"index":"index","follow":"follow","max-snippet":"max-snippet:-1","max-image-preview":"max-image-preview:large","max-video-preview":"max-video-preview:-1"},"canonical":"https:\/\/portalmf.com.br\/index.php\/2025\/01\/24\/ferias-como-cuidar-dos-dentes-das-criancas-no-periodo-mais-doce-do-ano\/","og_locale":"pt_BR","og_type":"article","og_title":"F\u00e9rias: como cuidar dos dentes das crian\u00e7as no per\u00edodo mais doce do ano - Portal MF","og_description":"As f\u00e9rias escolares s\u00e3o, para as crian\u00e7as, sin\u00f4nimo de divers\u00e3o e liberdade, mas para os pais, elas trazem um desafio extra: como garantir a sa\u00fade bucal dos pequenos enquanto eles mergulham em um universo de guloseimas, refrigerantes e mudan\u00e7as na rotina? Segundo a professora Jocimara Campos, coordenadora do curso de Odontologia de um faculdade essa [&hellip;]","og_url":"https:\/\/portalmf.com.br\/index.php\/2025\/01\/24\/ferias-como-cuidar-dos-dentes-das-criancas-no-periodo-mais-doce-do-ano\/","og_site_name":"Portal MF","article_author":"https:\/\/www.facebook.com\/portalmfoficial","article_published_time":"2025-01-24T19:16:12+00:00","article_modified_time":"2025-01-24T19:16:13+00:00","og_image":[{"width":826,"height":463,"url":"https:\/\/portalmf.com.br\/wp-content\/uploads\/2025\/01\/SAUDE-BUCAL-CRIANCAS-FREEPIK.jpg","type":"image\/jpeg"}],"author":"Reda\u00e7\u00e3o Portal MF","twitter_card":"summary_large_image","twitter_creator":"@https:\/\/x.com\/portalmfoficial","twitter_misc":{"Escrito por":"Reda\u00e7\u00e3o Portal MF","Est. tempo de leitura":"3 minutos"},"schema":{"@context":"https:\/\/schema.org","@graph":[{"@type":"WebPage","@id":"https:\/\/portalmf.com.br\/index.php\/2025\/01\/24\/ferias-como-cuidar-dos-dentes-das-criancas-no-periodo-mais-doce-do-ano\/","url":"https:\/\/portalmf.com.br\/index.php\/2025\/01\/24\/ferias-como-cuidar-dos-dentes-das-criancas-no-periodo-mais-doce-do-ano\/","name":"F\u00e9rias: como cuidar dos dentes das crian\u00e7as no per\u00edodo mais doce do ano - Portal MF","isPartOf":{"@id":"https:\/\/portalmf.com.br\/#website"},"primaryImageOfPage":{"@id":"https:\/\/portalmf.com.br\/index.php\/2025\/01\/24\/ferias-como-cuidar-dos-dentes-das-criancas-no-periodo-mais-doce-do-ano\/#primaryimage"},"image":{"@id":"https:\/\/portalmf.com.br\/index.php\/2025\/01\/24\/ferias-como-cuidar-dos-dentes-das-criancas-no-periodo-mais-doce-do-ano\/#primaryimage"},"thumbnailUrl":"https:\/\/portalmf.com.br\/wp-content\/uploads\/2025\/01\/SAUDE-BUCAL-CRIANCAS-FREEPIK.jpg","datePublished":"2025-01-24T19:16:12+00:00","dateModified":"2025-01-24T19:16:13+00:00","author":{"@id":"https:\/\/portalmf.com.br\/#\/schema\/person\/9ec101baf56233e53520c26de5d6f6f0"},"breadcrumb":{"@id":"https:\/\/portalmf.com.br\/index.php\/2025\/01\/24\/ferias-como-cuidar-dos-dentes-das-criancas-no-periodo-mais-doce-do-ano\/#breadcrumb"},"inLanguage":"pt-BR","potentialAction":[{"@type":"ReadAction","target":["https:\/\/portalmf.com.br\/index.php\/2025\/01\/24\/ferias-como-cuidar-dos-dentes-das-criancas-no-periodo-mais-doce-do-ano\/"]}]},{"@type":"ImageObject","inLanguage":"pt-BR","@id":"https:\/\/portalmf.com.br\/index.php\/2025\/01\/24\/ferias-como-cuidar-dos-dentes-das-criancas-no-periodo-mais-doce-do-ano\/#primaryimage","url":"https:\/\/portalmf.com.br\/wp-content\/uploads\/2025\/01\/SAUDE-BUCAL-CRIANCAS-FREEPIK.jpg","contentUrl":"https:\/\/portalmf.com.br\/wp-content\/uploads\/2025\/01\/SAUDE-BUCAL-CRIANCAS-FREEPIK.jpg","width":826,"height":463},{"@type":"BreadcrumbList","@id":"https:\/\/portalmf.com.br\/index.php\/2025\/01\/24\/ferias-como-cuidar-dos-dentes-das-criancas-no-periodo-mais-doce-do-ano\/#breadcrumb","itemListElement":[{"@type":"ListItem","position":1,"name":"In\u00edcio","item":"https:\/\/portalmf.com.br\/"},{"@type":"ListItem","position":2,"name":"F\u00e9rias: como cuidar dos dentes das crian\u00e7as no per\u00edodo mais doce do ano"}]},{"@type":"WebSite","@id":"https:\/\/portalmf.com.br\/#website","url":"https:\/\/portalmf.com.br\/","name":"Portal MF","description":"Voc\u00ea conectado com a informa\u00e7\u00e3o","potentialAction":[{"@type":"SearchAction","target":{"@type":"EntryPoint","urlTemplate":"https:\/\/portalmf.com.br\/?s={search_term_string}"},"query-input":"required name=search_term_string"}],"inLanguage":"pt-BR"},{"@type":"Person","@id":"https:\/\/portalmf.com.br\/#\/schema\/person\/9ec101baf56233e53520c26de5d6f6f0","name":"Reda\u00e7\u00e3o Portal MF","image":{"@type":"ImageObject","inLanguage":"pt-BR","@id":"https:\/\/portalmf.com.br\/#\/schema\/person\/image\/","url":"https:\/\/secure.gravatar.com\/avatar\/41b9aaeb2100835f7c64362330f74c7f?s=96&d=mm&r=g","contentUrl":"https:\/\/secure.gravatar.com\/avatar\/41b9aaeb2100835f7c64362330f74c7f?s=96&d=mm&r=g","caption":"Reda\u00e7\u00e3o Portal MF"},"description":"Sejam bem-vindos o portal de informa\u00e7\u00f5es de entretenimento de Feira de Santana, desde 2006 realiza coberturas dos principais eventos com entrevistas exclusivas com as principais personalidades mundiais. Fique conectado tamb\u00e9m nas redes sociais.","sameAs":["http:\/\/www.portalmf.com.br\/","https:\/\/www.facebook.com\/portalmfoficial","https:\/\/www.instagram.com\/portalmf\/","https:\/\/x.com\/https:\/\/x.com\/portalmfoficial","https:\/\/www.youtube.com\/@portalmfoficial"],"url":"https:\/\/portalmf.com.br\/index.php\/author\/junior\/"}]}},"_links":{"self":[{"href":"https:\/\/portalmf.com.br\/index.php\/wp-json\/wp\/v2\/posts\/33476"}],"collection":[{"href":"https:\/\/portalmf.com.br\/index.php\/wp-json\/wp\/v2\/posts"}],"about":[{"href":"https:\/\/portalmf.com.br\/index.php\/wp-json\/wp\/v2\/types\/post"}],"author":[{"embeddable":true,"href":"https:\/\/portalmf.com.br\/index.php\/wp-json\/wp\/v2\/users\/3"}],"replies":[{"embeddable":true,"href":"https:\/\/portalmf.com.br\/index.php\/wp-json\/wp\/v2\/comments?post=33476"}],"version-history":[{"count":1,"href":"https:\/\/portalmf.com.br\/index.php\/wp-json\/wp\/v2\/posts\/33476\/revisions"}],"predecessor-version":[{"id":33478,"href":"https:\/\/portalmf.com.br\/index.php\/wp-json\/wp\/v2\/posts\/33476\/revisions\/33478"}],"wp:featuredmedia":[{"embeddable":true,"href":"https:\/\/portalmf.com.br\/index.php\/wp-json\/wp\/v2\/media\/33477"}],"wp:attachment":[{"href":"https:\/\/portalmf.com.br\/index.php\/wp-json\/wp\/v2\/media?parent=33476"}],"wp:term":[{"taxonomy":"category","embeddable":true,"href":"https:\/\/portalmf.com.br\/index.php\/wp-json\/wp\/v2\/categories?post=33476"},{"taxonomy":"post_tag","embeddable":true,"href":"https:\/\/portalmf.com.br\/index.php\/wp-json\/wp\/v2\/tags?post=33476"}],"curies":[{"name":"wp","href":"https:\/\/api.w.org\/{rel}","templated":true}]}}