{"id":33463,"date":"2025-01-24T15:30:53","date_gmt":"2025-01-24T18:30:53","guid":{"rendered":"https:\/\/portalmf.com.br\/?p=33463"},"modified":"2025-01-24T15:30:55","modified_gmt":"2025-01-24T18:30:55","slug":"enfermeira-alerta-que-os-primeiros-socorros-sao-essenciais-em-casos-de-insolacao-e-desidratacao","status":"publish","type":"post","link":"https:\/\/portalmf.com.br\/index.php\/2025\/01\/24\/enfermeira-alerta-que-os-primeiros-socorros-sao-essenciais-em-casos-de-insolacao-e-desidratacao\/","title":{"rendered":"Enfermeira alerta que os primeiros socorros s\u00e3o essenciais em casos de insola\u00e7\u00e3o e desidrata\u00e7\u00e3o"},"content":{"rendered":"\n<p>Durante o ver\u00e3o, os riscos de insola\u00e7\u00e3o e desidrata\u00e7\u00e3o aumentam significativamente, especialmente em \u00e1reas remotas e com acesso limitado a cuidados m\u00e9dicos imediatos. Essas condi\u00e7\u00f5es podem afetar qualquer pessoa e exigem uma resposta r\u00e1pida e eficaz.&nbsp;<\/p>\n\n\n\n<p>A enfermeira Rebeca G\u00f3es, especialista em enfermagem na alta complexidade, destaca a import\u00e2ncia de reconhecer os sinais dessas emerg\u00eancias de sa\u00fade.<\/p>\n\n\n\n<p><em>&#8220;A insola\u00e7\u00e3o e a desidrata\u00e7\u00e3o podem se desenvolver rapidamente em ambientes de calor extremo. Sintomas como tontura, dor de cabe\u00e7a intensa, n\u00e1useas, pele seca e quente, e aus\u00eancia de suor, mesmo em calor intenso, s\u00e3o indicadores claros de que a pessoa est\u00e1 em perigo e necessita de aten\u00e7\u00e3o imediata&#8221;,<\/em> afirma Rebeca.&nbsp;<\/p>\n\n\n\n<p>Rebeca, que tamb\u00e9m \u00e9 professora, diz que em casos de insola\u00e7\u00e3o, a prioridade \u00e9 reduzir rapidamente a temperatura corporal da v\u00edtima.<\/p>\n\n\n\n<p><em>&#8220;Leve a pessoa para um local fresco e sombreado, remova roupas excessivas e comece a resfriar o corpo com \u00e1gua fria. Se poss\u00edvel, aplique panos \u00famidos sobre a pele e ofere\u00e7a pequenos goles de \u00e1gua, desde que a pessoa esteja consciente e consiga engolir sem dificuldade&#8221;,<\/em> orienta.&nbsp;<\/p>\n\n\n\n<p>Para casos de desidrata\u00e7\u00e3o, a profissional orienta a reposi\u00e7\u00e3o gradual de l\u00edquidos.<em> &#8220;Se a pessoa estiver consciente e sem v\u00f4mitos, ofere\u00e7a \u00e1gua ou solu\u00e7\u00e3o de reidrata\u00e7\u00e3o oral em pequenos goles. Evite bebidas a\u00e7ucaradas ou com cafe\u00edna, que podem piorar a desidrata\u00e7\u00e3o. Em situa\u00e7\u00f5es severas, com sintomas como confus\u00e3o mental, tontura grave ou desmaios, \u00e9 necess\u00e1rio buscar atendimento m\u00e9dico urgente, pois a administra\u00e7\u00e3o de soro fisiol\u00f3gico intravenoso pode ser necess\u00e1ria&#8221;, <\/em>recomenda Rebeca.&nbsp;<\/p>\n\n\n\n<p>A enfermeira enfatiza ainda a import\u00e2ncia de medidas preventivas, especialmente durante o ver\u00e3o amaz\u00f4nico.<\/p>\n\n\n\n<p><em>&#8220;\u00c9 importante usar roupas leves e claras, proteger-se do sol com chap\u00e9us ou bon\u00e9s, e evitar a exposi\u00e7\u00e3o solar direta entre 10h e 16h, quando o calor \u00e9 mais intenso. Manter-se hidratado ao longo do dia, bebendo \u00e1gua regularmente e usar o protetor solar com frequ\u00eancia, s\u00e3o estrat\u00e9gias fundamentais para preven\u00e7\u00e3o&#8221;,<\/em> conclui.<\/p>\n","protected":false},"excerpt":{"rendered":"<p>Durante o ver\u00e3o, os riscos de insola\u00e7\u00e3o e desidrata\u00e7\u00e3o aumentam significativamente, especialmente em \u00e1reas remotas e com acesso limitado a cuidados m\u00e9dicos imediatos. Essas condi\u00e7\u00f5es podem afetar qualquer pessoa e exigem uma resposta r\u00e1pida e eficaz.&nbsp; A enfermeira Rebeca G\u00f3es, especialista em enfermagem na alta complexidade, destaca a import\u00e2ncia de reconhecer os sinais dessas emerg\u00eancias [&hellip;]<\/p>\n","protected":false},"author":3,"featured_media":33464,"comment_status":"open","ping_status":"open","sticky":false,"template":"","format":"standard","meta":{"_monsterinsights_skip_tracking":false,"_monsterinsights_sitenote_active":false,"_monsterinsights_sitenote_note":"","_monsterinsights_sitenote_category":0,"footnotes":""},"categories":[41],"tags":[],"yoast_head":"<!-- This site is optimized with the Yoast SEO plugin v22.9 - https:\/\/yoast.com\/wordpress\/plugins\/seo\/ -->\n<title>Enfermeira alerta que os primeiros socorros s\u00e3o essenciais em casos de insola\u00e7\u00e3o e desidrata\u00e7\u00e3o - Portal MF<\/title>\n<meta name=\"robots\" content=\"index, follow, max-snippet:-1, max-image-preview:large, max-video-preview:-1\" \/>\n<link rel=\"canonical\" href=\"https:\/\/portalmf.com.br\/index.php\/2025\/01\/24\/enfermeira-alerta-que-os-primeiros-socorros-sao-essenciais-em-casos-de-insolacao-e-desidratacao\/\" \/>\n<meta property=\"og:locale\" content=\"pt_BR\" \/>\n<meta property=\"og:type\" content=\"article\" \/>\n<meta property=\"og:title\" content=\"Enfermeira alerta que os primeiros socorros s\u00e3o essenciais em casos de insola\u00e7\u00e3o e desidrata\u00e7\u00e3o - Portal MF\" \/>\n<meta property=\"og:description\" content=\"Durante o ver\u00e3o, os riscos de insola\u00e7\u00e3o e desidrata\u00e7\u00e3o aumentam significativamente, especialmente em \u00e1reas remotas e com acesso limitado a cuidados m\u00e9dicos imediatos. Essas condi\u00e7\u00f5es podem afetar qualquer pessoa e exigem uma resposta r\u00e1pida e eficaz.&nbsp; A enfermeira Rebeca G\u00f3es, especialista em enfermagem na alta complexidade, destaca a import\u00e2ncia de reconhecer os sinais dessas emerg\u00eancias [&hellip;]\" \/>\n<meta property=\"og:url\" content=\"https:\/\/portalmf.com.br\/index.php\/2025\/01\/24\/enfermeira-alerta-que-os-primeiros-socorros-sao-essenciais-em-casos-de-insolacao-e-desidratacao\/\" \/>\n<meta property=\"og:site_name\" content=\"Portal MF\" \/>\n<meta property=\"article:author\" content=\"https:\/\/www.facebook.com\/portalmfoficial\" \/>\n<meta property=\"article:published_time\" content=\"2025-01-24T18:30:53+00:00\" \/>\n<meta property=\"article:modified_time\" content=\"2025-01-24T18:30:55+00:00\" \/>\n<meta property=\"og:image\" content=\"https:\/\/portalmf.com.br\/wp-content\/uploads\/2025\/01\/ENSOLACAO-Foto-Freepik.jpg\" \/>\n\t<meta property=\"og:image:width\" content=\"1000\" \/>\n\t<meta property=\"og:image:height\" content=\"667\" \/>\n\t<meta property=\"og:image:type\" content=\"image\/jpeg\" \/>\n<meta name=\"author\" content=\"Reda\u00e7\u00e3o Portal MF\" \/>\n<meta name=\"twitter:card\" content=\"summary_large_image\" \/>\n<meta name=\"twitter:creator\" content=\"@https:\/\/x.com\/portalmfoficial\" \/>\n<meta name=\"twitter:label1\" content=\"Escrito por\" \/>\n\t<meta name=\"twitter:data1\" content=\"Reda\u00e7\u00e3o Portal MF\" \/>\n\t<meta name=\"twitter:label2\" content=\"Est. tempo de leitura\" \/>\n\t<meta name=\"twitter:data2\" content=\"2 minutos\" \/>\n<script type=\"application\/ld+json\" class=\"yoast-schema-graph\">{\"@context\":\"https:\/\/schema.org\",\"@graph\":[{\"@type\":\"WebPage\",\"@id\":\"https:\/\/portalmf.com.br\/index.php\/2025\/01\/24\/enfermeira-alerta-que-os-primeiros-socorros-sao-essenciais-em-casos-de-insolacao-e-desidratacao\/\",\"url\":\"https:\/\/portalmf.com.br\/index.php\/2025\/01\/24\/enfermeira-alerta-que-os-primeiros-socorros-sao-essenciais-em-casos-de-insolacao-e-desidratacao\/\",\"name\":\"Enfermeira alerta que os primeiros socorros s\u00e3o essenciais em casos de insola\u00e7\u00e3o e desidrata\u00e7\u00e3o - Portal MF\",\"isPartOf\":{\"@id\":\"https:\/\/portalmf.com.br\/#website\"},\"primaryImageOfPage\":{\"@id\":\"https:\/\/portalmf.com.br\/index.php\/2025\/01\/24\/enfermeira-alerta-que-os-primeiros-socorros-sao-essenciais-em-casos-de-insolacao-e-desidratacao\/#primaryimage\"},\"image\":{\"@id\":\"https:\/\/portalmf.com.br\/index.php\/2025\/01\/24\/enfermeira-alerta-que-os-primeiros-socorros-sao-essenciais-em-casos-de-insolacao-e-desidratacao\/#primaryimage\"},\"thumbnailUrl\":\"https:\/\/portalmf.com.br\/wp-content\/uploads\/2025\/01\/ENSOLACAO-Foto-Freepik.jpg\",\"datePublished\":\"2025-01-24T18:30:53+00:00\",\"dateModified\":\"2025-01-24T18:30:55+00:00\",\"author\":{\"@id\":\"https:\/\/portalmf.com.br\/#\/schema\/person\/9ec101baf56233e53520c26de5d6f6f0\"},\"breadcrumb\":{\"@id\":\"https:\/\/portalmf.com.br\/index.php\/2025\/01\/24\/enfermeira-alerta-que-os-primeiros-socorros-sao-essenciais-em-casos-de-insolacao-e-desidratacao\/#breadcrumb\"},\"inLanguage\":\"pt-BR\",\"potentialAction\":[{\"@type\":\"ReadAction\",\"target\":[\"https:\/\/portalmf.com.br\/index.php\/2025\/01\/24\/enfermeira-alerta-que-os-primeiros-socorros-sao-essenciais-em-casos-de-insolacao-e-desidratacao\/\"]}]},{\"@type\":\"ImageObject\",\"inLanguage\":\"pt-BR\",\"@id\":\"https:\/\/portalmf.com.br\/index.php\/2025\/01\/24\/enfermeira-alerta-que-os-primeiros-socorros-sao-essenciais-em-casos-de-insolacao-e-desidratacao\/#primaryimage\",\"url\":\"https:\/\/portalmf.com.br\/wp-content\/uploads\/2025\/01\/ENSOLACAO-Foto-Freepik.jpg\",\"contentUrl\":\"https:\/\/portalmf.com.br\/wp-content\/uploads\/2025\/01\/ENSOLACAO-Foto-Freepik.jpg\",\"width\":1000,\"height\":667},{\"@type\":\"BreadcrumbList\",\"@id\":\"https:\/\/portalmf.com.br\/index.php\/2025\/01\/24\/enfermeira-alerta-que-os-primeiros-socorros-sao-essenciais-em-casos-de-insolacao-e-desidratacao\/#breadcrumb\",\"itemListElement\":[{\"@type\":\"ListItem\",\"position\":1,\"name\":\"In\u00edcio\",\"item\":\"https:\/\/portalmf.com.br\/\"},{\"@type\":\"ListItem\",\"position\":2,\"name\":\"Enfermeira alerta que os primeiros socorros s\u00e3o essenciais em casos de insola\u00e7\u00e3o e desidrata\u00e7\u00e3o\"}]},{\"@type\":\"WebSite\",\"@id\":\"https:\/\/portalmf.com.br\/#website\",\"url\":\"https:\/\/portalmf.com.br\/\",\"name\":\"Portal MF\",\"description\":\"Voc\u00ea conectado com a informa\u00e7\u00e3o\",\"potentialAction\":[{\"@type\":\"SearchAction\",\"target\":{\"@type\":\"EntryPoint\",\"urlTemplate\":\"https:\/\/portalmf.com.br\/?s={search_term_string}\"},\"query-input\":\"required name=search_term_string\"}],\"inLanguage\":\"pt-BR\"},{\"@type\":\"Person\",\"@id\":\"https:\/\/portalmf.com.br\/#\/schema\/person\/9ec101baf56233e53520c26de5d6f6f0\",\"name\":\"Reda\u00e7\u00e3o Portal MF\",\"image\":{\"@type\":\"ImageObject\",\"inLanguage\":\"pt-BR\",\"@id\":\"https:\/\/portalmf.com.br\/#\/schema\/person\/image\/\",\"url\":\"https:\/\/secure.gravatar.com\/avatar\/41b9aaeb2100835f7c64362330f74c7f?s=96&d=mm&r=g\",\"contentUrl\":\"https:\/\/secure.gravatar.com\/avatar\/41b9aaeb2100835f7c64362330f74c7f?s=96&d=mm&r=g\",\"caption\":\"Reda\u00e7\u00e3o Portal MF\"},\"description\":\"Sejam bem-vindos o portal de informa\u00e7\u00f5es de entretenimento de Feira de Santana, desde 2006 realiza coberturas dos principais eventos com entrevistas exclusivas com as principais personalidades mundiais. Fique conectado tamb\u00e9m nas redes sociais.\",\"sameAs\":[\"http:\/\/www.portalmf.com.br\/\",\"https:\/\/www.facebook.com\/portalmfoficial\",\"https:\/\/www.instagram.com\/portalmf\/\",\"https:\/\/x.com\/https:\/\/x.com\/portalmfoficial\",\"https:\/\/www.youtube.com\/@portalmfoficial\"],\"url\":\"https:\/\/portalmf.com.br\/index.php\/author\/junior\/\"}]}<\/script>\n<!-- \/ Yoast SEO plugin. -->","yoast_head_json":{"title":"Enfermeira alerta que os primeiros socorros s\u00e3o essenciais em casos de insola\u00e7\u00e3o e desidrata\u00e7\u00e3o - Portal MF","robots":{"index":"index","follow":"follow","max-snippet":"max-snippet:-1","max-image-preview":"max-image-preview:large","max-video-preview":"max-video-preview:-1"},"canonical":"https:\/\/portalmf.com.br\/index.php\/2025\/01\/24\/enfermeira-alerta-que-os-primeiros-socorros-sao-essenciais-em-casos-de-insolacao-e-desidratacao\/","og_locale":"pt_BR","og_type":"article","og_title":"Enfermeira alerta que os primeiros socorros s\u00e3o essenciais em casos de insola\u00e7\u00e3o e desidrata\u00e7\u00e3o - Portal MF","og_description":"Durante o ver\u00e3o, os riscos de insola\u00e7\u00e3o e desidrata\u00e7\u00e3o aumentam significativamente, especialmente em \u00e1reas remotas e com acesso limitado a cuidados m\u00e9dicos imediatos. Essas condi\u00e7\u00f5es podem afetar qualquer pessoa e exigem uma resposta r\u00e1pida e eficaz.&nbsp; A enfermeira Rebeca G\u00f3es, especialista em enfermagem na alta complexidade, destaca a import\u00e2ncia de reconhecer os sinais dessas emerg\u00eancias [&hellip;]","og_url":"https:\/\/portalmf.com.br\/index.php\/2025\/01\/24\/enfermeira-alerta-que-os-primeiros-socorros-sao-essenciais-em-casos-de-insolacao-e-desidratacao\/","og_site_name":"Portal MF","article_author":"https:\/\/www.facebook.com\/portalmfoficial","article_published_time":"2025-01-24T18:30:53+00:00","article_modified_time":"2025-01-24T18:30:55+00:00","og_image":[{"width":1000,"height":667,"url":"https:\/\/portalmf.com.br\/wp-content\/uploads\/2025\/01\/ENSOLACAO-Foto-Freepik.jpg","type":"image\/jpeg"}],"author":"Reda\u00e7\u00e3o Portal MF","twitter_card":"summary_large_image","twitter_creator":"@https:\/\/x.com\/portalmfoficial","twitter_misc":{"Escrito por":"Reda\u00e7\u00e3o Portal MF","Est. tempo de leitura":"2 minutos"},"schema":{"@context":"https:\/\/schema.org","@graph":[{"@type":"WebPage","@id":"https:\/\/portalmf.com.br\/index.php\/2025\/01\/24\/enfermeira-alerta-que-os-primeiros-socorros-sao-essenciais-em-casos-de-insolacao-e-desidratacao\/","url":"https:\/\/portalmf.com.br\/index.php\/2025\/01\/24\/enfermeira-alerta-que-os-primeiros-socorros-sao-essenciais-em-casos-de-insolacao-e-desidratacao\/","name":"Enfermeira alerta que os primeiros socorros s\u00e3o essenciais em casos de insola\u00e7\u00e3o e desidrata\u00e7\u00e3o - Portal MF","isPartOf":{"@id":"https:\/\/portalmf.com.br\/#website"},"primaryImageOfPage":{"@id":"https:\/\/portalmf.com.br\/index.php\/2025\/01\/24\/enfermeira-alerta-que-os-primeiros-socorros-sao-essenciais-em-casos-de-insolacao-e-desidratacao\/#primaryimage"},"image":{"@id":"https:\/\/portalmf.com.br\/index.php\/2025\/01\/24\/enfermeira-alerta-que-os-primeiros-socorros-sao-essenciais-em-casos-de-insolacao-e-desidratacao\/#primaryimage"},"thumbnailUrl":"https:\/\/portalmf.com.br\/wp-content\/uploads\/2025\/01\/ENSOLACAO-Foto-Freepik.jpg","datePublished":"2025-01-24T18:30:53+00:00","dateModified":"2025-01-24T18:30:55+00:00","author":{"@id":"https:\/\/portalmf.com.br\/#\/schema\/person\/9ec101baf56233e53520c26de5d6f6f0"},"breadcrumb":{"@id":"https:\/\/portalmf.com.br\/index.php\/2025\/01\/24\/enfermeira-alerta-que-os-primeiros-socorros-sao-essenciais-em-casos-de-insolacao-e-desidratacao\/#breadcrumb"},"inLanguage":"pt-BR","potentialAction":[{"@type":"ReadAction","target":["https:\/\/portalmf.com.br\/index.php\/2025\/01\/24\/enfermeira-alerta-que-os-primeiros-socorros-sao-essenciais-em-casos-de-insolacao-e-desidratacao\/"]}]},{"@type":"ImageObject","inLanguage":"pt-BR","@id":"https:\/\/portalmf.com.br\/index.php\/2025\/01\/24\/enfermeira-alerta-que-os-primeiros-socorros-sao-essenciais-em-casos-de-insolacao-e-desidratacao\/#primaryimage","url":"https:\/\/portalmf.com.br\/wp-content\/uploads\/2025\/01\/ENSOLACAO-Foto-Freepik.jpg","contentUrl":"https:\/\/portalmf.com.br\/wp-content\/uploads\/2025\/01\/ENSOLACAO-Foto-Freepik.jpg","width":1000,"height":667},{"@type":"BreadcrumbList","@id":"https:\/\/portalmf.com.br\/index.php\/2025\/01\/24\/enfermeira-alerta-que-os-primeiros-socorros-sao-essenciais-em-casos-de-insolacao-e-desidratacao\/#breadcrumb","itemListElement":[{"@type":"ListItem","position":1,"name":"In\u00edcio","item":"https:\/\/portalmf.com.br\/"},{"@type":"ListItem","position":2,"name":"Enfermeira alerta que os primeiros socorros s\u00e3o essenciais em casos de insola\u00e7\u00e3o e desidrata\u00e7\u00e3o"}]},{"@type":"WebSite","@id":"https:\/\/portalmf.com.br\/#website","url":"https:\/\/portalmf.com.br\/","name":"Portal MF","description":"Voc\u00ea conectado com a informa\u00e7\u00e3o","potentialAction":[{"@type":"SearchAction","target":{"@type":"EntryPoint","urlTemplate":"https:\/\/portalmf.com.br\/?s={search_term_string}"},"query-input":"required name=search_term_string"}],"inLanguage":"pt-BR"},{"@type":"Person","@id":"https:\/\/portalmf.com.br\/#\/schema\/person\/9ec101baf56233e53520c26de5d6f6f0","name":"Reda\u00e7\u00e3o Portal MF","image":{"@type":"ImageObject","inLanguage":"pt-BR","@id":"https:\/\/portalmf.com.br\/#\/schema\/person\/image\/","url":"https:\/\/secure.gravatar.com\/avatar\/41b9aaeb2100835f7c64362330f74c7f?s=96&d=mm&r=g","contentUrl":"https:\/\/secure.gravatar.com\/avatar\/41b9aaeb2100835f7c64362330f74c7f?s=96&d=mm&r=g","caption":"Reda\u00e7\u00e3o Portal MF"},"description":"Sejam bem-vindos o portal de informa\u00e7\u00f5es de entretenimento de Feira de Santana, desde 2006 realiza coberturas dos principais eventos com entrevistas exclusivas com as principais personalidades mundiais. Fique conectado tamb\u00e9m nas redes sociais.","sameAs":["http:\/\/www.portalmf.com.br\/","https:\/\/www.facebook.com\/portalmfoficial","https:\/\/www.instagram.com\/portalmf\/","https:\/\/x.com\/https:\/\/x.com\/portalmfoficial","https:\/\/www.youtube.com\/@portalmfoficial"],"url":"https:\/\/portalmf.com.br\/index.php\/author\/junior\/"}]}},"_links":{"self":[{"href":"https:\/\/portalmf.com.br\/index.php\/wp-json\/wp\/v2\/posts\/33463"}],"collection":[{"href":"https:\/\/portalmf.com.br\/index.php\/wp-json\/wp\/v2\/posts"}],"about":[{"href":"https:\/\/portalmf.com.br\/index.php\/wp-json\/wp\/v2\/types\/post"}],"author":[{"embeddable":true,"href":"https:\/\/portalmf.com.br\/index.php\/wp-json\/wp\/v2\/users\/3"}],"replies":[{"embeddable":true,"href":"https:\/\/portalmf.com.br\/index.php\/wp-json\/wp\/v2\/comments?post=33463"}],"version-history":[{"count":1,"href":"https:\/\/portalmf.com.br\/index.php\/wp-json\/wp\/v2\/posts\/33463\/revisions"}],"predecessor-version":[{"id":33465,"href":"https:\/\/portalmf.com.br\/index.php\/wp-json\/wp\/v2\/posts\/33463\/revisions\/33465"}],"wp:featuredmedia":[{"embeddable":true,"href":"https:\/\/portalmf.com.br\/index.php\/wp-json\/wp\/v2\/media\/33464"}],"wp:attachment":[{"href":"https:\/\/portalmf.com.br\/index.php\/wp-json\/wp\/v2\/media?parent=33463"}],"wp:term":[{"taxonomy":"category","embeddable":true,"href":"https:\/\/portalmf.com.br\/index.php\/wp-json\/wp\/v2\/categories?post=33463"},{"taxonomy":"post_tag","embeddable":true,"href":"https:\/\/portalmf.com.br\/index.php\/wp-json\/wp\/v2\/tags?post=33463"}],"curies":[{"name":"wp","href":"https:\/\/api.w.org\/{rel}","templated":true}]}}