{"id":3306,"date":"2022-08-19T16:39:47","date_gmt":"2022-08-19T19:39:47","guid":{"rendered":"http:\/\/portalmf.com.br\/?p=3306"},"modified":"2022-08-19T16:46:24","modified_gmt":"2022-08-19T19:46:24","slug":"lukinhas-e-pabllo-vittar-lancam-clipe-do-pagode-romantico-volta-pra-ficar","status":"publish","type":"post","link":"https:\/\/portalmf.com.br\/index.php\/2022\/08\/19\/lukinhas-e-pabllo-vittar-lancam-clipe-do-pagode-romantico-volta-pra-ficar\/","title":{"rendered":"Lukinhas e Pabllo Vittar lan\u00e7am clipe do pagode rom\u00e2ntico &#8216;Volta Pra Ficar&#8217;"},"content":{"rendered":"\n<p>\u201cVolta Pra Ficar\u201d, novo single do cantor, compositor e produtor musical Lukinhas em parceria com Pabllo Vittar teve clipe lan\u00e7ado nesta sexta-feira (19). Disponibilizado no canal oficial do Inbraza &#8211; selo pop da Som Livre em parceria com a Liga Entretenimento &#8211; o audiovisual traz Pabllo e Lukinhas em um cen\u00e1rio monocrom\u00e1tico na cor vermelha, simbolizando a paix\u00e3o cantada na letra, no qual os artistas contracenam elegantemente vestidos para a ocasi\u00e3o.<\/p>\n\n\n\n<p>A faixa, que tamb\u00e9m j\u00e1 est\u00e1 dispon\u00edvel em todas as plataformas de \u00e1udio, aposta em uma mensagem apaixonada e marca o feat in\u00e9dito entre os artistas, al\u00e9m da estreia de Pabllo Vittar no pagode.<\/p>\n\n\n\n<p><em>&#8220;\u00c9 incr\u00edvel poder participar deste single ao lado do Lukinhas. Cantar neste tom mais rom\u00e2ntico foi muito massa, e uma experi\u00eancia muito especial! Ansiosa demais por este lan\u00e7amento que vem numa pegada bem diferente das minhas \u00faltimas m\u00fasicas! Muito feliz com a parceria e resultado\u201d,<\/em> diz Pabllo.<\/p>\n\n\n\n<p><em>\u201dS\u00f3 tinha trabalhado com a Pabllo como compositor. Essa \u00e9 a primeira vez como artista e ainda mais sendo um feat. Ela \u00e9 a maior drag queen do mundo, uma pessoa incr\u00edvel! Confesso que estava nervoso e ela super me acalmou\u201d,<\/em> conta Lukinhas sobre a parceria.<\/p>\n\n\n\n<p>Assista:<\/p>\n\n\n\n<figure class=\"wp-block-embed is-type-video is-provider-youtube wp-block-embed-youtube wp-embed-aspect-16-9 wp-has-aspect-ratio\"><div class=\"wp-block-embed__wrapper\">\n<iframe title=\"Lukinhas, Pabllo Vittar - Volta Pra Ficar (Clipe Oficial)\" width=\"696\" height=\"392\" src=\"https:\/\/www.youtube.com\/embed\/JpYH_qqvxjU?feature=oembed\" frameborder=\"0\" allow=\"accelerometer; autoplay; clipboard-write; encrypted-media; gyroscope; picture-in-picture; web-share\" allowfullscreen><\/iframe>\n<\/div><\/figure>\n\n\n\n<p>Com informa\u00e7\u00f5es do Folha PE<\/p>\n","protected":false},"excerpt":{"rendered":"<p>\u201cVolta Pra Ficar\u201d, novo single do cantor, compositor e produtor musical Lukinhas em parceria com Pabllo Vittar teve clipe lan\u00e7ado nesta sexta-feira (19). Disponibilizado no canal oficial do Inbraza &#8211; selo pop da Som Livre em parceria com a Liga Entretenimento &#8211; o audiovisual traz Pabllo e Lukinhas em um cen\u00e1rio monocrom\u00e1tico na cor vermelha, [&hellip;]<\/p>\n","protected":false},"author":2,"featured_media":3312,"comment_status":"open","ping_status":"open","sticky":false,"template":"","format":"standard","meta":{"_monsterinsights_skip_tracking":false,"_monsterinsights_sitenote_active":false,"_monsterinsights_sitenote_note":"","_monsterinsights_sitenote_category":0,"footnotes":""},"categories":[47,36],"tags":[],"yoast_head":"<!-- This site is optimized with the Yoast SEO plugin v22.9 - https:\/\/yoast.com\/wordpress\/plugins\/seo\/ -->\n<title>Lukinhas e Pabllo Vittar lan\u00e7am clipe do pagode rom\u00e2ntico &#039;Volta Pra Ficar&#039; - Portal MF<\/title>\n<meta name=\"robots\" content=\"index, follow, max-snippet:-1, max-image-preview:large, max-video-preview:-1\" \/>\n<link rel=\"canonical\" href=\"https:\/\/portalmf.com.br\/index.php\/2022\/08\/19\/lukinhas-e-pabllo-vittar-lancam-clipe-do-pagode-romantico-volta-pra-ficar\/\" \/>\n<meta property=\"og:locale\" content=\"pt_BR\" \/>\n<meta property=\"og:type\" content=\"article\" \/>\n<meta property=\"og:title\" content=\"Lukinhas e Pabllo Vittar lan\u00e7am clipe do pagode rom\u00e2ntico &#039;Volta Pra Ficar&#039; - Portal MF\" \/>\n<meta property=\"og:description\" content=\"\u201cVolta Pra Ficar\u201d, novo single do cantor, compositor e produtor musical Lukinhas em parceria com Pabllo Vittar teve clipe lan\u00e7ado nesta sexta-feira (19). Disponibilizado no canal oficial do Inbraza &#8211; selo pop da Som Livre em parceria com a Liga Entretenimento &#8211; o audiovisual traz Pabllo e Lukinhas em um cen\u00e1rio monocrom\u00e1tico na cor vermelha, [&hellip;]\" \/>\n<meta property=\"og:url\" content=\"https:\/\/portalmf.com.br\/index.php\/2022\/08\/19\/lukinhas-e-pabllo-vittar-lancam-clipe-do-pagode-romantico-volta-pra-ficar\/\" \/>\n<meta property=\"og:site_name\" content=\"Portal MF\" \/>\n<meta property=\"article:author\" content=\"reginaldojrfsa\" \/>\n<meta property=\"article:published_time\" content=\"2022-08-19T19:39:47+00:00\" \/>\n<meta property=\"article:modified_time\" content=\"2022-08-19T19:46:24+00:00\" \/>\n<meta property=\"og:image\" content=\"https:\/\/portalmf.com.br\/wp-content\/uploads\/2022\/08\/Pabllo-Vittar-e-Lukinhas.jpg\" \/>\n\t<meta property=\"og:image:width\" content=\"800\" \/>\n\t<meta property=\"og:image:height\" content=\"494\" \/>\n\t<meta property=\"og:image:type\" content=\"image\/jpeg\" \/>\n<meta name=\"author\" content=\"Reginaldo J\u00fanior\" \/>\n<meta name=\"twitter:card\" content=\"summary_large_image\" \/>\n<meta name=\"twitter:creator\" content=\"@reginaldojrmf\" \/>\n<meta name=\"twitter:label1\" content=\"Escrito por\" \/>\n\t<meta name=\"twitter:data1\" content=\"Reginaldo J\u00fanior\" \/>\n\t<meta name=\"twitter:label2\" content=\"Est. tempo de leitura\" \/>\n\t<meta name=\"twitter:data2\" content=\"2 minutos\" \/>\n<script type=\"application\/ld+json\" class=\"yoast-schema-graph\">{\"@context\":\"https:\/\/schema.org\",\"@graph\":[{\"@type\":\"WebPage\",\"@id\":\"https:\/\/portalmf.com.br\/index.php\/2022\/08\/19\/lukinhas-e-pabllo-vittar-lancam-clipe-do-pagode-romantico-volta-pra-ficar\/\",\"url\":\"https:\/\/portalmf.com.br\/index.php\/2022\/08\/19\/lukinhas-e-pabllo-vittar-lancam-clipe-do-pagode-romantico-volta-pra-ficar\/\",\"name\":\"Lukinhas e Pabllo Vittar lan\u00e7am clipe do pagode rom\u00e2ntico 'Volta Pra Ficar' - Portal MF\",\"isPartOf\":{\"@id\":\"https:\/\/portalmf.com.br\/#website\"},\"primaryImageOfPage\":{\"@id\":\"https:\/\/portalmf.com.br\/index.php\/2022\/08\/19\/lukinhas-e-pabllo-vittar-lancam-clipe-do-pagode-romantico-volta-pra-ficar\/#primaryimage\"},\"image\":{\"@id\":\"https:\/\/portalmf.com.br\/index.php\/2022\/08\/19\/lukinhas-e-pabllo-vittar-lancam-clipe-do-pagode-romantico-volta-pra-ficar\/#primaryimage\"},\"thumbnailUrl\":\"https:\/\/portalmf.com.br\/wp-content\/uploads\/2022\/08\/Pabllo-Vittar-e-Lukinhas.jpg\",\"datePublished\":\"2022-08-19T19:39:47+00:00\",\"dateModified\":\"2022-08-19T19:46:24+00:00\",\"author\":{\"@id\":\"https:\/\/portalmf.com.br\/#\/schema\/person\/11c82086fe8abc05a19147e964587285\"},\"breadcrumb\":{\"@id\":\"https:\/\/portalmf.com.br\/index.php\/2022\/08\/19\/lukinhas-e-pabllo-vittar-lancam-clipe-do-pagode-romantico-volta-pra-ficar\/#breadcrumb\"},\"inLanguage\":\"pt-BR\",\"potentialAction\":[{\"@type\":\"ReadAction\",\"target\":[\"https:\/\/portalmf.com.br\/index.php\/2022\/08\/19\/lukinhas-e-pabllo-vittar-lancam-clipe-do-pagode-romantico-volta-pra-ficar\/\"]}]},{\"@type\":\"ImageObject\",\"inLanguage\":\"pt-BR\",\"@id\":\"https:\/\/portalmf.com.br\/index.php\/2022\/08\/19\/lukinhas-e-pabllo-vittar-lancam-clipe-do-pagode-romantico-volta-pra-ficar\/#primaryimage\",\"url\":\"https:\/\/portalmf.com.br\/wp-content\/uploads\/2022\/08\/Pabllo-Vittar-e-Lukinhas.jpg\",\"contentUrl\":\"https:\/\/portalmf.com.br\/wp-content\/uploads\/2022\/08\/Pabllo-Vittar-e-Lukinhas.jpg\",\"width\":800,\"height\":494},{\"@type\":\"BreadcrumbList\",\"@id\":\"https:\/\/portalmf.com.br\/index.php\/2022\/08\/19\/lukinhas-e-pabllo-vittar-lancam-clipe-do-pagode-romantico-volta-pra-ficar\/#breadcrumb\",\"itemListElement\":[{\"@type\":\"ListItem\",\"position\":1,\"name\":\"In\u00edcio\",\"item\":\"https:\/\/portalmf.com.br\/\"},{\"@type\":\"ListItem\",\"position\":2,\"name\":\"Lukinhas e Pabllo Vittar lan\u00e7am clipe do pagode rom\u00e2ntico &#8216;Volta Pra Ficar&#8217;\"}]},{\"@type\":\"WebSite\",\"@id\":\"https:\/\/portalmf.com.br\/#website\",\"url\":\"https:\/\/portalmf.com.br\/\",\"name\":\"Portal MF\",\"description\":\"Voc\u00ea conectado com a informa\u00e7\u00e3o\",\"potentialAction\":[{\"@type\":\"SearchAction\",\"target\":{\"@type\":\"EntryPoint\",\"urlTemplate\":\"https:\/\/portalmf.com.br\/?s={search_term_string}\"},\"query-input\":\"required name=search_term_string\"}],\"inLanguage\":\"pt-BR\"},{\"@type\":\"Person\",\"@id\":\"https:\/\/portalmf.com.br\/#\/schema\/person\/11c82086fe8abc05a19147e964587285\",\"name\":\"Reginaldo J\u00fanior\",\"image\":{\"@type\":\"ImageObject\",\"inLanguage\":\"pt-BR\",\"@id\":\"https:\/\/portalmf.com.br\/#\/schema\/person\/image\/\",\"url\":\"https:\/\/secure.gravatar.com\/avatar\/32a3c797cd0ac47cc53b8644c62776f9?s=96&d=mm&r=g\",\"contentUrl\":\"https:\/\/secure.gravatar.com\/avatar\/32a3c797cd0ac47cc53b8644c62776f9?s=96&d=mm&r=g\",\"caption\":\"Reginaldo J\u00fanior\"},\"description\":\"Jornalista e idealizador Portal MF\",\"sameAs\":[\"https:\/\/portalmf.com.br\/index.php\/author\/reginaldojr\/\",\"reginaldojrfsa\",\"reginaldojuniormf\",\"https:\/\/x.com\/reginaldojrmf\"],\"url\":\"https:\/\/portalmf.com.br\/index.php\/author\/reginaldojr\/\"}]}<\/script>\n<!-- \/ Yoast SEO plugin. -->","yoast_head_json":{"title":"Lukinhas e Pabllo Vittar lan\u00e7am clipe do pagode rom\u00e2ntico 'Volta Pra Ficar' - Portal MF","robots":{"index":"index","follow":"follow","max-snippet":"max-snippet:-1","max-image-preview":"max-image-preview:large","max-video-preview":"max-video-preview:-1"},"canonical":"https:\/\/portalmf.com.br\/index.php\/2022\/08\/19\/lukinhas-e-pabllo-vittar-lancam-clipe-do-pagode-romantico-volta-pra-ficar\/","og_locale":"pt_BR","og_type":"article","og_title":"Lukinhas e Pabllo Vittar lan\u00e7am clipe do pagode rom\u00e2ntico 'Volta Pra Ficar' - Portal MF","og_description":"\u201cVolta Pra Ficar\u201d, novo single do cantor, compositor e produtor musical Lukinhas em parceria com Pabllo Vittar teve clipe lan\u00e7ado nesta sexta-feira (19). Disponibilizado no canal oficial do Inbraza &#8211; selo pop da Som Livre em parceria com a Liga Entretenimento &#8211; o audiovisual traz Pabllo e Lukinhas em um cen\u00e1rio monocrom\u00e1tico na cor vermelha, [&hellip;]","og_url":"https:\/\/portalmf.com.br\/index.php\/2022\/08\/19\/lukinhas-e-pabllo-vittar-lancam-clipe-do-pagode-romantico-volta-pra-ficar\/","og_site_name":"Portal MF","article_author":"reginaldojrfsa","article_published_time":"2022-08-19T19:39:47+00:00","article_modified_time":"2022-08-19T19:46:24+00:00","og_image":[{"width":800,"height":494,"url":"https:\/\/portalmf.com.br\/wp-content\/uploads\/2022\/08\/Pabllo-Vittar-e-Lukinhas.jpg","type":"image\/jpeg"}],"author":"Reginaldo J\u00fanior","twitter_card":"summary_large_image","twitter_creator":"@reginaldojrmf","twitter_misc":{"Escrito por":"Reginaldo J\u00fanior","Est. tempo de leitura":"2 minutos"},"schema":{"@context":"https:\/\/schema.org","@graph":[{"@type":"WebPage","@id":"https:\/\/portalmf.com.br\/index.php\/2022\/08\/19\/lukinhas-e-pabllo-vittar-lancam-clipe-do-pagode-romantico-volta-pra-ficar\/","url":"https:\/\/portalmf.com.br\/index.php\/2022\/08\/19\/lukinhas-e-pabllo-vittar-lancam-clipe-do-pagode-romantico-volta-pra-ficar\/","name":"Lukinhas e Pabllo Vittar lan\u00e7am clipe do pagode rom\u00e2ntico 'Volta Pra Ficar' - Portal MF","isPartOf":{"@id":"https:\/\/portalmf.com.br\/#website"},"primaryImageOfPage":{"@id":"https:\/\/portalmf.com.br\/index.php\/2022\/08\/19\/lukinhas-e-pabllo-vittar-lancam-clipe-do-pagode-romantico-volta-pra-ficar\/#primaryimage"},"image":{"@id":"https:\/\/portalmf.com.br\/index.php\/2022\/08\/19\/lukinhas-e-pabllo-vittar-lancam-clipe-do-pagode-romantico-volta-pra-ficar\/#primaryimage"},"thumbnailUrl":"https:\/\/portalmf.com.br\/wp-content\/uploads\/2022\/08\/Pabllo-Vittar-e-Lukinhas.jpg","datePublished":"2022-08-19T19:39:47+00:00","dateModified":"2022-08-19T19:46:24+00:00","author":{"@id":"https:\/\/portalmf.com.br\/#\/schema\/person\/11c82086fe8abc05a19147e964587285"},"breadcrumb":{"@id":"https:\/\/portalmf.com.br\/index.php\/2022\/08\/19\/lukinhas-e-pabllo-vittar-lancam-clipe-do-pagode-romantico-volta-pra-ficar\/#breadcrumb"},"inLanguage":"pt-BR","potentialAction":[{"@type":"ReadAction","target":["https:\/\/portalmf.com.br\/index.php\/2022\/08\/19\/lukinhas-e-pabllo-vittar-lancam-clipe-do-pagode-romantico-volta-pra-ficar\/"]}]},{"@type":"ImageObject","inLanguage":"pt-BR","@id":"https:\/\/portalmf.com.br\/index.php\/2022\/08\/19\/lukinhas-e-pabllo-vittar-lancam-clipe-do-pagode-romantico-volta-pra-ficar\/#primaryimage","url":"https:\/\/portalmf.com.br\/wp-content\/uploads\/2022\/08\/Pabllo-Vittar-e-Lukinhas.jpg","contentUrl":"https:\/\/portalmf.com.br\/wp-content\/uploads\/2022\/08\/Pabllo-Vittar-e-Lukinhas.jpg","width":800,"height":494},{"@type":"BreadcrumbList","@id":"https:\/\/portalmf.com.br\/index.php\/2022\/08\/19\/lukinhas-e-pabllo-vittar-lancam-clipe-do-pagode-romantico-volta-pra-ficar\/#breadcrumb","itemListElement":[{"@type":"ListItem","position":1,"name":"In\u00edcio","item":"https:\/\/portalmf.com.br\/"},{"@type":"ListItem","position":2,"name":"Lukinhas e Pabllo Vittar lan\u00e7am clipe do pagode rom\u00e2ntico &#8216;Volta Pra Ficar&#8217;"}]},{"@type":"WebSite","@id":"https:\/\/portalmf.com.br\/#website","url":"https:\/\/portalmf.com.br\/","name":"Portal MF","description":"Voc\u00ea conectado com a informa\u00e7\u00e3o","potentialAction":[{"@type":"SearchAction","target":{"@type":"EntryPoint","urlTemplate":"https:\/\/portalmf.com.br\/?s={search_term_string}"},"query-input":"required name=search_term_string"}],"inLanguage":"pt-BR"},{"@type":"Person","@id":"https:\/\/portalmf.com.br\/#\/schema\/person\/11c82086fe8abc05a19147e964587285","name":"Reginaldo J\u00fanior","image":{"@type":"ImageObject","inLanguage":"pt-BR","@id":"https:\/\/portalmf.com.br\/#\/schema\/person\/image\/","url":"https:\/\/secure.gravatar.com\/avatar\/32a3c797cd0ac47cc53b8644c62776f9?s=96&d=mm&r=g","contentUrl":"https:\/\/secure.gravatar.com\/avatar\/32a3c797cd0ac47cc53b8644c62776f9?s=96&d=mm&r=g","caption":"Reginaldo J\u00fanior"},"description":"Jornalista e idealizador Portal MF","sameAs":["https:\/\/portalmf.com.br\/index.php\/author\/reginaldojr\/","reginaldojrfsa","reginaldojuniormf","https:\/\/x.com\/reginaldojrmf"],"url":"https:\/\/portalmf.com.br\/index.php\/author\/reginaldojr\/"}]}},"_links":{"self":[{"href":"https:\/\/portalmf.com.br\/index.php\/wp-json\/wp\/v2\/posts\/3306"}],"collection":[{"href":"https:\/\/portalmf.com.br\/index.php\/wp-json\/wp\/v2\/posts"}],"about":[{"href":"https:\/\/portalmf.com.br\/index.php\/wp-json\/wp\/v2\/types\/post"}],"author":[{"embeddable":true,"href":"https:\/\/portalmf.com.br\/index.php\/wp-json\/wp\/v2\/users\/2"}],"replies":[{"embeddable":true,"href":"https:\/\/portalmf.com.br\/index.php\/wp-json\/wp\/v2\/comments?post=3306"}],"version-history":[{"count":7,"href":"https:\/\/portalmf.com.br\/index.php\/wp-json\/wp\/v2\/posts\/3306\/revisions"}],"predecessor-version":[{"id":3314,"href":"https:\/\/portalmf.com.br\/index.php\/wp-json\/wp\/v2\/posts\/3306\/revisions\/3314"}],"wp:featuredmedia":[{"embeddable":true,"href":"https:\/\/portalmf.com.br\/index.php\/wp-json\/wp\/v2\/media\/3312"}],"wp:attachment":[{"href":"https:\/\/portalmf.com.br\/index.php\/wp-json\/wp\/v2\/media?parent=3306"}],"wp:term":[{"taxonomy":"category","embeddable":true,"href":"https:\/\/portalmf.com.br\/index.php\/wp-json\/wp\/v2\/categories?post=3306"},{"taxonomy":"post_tag","embeddable":true,"href":"https:\/\/portalmf.com.br\/index.php\/wp-json\/wp\/v2\/tags?post=3306"}],"curies":[{"name":"wp","href":"https:\/\/api.w.org\/{rel}","templated":true}]}}