{"id":32691,"date":"2024-12-27T14:07:32","date_gmt":"2024-12-27T17:07:32","guid":{"rendered":"https:\/\/portalmf.com.br\/?p=32691"},"modified":"2024-12-27T14:09:05","modified_gmt":"2024-12-27T17:09:05","slug":"josivaldo-santana-assumira-mandato-de-vereador-de-feira-de-santana","status":"publish","type":"post","link":"https:\/\/portalmf.com.br\/index.php\/2024\/12\/27\/josivaldo-santana-assumira-mandato-de-vereador-de-feira-de-santana\/","title":{"rendered":"Josivaldo Santana assumir\u00e1 mandato de vereador em Feira de Santana"},"content":{"rendered":"\n<p>O jovem empres\u00e1rio Josivaldo Santana, de 35 anos, natural de Queimadas, a 200 km de Feira de Santana, no sert\u00e3o da Bahia, ser\u00e1 empossado vereador em janeiro de 2025. Ele assume o cargo como o primeiro suplente do partido Uni\u00e3o Brasil (UB), que integra a base do prefeito eleito, Jos\u00e9 Ronaldo, ap\u00f3s obter 3.693 votos nas elei\u00e7\u00f5es.<\/p>\n\n\n\n<p>Com o afastamento da Vereadora Gerusa Sampaio para assumir a Secretaria de Desenvolvimento Social- SEDESO, Josivaldo ocupar\u00e1 a vaga no legislativo municipal para o pleito 2025-2028.<\/p>\n\n\n\n<p>Josivaldo chegou a Feira de Santana em 2006, onde come\u00e7ou sua trajet\u00f3ria trabalhando no com\u00e9rcio local. Atualmente, al\u00e9m de comerciante, \u00e9 um renomado consultor na \u00e1rea p\u00fablica. Ele tamb\u00e9m \u00e9 ma\u00e7om regular da loja Harmonia, Luz e Sigilo n\u00ba 46. Jovem e determinado, destacou-se em sua primeira disputa eleitoral por sua postura carism\u00e1tica e inovadora, conquistando espa\u00e7o na pol\u00edtica feirense.&nbsp;<\/p>\n\n\n\n<p><em>&#8220;Cheguei a Feira de Santana com a cara e a coragem. Sou filho de um lavrador e de uma costureira, que me educaram muito bem e me prepararam para a vida. Em 2023, ap\u00f3s 17 anos vivendo nesta cidade, tive a honra de receber o t\u00edtulo de cidad\u00e3o feirense em reconhecimento aos servi\u00e7os que prestei \u00e0 sociedade. Sou um grande defensor das causas sociais e do esporte amador, e talvez por isso tenha sido t\u00e3o bem aceito pela comunidade feirense. Hoje, A partir do ano que vem vou ter o privil\u00e9gio de mostrar minha capacidade de gest\u00e3o e de representar todos os cidad\u00e3os na C\u00e2mara Municipal&#8221;,<\/em> declarou Josivaldo.<\/p>\n","protected":false},"excerpt":{"rendered":"<p>O jovem empres\u00e1rio Josivaldo Santana, de 35 anos, natural de Queimadas, a 200 km de Feira de Santana, no sert\u00e3o da Bahia, ser\u00e1 empossado vereador em janeiro de 2025. Ele assume o cargo como o primeiro suplente do partido Uni\u00e3o Brasil (UB), que integra a base do prefeito eleito, Jos\u00e9 Ronaldo, ap\u00f3s obter 3.693 votos [&hellip;]<\/p>\n","protected":false},"author":3,"featured_media":24908,"comment_status":"open","ping_status":"open","sticky":false,"template":"","format":"standard","meta":{"_monsterinsights_skip_tracking":false,"_monsterinsights_sitenote_active":false,"_monsterinsights_sitenote_note":"","_monsterinsights_sitenote_category":0,"footnotes":""},"categories":[301,34],"tags":[],"yoast_head":"<!-- This site is optimized with the Yoast SEO plugin v22.9 - https:\/\/yoast.com\/wordpress\/plugins\/seo\/ -->\n<title>Josivaldo Santana assumir\u00e1 mandato de vereador em Feira de Santana - Portal MF<\/title>\n<meta name=\"robots\" content=\"index, follow, max-snippet:-1, max-image-preview:large, max-video-preview:-1\" \/>\n<link rel=\"canonical\" href=\"https:\/\/portalmf.com.br\/index.php\/2024\/12\/27\/josivaldo-santana-assumira-mandato-de-vereador-de-feira-de-santana\/\" \/>\n<meta property=\"og:locale\" content=\"pt_BR\" \/>\n<meta property=\"og:type\" content=\"article\" \/>\n<meta property=\"og:title\" content=\"Josivaldo Santana assumir\u00e1 mandato de vereador em Feira de Santana - Portal MF\" \/>\n<meta property=\"og:description\" content=\"O jovem empres\u00e1rio Josivaldo Santana, de 35 anos, natural de Queimadas, a 200 km de Feira de Santana, no sert\u00e3o da Bahia, ser\u00e1 empossado vereador em janeiro de 2025. Ele assume o cargo como o primeiro suplente do partido Uni\u00e3o Brasil (UB), que integra a base do prefeito eleito, Jos\u00e9 Ronaldo, ap\u00f3s obter 3.693 votos [&hellip;]\" \/>\n<meta property=\"og:url\" content=\"https:\/\/portalmf.com.br\/index.php\/2024\/12\/27\/josivaldo-santana-assumira-mandato-de-vereador-de-feira-de-santana\/\" \/>\n<meta property=\"og:site_name\" content=\"Portal MF\" \/>\n<meta property=\"article:author\" content=\"https:\/\/www.facebook.com\/portalmfoficial\" \/>\n<meta property=\"article:published_time\" content=\"2024-12-27T17:07:32+00:00\" \/>\n<meta property=\"article:modified_time\" content=\"2024-12-27T17:09:05+00:00\" \/>\n<meta property=\"og:image\" content=\"https:\/\/portalmf.com.br\/wp-content\/uploads\/2024\/03\/josivaldo_lancamento_site.jpg\" \/>\n\t<meta property=\"og:image:width\" content=\"800\" \/>\n\t<meta property=\"og:image:height\" content=\"528\" \/>\n\t<meta property=\"og:image:type\" content=\"image\/jpeg\" \/>\n<meta name=\"author\" content=\"Reda\u00e7\u00e3o Portal MF\" \/>\n<meta name=\"twitter:card\" content=\"summary_large_image\" \/>\n<meta name=\"twitter:creator\" content=\"@https:\/\/x.com\/portalmfoficial\" \/>\n<meta name=\"twitter:label1\" content=\"Escrito por\" \/>\n\t<meta name=\"twitter:data1\" content=\"Reda\u00e7\u00e3o Portal MF\" \/>\n\t<meta name=\"twitter:label2\" content=\"Est. tempo de leitura\" \/>\n\t<meta name=\"twitter:data2\" content=\"2 minutos\" \/>\n<script type=\"application\/ld+json\" class=\"yoast-schema-graph\">{\"@context\":\"https:\/\/schema.org\",\"@graph\":[{\"@type\":\"WebPage\",\"@id\":\"https:\/\/portalmf.com.br\/index.php\/2024\/12\/27\/josivaldo-santana-assumira-mandato-de-vereador-de-feira-de-santana\/\",\"url\":\"https:\/\/portalmf.com.br\/index.php\/2024\/12\/27\/josivaldo-santana-assumira-mandato-de-vereador-de-feira-de-santana\/\",\"name\":\"Josivaldo Santana assumir\u00e1 mandato de vereador em Feira de Santana - Portal MF\",\"isPartOf\":{\"@id\":\"https:\/\/portalmf.com.br\/#website\"},\"primaryImageOfPage\":{\"@id\":\"https:\/\/portalmf.com.br\/index.php\/2024\/12\/27\/josivaldo-santana-assumira-mandato-de-vereador-de-feira-de-santana\/#primaryimage\"},\"image\":{\"@id\":\"https:\/\/portalmf.com.br\/index.php\/2024\/12\/27\/josivaldo-santana-assumira-mandato-de-vereador-de-feira-de-santana\/#primaryimage\"},\"thumbnailUrl\":\"https:\/\/portalmf.com.br\/wp-content\/uploads\/2024\/03\/josivaldo_lancamento_site.jpg\",\"datePublished\":\"2024-12-27T17:07:32+00:00\",\"dateModified\":\"2024-12-27T17:09:05+00:00\",\"author\":{\"@id\":\"https:\/\/portalmf.com.br\/#\/schema\/person\/9ec101baf56233e53520c26de5d6f6f0\"},\"breadcrumb\":{\"@id\":\"https:\/\/portalmf.com.br\/index.php\/2024\/12\/27\/josivaldo-santana-assumira-mandato-de-vereador-de-feira-de-santana\/#breadcrumb\"},\"inLanguage\":\"pt-BR\",\"potentialAction\":[{\"@type\":\"ReadAction\",\"target\":[\"https:\/\/portalmf.com.br\/index.php\/2024\/12\/27\/josivaldo-santana-assumira-mandato-de-vereador-de-feira-de-santana\/\"]}]},{\"@type\":\"ImageObject\",\"inLanguage\":\"pt-BR\",\"@id\":\"https:\/\/portalmf.com.br\/index.php\/2024\/12\/27\/josivaldo-santana-assumira-mandato-de-vereador-de-feira-de-santana\/#primaryimage\",\"url\":\"https:\/\/portalmf.com.br\/wp-content\/uploads\/2024\/03\/josivaldo_lancamento_site.jpg\",\"contentUrl\":\"https:\/\/portalmf.com.br\/wp-content\/uploads\/2024\/03\/josivaldo_lancamento_site.jpg\",\"width\":800,\"height\":528},{\"@type\":\"BreadcrumbList\",\"@id\":\"https:\/\/portalmf.com.br\/index.php\/2024\/12\/27\/josivaldo-santana-assumira-mandato-de-vereador-de-feira-de-santana\/#breadcrumb\",\"itemListElement\":[{\"@type\":\"ListItem\",\"position\":1,\"name\":\"In\u00edcio\",\"item\":\"https:\/\/portalmf.com.br\/\"},{\"@type\":\"ListItem\",\"position\":2,\"name\":\"Josivaldo Santana assumir\u00e1 mandato de vereador em Feira de Santana\"}]},{\"@type\":\"WebSite\",\"@id\":\"https:\/\/portalmf.com.br\/#website\",\"url\":\"https:\/\/portalmf.com.br\/\",\"name\":\"Portal MF\",\"description\":\"Voc\u00ea conectado com a informa\u00e7\u00e3o\",\"potentialAction\":[{\"@type\":\"SearchAction\",\"target\":{\"@type\":\"EntryPoint\",\"urlTemplate\":\"https:\/\/portalmf.com.br\/?s={search_term_string}\"},\"query-input\":\"required name=search_term_string\"}],\"inLanguage\":\"pt-BR\"},{\"@type\":\"Person\",\"@id\":\"https:\/\/portalmf.com.br\/#\/schema\/person\/9ec101baf56233e53520c26de5d6f6f0\",\"name\":\"Reda\u00e7\u00e3o Portal MF\",\"image\":{\"@type\":\"ImageObject\",\"inLanguage\":\"pt-BR\",\"@id\":\"https:\/\/portalmf.com.br\/#\/schema\/person\/image\/\",\"url\":\"https:\/\/secure.gravatar.com\/avatar\/41b9aaeb2100835f7c64362330f74c7f?s=96&d=mm&r=g\",\"contentUrl\":\"https:\/\/secure.gravatar.com\/avatar\/41b9aaeb2100835f7c64362330f74c7f?s=96&d=mm&r=g\",\"caption\":\"Reda\u00e7\u00e3o Portal MF\"},\"description\":\"Sejam bem-vindos o portal de informa\u00e7\u00f5es de entretenimento de Feira de Santana, desde 2006 realiza coberturas dos principais eventos com entrevistas exclusivas com as principais personalidades mundiais. Fique conectado tamb\u00e9m nas redes sociais.\",\"sameAs\":[\"http:\/\/www.portalmf.com.br\/\",\"https:\/\/www.facebook.com\/portalmfoficial\",\"https:\/\/www.instagram.com\/portalmf\/\",\"https:\/\/x.com\/https:\/\/x.com\/portalmfoficial\",\"https:\/\/www.youtube.com\/@portalmfoficial\"],\"url\":\"https:\/\/portalmf.com.br\/index.php\/author\/junior\/\"}]}<\/script>\n<!-- \/ Yoast SEO plugin. -->","yoast_head_json":{"title":"Josivaldo Santana assumir\u00e1 mandato de vereador em Feira de Santana - Portal MF","robots":{"index":"index","follow":"follow","max-snippet":"max-snippet:-1","max-image-preview":"max-image-preview:large","max-video-preview":"max-video-preview:-1"},"canonical":"https:\/\/portalmf.com.br\/index.php\/2024\/12\/27\/josivaldo-santana-assumira-mandato-de-vereador-de-feira-de-santana\/","og_locale":"pt_BR","og_type":"article","og_title":"Josivaldo Santana assumir\u00e1 mandato de vereador em Feira de Santana - Portal MF","og_description":"O jovem empres\u00e1rio Josivaldo Santana, de 35 anos, natural de Queimadas, a 200 km de Feira de Santana, no sert\u00e3o da Bahia, ser\u00e1 empossado vereador em janeiro de 2025. Ele assume o cargo como o primeiro suplente do partido Uni\u00e3o Brasil (UB), que integra a base do prefeito eleito, Jos\u00e9 Ronaldo, ap\u00f3s obter 3.693 votos [&hellip;]","og_url":"https:\/\/portalmf.com.br\/index.php\/2024\/12\/27\/josivaldo-santana-assumira-mandato-de-vereador-de-feira-de-santana\/","og_site_name":"Portal MF","article_author":"https:\/\/www.facebook.com\/portalmfoficial","article_published_time":"2024-12-27T17:07:32+00:00","article_modified_time":"2024-12-27T17:09:05+00:00","og_image":[{"width":800,"height":528,"url":"https:\/\/portalmf.com.br\/wp-content\/uploads\/2024\/03\/josivaldo_lancamento_site.jpg","type":"image\/jpeg"}],"author":"Reda\u00e7\u00e3o Portal MF","twitter_card":"summary_large_image","twitter_creator":"@https:\/\/x.com\/portalmfoficial","twitter_misc":{"Escrito por":"Reda\u00e7\u00e3o Portal MF","Est. tempo de leitura":"2 minutos"},"schema":{"@context":"https:\/\/schema.org","@graph":[{"@type":"WebPage","@id":"https:\/\/portalmf.com.br\/index.php\/2024\/12\/27\/josivaldo-santana-assumira-mandato-de-vereador-de-feira-de-santana\/","url":"https:\/\/portalmf.com.br\/index.php\/2024\/12\/27\/josivaldo-santana-assumira-mandato-de-vereador-de-feira-de-santana\/","name":"Josivaldo Santana assumir\u00e1 mandato de vereador em Feira de Santana - Portal MF","isPartOf":{"@id":"https:\/\/portalmf.com.br\/#website"},"primaryImageOfPage":{"@id":"https:\/\/portalmf.com.br\/index.php\/2024\/12\/27\/josivaldo-santana-assumira-mandato-de-vereador-de-feira-de-santana\/#primaryimage"},"image":{"@id":"https:\/\/portalmf.com.br\/index.php\/2024\/12\/27\/josivaldo-santana-assumira-mandato-de-vereador-de-feira-de-santana\/#primaryimage"},"thumbnailUrl":"https:\/\/portalmf.com.br\/wp-content\/uploads\/2024\/03\/josivaldo_lancamento_site.jpg","datePublished":"2024-12-27T17:07:32+00:00","dateModified":"2024-12-27T17:09:05+00:00","author":{"@id":"https:\/\/portalmf.com.br\/#\/schema\/person\/9ec101baf56233e53520c26de5d6f6f0"},"breadcrumb":{"@id":"https:\/\/portalmf.com.br\/index.php\/2024\/12\/27\/josivaldo-santana-assumira-mandato-de-vereador-de-feira-de-santana\/#breadcrumb"},"inLanguage":"pt-BR","potentialAction":[{"@type":"ReadAction","target":["https:\/\/portalmf.com.br\/index.php\/2024\/12\/27\/josivaldo-santana-assumira-mandato-de-vereador-de-feira-de-santana\/"]}]},{"@type":"ImageObject","inLanguage":"pt-BR","@id":"https:\/\/portalmf.com.br\/index.php\/2024\/12\/27\/josivaldo-santana-assumira-mandato-de-vereador-de-feira-de-santana\/#primaryimage","url":"https:\/\/portalmf.com.br\/wp-content\/uploads\/2024\/03\/josivaldo_lancamento_site.jpg","contentUrl":"https:\/\/portalmf.com.br\/wp-content\/uploads\/2024\/03\/josivaldo_lancamento_site.jpg","width":800,"height":528},{"@type":"BreadcrumbList","@id":"https:\/\/portalmf.com.br\/index.php\/2024\/12\/27\/josivaldo-santana-assumira-mandato-de-vereador-de-feira-de-santana\/#breadcrumb","itemListElement":[{"@type":"ListItem","position":1,"name":"In\u00edcio","item":"https:\/\/portalmf.com.br\/"},{"@type":"ListItem","position":2,"name":"Josivaldo Santana assumir\u00e1 mandato de vereador em Feira de Santana"}]},{"@type":"WebSite","@id":"https:\/\/portalmf.com.br\/#website","url":"https:\/\/portalmf.com.br\/","name":"Portal MF","description":"Voc\u00ea conectado com a informa\u00e7\u00e3o","potentialAction":[{"@type":"SearchAction","target":{"@type":"EntryPoint","urlTemplate":"https:\/\/portalmf.com.br\/?s={search_term_string}"},"query-input":"required name=search_term_string"}],"inLanguage":"pt-BR"},{"@type":"Person","@id":"https:\/\/portalmf.com.br\/#\/schema\/person\/9ec101baf56233e53520c26de5d6f6f0","name":"Reda\u00e7\u00e3o Portal MF","image":{"@type":"ImageObject","inLanguage":"pt-BR","@id":"https:\/\/portalmf.com.br\/#\/schema\/person\/image\/","url":"https:\/\/secure.gravatar.com\/avatar\/41b9aaeb2100835f7c64362330f74c7f?s=96&d=mm&r=g","contentUrl":"https:\/\/secure.gravatar.com\/avatar\/41b9aaeb2100835f7c64362330f74c7f?s=96&d=mm&r=g","caption":"Reda\u00e7\u00e3o Portal MF"},"description":"Sejam bem-vindos o portal de informa\u00e7\u00f5es de entretenimento de Feira de Santana, desde 2006 realiza coberturas dos principais eventos com entrevistas exclusivas com as principais personalidades mundiais. Fique conectado tamb\u00e9m nas redes sociais.","sameAs":["http:\/\/www.portalmf.com.br\/","https:\/\/www.facebook.com\/portalmfoficial","https:\/\/www.instagram.com\/portalmf\/","https:\/\/x.com\/https:\/\/x.com\/portalmfoficial","https:\/\/www.youtube.com\/@portalmfoficial"],"url":"https:\/\/portalmf.com.br\/index.php\/author\/junior\/"}]}},"_links":{"self":[{"href":"https:\/\/portalmf.com.br\/index.php\/wp-json\/wp\/v2\/posts\/32691"}],"collection":[{"href":"https:\/\/portalmf.com.br\/index.php\/wp-json\/wp\/v2\/posts"}],"about":[{"href":"https:\/\/portalmf.com.br\/index.php\/wp-json\/wp\/v2\/types\/post"}],"author":[{"embeddable":true,"href":"https:\/\/portalmf.com.br\/index.php\/wp-json\/wp\/v2\/users\/3"}],"replies":[{"embeddable":true,"href":"https:\/\/portalmf.com.br\/index.php\/wp-json\/wp\/v2\/comments?post=32691"}],"version-history":[{"count":2,"href":"https:\/\/portalmf.com.br\/index.php\/wp-json\/wp\/v2\/posts\/32691\/revisions"}],"predecessor-version":[{"id":32693,"href":"https:\/\/portalmf.com.br\/index.php\/wp-json\/wp\/v2\/posts\/32691\/revisions\/32693"}],"wp:featuredmedia":[{"embeddable":true,"href":"https:\/\/portalmf.com.br\/index.php\/wp-json\/wp\/v2\/media\/24908"}],"wp:attachment":[{"href":"https:\/\/portalmf.com.br\/index.php\/wp-json\/wp\/v2\/media?parent=32691"}],"wp:term":[{"taxonomy":"category","embeddable":true,"href":"https:\/\/portalmf.com.br\/index.php\/wp-json\/wp\/v2\/categories?post=32691"},{"taxonomy":"post_tag","embeddable":true,"href":"https:\/\/portalmf.com.br\/index.php\/wp-json\/wp\/v2\/tags?post=32691"}],"curies":[{"name":"wp","href":"https:\/\/api.w.org\/{rel}","templated":true}]}}