{"id":3267,"date":"2022-08-19T15:42:47","date_gmt":"2022-08-19T18:42:47","guid":{"rendered":"http:\/\/portalmf.com.br\/?p=3267"},"modified":"2022-08-19T15:42:49","modified_gmt":"2022-08-19T18:42:49","slug":"tse-suspende-repasses-de-verbas-para-campanha-de-roberto-jefferson","status":"publish","type":"post","link":"https:\/\/portalmf.com.br\/index.php\/2022\/08\/19\/tse-suspende-repasses-de-verbas-para-campanha-de-roberto-jefferson\/","title":{"rendered":"TSE suspende repasses de verbas para campanha de Roberto Jefferson"},"content":{"rendered":"\n<p>O ministro Carlos Horbach, do Tribunal Superior Eleitoral (TSE), decidiu hoje (19) determinar a suspens\u00e3o dos repasses de recursos para a campanha do candidato \u00e0 Presid\u00eancia da Rep\u00fablica Roberto Jefferson (PTB).&nbsp;<\/p>\n\n\n\n<p>A medida foi tomada a pedido do Minist\u00e9rio P\u00fablico Eleitoral (MPE), que impugnou a candidatura de&nbsp;<a href=\"https:\/\/agenciabrasil.ebc.com.br\/geral\/noticia\/2022-01\/roberto-jefferson-deixa-prisao-com-tornozeleira-eletronica\" target=\"_blank\" rel=\"noreferrer noopener\">Jefferson<\/a>. De acordo com o \u00f3rg\u00e3o, o candidato est\u00e1 ineleg\u00edvel at\u00e9 24 de dezembro de 2023 em fun\u00e7\u00e3o da condena\u00e7\u00e3o na A\u00e7\u00e3o Penal 470, o&nbsp;<a href=\"https:\/\/agenciabrasil.ebc.com.br\/politica\/noticia\/2016-03\/stf-concede-perdao-de-pena-seis-condenados-no-mensalao\" target=\"_blank\" rel=\"noreferrer noopener\">processo do mensal\u00e3o<\/a>, e n\u00e3o pode disputar as elei\u00e7\u00f5es deste ano. Pela Lei da Ficha Limpa, a inelegibilidade \u00e9 de oito anos ap\u00f3s o cumprimento da pena.&nbsp;<\/p>\n\n\n\n<p>Ao analisar a quest\u00e3o, o ministro entendeu que o indulto natalino concedido em 2016, que extinguiu a pena de Jefferson, n\u00e3o alcan\u00e7a a inelegibilidade decorrente da condena\u00e7\u00e3o.<\/p>\n\n\n\n<p>Dessa forma, Horbach suspendeu cautelarmente os repasses de recursos p\u00fablicos do Fundo Especial de Financiamento de Campanha e do Fundo Partid\u00e1rio para o candidato.&nbsp;&nbsp;<\/p>\n\n\n\n<p>&#8220;Aliada \u00e0 verifica\u00e7\u00e3o da probabilidade do direito, conforme fundamenta\u00e7\u00e3o acima expendida, entendo que, no caso, h\u00e1 tamb\u00e9m o perigo de dano em rela\u00e7\u00e3o \u00e0 libera\u00e7\u00e3o de verbas de natureza p\u00fablica para subsidiar candidatura que, de pronto, revela-se inquinada de uma muito prov\u00e1vel inelegibilidade&#8221;, decidiu o ministro.&nbsp;<\/p>\n\n\n\n<p>A decis\u00e3o final sobre a validade do registro da candidatura ser\u00e1 tomada pelo ministro ap\u00f3s Jefferson e o PTB apresentarem defesa sobre a impugna\u00e7\u00e3o feita pelo MPF. At\u00e9 o julgamento, o nome do candidato continua no sistema\u00a0<a href=\"https:\/\/divulgacandcontas.tse.jus.br\/divulga\/#\/\" target=\"_blank\" rel=\"noreferrer noopener\">DivulgaCandContas<\/a>, que re\u00fane os registros dos 12 candidatos \u00e0 Presid\u00eancia.\u00a0<br><br>Com informa\u00e7\u00f5es da Ag\u00eancia Brasil<\/p>\n","protected":false},"excerpt":{"rendered":"<p>O ministro Carlos Horbach, do Tribunal Superior Eleitoral (TSE), decidiu hoje (19) determinar a suspens\u00e3o dos repasses de recursos para a campanha do candidato \u00e0 Presid\u00eancia da Rep\u00fablica Roberto Jefferson (PTB).&nbsp; A medida foi tomada a pedido do Minist\u00e9rio P\u00fablico Eleitoral (MPE), que impugnou a candidatura de&nbsp;Jefferson. De acordo com o \u00f3rg\u00e3o, o candidato est\u00e1 [&hellip;]<\/p>\n","protected":false},"author":2,"featured_media":3270,"comment_status":"open","ping_status":"open","sticky":false,"template":"","format":"standard","meta":{"_monsterinsights_skip_tracking":false,"_monsterinsights_sitenote_active":false,"_monsterinsights_sitenote_note":"","_monsterinsights_sitenote_category":0,"footnotes":""},"categories":[34],"tags":[],"yoast_head":"<!-- This site is optimized with the Yoast SEO plugin v22.9 - https:\/\/yoast.com\/wordpress\/plugins\/seo\/ -->\n<title>TSE suspende repasses de verbas para campanha de Roberto Jefferson - Portal MF<\/title>\n<meta name=\"robots\" content=\"index, follow, max-snippet:-1, max-image-preview:large, max-video-preview:-1\" \/>\n<link rel=\"canonical\" href=\"https:\/\/portalmf.com.br\/index.php\/2022\/08\/19\/tse-suspende-repasses-de-verbas-para-campanha-de-roberto-jefferson\/\" \/>\n<meta property=\"og:locale\" content=\"pt_BR\" \/>\n<meta property=\"og:type\" content=\"article\" \/>\n<meta property=\"og:title\" content=\"TSE suspende repasses de verbas para campanha de Roberto Jefferson - Portal MF\" \/>\n<meta property=\"og:description\" content=\"O ministro Carlos Horbach, do Tribunal Superior Eleitoral (TSE), decidiu hoje (19) determinar a suspens\u00e3o dos repasses de recursos para a campanha do candidato \u00e0 Presid\u00eancia da Rep\u00fablica Roberto Jefferson (PTB).&nbsp; A medida foi tomada a pedido do Minist\u00e9rio P\u00fablico Eleitoral (MPE), que impugnou a candidatura de&nbsp;Jefferson. De acordo com o \u00f3rg\u00e3o, o candidato est\u00e1 [&hellip;]\" \/>\n<meta property=\"og:url\" content=\"https:\/\/portalmf.com.br\/index.php\/2022\/08\/19\/tse-suspende-repasses-de-verbas-para-campanha-de-roberto-jefferson\/\" \/>\n<meta property=\"og:site_name\" content=\"Portal MF\" \/>\n<meta property=\"article:author\" content=\"reginaldojrfsa\" \/>\n<meta property=\"article:published_time\" content=\"2022-08-19T18:42:47+00:00\" \/>\n<meta property=\"article:modified_time\" content=\"2022-08-19T18:42:49+00:00\" \/>\n<meta property=\"og:image\" content=\"https:\/\/portalmf.com.br\/wp-content\/uploads\/2022\/08\/roberto_jefferson_1079858-vacampt_07062017_vac_3750.jpg\" \/>\n\t<meta property=\"og:image:width\" content=\"1170\" \/>\n\t<meta property=\"og:image:height\" content=\"700\" \/>\n\t<meta property=\"og:image:type\" content=\"image\/jpeg\" \/>\n<meta name=\"author\" content=\"Reginaldo J\u00fanior\" \/>\n<meta name=\"twitter:card\" content=\"summary_large_image\" \/>\n<meta name=\"twitter:creator\" content=\"@reginaldojrmf\" \/>\n<meta name=\"twitter:label1\" content=\"Escrito por\" \/>\n\t<meta name=\"twitter:data1\" content=\"Reginaldo J\u00fanior\" \/>\n\t<meta name=\"twitter:label2\" content=\"Est. tempo de leitura\" \/>\n\t<meta name=\"twitter:data2\" content=\"2 minutos\" \/>\n<script type=\"application\/ld+json\" class=\"yoast-schema-graph\">{\"@context\":\"https:\/\/schema.org\",\"@graph\":[{\"@type\":\"WebPage\",\"@id\":\"https:\/\/portalmf.com.br\/index.php\/2022\/08\/19\/tse-suspende-repasses-de-verbas-para-campanha-de-roberto-jefferson\/\",\"url\":\"https:\/\/portalmf.com.br\/index.php\/2022\/08\/19\/tse-suspende-repasses-de-verbas-para-campanha-de-roberto-jefferson\/\",\"name\":\"TSE suspende repasses de verbas para campanha de Roberto Jefferson - Portal MF\",\"isPartOf\":{\"@id\":\"https:\/\/portalmf.com.br\/#website\"},\"primaryImageOfPage\":{\"@id\":\"https:\/\/portalmf.com.br\/index.php\/2022\/08\/19\/tse-suspende-repasses-de-verbas-para-campanha-de-roberto-jefferson\/#primaryimage\"},\"image\":{\"@id\":\"https:\/\/portalmf.com.br\/index.php\/2022\/08\/19\/tse-suspende-repasses-de-verbas-para-campanha-de-roberto-jefferson\/#primaryimage\"},\"thumbnailUrl\":\"https:\/\/portalmf.com.br\/wp-content\/uploads\/2022\/08\/roberto_jefferson_1079858-vacampt_07062017_vac_3750.jpg\",\"datePublished\":\"2022-08-19T18:42:47+00:00\",\"dateModified\":\"2022-08-19T18:42:49+00:00\",\"author\":{\"@id\":\"https:\/\/portalmf.com.br\/#\/schema\/person\/11c82086fe8abc05a19147e964587285\"},\"breadcrumb\":{\"@id\":\"https:\/\/portalmf.com.br\/index.php\/2022\/08\/19\/tse-suspende-repasses-de-verbas-para-campanha-de-roberto-jefferson\/#breadcrumb\"},\"inLanguage\":\"pt-BR\",\"potentialAction\":[{\"@type\":\"ReadAction\",\"target\":[\"https:\/\/portalmf.com.br\/index.php\/2022\/08\/19\/tse-suspende-repasses-de-verbas-para-campanha-de-roberto-jefferson\/\"]}]},{\"@type\":\"ImageObject\",\"inLanguage\":\"pt-BR\",\"@id\":\"https:\/\/portalmf.com.br\/index.php\/2022\/08\/19\/tse-suspende-repasses-de-verbas-para-campanha-de-roberto-jefferson\/#primaryimage\",\"url\":\"https:\/\/portalmf.com.br\/wp-content\/uploads\/2022\/08\/roberto_jefferson_1079858-vacampt_07062017_vac_3750.jpg\",\"contentUrl\":\"https:\/\/portalmf.com.br\/wp-content\/uploads\/2022\/08\/roberto_jefferson_1079858-vacampt_07062017_vac_3750.jpg\",\"width\":1170,\"height\":700,\"caption\":\"Bras\u00edlia - Presidente Nacional do Partido Trabalhista Brasileiro (PTB), Roberto Jefferson, fala \u00e0 imprensa ap\u00f3s reuni\u00e3o com o presidente Michel Temer, no Pal\u00e1cio do Planalto (Valter Campanato\/Ag\u00eancia Brasil)\"},{\"@type\":\"BreadcrumbList\",\"@id\":\"https:\/\/portalmf.com.br\/index.php\/2022\/08\/19\/tse-suspende-repasses-de-verbas-para-campanha-de-roberto-jefferson\/#breadcrumb\",\"itemListElement\":[{\"@type\":\"ListItem\",\"position\":1,\"name\":\"In\u00edcio\",\"item\":\"https:\/\/portalmf.com.br\/\"},{\"@type\":\"ListItem\",\"position\":2,\"name\":\"TSE suspende repasses de verbas para campanha de Roberto Jefferson\"}]},{\"@type\":\"WebSite\",\"@id\":\"https:\/\/portalmf.com.br\/#website\",\"url\":\"https:\/\/portalmf.com.br\/\",\"name\":\"Portal MF\",\"description\":\"Voc\u00ea conectado com a informa\u00e7\u00e3o\",\"potentialAction\":[{\"@type\":\"SearchAction\",\"target\":{\"@type\":\"EntryPoint\",\"urlTemplate\":\"https:\/\/portalmf.com.br\/?s={search_term_string}\"},\"query-input\":\"required name=search_term_string\"}],\"inLanguage\":\"pt-BR\"},{\"@type\":\"Person\",\"@id\":\"https:\/\/portalmf.com.br\/#\/schema\/person\/11c82086fe8abc05a19147e964587285\",\"name\":\"Reginaldo J\u00fanior\",\"image\":{\"@type\":\"ImageObject\",\"inLanguage\":\"pt-BR\",\"@id\":\"https:\/\/portalmf.com.br\/#\/schema\/person\/image\/\",\"url\":\"https:\/\/secure.gravatar.com\/avatar\/32a3c797cd0ac47cc53b8644c62776f9?s=96&d=mm&r=g\",\"contentUrl\":\"https:\/\/secure.gravatar.com\/avatar\/32a3c797cd0ac47cc53b8644c62776f9?s=96&d=mm&r=g\",\"caption\":\"Reginaldo J\u00fanior\"},\"description\":\"Jornalista e idealizador Portal MF\",\"sameAs\":[\"https:\/\/portalmf.com.br\/index.php\/author\/reginaldojr\/\",\"reginaldojrfsa\",\"reginaldojuniormf\",\"https:\/\/x.com\/reginaldojrmf\"],\"url\":\"https:\/\/portalmf.com.br\/index.php\/author\/reginaldojr\/\"}]}<\/script>\n<!-- \/ Yoast SEO plugin. -->","yoast_head_json":{"title":"TSE suspende repasses de verbas para campanha de Roberto Jefferson - Portal MF","robots":{"index":"index","follow":"follow","max-snippet":"max-snippet:-1","max-image-preview":"max-image-preview:large","max-video-preview":"max-video-preview:-1"},"canonical":"https:\/\/portalmf.com.br\/index.php\/2022\/08\/19\/tse-suspende-repasses-de-verbas-para-campanha-de-roberto-jefferson\/","og_locale":"pt_BR","og_type":"article","og_title":"TSE suspende repasses de verbas para campanha de Roberto Jefferson - Portal MF","og_description":"O ministro Carlos Horbach, do Tribunal Superior Eleitoral (TSE), decidiu hoje (19) determinar a suspens\u00e3o dos repasses de recursos para a campanha do candidato \u00e0 Presid\u00eancia da Rep\u00fablica Roberto Jefferson (PTB).&nbsp; A medida foi tomada a pedido do Minist\u00e9rio P\u00fablico Eleitoral (MPE), que impugnou a candidatura de&nbsp;Jefferson. De acordo com o \u00f3rg\u00e3o, o candidato est\u00e1 [&hellip;]","og_url":"https:\/\/portalmf.com.br\/index.php\/2022\/08\/19\/tse-suspende-repasses-de-verbas-para-campanha-de-roberto-jefferson\/","og_site_name":"Portal MF","article_author":"reginaldojrfsa","article_published_time":"2022-08-19T18:42:47+00:00","article_modified_time":"2022-08-19T18:42:49+00:00","og_image":[{"width":1170,"height":700,"url":"https:\/\/portalmf.com.br\/wp-content\/uploads\/2022\/08\/roberto_jefferson_1079858-vacampt_07062017_vac_3750.jpg","type":"image\/jpeg"}],"author":"Reginaldo J\u00fanior","twitter_card":"summary_large_image","twitter_creator":"@reginaldojrmf","twitter_misc":{"Escrito por":"Reginaldo J\u00fanior","Est. tempo de leitura":"2 minutos"},"schema":{"@context":"https:\/\/schema.org","@graph":[{"@type":"WebPage","@id":"https:\/\/portalmf.com.br\/index.php\/2022\/08\/19\/tse-suspende-repasses-de-verbas-para-campanha-de-roberto-jefferson\/","url":"https:\/\/portalmf.com.br\/index.php\/2022\/08\/19\/tse-suspende-repasses-de-verbas-para-campanha-de-roberto-jefferson\/","name":"TSE suspende repasses de verbas para campanha de Roberto Jefferson - Portal MF","isPartOf":{"@id":"https:\/\/portalmf.com.br\/#website"},"primaryImageOfPage":{"@id":"https:\/\/portalmf.com.br\/index.php\/2022\/08\/19\/tse-suspende-repasses-de-verbas-para-campanha-de-roberto-jefferson\/#primaryimage"},"image":{"@id":"https:\/\/portalmf.com.br\/index.php\/2022\/08\/19\/tse-suspende-repasses-de-verbas-para-campanha-de-roberto-jefferson\/#primaryimage"},"thumbnailUrl":"https:\/\/portalmf.com.br\/wp-content\/uploads\/2022\/08\/roberto_jefferson_1079858-vacampt_07062017_vac_3750.jpg","datePublished":"2022-08-19T18:42:47+00:00","dateModified":"2022-08-19T18:42:49+00:00","author":{"@id":"https:\/\/portalmf.com.br\/#\/schema\/person\/11c82086fe8abc05a19147e964587285"},"breadcrumb":{"@id":"https:\/\/portalmf.com.br\/index.php\/2022\/08\/19\/tse-suspende-repasses-de-verbas-para-campanha-de-roberto-jefferson\/#breadcrumb"},"inLanguage":"pt-BR","potentialAction":[{"@type":"ReadAction","target":["https:\/\/portalmf.com.br\/index.php\/2022\/08\/19\/tse-suspende-repasses-de-verbas-para-campanha-de-roberto-jefferson\/"]}]},{"@type":"ImageObject","inLanguage":"pt-BR","@id":"https:\/\/portalmf.com.br\/index.php\/2022\/08\/19\/tse-suspende-repasses-de-verbas-para-campanha-de-roberto-jefferson\/#primaryimage","url":"https:\/\/portalmf.com.br\/wp-content\/uploads\/2022\/08\/roberto_jefferson_1079858-vacampt_07062017_vac_3750.jpg","contentUrl":"https:\/\/portalmf.com.br\/wp-content\/uploads\/2022\/08\/roberto_jefferson_1079858-vacampt_07062017_vac_3750.jpg","width":1170,"height":700,"caption":"Bras\u00edlia - Presidente Nacional do Partido Trabalhista Brasileiro (PTB), Roberto Jefferson, fala \u00e0 imprensa ap\u00f3s reuni\u00e3o com o presidente Michel Temer, no Pal\u00e1cio do Planalto (Valter Campanato\/Ag\u00eancia Brasil)"},{"@type":"BreadcrumbList","@id":"https:\/\/portalmf.com.br\/index.php\/2022\/08\/19\/tse-suspende-repasses-de-verbas-para-campanha-de-roberto-jefferson\/#breadcrumb","itemListElement":[{"@type":"ListItem","position":1,"name":"In\u00edcio","item":"https:\/\/portalmf.com.br\/"},{"@type":"ListItem","position":2,"name":"TSE suspende repasses de verbas para campanha de Roberto Jefferson"}]},{"@type":"WebSite","@id":"https:\/\/portalmf.com.br\/#website","url":"https:\/\/portalmf.com.br\/","name":"Portal MF","description":"Voc\u00ea conectado com a informa\u00e7\u00e3o","potentialAction":[{"@type":"SearchAction","target":{"@type":"EntryPoint","urlTemplate":"https:\/\/portalmf.com.br\/?s={search_term_string}"},"query-input":"required name=search_term_string"}],"inLanguage":"pt-BR"},{"@type":"Person","@id":"https:\/\/portalmf.com.br\/#\/schema\/person\/11c82086fe8abc05a19147e964587285","name":"Reginaldo J\u00fanior","image":{"@type":"ImageObject","inLanguage":"pt-BR","@id":"https:\/\/portalmf.com.br\/#\/schema\/person\/image\/","url":"https:\/\/secure.gravatar.com\/avatar\/32a3c797cd0ac47cc53b8644c62776f9?s=96&d=mm&r=g","contentUrl":"https:\/\/secure.gravatar.com\/avatar\/32a3c797cd0ac47cc53b8644c62776f9?s=96&d=mm&r=g","caption":"Reginaldo J\u00fanior"},"description":"Jornalista e idealizador Portal MF","sameAs":["https:\/\/portalmf.com.br\/index.php\/author\/reginaldojr\/","reginaldojrfsa","reginaldojuniormf","https:\/\/x.com\/reginaldojrmf"],"url":"https:\/\/portalmf.com.br\/index.php\/author\/reginaldojr\/"}]}},"_links":{"self":[{"href":"https:\/\/portalmf.com.br\/index.php\/wp-json\/wp\/v2\/posts\/3267"}],"collection":[{"href":"https:\/\/portalmf.com.br\/index.php\/wp-json\/wp\/v2\/posts"}],"about":[{"href":"https:\/\/portalmf.com.br\/index.php\/wp-json\/wp\/v2\/types\/post"}],"author":[{"embeddable":true,"href":"https:\/\/portalmf.com.br\/index.php\/wp-json\/wp\/v2\/users\/2"}],"replies":[{"embeddable":true,"href":"https:\/\/portalmf.com.br\/index.php\/wp-json\/wp\/v2\/comments?post=3267"}],"version-history":[{"count":2,"href":"https:\/\/portalmf.com.br\/index.php\/wp-json\/wp\/v2\/posts\/3267\/revisions"}],"predecessor-version":[{"id":3269,"href":"https:\/\/portalmf.com.br\/index.php\/wp-json\/wp\/v2\/posts\/3267\/revisions\/3269"}],"wp:featuredmedia":[{"embeddable":true,"href":"https:\/\/portalmf.com.br\/index.php\/wp-json\/wp\/v2\/media\/3270"}],"wp:attachment":[{"href":"https:\/\/portalmf.com.br\/index.php\/wp-json\/wp\/v2\/media?parent=3267"}],"wp:term":[{"taxonomy":"category","embeddable":true,"href":"https:\/\/portalmf.com.br\/index.php\/wp-json\/wp\/v2\/categories?post=3267"},{"taxonomy":"post_tag","embeddable":true,"href":"https:\/\/portalmf.com.br\/index.php\/wp-json\/wp\/v2\/tags?post=3267"}],"curies":[{"name":"wp","href":"https:\/\/api.w.org\/{rel}","templated":true}]}}