{"id":3256,"date":"2022-08-19T11:01:00","date_gmt":"2022-08-19T14:01:00","guid":{"rendered":"http:\/\/portalmf.com.br\/?p=3256"},"modified":"2022-08-19T15:20:40","modified_gmt":"2022-08-19T18:20:40","slug":"em-muritiba-acm-neto-participa-de-comicio-ao-lado-de-prefeito-do-psd","status":"publish","type":"post","link":"https:\/\/portalmf.com.br\/index.php\/2022\/08\/19\/em-muritiba-acm-neto-participa-de-comicio-ao-lado-de-prefeito-do-psd\/","title":{"rendered":"Em Muritiba, ACM Neto participa de com\u00edcio ao lado de prefeito do PSD"},"content":{"rendered":"\n<p>O candidato a governador ACM Neto (Uni\u00e3o Brasil) participou nesta quinta-feira (18) do seu primeiro com\u00edcio de campanha ao lado de Danilo de Bab\u00e3o (PSD), prefeito de Muritiba que deixou a base governista e oficializou o seu apoio a Neto para as elei\u00e7\u00f5es do dia 2 de outubro.<\/p>\n\n\n\n<p>No evento, ocorrido na cidade do Rec\u00f4ncavo, Danilo de Bab\u00e3o criticou a persegui\u00e7\u00e3o do atual governo do estado por conta da sua posi\u00e7\u00e3o pol\u00edtica, e enalteceu a for\u00e7a e a lideran\u00e7a de ACM Neto para a constru\u00e7\u00e3o de um futuro mais justo e desigual para a Bahia.<\/p>\n\n\n\n<p>\u201cPela nossa posi\u00e7\u00e3o pol\u00edtica, Muritiba tamb\u00e9m foi colocada nessa posi\u00e7\u00e3o pelo governo. Isso n\u00e3o \u00e9 pol\u00edtica, isso \u00e9 persegui\u00e7\u00e3o, com certeza\u201d, pontuou Danilo. \u201c\u00c9 por isso que estamos juntos e o nosso grupo vai acompanhar esse projeto de ACM Neto. Vamos caminhar ao lado dele e vamos come\u00e7ar a mudar o futuro da Bahia no pr\u00f3ximo dia 2 de outubro\u201d, acrescentou.<\/p>\n\n\n\n<p>O candidato do Uni\u00e3o Brasil ressaltou a import\u00e2ncia da ades\u00e3o do prefeito de Muritiba ao seu grupo pol\u00edtico. \u201cQuis o destino que eu estivesse aqui hoje, recebendo um valioso, important\u00edssimo apoio. N\u00f3s estamos fazendo hist\u00f3ria. Neste encontro, a gente resgata o passado. Mas, sobretudo, projetamos o futuro\u201d, disse ao lembrar da amizade entre seu av\u00f4, Antonio Carlos Magalh\u00e3es, e o ex-prefeito Bab\u00e3o, pai do atual administrador do munic\u00edpio.<\/p>\n\n\n\n<p>\u201cO prefeito de Muritiba \u00e9 um grande l\u00edder pol\u00edtico do nosso estado, um importante nome desta regi\u00e3o e expressa a renova\u00e7\u00e3o pol\u00edtica da Bahia como grande gestor\u201d, acrescentou Neto em manifesta\u00e7\u00e3o aos presentes.<\/p>\n\n\n\n<p>O ex-prefeito de Salvador afirmou ainda que, caso seja eleito no pleito deste ano, vai retribuir o apoio com muito trabalho. Ao criticar a aus\u00eancia da atual gest\u00e3o do estado na cidade, Neto falou que vai recuperar o tempo perdido com a falta de investimentos na regi\u00e3o.<\/p>\n\n\n\n<p>\u201cEu vou retribuir o seu gesto de coragem, a sua atitude firme, esse apoio important\u00edssimo que voc\u00ea nos d\u00e1 na noite de hoje trabalhando incansavelmente por Muritiba e por todo o seu povo. N\u00f3s vamos recuperar o tempo perdido. E o que eles n\u00e3o fizeram em 16 anos em Muritiba, eu farei em dois anos ao lado do prefeito Danilo\u201d, enfatizou.<\/p>\n\n\n\n<p>No evento em Muritiba, ACM Neto estava acompanhado dos candidatos a vice-governadora, Ana Coelho (Republicanos), e ao Senado, Cac\u00e1 Le\u00e3o (PP). O trio foi recebido por uma multid\u00e3o em sua passagem pela cidade.<\/p>\n\n\n\n<p>Nesta sexta-feira (19), os candidatos participar\u00e3o de carreatas em Paripiranga, F\u00e1tima, Heli\u00f3polis, C\u00edcero Dantas e Antas, no Nordeste baiano. Na \u00faltima cidade, os membros da chapa tamb\u00e9m realizar\u00e3o um evento pol\u00edtico. O encontro com a popula\u00e7\u00e3o de Antas acontece a partir das 18h, na Pra\u00e7a Pedro Mac\u00e1rio, ao lado do prefeito Manoel Sid\u00f4nio Nilo (PSB).<\/p>\n","protected":false},"excerpt":{"rendered":"<p>O candidato a governador ACM Neto (Uni\u00e3o Brasil) participou nesta quinta-feira (18) do seu primeiro com\u00edcio de campanha ao lado de Danilo de Bab\u00e3o (PSD), prefeito de Muritiba que deixou a base governista e oficializou o seu apoio a Neto para as elei\u00e7\u00f5es do dia 2 de outubro. No evento, ocorrido na cidade do Rec\u00f4ncavo, [&hellip;]<\/p>\n","protected":false},"author":2,"featured_media":3258,"comment_status":"open","ping_status":"open","sticky":false,"template":"","format":"standard","meta":{"_monsterinsights_skip_tracking":false,"_monsterinsights_sitenote_active":false,"_monsterinsights_sitenote_note":"","_monsterinsights_sitenote_category":0,"footnotes":""},"categories":[34],"tags":[],"yoast_head":"<!-- This site is optimized with the Yoast SEO plugin v22.9 - https:\/\/yoast.com\/wordpress\/plugins\/seo\/ -->\n<title>Em Muritiba, ACM Neto participa de com\u00edcio ao lado de prefeito do PSD - Portal MF<\/title>\n<meta name=\"robots\" content=\"index, follow, max-snippet:-1, max-image-preview:large, max-video-preview:-1\" \/>\n<link rel=\"canonical\" href=\"https:\/\/portalmf.com.br\/index.php\/2022\/08\/19\/em-muritiba-acm-neto-participa-de-comicio-ao-lado-de-prefeito-do-psd\/\" \/>\n<meta property=\"og:locale\" content=\"pt_BR\" \/>\n<meta property=\"og:type\" content=\"article\" \/>\n<meta property=\"og:title\" content=\"Em Muritiba, ACM Neto participa de com\u00edcio ao lado de prefeito do PSD - Portal MF\" \/>\n<meta property=\"og:description\" content=\"O candidato a governador ACM Neto (Uni\u00e3o Brasil) participou nesta quinta-feira (18) do seu primeiro com\u00edcio de campanha ao lado de Danilo de Bab\u00e3o (PSD), prefeito de Muritiba que deixou a base governista e oficializou o seu apoio a Neto para as elei\u00e7\u00f5es do dia 2 de outubro. No evento, ocorrido na cidade do Rec\u00f4ncavo, [&hellip;]\" \/>\n<meta property=\"og:url\" content=\"https:\/\/portalmf.com.br\/index.php\/2022\/08\/19\/em-muritiba-acm-neto-participa-de-comicio-ao-lado-de-prefeito-do-psd\/\" \/>\n<meta property=\"og:site_name\" content=\"Portal MF\" \/>\n<meta property=\"article:author\" content=\"reginaldojrfsa\" \/>\n<meta property=\"article:published_time\" content=\"2022-08-19T14:01:00+00:00\" \/>\n<meta property=\"article:modified_time\" content=\"2022-08-19T18:20:40+00:00\" \/>\n<meta property=\"og:image\" content=\"https:\/\/portalmf.com.br\/wp-content\/uploads\/2022\/08\/WhatsApp-Image-2022-08-19-at-11.36.17.jpeg\" \/>\n\t<meta property=\"og:image:width\" content=\"1280\" \/>\n\t<meta property=\"og:image:height\" content=\"853\" \/>\n\t<meta property=\"og:image:type\" content=\"image\/jpeg\" \/>\n<meta name=\"author\" content=\"Reginaldo J\u00fanior\" \/>\n<meta name=\"twitter:card\" content=\"summary_large_image\" \/>\n<meta name=\"twitter:creator\" content=\"@reginaldojrmf\" \/>\n<meta name=\"twitter:label1\" content=\"Escrito por\" \/>\n\t<meta name=\"twitter:data1\" content=\"Reginaldo J\u00fanior\" \/>\n\t<meta name=\"twitter:label2\" content=\"Est. tempo de leitura\" \/>\n\t<meta name=\"twitter:data2\" content=\"3 minutos\" \/>\n<script type=\"application\/ld+json\" class=\"yoast-schema-graph\">{\"@context\":\"https:\/\/schema.org\",\"@graph\":[{\"@type\":\"WebPage\",\"@id\":\"https:\/\/portalmf.com.br\/index.php\/2022\/08\/19\/em-muritiba-acm-neto-participa-de-comicio-ao-lado-de-prefeito-do-psd\/\",\"url\":\"https:\/\/portalmf.com.br\/index.php\/2022\/08\/19\/em-muritiba-acm-neto-participa-de-comicio-ao-lado-de-prefeito-do-psd\/\",\"name\":\"Em Muritiba, ACM Neto participa de com\u00edcio ao lado de prefeito do PSD - Portal MF\",\"isPartOf\":{\"@id\":\"https:\/\/portalmf.com.br\/#website\"},\"primaryImageOfPage\":{\"@id\":\"https:\/\/portalmf.com.br\/index.php\/2022\/08\/19\/em-muritiba-acm-neto-participa-de-comicio-ao-lado-de-prefeito-do-psd\/#primaryimage\"},\"image\":{\"@id\":\"https:\/\/portalmf.com.br\/index.php\/2022\/08\/19\/em-muritiba-acm-neto-participa-de-comicio-ao-lado-de-prefeito-do-psd\/#primaryimage\"},\"thumbnailUrl\":\"https:\/\/portalmf.com.br\/wp-content\/uploads\/2022\/08\/WhatsApp-Image-2022-08-19-at-11.36.17.jpeg\",\"datePublished\":\"2022-08-19T14:01:00+00:00\",\"dateModified\":\"2022-08-19T18:20:40+00:00\",\"author\":{\"@id\":\"https:\/\/portalmf.com.br\/#\/schema\/person\/11c82086fe8abc05a19147e964587285\"},\"breadcrumb\":{\"@id\":\"https:\/\/portalmf.com.br\/index.php\/2022\/08\/19\/em-muritiba-acm-neto-participa-de-comicio-ao-lado-de-prefeito-do-psd\/#breadcrumb\"},\"inLanguage\":\"pt-BR\",\"potentialAction\":[{\"@type\":\"ReadAction\",\"target\":[\"https:\/\/portalmf.com.br\/index.php\/2022\/08\/19\/em-muritiba-acm-neto-participa-de-comicio-ao-lado-de-prefeito-do-psd\/\"]}]},{\"@type\":\"ImageObject\",\"inLanguage\":\"pt-BR\",\"@id\":\"https:\/\/portalmf.com.br\/index.php\/2022\/08\/19\/em-muritiba-acm-neto-participa-de-comicio-ao-lado-de-prefeito-do-psd\/#primaryimage\",\"url\":\"https:\/\/portalmf.com.br\/wp-content\/uploads\/2022\/08\/WhatsApp-Image-2022-08-19-at-11.36.17.jpeg\",\"contentUrl\":\"https:\/\/portalmf.com.br\/wp-content\/uploads\/2022\/08\/WhatsApp-Image-2022-08-19-at-11.36.17.jpeg\",\"width\":1280,\"height\":853},{\"@type\":\"BreadcrumbList\",\"@id\":\"https:\/\/portalmf.com.br\/index.php\/2022\/08\/19\/em-muritiba-acm-neto-participa-de-comicio-ao-lado-de-prefeito-do-psd\/#breadcrumb\",\"itemListElement\":[{\"@type\":\"ListItem\",\"position\":1,\"name\":\"In\u00edcio\",\"item\":\"https:\/\/portalmf.com.br\/\"},{\"@type\":\"ListItem\",\"position\":2,\"name\":\"Em Muritiba, ACM Neto participa de com\u00edcio ao lado de prefeito do PSD\"}]},{\"@type\":\"WebSite\",\"@id\":\"https:\/\/portalmf.com.br\/#website\",\"url\":\"https:\/\/portalmf.com.br\/\",\"name\":\"Portal MF\",\"description\":\"Voc\u00ea conectado com a informa\u00e7\u00e3o\",\"potentialAction\":[{\"@type\":\"SearchAction\",\"target\":{\"@type\":\"EntryPoint\",\"urlTemplate\":\"https:\/\/portalmf.com.br\/?s={search_term_string}\"},\"query-input\":\"required name=search_term_string\"}],\"inLanguage\":\"pt-BR\"},{\"@type\":\"Person\",\"@id\":\"https:\/\/portalmf.com.br\/#\/schema\/person\/11c82086fe8abc05a19147e964587285\",\"name\":\"Reginaldo J\u00fanior\",\"image\":{\"@type\":\"ImageObject\",\"inLanguage\":\"pt-BR\",\"@id\":\"https:\/\/portalmf.com.br\/#\/schema\/person\/image\/\",\"url\":\"https:\/\/secure.gravatar.com\/avatar\/32a3c797cd0ac47cc53b8644c62776f9?s=96&d=mm&r=g\",\"contentUrl\":\"https:\/\/secure.gravatar.com\/avatar\/32a3c797cd0ac47cc53b8644c62776f9?s=96&d=mm&r=g\",\"caption\":\"Reginaldo J\u00fanior\"},\"description\":\"Jornalista e idealizador Portal MF\",\"sameAs\":[\"https:\/\/portalmf.com.br\/index.php\/author\/reginaldojr\/\",\"reginaldojrfsa\",\"reginaldojuniormf\",\"https:\/\/x.com\/reginaldojrmf\"],\"url\":\"https:\/\/portalmf.com.br\/index.php\/author\/reginaldojr\/\"}]}<\/script>\n<!-- \/ Yoast SEO plugin. -->","yoast_head_json":{"title":"Em Muritiba, ACM Neto participa de com\u00edcio ao lado de prefeito do PSD - Portal MF","robots":{"index":"index","follow":"follow","max-snippet":"max-snippet:-1","max-image-preview":"max-image-preview:large","max-video-preview":"max-video-preview:-1"},"canonical":"https:\/\/portalmf.com.br\/index.php\/2022\/08\/19\/em-muritiba-acm-neto-participa-de-comicio-ao-lado-de-prefeito-do-psd\/","og_locale":"pt_BR","og_type":"article","og_title":"Em Muritiba, ACM Neto participa de com\u00edcio ao lado de prefeito do PSD - Portal MF","og_description":"O candidato a governador ACM Neto (Uni\u00e3o Brasil) participou nesta quinta-feira (18) do seu primeiro com\u00edcio de campanha ao lado de Danilo de Bab\u00e3o (PSD), prefeito de Muritiba que deixou a base governista e oficializou o seu apoio a Neto para as elei\u00e7\u00f5es do dia 2 de outubro. No evento, ocorrido na cidade do Rec\u00f4ncavo, [&hellip;]","og_url":"https:\/\/portalmf.com.br\/index.php\/2022\/08\/19\/em-muritiba-acm-neto-participa-de-comicio-ao-lado-de-prefeito-do-psd\/","og_site_name":"Portal MF","article_author":"reginaldojrfsa","article_published_time":"2022-08-19T14:01:00+00:00","article_modified_time":"2022-08-19T18:20:40+00:00","og_image":[{"width":1280,"height":853,"url":"https:\/\/portalmf.com.br\/wp-content\/uploads\/2022\/08\/WhatsApp-Image-2022-08-19-at-11.36.17.jpeg","type":"image\/jpeg"}],"author":"Reginaldo J\u00fanior","twitter_card":"summary_large_image","twitter_creator":"@reginaldojrmf","twitter_misc":{"Escrito por":"Reginaldo J\u00fanior","Est. tempo de leitura":"3 minutos"},"schema":{"@context":"https:\/\/schema.org","@graph":[{"@type":"WebPage","@id":"https:\/\/portalmf.com.br\/index.php\/2022\/08\/19\/em-muritiba-acm-neto-participa-de-comicio-ao-lado-de-prefeito-do-psd\/","url":"https:\/\/portalmf.com.br\/index.php\/2022\/08\/19\/em-muritiba-acm-neto-participa-de-comicio-ao-lado-de-prefeito-do-psd\/","name":"Em Muritiba, ACM Neto participa de com\u00edcio ao lado de prefeito do PSD - Portal MF","isPartOf":{"@id":"https:\/\/portalmf.com.br\/#website"},"primaryImageOfPage":{"@id":"https:\/\/portalmf.com.br\/index.php\/2022\/08\/19\/em-muritiba-acm-neto-participa-de-comicio-ao-lado-de-prefeito-do-psd\/#primaryimage"},"image":{"@id":"https:\/\/portalmf.com.br\/index.php\/2022\/08\/19\/em-muritiba-acm-neto-participa-de-comicio-ao-lado-de-prefeito-do-psd\/#primaryimage"},"thumbnailUrl":"https:\/\/portalmf.com.br\/wp-content\/uploads\/2022\/08\/WhatsApp-Image-2022-08-19-at-11.36.17.jpeg","datePublished":"2022-08-19T14:01:00+00:00","dateModified":"2022-08-19T18:20:40+00:00","author":{"@id":"https:\/\/portalmf.com.br\/#\/schema\/person\/11c82086fe8abc05a19147e964587285"},"breadcrumb":{"@id":"https:\/\/portalmf.com.br\/index.php\/2022\/08\/19\/em-muritiba-acm-neto-participa-de-comicio-ao-lado-de-prefeito-do-psd\/#breadcrumb"},"inLanguage":"pt-BR","potentialAction":[{"@type":"ReadAction","target":["https:\/\/portalmf.com.br\/index.php\/2022\/08\/19\/em-muritiba-acm-neto-participa-de-comicio-ao-lado-de-prefeito-do-psd\/"]}]},{"@type":"ImageObject","inLanguage":"pt-BR","@id":"https:\/\/portalmf.com.br\/index.php\/2022\/08\/19\/em-muritiba-acm-neto-participa-de-comicio-ao-lado-de-prefeito-do-psd\/#primaryimage","url":"https:\/\/portalmf.com.br\/wp-content\/uploads\/2022\/08\/WhatsApp-Image-2022-08-19-at-11.36.17.jpeg","contentUrl":"https:\/\/portalmf.com.br\/wp-content\/uploads\/2022\/08\/WhatsApp-Image-2022-08-19-at-11.36.17.jpeg","width":1280,"height":853},{"@type":"BreadcrumbList","@id":"https:\/\/portalmf.com.br\/index.php\/2022\/08\/19\/em-muritiba-acm-neto-participa-de-comicio-ao-lado-de-prefeito-do-psd\/#breadcrumb","itemListElement":[{"@type":"ListItem","position":1,"name":"In\u00edcio","item":"https:\/\/portalmf.com.br\/"},{"@type":"ListItem","position":2,"name":"Em Muritiba, ACM Neto participa de com\u00edcio ao lado de prefeito do PSD"}]},{"@type":"WebSite","@id":"https:\/\/portalmf.com.br\/#website","url":"https:\/\/portalmf.com.br\/","name":"Portal MF","description":"Voc\u00ea conectado com a informa\u00e7\u00e3o","potentialAction":[{"@type":"SearchAction","target":{"@type":"EntryPoint","urlTemplate":"https:\/\/portalmf.com.br\/?s={search_term_string}"},"query-input":"required name=search_term_string"}],"inLanguage":"pt-BR"},{"@type":"Person","@id":"https:\/\/portalmf.com.br\/#\/schema\/person\/11c82086fe8abc05a19147e964587285","name":"Reginaldo J\u00fanior","image":{"@type":"ImageObject","inLanguage":"pt-BR","@id":"https:\/\/portalmf.com.br\/#\/schema\/person\/image\/","url":"https:\/\/secure.gravatar.com\/avatar\/32a3c797cd0ac47cc53b8644c62776f9?s=96&d=mm&r=g","contentUrl":"https:\/\/secure.gravatar.com\/avatar\/32a3c797cd0ac47cc53b8644c62776f9?s=96&d=mm&r=g","caption":"Reginaldo J\u00fanior"},"description":"Jornalista e idealizador Portal MF","sameAs":["https:\/\/portalmf.com.br\/index.php\/author\/reginaldojr\/","reginaldojrfsa","reginaldojuniormf","https:\/\/x.com\/reginaldojrmf"],"url":"https:\/\/portalmf.com.br\/index.php\/author\/reginaldojr\/"}]}},"_links":{"self":[{"href":"https:\/\/portalmf.com.br\/index.php\/wp-json\/wp\/v2\/posts\/3256"}],"collection":[{"href":"https:\/\/portalmf.com.br\/index.php\/wp-json\/wp\/v2\/posts"}],"about":[{"href":"https:\/\/portalmf.com.br\/index.php\/wp-json\/wp\/v2\/types\/post"}],"author":[{"embeddable":true,"href":"https:\/\/portalmf.com.br\/index.php\/wp-json\/wp\/v2\/users\/2"}],"replies":[{"embeddable":true,"href":"https:\/\/portalmf.com.br\/index.php\/wp-json\/wp\/v2\/comments?post=3256"}],"version-history":[{"count":1,"href":"https:\/\/portalmf.com.br\/index.php\/wp-json\/wp\/v2\/posts\/3256\/revisions"}],"predecessor-version":[{"id":3257,"href":"https:\/\/portalmf.com.br\/index.php\/wp-json\/wp\/v2\/posts\/3256\/revisions\/3257"}],"wp:featuredmedia":[{"embeddable":true,"href":"https:\/\/portalmf.com.br\/index.php\/wp-json\/wp\/v2\/media\/3258"}],"wp:attachment":[{"href":"https:\/\/portalmf.com.br\/index.php\/wp-json\/wp\/v2\/media?parent=3256"}],"wp:term":[{"taxonomy":"category","embeddable":true,"href":"https:\/\/portalmf.com.br\/index.php\/wp-json\/wp\/v2\/categories?post=3256"},{"taxonomy":"post_tag","embeddable":true,"href":"https:\/\/portalmf.com.br\/index.php\/wp-json\/wp\/v2\/tags?post=3256"}],"curies":[{"name":"wp","href":"https:\/\/api.w.org\/{rel}","templated":true}]}}