{"id":3252,"date":"2022-08-19T11:00:00","date_gmt":"2022-08-19T14:00:00","guid":{"rendered":"http:\/\/portalmf.com.br\/?p=3252"},"modified":"2022-08-19T15:17:25","modified_gmt":"2022-08-19T18:17:25","slug":"jeronimo-e-o-nome-que-vai-continuar-e-melhorar-nosso-trabalho-destaca-jaques-wagner","status":"publish","type":"post","link":"https:\/\/portalmf.com.br\/index.php\/2022\/08\/19\/jeronimo-e-o-nome-que-vai-continuar-e-melhorar-nosso-trabalho-destaca-jaques-wagner\/","title":{"rendered":"&#8220;Jer\u00f4nimo \u00e9 o nome que vai continuar e melhorar nosso trabalho&#8221;, destaca Jaques Wagner"},"content":{"rendered":"\n<p>O senador Jaques Wagner (PT) destacou que o candidato a governador Jer\u00f4nimo Rodrigues (PT) \u00e9 o nome que ir\u00e1 manter o avan\u00e7o da Bahia. O Time de Lula na Bahia realizou uma carreata nesta sexta-feira (19) em Itapicuru.<\/p>\n\n\n\n<p>&#8220;Jer\u00f4nimo \u00e9 o nome que vai continuar e melhorar nosso trabalho [\u2026] Gra\u00e7as a Deus estamos tendo muita receptividade em todo lugar que passamos e aqui em Itapicuru n\u00e3o foi diferente&#8221;, afirmou o senador baiano.<\/p>\n\n\n\n<p>Em sua chegada em Itapicuru, Jer\u00f4nimo reafirmou que ir\u00e1 atuar em parceria com o presidente Lula (PT) no combate ao desemprego, a fome e a infla\u00e7\u00e3o.<\/p>\n\n\n\n<p>&#8220;N\u00f3s entendemos que o Brasil precisa retomar as r\u00e9deas na luta contra o desemprego, a infla\u00e7\u00e3o e a fome. \u00c9 Lula presidente, Jer\u00f4nimo governador e Otto Alencar senador. O Brasil tem jeito e a Bahia tem lado&#8221;, declarou o candidato de Lula na Bahia.<\/p>\n\n\n\n<p>O prefeito Moreirinha, de Itapicuru, ressaltou que toda receptividade da cidade ao Time de Lula na Bahia \u00e9 uma demonstra\u00e7\u00e3o de apoio aos candidatos. &#8220;\u00c9 uma demonstra\u00e7\u00e3o de apoio a Jer\u00f4nimo Rodrigues, a Geraldo Jr, ao senador Otto Alencar e a todo trabalho desse time. \u00c9 um reconhecimento ao grande trabalho que est\u00e1 sendo feito na Bahia&#8221;, complementou o prefeito.<\/p>\n","protected":false},"excerpt":{"rendered":"<p>O senador Jaques Wagner (PT) destacou que o candidato a governador Jer\u00f4nimo Rodrigues (PT) \u00e9 o nome que ir\u00e1 manter o avan\u00e7o da Bahia. O Time de Lula na Bahia realizou uma carreata nesta sexta-feira (19) em Itapicuru. &#8220;Jer\u00f4nimo \u00e9 o nome que vai continuar e melhorar nosso trabalho [\u2026] Gra\u00e7as a Deus estamos tendo [&hellip;]<\/p>\n","protected":false},"author":2,"featured_media":3255,"comment_status":"open","ping_status":"open","sticky":false,"template":"","format":"standard","meta":{"_monsterinsights_skip_tracking":false,"_monsterinsights_sitenote_active":false,"_monsterinsights_sitenote_note":"","_monsterinsights_sitenote_category":0,"footnotes":""},"categories":[34],"tags":[],"yoast_head":"<!-- This site is optimized with the Yoast SEO plugin v22.9 - https:\/\/yoast.com\/wordpress\/plugins\/seo\/ -->\n<title>&quot;Jer\u00f4nimo \u00e9 o nome que vai continuar e melhorar nosso trabalho&quot;, destaca Jaques Wagner - Portal MF<\/title>\n<meta name=\"robots\" content=\"index, follow, max-snippet:-1, max-image-preview:large, max-video-preview:-1\" \/>\n<link rel=\"canonical\" href=\"https:\/\/portalmf.com.br\/index.php\/2022\/08\/19\/jeronimo-e-o-nome-que-vai-continuar-e-melhorar-nosso-trabalho-destaca-jaques-wagner\/\" \/>\n<meta property=\"og:locale\" content=\"pt_BR\" \/>\n<meta property=\"og:type\" content=\"article\" \/>\n<meta property=\"og:title\" content=\"&quot;Jer\u00f4nimo \u00e9 o nome que vai continuar e melhorar nosso trabalho&quot;, destaca Jaques Wagner - Portal MF\" \/>\n<meta property=\"og:description\" content=\"O senador Jaques Wagner (PT) destacou que o candidato a governador Jer\u00f4nimo Rodrigues (PT) \u00e9 o nome que ir\u00e1 manter o avan\u00e7o da Bahia. O Time de Lula na Bahia realizou uma carreata nesta sexta-feira (19) em Itapicuru. &#8220;Jer\u00f4nimo \u00e9 o nome que vai continuar e melhorar nosso trabalho [\u2026] Gra\u00e7as a Deus estamos tendo [&hellip;]\" \/>\n<meta property=\"og:url\" content=\"https:\/\/portalmf.com.br\/index.php\/2022\/08\/19\/jeronimo-e-o-nome-que-vai-continuar-e-melhorar-nosso-trabalho-destaca-jaques-wagner\/\" \/>\n<meta property=\"og:site_name\" content=\"Portal MF\" \/>\n<meta property=\"article:author\" content=\"reginaldojrfsa\" \/>\n<meta property=\"article:published_time\" content=\"2022-08-19T14:00:00+00:00\" \/>\n<meta property=\"article:modified_time\" content=\"2022-08-19T18:17:25+00:00\" \/>\n<meta property=\"og:image\" content=\"https:\/\/portalmf.com.br\/wp-content\/uploads\/2022\/08\/WhatsApp-Image-2022-08-19-at-11.50.37.jpeg\" \/>\n\t<meta property=\"og:image:width\" content=\"853\" \/>\n\t<meta property=\"og:image:height\" content=\"1280\" \/>\n\t<meta property=\"og:image:type\" content=\"image\/jpeg\" \/>\n<meta name=\"author\" content=\"Reginaldo J\u00fanior\" \/>\n<meta name=\"twitter:card\" content=\"summary_large_image\" \/>\n<meta name=\"twitter:creator\" content=\"@reginaldojrmf\" \/>\n<meta name=\"twitter:label1\" content=\"Escrito por\" \/>\n\t<meta name=\"twitter:data1\" content=\"Reginaldo J\u00fanior\" \/>\n\t<meta name=\"twitter:label2\" content=\"Est. tempo de leitura\" \/>\n\t<meta name=\"twitter:data2\" content=\"2 minutos\" \/>\n<script type=\"application\/ld+json\" class=\"yoast-schema-graph\">{\"@context\":\"https:\/\/schema.org\",\"@graph\":[{\"@type\":\"WebPage\",\"@id\":\"https:\/\/portalmf.com.br\/index.php\/2022\/08\/19\/jeronimo-e-o-nome-que-vai-continuar-e-melhorar-nosso-trabalho-destaca-jaques-wagner\/\",\"url\":\"https:\/\/portalmf.com.br\/index.php\/2022\/08\/19\/jeronimo-e-o-nome-que-vai-continuar-e-melhorar-nosso-trabalho-destaca-jaques-wagner\/\",\"name\":\"\\\"Jer\u00f4nimo \u00e9 o nome que vai continuar e melhorar nosso trabalho\\\", destaca Jaques Wagner - Portal MF\",\"isPartOf\":{\"@id\":\"https:\/\/portalmf.com.br\/#website\"},\"primaryImageOfPage\":{\"@id\":\"https:\/\/portalmf.com.br\/index.php\/2022\/08\/19\/jeronimo-e-o-nome-que-vai-continuar-e-melhorar-nosso-trabalho-destaca-jaques-wagner\/#primaryimage\"},\"image\":{\"@id\":\"https:\/\/portalmf.com.br\/index.php\/2022\/08\/19\/jeronimo-e-o-nome-que-vai-continuar-e-melhorar-nosso-trabalho-destaca-jaques-wagner\/#primaryimage\"},\"thumbnailUrl\":\"https:\/\/portalmf.com.br\/wp-content\/uploads\/2022\/08\/WhatsApp-Image-2022-08-19-at-11.50.37.jpeg\",\"datePublished\":\"2022-08-19T14:00:00+00:00\",\"dateModified\":\"2022-08-19T18:17:25+00:00\",\"author\":{\"@id\":\"https:\/\/portalmf.com.br\/#\/schema\/person\/11c82086fe8abc05a19147e964587285\"},\"breadcrumb\":{\"@id\":\"https:\/\/portalmf.com.br\/index.php\/2022\/08\/19\/jeronimo-e-o-nome-que-vai-continuar-e-melhorar-nosso-trabalho-destaca-jaques-wagner\/#breadcrumb\"},\"inLanguage\":\"pt-BR\",\"potentialAction\":[{\"@type\":\"ReadAction\",\"target\":[\"https:\/\/portalmf.com.br\/index.php\/2022\/08\/19\/jeronimo-e-o-nome-que-vai-continuar-e-melhorar-nosso-trabalho-destaca-jaques-wagner\/\"]}]},{\"@type\":\"ImageObject\",\"inLanguage\":\"pt-BR\",\"@id\":\"https:\/\/portalmf.com.br\/index.php\/2022\/08\/19\/jeronimo-e-o-nome-que-vai-continuar-e-melhorar-nosso-trabalho-destaca-jaques-wagner\/#primaryimage\",\"url\":\"https:\/\/portalmf.com.br\/wp-content\/uploads\/2022\/08\/WhatsApp-Image-2022-08-19-at-11.50.37.jpeg\",\"contentUrl\":\"https:\/\/portalmf.com.br\/wp-content\/uploads\/2022\/08\/WhatsApp-Image-2022-08-19-at-11.50.37.jpeg\",\"width\":853,\"height\":1280},{\"@type\":\"BreadcrumbList\",\"@id\":\"https:\/\/portalmf.com.br\/index.php\/2022\/08\/19\/jeronimo-e-o-nome-que-vai-continuar-e-melhorar-nosso-trabalho-destaca-jaques-wagner\/#breadcrumb\",\"itemListElement\":[{\"@type\":\"ListItem\",\"position\":1,\"name\":\"In\u00edcio\",\"item\":\"https:\/\/portalmf.com.br\/\"},{\"@type\":\"ListItem\",\"position\":2,\"name\":\"&#8220;Jer\u00f4nimo \u00e9 o nome que vai continuar e melhorar nosso trabalho&#8221;, destaca Jaques Wagner\"}]},{\"@type\":\"WebSite\",\"@id\":\"https:\/\/portalmf.com.br\/#website\",\"url\":\"https:\/\/portalmf.com.br\/\",\"name\":\"Portal MF\",\"description\":\"Voc\u00ea conectado com a informa\u00e7\u00e3o\",\"potentialAction\":[{\"@type\":\"SearchAction\",\"target\":{\"@type\":\"EntryPoint\",\"urlTemplate\":\"https:\/\/portalmf.com.br\/?s={search_term_string}\"},\"query-input\":\"required name=search_term_string\"}],\"inLanguage\":\"pt-BR\"},{\"@type\":\"Person\",\"@id\":\"https:\/\/portalmf.com.br\/#\/schema\/person\/11c82086fe8abc05a19147e964587285\",\"name\":\"Reginaldo J\u00fanior\",\"image\":{\"@type\":\"ImageObject\",\"inLanguage\":\"pt-BR\",\"@id\":\"https:\/\/portalmf.com.br\/#\/schema\/person\/image\/\",\"url\":\"https:\/\/secure.gravatar.com\/avatar\/32a3c797cd0ac47cc53b8644c62776f9?s=96&d=mm&r=g\",\"contentUrl\":\"https:\/\/secure.gravatar.com\/avatar\/32a3c797cd0ac47cc53b8644c62776f9?s=96&d=mm&r=g\",\"caption\":\"Reginaldo J\u00fanior\"},\"description\":\"Jornalista e idealizador Portal MF\",\"sameAs\":[\"https:\/\/portalmf.com.br\/index.php\/author\/reginaldojr\/\",\"reginaldojrfsa\",\"reginaldojuniormf\",\"https:\/\/x.com\/reginaldojrmf\"],\"url\":\"https:\/\/portalmf.com.br\/index.php\/author\/reginaldojr\/\"}]}<\/script>\n<!-- \/ Yoast SEO plugin. -->","yoast_head_json":{"title":"\"Jer\u00f4nimo \u00e9 o nome que vai continuar e melhorar nosso trabalho\", destaca Jaques Wagner - Portal MF","robots":{"index":"index","follow":"follow","max-snippet":"max-snippet:-1","max-image-preview":"max-image-preview:large","max-video-preview":"max-video-preview:-1"},"canonical":"https:\/\/portalmf.com.br\/index.php\/2022\/08\/19\/jeronimo-e-o-nome-que-vai-continuar-e-melhorar-nosso-trabalho-destaca-jaques-wagner\/","og_locale":"pt_BR","og_type":"article","og_title":"\"Jer\u00f4nimo \u00e9 o nome que vai continuar e melhorar nosso trabalho\", destaca Jaques Wagner - Portal MF","og_description":"O senador Jaques Wagner (PT) destacou que o candidato a governador Jer\u00f4nimo Rodrigues (PT) \u00e9 o nome que ir\u00e1 manter o avan\u00e7o da Bahia. O Time de Lula na Bahia realizou uma carreata nesta sexta-feira (19) em Itapicuru. &#8220;Jer\u00f4nimo \u00e9 o nome que vai continuar e melhorar nosso trabalho [\u2026] Gra\u00e7as a Deus estamos tendo [&hellip;]","og_url":"https:\/\/portalmf.com.br\/index.php\/2022\/08\/19\/jeronimo-e-o-nome-que-vai-continuar-e-melhorar-nosso-trabalho-destaca-jaques-wagner\/","og_site_name":"Portal MF","article_author":"reginaldojrfsa","article_published_time":"2022-08-19T14:00:00+00:00","article_modified_time":"2022-08-19T18:17:25+00:00","og_image":[{"width":853,"height":1280,"url":"https:\/\/portalmf.com.br\/wp-content\/uploads\/2022\/08\/WhatsApp-Image-2022-08-19-at-11.50.37.jpeg","type":"image\/jpeg"}],"author":"Reginaldo J\u00fanior","twitter_card":"summary_large_image","twitter_creator":"@reginaldojrmf","twitter_misc":{"Escrito por":"Reginaldo J\u00fanior","Est. tempo de leitura":"2 minutos"},"schema":{"@context":"https:\/\/schema.org","@graph":[{"@type":"WebPage","@id":"https:\/\/portalmf.com.br\/index.php\/2022\/08\/19\/jeronimo-e-o-nome-que-vai-continuar-e-melhorar-nosso-trabalho-destaca-jaques-wagner\/","url":"https:\/\/portalmf.com.br\/index.php\/2022\/08\/19\/jeronimo-e-o-nome-que-vai-continuar-e-melhorar-nosso-trabalho-destaca-jaques-wagner\/","name":"\"Jer\u00f4nimo \u00e9 o nome que vai continuar e melhorar nosso trabalho\", destaca Jaques Wagner - Portal MF","isPartOf":{"@id":"https:\/\/portalmf.com.br\/#website"},"primaryImageOfPage":{"@id":"https:\/\/portalmf.com.br\/index.php\/2022\/08\/19\/jeronimo-e-o-nome-que-vai-continuar-e-melhorar-nosso-trabalho-destaca-jaques-wagner\/#primaryimage"},"image":{"@id":"https:\/\/portalmf.com.br\/index.php\/2022\/08\/19\/jeronimo-e-o-nome-que-vai-continuar-e-melhorar-nosso-trabalho-destaca-jaques-wagner\/#primaryimage"},"thumbnailUrl":"https:\/\/portalmf.com.br\/wp-content\/uploads\/2022\/08\/WhatsApp-Image-2022-08-19-at-11.50.37.jpeg","datePublished":"2022-08-19T14:00:00+00:00","dateModified":"2022-08-19T18:17:25+00:00","author":{"@id":"https:\/\/portalmf.com.br\/#\/schema\/person\/11c82086fe8abc05a19147e964587285"},"breadcrumb":{"@id":"https:\/\/portalmf.com.br\/index.php\/2022\/08\/19\/jeronimo-e-o-nome-que-vai-continuar-e-melhorar-nosso-trabalho-destaca-jaques-wagner\/#breadcrumb"},"inLanguage":"pt-BR","potentialAction":[{"@type":"ReadAction","target":["https:\/\/portalmf.com.br\/index.php\/2022\/08\/19\/jeronimo-e-o-nome-que-vai-continuar-e-melhorar-nosso-trabalho-destaca-jaques-wagner\/"]}]},{"@type":"ImageObject","inLanguage":"pt-BR","@id":"https:\/\/portalmf.com.br\/index.php\/2022\/08\/19\/jeronimo-e-o-nome-que-vai-continuar-e-melhorar-nosso-trabalho-destaca-jaques-wagner\/#primaryimage","url":"https:\/\/portalmf.com.br\/wp-content\/uploads\/2022\/08\/WhatsApp-Image-2022-08-19-at-11.50.37.jpeg","contentUrl":"https:\/\/portalmf.com.br\/wp-content\/uploads\/2022\/08\/WhatsApp-Image-2022-08-19-at-11.50.37.jpeg","width":853,"height":1280},{"@type":"BreadcrumbList","@id":"https:\/\/portalmf.com.br\/index.php\/2022\/08\/19\/jeronimo-e-o-nome-que-vai-continuar-e-melhorar-nosso-trabalho-destaca-jaques-wagner\/#breadcrumb","itemListElement":[{"@type":"ListItem","position":1,"name":"In\u00edcio","item":"https:\/\/portalmf.com.br\/"},{"@type":"ListItem","position":2,"name":"&#8220;Jer\u00f4nimo \u00e9 o nome que vai continuar e melhorar nosso trabalho&#8221;, destaca Jaques Wagner"}]},{"@type":"WebSite","@id":"https:\/\/portalmf.com.br\/#website","url":"https:\/\/portalmf.com.br\/","name":"Portal MF","description":"Voc\u00ea conectado com a informa\u00e7\u00e3o","potentialAction":[{"@type":"SearchAction","target":{"@type":"EntryPoint","urlTemplate":"https:\/\/portalmf.com.br\/?s={search_term_string}"},"query-input":"required name=search_term_string"}],"inLanguage":"pt-BR"},{"@type":"Person","@id":"https:\/\/portalmf.com.br\/#\/schema\/person\/11c82086fe8abc05a19147e964587285","name":"Reginaldo J\u00fanior","image":{"@type":"ImageObject","inLanguage":"pt-BR","@id":"https:\/\/portalmf.com.br\/#\/schema\/person\/image\/","url":"https:\/\/secure.gravatar.com\/avatar\/32a3c797cd0ac47cc53b8644c62776f9?s=96&d=mm&r=g","contentUrl":"https:\/\/secure.gravatar.com\/avatar\/32a3c797cd0ac47cc53b8644c62776f9?s=96&d=mm&r=g","caption":"Reginaldo J\u00fanior"},"description":"Jornalista e idealizador Portal MF","sameAs":["https:\/\/portalmf.com.br\/index.php\/author\/reginaldojr\/","reginaldojrfsa","reginaldojuniormf","https:\/\/x.com\/reginaldojrmf"],"url":"https:\/\/portalmf.com.br\/index.php\/author\/reginaldojr\/"}]}},"_links":{"self":[{"href":"https:\/\/portalmf.com.br\/index.php\/wp-json\/wp\/v2\/posts\/3252"}],"collection":[{"href":"https:\/\/portalmf.com.br\/index.php\/wp-json\/wp\/v2\/posts"}],"about":[{"href":"https:\/\/portalmf.com.br\/index.php\/wp-json\/wp\/v2\/types\/post"}],"author":[{"embeddable":true,"href":"https:\/\/portalmf.com.br\/index.php\/wp-json\/wp\/v2\/users\/2"}],"replies":[{"embeddable":true,"href":"https:\/\/portalmf.com.br\/index.php\/wp-json\/wp\/v2\/comments?post=3252"}],"version-history":[{"count":2,"href":"https:\/\/portalmf.com.br\/index.php\/wp-json\/wp\/v2\/posts\/3252\/revisions"}],"predecessor-version":[{"id":3254,"href":"https:\/\/portalmf.com.br\/index.php\/wp-json\/wp\/v2\/posts\/3252\/revisions\/3254"}],"wp:featuredmedia":[{"embeddable":true,"href":"https:\/\/portalmf.com.br\/index.php\/wp-json\/wp\/v2\/media\/3255"}],"wp:attachment":[{"href":"https:\/\/portalmf.com.br\/index.php\/wp-json\/wp\/v2\/media?parent=3252"}],"wp:term":[{"taxonomy":"category","embeddable":true,"href":"https:\/\/portalmf.com.br\/index.php\/wp-json\/wp\/v2\/categories?post=3252"},{"taxonomy":"post_tag","embeddable":true,"href":"https:\/\/portalmf.com.br\/index.php\/wp-json\/wp\/v2\/tags?post=3252"}],"curies":[{"name":"wp","href":"https:\/\/api.w.org\/{rel}","templated":true}]}}