{"id":3244,"date":"2022-08-19T15:07:41","date_gmt":"2022-08-19T18:07:41","guid":{"rendered":"http:\/\/portalmf.com.br\/?p=3244"},"modified":"2022-08-19T15:07:42","modified_gmt":"2022-08-19T18:07:42","slug":"dupla-andre-e-mauro-confirma-dobradinha-de-apresentacoes-em-salvador","status":"publish","type":"post","link":"https:\/\/portalmf.com.br\/index.php\/2022\/08\/19\/dupla-andre-e-mauro-confirma-dobradinha-de-apresentacoes-em-salvador\/","title":{"rendered":"Dupla Andr\u00e9 e Mauro confirma dobradinha de apresenta\u00e7\u00f5es em Salvador"},"content":{"rendered":"\n<p>A semana ser\u00e1 de agenda movimentada para a dupla Andr\u00e9 &amp; Mauro. Nesta sexta, dia 19 de agosto, os cantores se apresentam no espa\u00e7o Nossa Vila, que fica no Clube Espanhol, em Ondina. <\/p>\n\n\n\n<p>Por l\u00e1, eles comandam o evento \u2018Sextaneja\u2019, ao lado de Danniel Vieira e da dupla P\u00e9ricles &amp; Leonardo. J\u00e1 no s\u00e1bado (20), o destino dos cantores ser\u00e1 o Aleat\u00f3rios Bar, na Pituba. Andr\u00e9 &amp; Mauro prometem uma noite de s\u00e1bado para l\u00e1 de divertida. <\/p>\n\n\n\n<p>Com um repert\u00f3rio recheado de sucessos do sertanejo atual e muitas can\u00e7\u00f5es autorais, os artistas tamb\u00e9m apresentam hits de outros ritmos, trazidos para a sua linguagem e garantem que anima\u00e7\u00e3o para o p\u00fablico n\u00e3o faltar\u00e1.<\/p>\n\n\n\n<p>Servi\u00e7os:<br>Sextaneja &#8211; Andr\u00e9 e Mauro + Danniel Vieira + P\u00e9ricles &amp; Leonardo<br>Sexta, 19 de agosto, a partir das 21 horas<br>Nossa Vila &#8211; Heliponto do Clube Espanhol, Ondina<br>Vendas e informa\u00e7\u00f5es: (71) 9 8185-0787<\/p>\n\n\n\n<p>Show Andr\u00e9 e Mauro<br>S\u00e1bado, 20 de agosto, a partir das 21 horas<br>Aleat\u00f3rios Bar, Rua Miguel Navarro Y Ca\u00f1izares, 234 &#8211; Pituba<br>Ingressos: R$ 30<br>Vendas: no local<\/p>\n","protected":false},"excerpt":{"rendered":"<p>A semana ser\u00e1 de agenda movimentada para a dupla Andr\u00e9 &amp; Mauro. Nesta sexta, dia 19 de agosto, os cantores se apresentam no espa\u00e7o Nossa Vila, que fica no Clube Espanhol, em Ondina. Por l\u00e1, eles comandam o evento \u2018Sextaneja\u2019, ao lado de Danniel Vieira e da dupla P\u00e9ricles &amp; Leonardo. J\u00e1 no s\u00e1bado (20), [&hellip;]<\/p>\n","protected":false},"author":2,"featured_media":3246,"comment_status":"open","ping_status":"open","sticky":false,"template":"","format":"standard","meta":{"_monsterinsights_skip_tracking":false,"_monsterinsights_sitenote_active":false,"_monsterinsights_sitenote_note":"","_monsterinsights_sitenote_category":0,"footnotes":""},"categories":[36],"tags":[],"yoast_head":"<!-- This site is optimized with the Yoast SEO plugin v22.9 - https:\/\/yoast.com\/wordpress\/plugins\/seo\/ -->\n<title>Dupla Andr\u00e9 e Mauro confirma dobradinha de apresenta\u00e7\u00f5es em Salvador - Portal MF<\/title>\n<meta name=\"robots\" content=\"index, follow, max-snippet:-1, max-image-preview:large, max-video-preview:-1\" \/>\n<link rel=\"canonical\" href=\"https:\/\/portalmf.com.br\/index.php\/2022\/08\/19\/dupla-andre-e-mauro-confirma-dobradinha-de-apresentacoes-em-salvador\/\" \/>\n<meta property=\"og:locale\" content=\"pt_BR\" \/>\n<meta property=\"og:type\" content=\"article\" \/>\n<meta property=\"og:title\" content=\"Dupla Andr\u00e9 e Mauro confirma dobradinha de apresenta\u00e7\u00f5es em Salvador - Portal MF\" \/>\n<meta property=\"og:description\" content=\"A semana ser\u00e1 de agenda movimentada para a dupla Andr\u00e9 &amp; Mauro. Nesta sexta, dia 19 de agosto, os cantores se apresentam no espa\u00e7o Nossa Vila, que fica no Clube Espanhol, em Ondina. Por l\u00e1, eles comandam o evento \u2018Sextaneja\u2019, ao lado de Danniel Vieira e da dupla P\u00e9ricles &amp; Leonardo. J\u00e1 no s\u00e1bado (20), [&hellip;]\" \/>\n<meta property=\"og:url\" content=\"https:\/\/portalmf.com.br\/index.php\/2022\/08\/19\/dupla-andre-e-mauro-confirma-dobradinha-de-apresentacoes-em-salvador\/\" \/>\n<meta property=\"og:site_name\" content=\"Portal MF\" \/>\n<meta property=\"article:author\" content=\"reginaldojrfsa\" \/>\n<meta property=\"article:published_time\" content=\"2022-08-19T18:07:41+00:00\" \/>\n<meta property=\"article:modified_time\" content=\"2022-08-19T18:07:42+00:00\" \/>\n<meta property=\"og:image\" content=\"https:\/\/portalmf.com.br\/wp-content\/uploads\/2022\/08\/WhatsApp-Image-2022-08-19-at-09.15.39.jpeg\" \/>\n\t<meta property=\"og:image:width\" content=\"1280\" \/>\n\t<meta property=\"og:image:height\" content=\"913\" \/>\n\t<meta property=\"og:image:type\" content=\"image\/jpeg\" \/>\n<meta name=\"author\" content=\"Reginaldo J\u00fanior\" \/>\n<meta name=\"twitter:card\" content=\"summary_large_image\" \/>\n<meta name=\"twitter:creator\" content=\"@reginaldojrmf\" \/>\n<meta name=\"twitter:label1\" content=\"Escrito por\" \/>\n\t<meta name=\"twitter:data1\" content=\"Reginaldo J\u00fanior\" \/>\n\t<meta name=\"twitter:label2\" content=\"Est. tempo de leitura\" \/>\n\t<meta name=\"twitter:data2\" content=\"1 minuto\" \/>\n<script type=\"application\/ld+json\" class=\"yoast-schema-graph\">{\"@context\":\"https:\/\/schema.org\",\"@graph\":[{\"@type\":\"WebPage\",\"@id\":\"https:\/\/portalmf.com.br\/index.php\/2022\/08\/19\/dupla-andre-e-mauro-confirma-dobradinha-de-apresentacoes-em-salvador\/\",\"url\":\"https:\/\/portalmf.com.br\/index.php\/2022\/08\/19\/dupla-andre-e-mauro-confirma-dobradinha-de-apresentacoes-em-salvador\/\",\"name\":\"Dupla Andr\u00e9 e Mauro confirma dobradinha de apresenta\u00e7\u00f5es em Salvador - Portal MF\",\"isPartOf\":{\"@id\":\"https:\/\/portalmf.com.br\/#website\"},\"primaryImageOfPage\":{\"@id\":\"https:\/\/portalmf.com.br\/index.php\/2022\/08\/19\/dupla-andre-e-mauro-confirma-dobradinha-de-apresentacoes-em-salvador\/#primaryimage\"},\"image\":{\"@id\":\"https:\/\/portalmf.com.br\/index.php\/2022\/08\/19\/dupla-andre-e-mauro-confirma-dobradinha-de-apresentacoes-em-salvador\/#primaryimage\"},\"thumbnailUrl\":\"https:\/\/portalmf.com.br\/wp-content\/uploads\/2022\/08\/WhatsApp-Image-2022-08-19-at-09.15.39.jpeg\",\"datePublished\":\"2022-08-19T18:07:41+00:00\",\"dateModified\":\"2022-08-19T18:07:42+00:00\",\"author\":{\"@id\":\"https:\/\/portalmf.com.br\/#\/schema\/person\/11c82086fe8abc05a19147e964587285\"},\"breadcrumb\":{\"@id\":\"https:\/\/portalmf.com.br\/index.php\/2022\/08\/19\/dupla-andre-e-mauro-confirma-dobradinha-de-apresentacoes-em-salvador\/#breadcrumb\"},\"inLanguage\":\"pt-BR\",\"potentialAction\":[{\"@type\":\"ReadAction\",\"target\":[\"https:\/\/portalmf.com.br\/index.php\/2022\/08\/19\/dupla-andre-e-mauro-confirma-dobradinha-de-apresentacoes-em-salvador\/\"]}]},{\"@type\":\"ImageObject\",\"inLanguage\":\"pt-BR\",\"@id\":\"https:\/\/portalmf.com.br\/index.php\/2022\/08\/19\/dupla-andre-e-mauro-confirma-dobradinha-de-apresentacoes-em-salvador\/#primaryimage\",\"url\":\"https:\/\/portalmf.com.br\/wp-content\/uploads\/2022\/08\/WhatsApp-Image-2022-08-19-at-09.15.39.jpeg\",\"contentUrl\":\"https:\/\/portalmf.com.br\/wp-content\/uploads\/2022\/08\/WhatsApp-Image-2022-08-19-at-09.15.39.jpeg\",\"width\":1280,\"height\":913},{\"@type\":\"BreadcrumbList\",\"@id\":\"https:\/\/portalmf.com.br\/index.php\/2022\/08\/19\/dupla-andre-e-mauro-confirma-dobradinha-de-apresentacoes-em-salvador\/#breadcrumb\",\"itemListElement\":[{\"@type\":\"ListItem\",\"position\":1,\"name\":\"In\u00edcio\",\"item\":\"https:\/\/portalmf.com.br\/\"},{\"@type\":\"ListItem\",\"position\":2,\"name\":\"Dupla Andr\u00e9 e Mauro confirma dobradinha de apresenta\u00e7\u00f5es em Salvador\"}]},{\"@type\":\"WebSite\",\"@id\":\"https:\/\/portalmf.com.br\/#website\",\"url\":\"https:\/\/portalmf.com.br\/\",\"name\":\"Portal MF\",\"description\":\"Voc\u00ea conectado com a informa\u00e7\u00e3o\",\"potentialAction\":[{\"@type\":\"SearchAction\",\"target\":{\"@type\":\"EntryPoint\",\"urlTemplate\":\"https:\/\/portalmf.com.br\/?s={search_term_string}\"},\"query-input\":\"required name=search_term_string\"}],\"inLanguage\":\"pt-BR\"},{\"@type\":\"Person\",\"@id\":\"https:\/\/portalmf.com.br\/#\/schema\/person\/11c82086fe8abc05a19147e964587285\",\"name\":\"Reginaldo J\u00fanior\",\"image\":{\"@type\":\"ImageObject\",\"inLanguage\":\"pt-BR\",\"@id\":\"https:\/\/portalmf.com.br\/#\/schema\/person\/image\/\",\"url\":\"https:\/\/secure.gravatar.com\/avatar\/32a3c797cd0ac47cc53b8644c62776f9?s=96&d=mm&r=g\",\"contentUrl\":\"https:\/\/secure.gravatar.com\/avatar\/32a3c797cd0ac47cc53b8644c62776f9?s=96&d=mm&r=g\",\"caption\":\"Reginaldo J\u00fanior\"},\"description\":\"Jornalista e idealizador Portal MF\",\"sameAs\":[\"https:\/\/portalmf.com.br\/index.php\/author\/reginaldojr\/\",\"reginaldojrfsa\",\"reginaldojuniormf\",\"https:\/\/x.com\/reginaldojrmf\"],\"url\":\"https:\/\/portalmf.com.br\/index.php\/author\/reginaldojr\/\"}]}<\/script>\n<!-- \/ Yoast SEO plugin. -->","yoast_head_json":{"title":"Dupla Andr\u00e9 e Mauro confirma dobradinha de apresenta\u00e7\u00f5es em Salvador - Portal MF","robots":{"index":"index","follow":"follow","max-snippet":"max-snippet:-1","max-image-preview":"max-image-preview:large","max-video-preview":"max-video-preview:-1"},"canonical":"https:\/\/portalmf.com.br\/index.php\/2022\/08\/19\/dupla-andre-e-mauro-confirma-dobradinha-de-apresentacoes-em-salvador\/","og_locale":"pt_BR","og_type":"article","og_title":"Dupla Andr\u00e9 e Mauro confirma dobradinha de apresenta\u00e7\u00f5es em Salvador - Portal MF","og_description":"A semana ser\u00e1 de agenda movimentada para a dupla Andr\u00e9 &amp; Mauro. Nesta sexta, dia 19 de agosto, os cantores se apresentam no espa\u00e7o Nossa Vila, que fica no Clube Espanhol, em Ondina. Por l\u00e1, eles comandam o evento \u2018Sextaneja\u2019, ao lado de Danniel Vieira e da dupla P\u00e9ricles &amp; Leonardo. J\u00e1 no s\u00e1bado (20), [&hellip;]","og_url":"https:\/\/portalmf.com.br\/index.php\/2022\/08\/19\/dupla-andre-e-mauro-confirma-dobradinha-de-apresentacoes-em-salvador\/","og_site_name":"Portal MF","article_author":"reginaldojrfsa","article_published_time":"2022-08-19T18:07:41+00:00","article_modified_time":"2022-08-19T18:07:42+00:00","og_image":[{"width":1280,"height":913,"url":"https:\/\/portalmf.com.br\/wp-content\/uploads\/2022\/08\/WhatsApp-Image-2022-08-19-at-09.15.39.jpeg","type":"image\/jpeg"}],"author":"Reginaldo J\u00fanior","twitter_card":"summary_large_image","twitter_creator":"@reginaldojrmf","twitter_misc":{"Escrito por":"Reginaldo J\u00fanior","Est. tempo de leitura":"1 minuto"},"schema":{"@context":"https:\/\/schema.org","@graph":[{"@type":"WebPage","@id":"https:\/\/portalmf.com.br\/index.php\/2022\/08\/19\/dupla-andre-e-mauro-confirma-dobradinha-de-apresentacoes-em-salvador\/","url":"https:\/\/portalmf.com.br\/index.php\/2022\/08\/19\/dupla-andre-e-mauro-confirma-dobradinha-de-apresentacoes-em-salvador\/","name":"Dupla Andr\u00e9 e Mauro confirma dobradinha de apresenta\u00e7\u00f5es em Salvador - Portal MF","isPartOf":{"@id":"https:\/\/portalmf.com.br\/#website"},"primaryImageOfPage":{"@id":"https:\/\/portalmf.com.br\/index.php\/2022\/08\/19\/dupla-andre-e-mauro-confirma-dobradinha-de-apresentacoes-em-salvador\/#primaryimage"},"image":{"@id":"https:\/\/portalmf.com.br\/index.php\/2022\/08\/19\/dupla-andre-e-mauro-confirma-dobradinha-de-apresentacoes-em-salvador\/#primaryimage"},"thumbnailUrl":"https:\/\/portalmf.com.br\/wp-content\/uploads\/2022\/08\/WhatsApp-Image-2022-08-19-at-09.15.39.jpeg","datePublished":"2022-08-19T18:07:41+00:00","dateModified":"2022-08-19T18:07:42+00:00","author":{"@id":"https:\/\/portalmf.com.br\/#\/schema\/person\/11c82086fe8abc05a19147e964587285"},"breadcrumb":{"@id":"https:\/\/portalmf.com.br\/index.php\/2022\/08\/19\/dupla-andre-e-mauro-confirma-dobradinha-de-apresentacoes-em-salvador\/#breadcrumb"},"inLanguage":"pt-BR","potentialAction":[{"@type":"ReadAction","target":["https:\/\/portalmf.com.br\/index.php\/2022\/08\/19\/dupla-andre-e-mauro-confirma-dobradinha-de-apresentacoes-em-salvador\/"]}]},{"@type":"ImageObject","inLanguage":"pt-BR","@id":"https:\/\/portalmf.com.br\/index.php\/2022\/08\/19\/dupla-andre-e-mauro-confirma-dobradinha-de-apresentacoes-em-salvador\/#primaryimage","url":"https:\/\/portalmf.com.br\/wp-content\/uploads\/2022\/08\/WhatsApp-Image-2022-08-19-at-09.15.39.jpeg","contentUrl":"https:\/\/portalmf.com.br\/wp-content\/uploads\/2022\/08\/WhatsApp-Image-2022-08-19-at-09.15.39.jpeg","width":1280,"height":913},{"@type":"BreadcrumbList","@id":"https:\/\/portalmf.com.br\/index.php\/2022\/08\/19\/dupla-andre-e-mauro-confirma-dobradinha-de-apresentacoes-em-salvador\/#breadcrumb","itemListElement":[{"@type":"ListItem","position":1,"name":"In\u00edcio","item":"https:\/\/portalmf.com.br\/"},{"@type":"ListItem","position":2,"name":"Dupla Andr\u00e9 e Mauro confirma dobradinha de apresenta\u00e7\u00f5es em Salvador"}]},{"@type":"WebSite","@id":"https:\/\/portalmf.com.br\/#website","url":"https:\/\/portalmf.com.br\/","name":"Portal MF","description":"Voc\u00ea conectado com a informa\u00e7\u00e3o","potentialAction":[{"@type":"SearchAction","target":{"@type":"EntryPoint","urlTemplate":"https:\/\/portalmf.com.br\/?s={search_term_string}"},"query-input":"required name=search_term_string"}],"inLanguage":"pt-BR"},{"@type":"Person","@id":"https:\/\/portalmf.com.br\/#\/schema\/person\/11c82086fe8abc05a19147e964587285","name":"Reginaldo J\u00fanior","image":{"@type":"ImageObject","inLanguage":"pt-BR","@id":"https:\/\/portalmf.com.br\/#\/schema\/person\/image\/","url":"https:\/\/secure.gravatar.com\/avatar\/32a3c797cd0ac47cc53b8644c62776f9?s=96&d=mm&r=g","contentUrl":"https:\/\/secure.gravatar.com\/avatar\/32a3c797cd0ac47cc53b8644c62776f9?s=96&d=mm&r=g","caption":"Reginaldo J\u00fanior"},"description":"Jornalista e idealizador Portal MF","sameAs":["https:\/\/portalmf.com.br\/index.php\/author\/reginaldojr\/","reginaldojrfsa","reginaldojuniormf","https:\/\/x.com\/reginaldojrmf"],"url":"https:\/\/portalmf.com.br\/index.php\/author\/reginaldojr\/"}]}},"_links":{"self":[{"href":"https:\/\/portalmf.com.br\/index.php\/wp-json\/wp\/v2\/posts\/3244"}],"collection":[{"href":"https:\/\/portalmf.com.br\/index.php\/wp-json\/wp\/v2\/posts"}],"about":[{"href":"https:\/\/portalmf.com.br\/index.php\/wp-json\/wp\/v2\/types\/post"}],"author":[{"embeddable":true,"href":"https:\/\/portalmf.com.br\/index.php\/wp-json\/wp\/v2\/users\/2"}],"replies":[{"embeddable":true,"href":"https:\/\/portalmf.com.br\/index.php\/wp-json\/wp\/v2\/comments?post=3244"}],"version-history":[{"count":2,"href":"https:\/\/portalmf.com.br\/index.php\/wp-json\/wp\/v2\/posts\/3244\/revisions"}],"predecessor-version":[{"id":3247,"href":"https:\/\/portalmf.com.br\/index.php\/wp-json\/wp\/v2\/posts\/3244\/revisions\/3247"}],"wp:featuredmedia":[{"embeddable":true,"href":"https:\/\/portalmf.com.br\/index.php\/wp-json\/wp\/v2\/media\/3246"}],"wp:attachment":[{"href":"https:\/\/portalmf.com.br\/index.php\/wp-json\/wp\/v2\/media?parent=3244"}],"wp:term":[{"taxonomy":"category","embeddable":true,"href":"https:\/\/portalmf.com.br\/index.php\/wp-json\/wp\/v2\/categories?post=3244"},{"taxonomy":"post_tag","embeddable":true,"href":"https:\/\/portalmf.com.br\/index.php\/wp-json\/wp\/v2\/tags?post=3244"}],"curies":[{"name":"wp","href":"https:\/\/api.w.org\/{rel}","templated":true}]}}