{"id":32318,"date":"2024-12-12T13:47:53","date_gmt":"2024-12-12T16:47:53","guid":{"rendered":"https:\/\/portalmf.com.br\/?p=32318"},"modified":"2024-12-12T13:47:55","modified_gmt":"2024-12-12T16:47:55","slug":"lula-e-haddad-venceriam-bolsonaro-e-tarcisio-em-2026-veja-destaques-da-pesquisa-quaest","status":"publish","type":"post","link":"https:\/\/portalmf.com.br\/index.php\/2024\/12\/12\/lula-e-haddad-venceriam-bolsonaro-e-tarcisio-em-2026-veja-destaques-da-pesquisa-quaest\/","title":{"rendered":"Lula e Haddad venceriam Bolsonaro e Tarc\u00edsio em 2026; veja destaques da pesquisa Quaest"},"content":{"rendered":"\n<p>A\u00a0<strong>pesquisa da Genial\/Quaest<\/strong>\u00a0\u00a0divulgada nesta quinta-feira (12) mostra que o presidente\u00a0\u00a0Luiz In\u00e1cio Lula da Silva (PT)\u00a0venceria todos os opositores em um eventual segundo turno nas elei\u00e7\u00f5es de 2026. Em um cen\u00e1rio com o candidato governista sendo\u00a0Fernando Haddad\u00a0, ministro da Fazenda, a vantagem continua.<\/p>\n\n\n\n<p>A pesquisa tamb\u00e9m aponta que 52% dos brasileiros s\u00e3o contr\u00e1rios \u00e0 reelei\u00e7\u00e3o de\u00a0<strong>Lula<\/strong>\u00a0, e que, sem\u00a0Jair Bolsonaro (PL)\u00a0, que est\u00e1\u00a0<strong>ineleg\u00edvel<\/strong>\u00a0e apresentou 57% de rejei\u00e7\u00e3o na pesquisa, a ex-primeira-dama\u00a0<strong>Michelle Bolsonaro<\/strong>\u00a0aparece como candidata mais forte na disputa contra o petista, com 21% das escolhas. Confira os destaques da pesquisa.<\/p>\n\n\n\n<h3 class=\"wp-block-heading\">Lula venceria no segundo turno<\/h3>\n\n\n\n<p>Contra Jair Bolsonaro (PL), Lula tem 51% das inten\u00e7\u00f5es de voto, contra 35% do ex-presidente. Enfrentando&nbsp;<strong>Tarc\u00edsio de Freitas (Republicanos)<\/strong>&nbsp;, o presidente tem 52% contra 26% do governador paulista.<\/p>\n\n\n\n<p>Em um cen\u00e1rio no qual&nbsp;<strong>Pablo Mar\u00e7al (PRTB)<\/strong>&nbsp;esteja no segundo turno, Lula tem 52%, contra 27% do empres\u00e1rio. Contra o governador de Goi\u00e1s,&nbsp;<strong>Ronaldo Caiado (Uni\u00e3o)<\/strong>&nbsp;, Lula vence com 54% contra 20%.<\/p>\n\n\n\n<h3 class=\"wp-block-heading\">Haddad mant\u00e9m vantagem do PT<\/h3>\n\n\n\n<p>Nos cen\u00e1rios sem Lula e com Fernando Haddad concorrendo, o PT mant\u00e9m vantagem nas disputas. Contra Bolsonaro, Haddad vence com 42% contra 35%; enfrentando Tarc\u00edsio, a porcentagem \u00e9 de 44% contra 35%, a favor do petista.<\/p>\n\n\n\n<p>Na disputa contra Mar\u00e7al, os n\u00fameros favor\u00e1veis a Haddad s\u00e3o 42% contra 28%. Com Caiado, Fernando Haddad tem 45%, contra 19% do governador goiano.<\/p>\n\n\n\n<h3 class=\"wp-block-heading\">Cen\u00e1rios com Lula na disputa do segundo turno em 2026:<\/h3>\n\n\n\n<p><strong>Lula x Bolsonaro<\/strong><\/p>\n\n\n\n<ul>\n<li>Luiz In\u00e1cio Lula da Silva (PT): 51%<\/li>\n\n\n\n<li>Jair Bolsonaro (PL): 35%<\/li>\n\n\n\n<li>Indecisos: 3%<\/li>\n\n\n\n<li>Branco\/nulo\/n\u00e3o vai votar: 11%<\/li>\n<\/ul>\n\n\n\n<p><strong>Lula x Tarc\u00edsio<\/strong><\/p>\n\n\n\n<ul>\n<li>Luiz In\u00e1cio Lula da Silva (PT): 52%<\/li>\n\n\n\n<li>Tarc\u00edsio de Freitas (Republicanos): 26%<\/li>\n\n\n\n<li>Indecisos: 5%<\/li>\n\n\n\n<li>Branco\/nulo\/n\u00e3o vai votar: 17%<\/li>\n<\/ul>\n\n\n\n<p><strong>Lula x Mar\u00e7al<\/strong><\/p>\n\n\n\n<ul>\n<li>Luiz In\u00e1cio Lula da Silva (PT): 52%<\/li>\n\n\n\n<li>Pablo Mar\u00e7al (PRTB): 27%<\/li>\n\n\n\n<li>Indecisos: 4%<\/li>\n\n\n\n<li>Branco\/nulo\/n\u00e3o vai votar: 17%<\/li>\n<\/ul>\n\n\n\n<p><strong>Lula x Caiado<\/strong><\/p>\n\n\n\n<ul>\n<li>Luiz In\u00e1cio Lula da Silva (PT): 54%<\/li>\n\n\n\n<li>Ronaldo Caiado (Uni\u00e3o): 20%<\/li>\n\n\n\n<li>Indecisos: 5%<\/li>\n\n\n\n<li>Branco\/nulo\/n\u00e3o vai votar: 21%<\/li>\n<\/ul>\n\n\n\n<h3 class=\"wp-block-heading\">Cen\u00e1rios com Haddad na disputa do segundo turno em 2026:<\/h3>\n\n\n\n<p><strong>Haddad x Bolsonaro<\/strong><\/p>\n\n\n\n<ul>\n<li>Fernando Haddad (PT): 42%<\/li>\n\n\n\n<li>Jair Bolsonaro (PL): 35%<\/li>\n\n\n\n<li>Indecisos: 5%<\/li>\n\n\n\n<li>Branco\/nulo\/n\u00e3o vai votar: 17%<\/li>\n<\/ul>\n\n\n\n<p><strong>Haddad x Tarc\u00edsio<\/strong><\/p>\n\n\n\n<ul>\n<li>Fernando Haddad (PT): 44%<\/li>\n\n\n\n<li>Tarc\u00edsio de Freitas (Republicanos): 25%<\/li>\n\n\n\n<li>Indecisos: 7%<\/li>\n\n\n\n<li>Branco\/nulo\/n\u00e3o vai votar: 24%<\/li>\n<\/ul>\n\n\n\n<p><strong>Haddad x Mar\u00e7al<\/strong><\/p>\n\n\n\n<ul>\n<li>Fernando Haddad (PT): 42%<\/li>\n\n\n\n<li>Pablo Mar\u00e7al (PRTB): 28%<\/li>\n\n\n\n<li>Indecisos: 6%<\/li>\n\n\n\n<li>Branco\/nulo\/n\u00e3o vai votar: 23%<\/li>\n<\/ul>\n\n\n\n<p><strong>Haddad x Caiado<\/strong><\/p>\n\n\n\n<ul>\n<li>Fernando Haddad (PT): 45%<\/li>\n\n\n\n<li>Ronaldo Caiado (Uni\u00e3o): 19%<\/li>\n\n\n\n<li>Indecisos: 7%<\/li>\n\n\n\n<li>Branco\/nulo\/n\u00e3o vai votar: 28%<\/li>\n<\/ul>\n\n\n\n<h3 class=\"wp-block-heading\">Outros resultados da pesquisa<\/h3>\n\n\n\n<p>A pesquisa Quaest tamb\u00e9m perguntou aos eleitores se Lula deveria se candidatar \u00e0 reelei\u00e7\u00e3o, quem deveria ser o candidato do governo sem o atual presidente e tamb\u00e9m quem deveria ser o da oposi\u00e7\u00e3o, em um cen\u00e1rio sem Bolsonaro. A Quaest perguntou aos entrevistados se eles conheciam e votariam em determinados candidatos.<\/p>\n\n\n\n<p>Foram entrevistadas 8.598 pessoas, pessoalmente, entre 4 e 9 de dezembro. A margem de erro \u00e9 de um ponto percentual para mais ou para menos. O n\u00edvel de confian\u00e7a \u00e9 de 95%.<\/p>\n\n\n\n<h3 class=\"wp-block-heading\">Para voc\u00ea, Lula deveria se candidatar \u00e0 reelei\u00e7\u00e3o em 2026?&nbsp;<\/h3>\n\n\n\n<ul>\n<li>Sim: 45%<\/li>\n\n\n\n<li>N\u00e3o: 52%&nbsp;<\/li>\n\n\n\n<li>N\u00e3o sabem ou n\u00e3o responderam: 3%<\/li>\n<\/ul>\n\n\n\n<h3 class=\"wp-block-heading\">Se Lula n\u00e3o for candidato em 2026, quem deveria ser o candidato do governo?<\/h3>\n\n\n\n<ul>\n<li>Fernando Haddad: 27%<\/li>\n\n\n\n<li>Ciro Gomes: 17%<\/li>\n\n\n\n<li>Geraldo Alckmin: 14%<\/li>\n\n\n\n<li>Eduardo Paes: 4%<\/li>\n\n\n\n<li>Rui Costa: 2%<\/li>\n\n\n\n<li>Gleisi Hoffmann: 2%<\/li>\n\n\n\n<li>N\u00e3o sabe ou n\u00e3o respondeu: 33%<\/li>\n<\/ul>\n\n\n\n<h3 class=\"wp-block-heading\">Se Bolsonaro n\u00e3o puder ser candidato em 2026, quem \u00e9 o candidato mais forte contra Lula?<\/h3>\n\n\n\n<ul>\n<li>Michelle Bolsonaro: 21%<\/li>\n\n\n\n<li>Pablo Mar\u00e7al: 18%<\/li>\n\n\n\n<li>Tarc\u00edsio de Freitas: 17%<\/li>\n\n\n\n<li>Simone Tebet: 10%<\/li>\n\n\n\n<li>Ratinho J\u00fanior: 7%<\/li>\n\n\n\n<li>Romeu Zema: 4%<\/li>\n\n\n\n<li>Ronaldo Caiado: 3%<\/li>\n\n\n\n<li>N\u00e3o sabem ou n\u00e3o responderam: 21%<\/li>\n<\/ul>\n\n\n\n<h3 class=\"wp-block-heading\">Candidatos que conhece mas n\u00e3o votaria em 2026:<\/h3>\n\n\n\n<ul>\n<li>Bolsonaro: 57%<\/li>\n\n\n\n<li>Lula: 45%<\/li>\n\n\n\n<li>Fernando Haddad: 52%<\/li>\n\n\n\n<li>Ciro Gomes: 52%<\/li>\n\n\n\n<li>Michelle Bolsonaro: 51%<\/li>\n\n\n\n<li>Pablo Mar\u00e7al: 43%<\/li>\n\n\n\n<li>Tarc\u00edsio de Freitas: 33%<\/li>\n\n\n\n<li>Ratinho J\u00fanior: 32%<\/li>\n\n\n\n<li>Ronaldo Caiado: 27%<\/li>\n<\/ul>\n\n\n\n<p>Com informa\u00e7\u00f5es do IG<\/p>\n","protected":false},"excerpt":{"rendered":"<p>A\u00a0pesquisa da Genial\/Quaest\u00a0\u00a0divulgada nesta quinta-feira (12) mostra que o presidente\u00a0\u00a0Luiz In\u00e1cio Lula da Silva (PT)\u00a0venceria todos os opositores em um eventual segundo turno nas elei\u00e7\u00f5es de 2026. Em um cen\u00e1rio com o candidato governista sendo\u00a0Fernando Haddad\u00a0, ministro da Fazenda, a vantagem continua. A pesquisa tamb\u00e9m aponta que 52% dos brasileiros s\u00e3o contr\u00e1rios \u00e0 reelei\u00e7\u00e3o de\u00a0Lula\u00a0, [&hellip;]<\/p>\n","protected":false},"author":3,"featured_media":32319,"comment_status":"open","ping_status":"open","sticky":false,"template":"","format":"standard","meta":{"_monsterinsights_skip_tracking":false,"_monsterinsights_sitenote_active":false,"_monsterinsights_sitenote_note":"","_monsterinsights_sitenote_category":0,"footnotes":""},"categories":[301,34],"tags":[],"yoast_head":"<!-- This site is optimized with the Yoast SEO plugin v22.9 - https:\/\/yoast.com\/wordpress\/plugins\/seo\/ -->\n<title>Lula e Haddad venceriam Bolsonaro e Tarc\u00edsio em 2026; veja destaques da pesquisa Quaest - Portal MF<\/title>\n<meta name=\"robots\" content=\"index, follow, max-snippet:-1, max-image-preview:large, max-video-preview:-1\" \/>\n<link rel=\"canonical\" href=\"https:\/\/portalmf.com.br\/index.php\/2024\/12\/12\/lula-e-haddad-venceriam-bolsonaro-e-tarcisio-em-2026-veja-destaques-da-pesquisa-quaest\/\" \/>\n<meta property=\"og:locale\" content=\"pt_BR\" \/>\n<meta property=\"og:type\" content=\"article\" \/>\n<meta property=\"og:title\" content=\"Lula e Haddad venceriam Bolsonaro e Tarc\u00edsio em 2026; veja destaques da pesquisa Quaest - Portal MF\" \/>\n<meta property=\"og:description\" content=\"A\u00a0pesquisa da Genial\/Quaest\u00a0\u00a0divulgada nesta quinta-feira (12) mostra que o presidente\u00a0\u00a0Luiz In\u00e1cio Lula da Silva (PT)\u00a0venceria todos os opositores em um eventual segundo turno nas elei\u00e7\u00f5es de 2026. Em um cen\u00e1rio com o candidato governista sendo\u00a0Fernando Haddad\u00a0, ministro da Fazenda, a vantagem continua. A pesquisa tamb\u00e9m aponta que 52% dos brasileiros s\u00e3o contr\u00e1rios \u00e0 reelei\u00e7\u00e3o de\u00a0Lula\u00a0, [&hellip;]\" \/>\n<meta property=\"og:url\" content=\"https:\/\/portalmf.com.br\/index.php\/2024\/12\/12\/lula-e-haddad-venceriam-bolsonaro-e-tarcisio-em-2026-veja-destaques-da-pesquisa-quaest\/\" \/>\n<meta property=\"og:site_name\" content=\"Portal MF\" \/>\n<meta property=\"article:author\" content=\"https:\/\/www.facebook.com\/portalmfoficial\" \/>\n<meta property=\"article:published_time\" content=\"2024-12-12T16:47:53+00:00\" \/>\n<meta property=\"article:modified_time\" content=\"2024-12-12T16:47:55+00:00\" \/>\n<meta property=\"og:image\" content=\"https:\/\/portalmf.com.br\/wp-content\/uploads\/2024\/12\/Presidente-da-Republica-Luiz-Inacio-Lula-da-Silva-e-o-minisro-da-Fazendo-Fernando-Haddad.jpg\" \/>\n\t<meta property=\"og:image:width\" content=\"1200\" \/>\n\t<meta property=\"og:image:height\" content=\"800\" \/>\n\t<meta property=\"og:image:type\" content=\"image\/jpeg\" \/>\n<meta name=\"author\" content=\"Reda\u00e7\u00e3o Portal MF\" \/>\n<meta name=\"twitter:card\" content=\"summary_large_image\" \/>\n<meta name=\"twitter:creator\" content=\"@https:\/\/x.com\/portalmfoficial\" \/>\n<meta name=\"twitter:label1\" content=\"Escrito por\" \/>\n\t<meta name=\"twitter:data1\" content=\"Reda\u00e7\u00e3o Portal MF\" \/>\n\t<meta name=\"twitter:label2\" content=\"Est. tempo de leitura\" \/>\n\t<meta name=\"twitter:data2\" content=\"4 minutos\" \/>\n<script type=\"application\/ld+json\" class=\"yoast-schema-graph\">{\"@context\":\"https:\/\/schema.org\",\"@graph\":[{\"@type\":\"WebPage\",\"@id\":\"https:\/\/portalmf.com.br\/index.php\/2024\/12\/12\/lula-e-haddad-venceriam-bolsonaro-e-tarcisio-em-2026-veja-destaques-da-pesquisa-quaest\/\",\"url\":\"https:\/\/portalmf.com.br\/index.php\/2024\/12\/12\/lula-e-haddad-venceriam-bolsonaro-e-tarcisio-em-2026-veja-destaques-da-pesquisa-quaest\/\",\"name\":\"Lula e Haddad venceriam Bolsonaro e Tarc\u00edsio em 2026; veja destaques da pesquisa Quaest - Portal MF\",\"isPartOf\":{\"@id\":\"https:\/\/portalmf.com.br\/#website\"},\"primaryImageOfPage\":{\"@id\":\"https:\/\/portalmf.com.br\/index.php\/2024\/12\/12\/lula-e-haddad-venceriam-bolsonaro-e-tarcisio-em-2026-veja-destaques-da-pesquisa-quaest\/#primaryimage\"},\"image\":{\"@id\":\"https:\/\/portalmf.com.br\/index.php\/2024\/12\/12\/lula-e-haddad-venceriam-bolsonaro-e-tarcisio-em-2026-veja-destaques-da-pesquisa-quaest\/#primaryimage\"},\"thumbnailUrl\":\"https:\/\/portalmf.com.br\/wp-content\/uploads\/2024\/12\/Presidente-da-Republica-Luiz-Inacio-Lula-da-Silva-e-o-minisro-da-Fazendo-Fernando-Haddad.jpg\",\"datePublished\":\"2024-12-12T16:47:53+00:00\",\"dateModified\":\"2024-12-12T16:47:55+00:00\",\"author\":{\"@id\":\"https:\/\/portalmf.com.br\/#\/schema\/person\/9ec101baf56233e53520c26de5d6f6f0\"},\"breadcrumb\":{\"@id\":\"https:\/\/portalmf.com.br\/index.php\/2024\/12\/12\/lula-e-haddad-venceriam-bolsonaro-e-tarcisio-em-2026-veja-destaques-da-pesquisa-quaest\/#breadcrumb\"},\"inLanguage\":\"pt-BR\",\"potentialAction\":[{\"@type\":\"ReadAction\",\"target\":[\"https:\/\/portalmf.com.br\/index.php\/2024\/12\/12\/lula-e-haddad-venceriam-bolsonaro-e-tarcisio-em-2026-veja-destaques-da-pesquisa-quaest\/\"]}]},{\"@type\":\"ImageObject\",\"inLanguage\":\"pt-BR\",\"@id\":\"https:\/\/portalmf.com.br\/index.php\/2024\/12\/12\/lula-e-haddad-venceriam-bolsonaro-e-tarcisio-em-2026-veja-destaques-da-pesquisa-quaest\/#primaryimage\",\"url\":\"https:\/\/portalmf.com.br\/wp-content\/uploads\/2024\/12\/Presidente-da-Republica-Luiz-Inacio-Lula-da-Silva-e-o-minisro-da-Fazendo-Fernando-Haddad.jpg\",\"contentUrl\":\"https:\/\/portalmf.com.br\/wp-content\/uploads\/2024\/12\/Presidente-da-Republica-Luiz-Inacio-Lula-da-Silva-e-o-minisro-da-Fazendo-Fernando-Haddad.jpg\",\"width\":1200,\"height\":800,\"caption\":\"S\u00e3o Paulo (SP), 18\/10\/2024 - Presidente da Rep\u00fablica, Luiz In\u00e1cio Lula da Silva e o minisro da Fazendo Fernando Haddad durante lan\u00e7amento do programa Acredita - sobre concess\u00e3o de cr\u00e9dito, renegocia\u00e7\u00e3o de d\u00edvidas, programas setoriais e consultorias. Foto: Paulo Pinto\/Ag\u00eancia Brasil\"},{\"@type\":\"BreadcrumbList\",\"@id\":\"https:\/\/portalmf.com.br\/index.php\/2024\/12\/12\/lula-e-haddad-venceriam-bolsonaro-e-tarcisio-em-2026-veja-destaques-da-pesquisa-quaest\/#breadcrumb\",\"itemListElement\":[{\"@type\":\"ListItem\",\"position\":1,\"name\":\"In\u00edcio\",\"item\":\"https:\/\/portalmf.com.br\/\"},{\"@type\":\"ListItem\",\"position\":2,\"name\":\"Lula e Haddad venceriam Bolsonaro e Tarc\u00edsio em 2026; veja destaques da pesquisa Quaest\"}]},{\"@type\":\"WebSite\",\"@id\":\"https:\/\/portalmf.com.br\/#website\",\"url\":\"https:\/\/portalmf.com.br\/\",\"name\":\"Portal MF\",\"description\":\"Voc\u00ea conectado com a informa\u00e7\u00e3o\",\"potentialAction\":[{\"@type\":\"SearchAction\",\"target\":{\"@type\":\"EntryPoint\",\"urlTemplate\":\"https:\/\/portalmf.com.br\/?s={search_term_string}\"},\"query-input\":\"required name=search_term_string\"}],\"inLanguage\":\"pt-BR\"},{\"@type\":\"Person\",\"@id\":\"https:\/\/portalmf.com.br\/#\/schema\/person\/9ec101baf56233e53520c26de5d6f6f0\",\"name\":\"Reda\u00e7\u00e3o Portal MF\",\"image\":{\"@type\":\"ImageObject\",\"inLanguage\":\"pt-BR\",\"@id\":\"https:\/\/portalmf.com.br\/#\/schema\/person\/image\/\",\"url\":\"https:\/\/secure.gravatar.com\/avatar\/41b9aaeb2100835f7c64362330f74c7f?s=96&d=mm&r=g\",\"contentUrl\":\"https:\/\/secure.gravatar.com\/avatar\/41b9aaeb2100835f7c64362330f74c7f?s=96&d=mm&r=g\",\"caption\":\"Reda\u00e7\u00e3o Portal MF\"},\"description\":\"Sejam bem-vindos o portal de informa\u00e7\u00f5es de entretenimento de Feira de Santana, desde 2006 realiza coberturas dos principais eventos com entrevistas exclusivas com as principais personalidades mundiais. Fique conectado tamb\u00e9m nas redes sociais.\",\"sameAs\":[\"http:\/\/www.portalmf.com.br\/\",\"https:\/\/www.facebook.com\/portalmfoficial\",\"https:\/\/www.instagram.com\/portalmf\/\",\"https:\/\/x.com\/https:\/\/x.com\/portalmfoficial\",\"https:\/\/www.youtube.com\/@portalmfoficial\"],\"url\":\"https:\/\/portalmf.com.br\/index.php\/author\/junior\/\"}]}<\/script>\n<!-- \/ Yoast SEO plugin. -->","yoast_head_json":{"title":"Lula e Haddad venceriam Bolsonaro e Tarc\u00edsio em 2026; veja destaques da pesquisa Quaest - Portal MF","robots":{"index":"index","follow":"follow","max-snippet":"max-snippet:-1","max-image-preview":"max-image-preview:large","max-video-preview":"max-video-preview:-1"},"canonical":"https:\/\/portalmf.com.br\/index.php\/2024\/12\/12\/lula-e-haddad-venceriam-bolsonaro-e-tarcisio-em-2026-veja-destaques-da-pesquisa-quaest\/","og_locale":"pt_BR","og_type":"article","og_title":"Lula e Haddad venceriam Bolsonaro e Tarc\u00edsio em 2026; veja destaques da pesquisa Quaest - Portal MF","og_description":"A\u00a0pesquisa da Genial\/Quaest\u00a0\u00a0divulgada nesta quinta-feira (12) mostra que o presidente\u00a0\u00a0Luiz In\u00e1cio Lula da Silva (PT)\u00a0venceria todos os opositores em um eventual segundo turno nas elei\u00e7\u00f5es de 2026. Em um cen\u00e1rio com o candidato governista sendo\u00a0Fernando Haddad\u00a0, ministro da Fazenda, a vantagem continua. A pesquisa tamb\u00e9m aponta que 52% dos brasileiros s\u00e3o contr\u00e1rios \u00e0 reelei\u00e7\u00e3o de\u00a0Lula\u00a0, [&hellip;]","og_url":"https:\/\/portalmf.com.br\/index.php\/2024\/12\/12\/lula-e-haddad-venceriam-bolsonaro-e-tarcisio-em-2026-veja-destaques-da-pesquisa-quaest\/","og_site_name":"Portal MF","article_author":"https:\/\/www.facebook.com\/portalmfoficial","article_published_time":"2024-12-12T16:47:53+00:00","article_modified_time":"2024-12-12T16:47:55+00:00","og_image":[{"width":1200,"height":800,"url":"https:\/\/portalmf.com.br\/wp-content\/uploads\/2024\/12\/Presidente-da-Republica-Luiz-Inacio-Lula-da-Silva-e-o-minisro-da-Fazendo-Fernando-Haddad.jpg","type":"image\/jpeg"}],"author":"Reda\u00e7\u00e3o Portal MF","twitter_card":"summary_large_image","twitter_creator":"@https:\/\/x.com\/portalmfoficial","twitter_misc":{"Escrito por":"Reda\u00e7\u00e3o Portal MF","Est. tempo de leitura":"4 minutos"},"schema":{"@context":"https:\/\/schema.org","@graph":[{"@type":"WebPage","@id":"https:\/\/portalmf.com.br\/index.php\/2024\/12\/12\/lula-e-haddad-venceriam-bolsonaro-e-tarcisio-em-2026-veja-destaques-da-pesquisa-quaest\/","url":"https:\/\/portalmf.com.br\/index.php\/2024\/12\/12\/lula-e-haddad-venceriam-bolsonaro-e-tarcisio-em-2026-veja-destaques-da-pesquisa-quaest\/","name":"Lula e Haddad venceriam Bolsonaro e Tarc\u00edsio em 2026; veja destaques da pesquisa Quaest - Portal MF","isPartOf":{"@id":"https:\/\/portalmf.com.br\/#website"},"primaryImageOfPage":{"@id":"https:\/\/portalmf.com.br\/index.php\/2024\/12\/12\/lula-e-haddad-venceriam-bolsonaro-e-tarcisio-em-2026-veja-destaques-da-pesquisa-quaest\/#primaryimage"},"image":{"@id":"https:\/\/portalmf.com.br\/index.php\/2024\/12\/12\/lula-e-haddad-venceriam-bolsonaro-e-tarcisio-em-2026-veja-destaques-da-pesquisa-quaest\/#primaryimage"},"thumbnailUrl":"https:\/\/portalmf.com.br\/wp-content\/uploads\/2024\/12\/Presidente-da-Republica-Luiz-Inacio-Lula-da-Silva-e-o-minisro-da-Fazendo-Fernando-Haddad.jpg","datePublished":"2024-12-12T16:47:53+00:00","dateModified":"2024-12-12T16:47:55+00:00","author":{"@id":"https:\/\/portalmf.com.br\/#\/schema\/person\/9ec101baf56233e53520c26de5d6f6f0"},"breadcrumb":{"@id":"https:\/\/portalmf.com.br\/index.php\/2024\/12\/12\/lula-e-haddad-venceriam-bolsonaro-e-tarcisio-em-2026-veja-destaques-da-pesquisa-quaest\/#breadcrumb"},"inLanguage":"pt-BR","potentialAction":[{"@type":"ReadAction","target":["https:\/\/portalmf.com.br\/index.php\/2024\/12\/12\/lula-e-haddad-venceriam-bolsonaro-e-tarcisio-em-2026-veja-destaques-da-pesquisa-quaest\/"]}]},{"@type":"ImageObject","inLanguage":"pt-BR","@id":"https:\/\/portalmf.com.br\/index.php\/2024\/12\/12\/lula-e-haddad-venceriam-bolsonaro-e-tarcisio-em-2026-veja-destaques-da-pesquisa-quaest\/#primaryimage","url":"https:\/\/portalmf.com.br\/wp-content\/uploads\/2024\/12\/Presidente-da-Republica-Luiz-Inacio-Lula-da-Silva-e-o-minisro-da-Fazendo-Fernando-Haddad.jpg","contentUrl":"https:\/\/portalmf.com.br\/wp-content\/uploads\/2024\/12\/Presidente-da-Republica-Luiz-Inacio-Lula-da-Silva-e-o-minisro-da-Fazendo-Fernando-Haddad.jpg","width":1200,"height":800,"caption":"S\u00e3o Paulo (SP), 18\/10\/2024 - Presidente da Rep\u00fablica, Luiz In\u00e1cio Lula da Silva e o minisro da Fazendo Fernando Haddad durante lan\u00e7amento do programa Acredita - sobre concess\u00e3o de cr\u00e9dito, renegocia\u00e7\u00e3o de d\u00edvidas, programas setoriais e consultorias. Foto: Paulo Pinto\/Ag\u00eancia Brasil"},{"@type":"BreadcrumbList","@id":"https:\/\/portalmf.com.br\/index.php\/2024\/12\/12\/lula-e-haddad-venceriam-bolsonaro-e-tarcisio-em-2026-veja-destaques-da-pesquisa-quaest\/#breadcrumb","itemListElement":[{"@type":"ListItem","position":1,"name":"In\u00edcio","item":"https:\/\/portalmf.com.br\/"},{"@type":"ListItem","position":2,"name":"Lula e Haddad venceriam Bolsonaro e Tarc\u00edsio em 2026; veja destaques da pesquisa Quaest"}]},{"@type":"WebSite","@id":"https:\/\/portalmf.com.br\/#website","url":"https:\/\/portalmf.com.br\/","name":"Portal MF","description":"Voc\u00ea conectado com a informa\u00e7\u00e3o","potentialAction":[{"@type":"SearchAction","target":{"@type":"EntryPoint","urlTemplate":"https:\/\/portalmf.com.br\/?s={search_term_string}"},"query-input":"required name=search_term_string"}],"inLanguage":"pt-BR"},{"@type":"Person","@id":"https:\/\/portalmf.com.br\/#\/schema\/person\/9ec101baf56233e53520c26de5d6f6f0","name":"Reda\u00e7\u00e3o Portal MF","image":{"@type":"ImageObject","inLanguage":"pt-BR","@id":"https:\/\/portalmf.com.br\/#\/schema\/person\/image\/","url":"https:\/\/secure.gravatar.com\/avatar\/41b9aaeb2100835f7c64362330f74c7f?s=96&d=mm&r=g","contentUrl":"https:\/\/secure.gravatar.com\/avatar\/41b9aaeb2100835f7c64362330f74c7f?s=96&d=mm&r=g","caption":"Reda\u00e7\u00e3o Portal MF"},"description":"Sejam bem-vindos o portal de informa\u00e7\u00f5es de entretenimento de Feira de Santana, desde 2006 realiza coberturas dos principais eventos com entrevistas exclusivas com as principais personalidades mundiais. Fique conectado tamb\u00e9m nas redes sociais.","sameAs":["http:\/\/www.portalmf.com.br\/","https:\/\/www.facebook.com\/portalmfoficial","https:\/\/www.instagram.com\/portalmf\/","https:\/\/x.com\/https:\/\/x.com\/portalmfoficial","https:\/\/www.youtube.com\/@portalmfoficial"],"url":"https:\/\/portalmf.com.br\/index.php\/author\/junior\/"}]}},"_links":{"self":[{"href":"https:\/\/portalmf.com.br\/index.php\/wp-json\/wp\/v2\/posts\/32318"}],"collection":[{"href":"https:\/\/portalmf.com.br\/index.php\/wp-json\/wp\/v2\/posts"}],"about":[{"href":"https:\/\/portalmf.com.br\/index.php\/wp-json\/wp\/v2\/types\/post"}],"author":[{"embeddable":true,"href":"https:\/\/portalmf.com.br\/index.php\/wp-json\/wp\/v2\/users\/3"}],"replies":[{"embeddable":true,"href":"https:\/\/portalmf.com.br\/index.php\/wp-json\/wp\/v2\/comments?post=32318"}],"version-history":[{"count":1,"href":"https:\/\/portalmf.com.br\/index.php\/wp-json\/wp\/v2\/posts\/32318\/revisions"}],"predecessor-version":[{"id":32320,"href":"https:\/\/portalmf.com.br\/index.php\/wp-json\/wp\/v2\/posts\/32318\/revisions\/32320"}],"wp:featuredmedia":[{"embeddable":true,"href":"https:\/\/portalmf.com.br\/index.php\/wp-json\/wp\/v2\/media\/32319"}],"wp:attachment":[{"href":"https:\/\/portalmf.com.br\/index.php\/wp-json\/wp\/v2\/media?parent=32318"}],"wp:term":[{"taxonomy":"category","embeddable":true,"href":"https:\/\/portalmf.com.br\/index.php\/wp-json\/wp\/v2\/categories?post=32318"},{"taxonomy":"post_tag","embeddable":true,"href":"https:\/\/portalmf.com.br\/index.php\/wp-json\/wp\/v2\/tags?post=32318"}],"curies":[{"name":"wp","href":"https:\/\/api.w.org\/{rel}","templated":true}]}}