{"id":3220,"date":"2022-08-18T19:25:10","date_gmt":"2022-08-18T22:25:10","guid":{"rendered":"http:\/\/portalmf.com.br\/?p=3220"},"modified":"2022-08-18T19:25:12","modified_gmt":"2022-08-18T22:25:12","slug":"simone-e-simaria-terminam-dupla-e-vao-seguir-em-carreira-solo","status":"publish","type":"post","link":"https:\/\/portalmf.com.br\/index.php\/2022\/08\/18\/simone-e-simaria-terminam-dupla-e-vao-seguir-em-carreira-solo\/","title":{"rendered":"Simone e Simaria terminam dupla e v\u00e3o seguir em carreira solo"},"content":{"rendered":"\n<p>Simone e Simaria anunciaram nesta quinta-feira (18) o fim da dupla ap\u00f3s dez anos. Elas v\u00e3o seguir cantando em carreira solo.<\/p>\n\n\n\n<p>Os shows que j\u00e1 estavam marcados ser\u00e3o realizados por Simone.<\/p>\n\n\n\n<p><strong>Veja o que disse Simaria sobre o fim da dupla:<\/strong><\/p>\n\n\n\n<p>&#8220;Me afastarei temporariamente dos palcos para cuidar dos meus filhos e da minha condi\u00e7\u00e3o vocal. Sigo cumprindo meus compromissos de publicidade e planejando os pr\u00f3ximos passos da minha carreira art\u00edstica. Aos nossos f\u00e3s, todo o meu carinho, amor e gratid\u00e3o, voc\u00eas s\u00e3o o meu combust\u00edvel para seguir adiante&#8221;<\/p>\n\n\n\n<p><strong>Veja o que disse Simone sobre o fim da dupla:<\/strong><\/p>\n\n\n\n<p>\u201cA minha vontade de estar nos palcos \u00e9 imensa e preciso fazer aquilo que amo! Seguirei cantando e levando toda a minha alegria e amor para os f\u00e3s de todo o Brasil. Em breve estarei de volta aos palcos e conto com o apoio, carinho e energia de voc\u00eas nessa minha nova trajet\u00f3ria&#8221;.<\/p>\n\n\n\n<p>As irm\u00e3s nascidas em Uiba\u00ed (BA) come\u00e7aram a cantar profissionalmente ainda adolescentes, como vocalistas de apoio de Frank Aguiar. Depois elas fizeram parte da banda Forr\u00f3 do Mi\u00fado.<\/p>\n\n\n\n<p>Entre os maiores sucesso da dupla est\u00e3o &#8220;Regime fechado&#8221;, &#8220;Loka&#8221; (com Anitta), &#8220;Ta tum tum&#8221; (com Kevinho), &#8220;Vontade de morder&#8221; (com Z\u00e9 Felipe), &#8220;Foi p\u00e1 pum&#8221; e &#8220;Amor mal resolvido&#8221; (com Jorge e Mateus).<\/p>\n\n\n\n<p>Em 2022 elas tiveram desentendimentos p\u00fablicos e j\u00e1 tinham anunciado uma pausa.<\/p>\n\n\n\n<p>Al\u00e9m das declara\u00e7\u00f5es acima , o comunicado divulgado nesta quinta-feira tamb\u00e9m diz:<\/p>\n\n\n\n<p>&#8220;<em>Em respeito aos f\u00e3s, amigos e parceiros, Simone e Simaria comunicam oficialmente que as atividades da dupla est\u00e3o encerradas. As artistas seguem, a partir daqui, em carreira solo.Reiteramos que todos os compromissos de shows j\u00e1 contratados at\u00e9 a presente data ser\u00e3o pontualmente cumpridos por Simone.&#8221;As artistas agradecem a todos pela compreens\u00e3o e esclarecem que essa pausa se fez necess\u00e1ria para a defini\u00e7\u00e3o dos pr\u00f3ximos passos de suas carreiras.&#8221;<\/em><\/p>\n\n\n\n<p>Com informa\u00e7\u00f5es do G1<\/p>\n","protected":false},"excerpt":{"rendered":"<p>Simone e Simaria anunciaram nesta quinta-feira (18) o fim da dupla ap\u00f3s dez anos. Elas v\u00e3o seguir cantando em carreira solo. Os shows que j\u00e1 estavam marcados ser\u00e3o realizados por Simone. Veja o que disse Simaria sobre o fim da dupla: &#8220;Me afastarei temporariamente dos palcos para cuidar dos meus filhos e da minha condi\u00e7\u00e3o [&hellip;]<\/p>\n","protected":false},"author":2,"featured_media":3227,"comment_status":"open","ping_status":"open","sticky":false,"template":"","format":"standard","meta":{"_monsterinsights_skip_tracking":false,"_monsterinsights_sitenote_active":false,"_monsterinsights_sitenote_note":"","_monsterinsights_sitenote_category":0,"footnotes":""},"categories":[47,36],"tags":[],"yoast_head":"<!-- This site is optimized with the Yoast SEO plugin v22.9 - https:\/\/yoast.com\/wordpress\/plugins\/seo\/ -->\n<title>Simone e Simaria terminam dupla e v\u00e3o seguir em carreira solo - Portal MF<\/title>\n<meta name=\"robots\" content=\"index, follow, max-snippet:-1, max-image-preview:large, max-video-preview:-1\" \/>\n<link rel=\"canonical\" href=\"https:\/\/portalmf.com.br\/index.php\/2022\/08\/18\/simone-e-simaria-terminam-dupla-e-vao-seguir-em-carreira-solo\/\" \/>\n<meta property=\"og:locale\" content=\"pt_BR\" \/>\n<meta property=\"og:type\" content=\"article\" \/>\n<meta property=\"og:title\" content=\"Simone e Simaria terminam dupla e v\u00e3o seguir em carreira solo - Portal MF\" \/>\n<meta property=\"og:description\" content=\"Simone e Simaria anunciaram nesta quinta-feira (18) o fim da dupla ap\u00f3s dez anos. Elas v\u00e3o seguir cantando em carreira solo. Os shows que j\u00e1 estavam marcados ser\u00e3o realizados por Simone. Veja o que disse Simaria sobre o fim da dupla: &#8220;Me afastarei temporariamente dos palcos para cuidar dos meus filhos e da minha condi\u00e7\u00e3o [&hellip;]\" \/>\n<meta property=\"og:url\" content=\"https:\/\/portalmf.com.br\/index.php\/2022\/08\/18\/simone-e-simaria-terminam-dupla-e-vao-seguir-em-carreira-solo\/\" \/>\n<meta property=\"og:site_name\" content=\"Portal MF\" \/>\n<meta property=\"article:author\" content=\"reginaldojrfsa\" \/>\n<meta property=\"article:published_time\" content=\"2022-08-18T22:25:10+00:00\" \/>\n<meta property=\"article:modified_time\" content=\"2022-08-18T22:25:12+00:00\" \/>\n<meta property=\"og:image\" content=\"https:\/\/portalmf.com.br\/wp-content\/uploads\/2022\/08\/simone-e-simaria.jpg\" \/>\n\t<meta property=\"og:image:width\" content=\"680\" \/>\n\t<meta property=\"og:image:height\" content=\"453\" \/>\n\t<meta property=\"og:image:type\" content=\"image\/jpeg\" \/>\n<meta name=\"author\" content=\"Reginaldo J\u00fanior\" \/>\n<meta name=\"twitter:card\" content=\"summary_large_image\" \/>\n<meta name=\"twitter:creator\" content=\"@reginaldojrmf\" \/>\n<meta name=\"twitter:label1\" content=\"Escrito por\" \/>\n\t<meta name=\"twitter:data1\" content=\"Reginaldo J\u00fanior\" \/>\n\t<meta name=\"twitter:label2\" content=\"Est. tempo de leitura\" \/>\n\t<meta name=\"twitter:data2\" content=\"2 minutos\" \/>\n<script type=\"application\/ld+json\" class=\"yoast-schema-graph\">{\"@context\":\"https:\/\/schema.org\",\"@graph\":[{\"@type\":\"WebPage\",\"@id\":\"https:\/\/portalmf.com.br\/index.php\/2022\/08\/18\/simone-e-simaria-terminam-dupla-e-vao-seguir-em-carreira-solo\/\",\"url\":\"https:\/\/portalmf.com.br\/index.php\/2022\/08\/18\/simone-e-simaria-terminam-dupla-e-vao-seguir-em-carreira-solo\/\",\"name\":\"Simone e Simaria terminam dupla e v\u00e3o seguir em carreira solo - Portal MF\",\"isPartOf\":{\"@id\":\"https:\/\/portalmf.com.br\/#website\"},\"primaryImageOfPage\":{\"@id\":\"https:\/\/portalmf.com.br\/index.php\/2022\/08\/18\/simone-e-simaria-terminam-dupla-e-vao-seguir-em-carreira-solo\/#primaryimage\"},\"image\":{\"@id\":\"https:\/\/portalmf.com.br\/index.php\/2022\/08\/18\/simone-e-simaria-terminam-dupla-e-vao-seguir-em-carreira-solo\/#primaryimage\"},\"thumbnailUrl\":\"https:\/\/portalmf.com.br\/wp-content\/uploads\/2022\/08\/simone-e-simaria.jpg\",\"datePublished\":\"2022-08-18T22:25:10+00:00\",\"dateModified\":\"2022-08-18T22:25:12+00:00\",\"author\":{\"@id\":\"https:\/\/portalmf.com.br\/#\/schema\/person\/11c82086fe8abc05a19147e964587285\"},\"breadcrumb\":{\"@id\":\"https:\/\/portalmf.com.br\/index.php\/2022\/08\/18\/simone-e-simaria-terminam-dupla-e-vao-seguir-em-carreira-solo\/#breadcrumb\"},\"inLanguage\":\"pt-BR\",\"potentialAction\":[{\"@type\":\"ReadAction\",\"target\":[\"https:\/\/portalmf.com.br\/index.php\/2022\/08\/18\/simone-e-simaria-terminam-dupla-e-vao-seguir-em-carreira-solo\/\"]}]},{\"@type\":\"ImageObject\",\"inLanguage\":\"pt-BR\",\"@id\":\"https:\/\/portalmf.com.br\/index.php\/2022\/08\/18\/simone-e-simaria-terminam-dupla-e-vao-seguir-em-carreira-solo\/#primaryimage\",\"url\":\"https:\/\/portalmf.com.br\/wp-content\/uploads\/2022\/08\/simone-e-simaria.jpg\",\"contentUrl\":\"https:\/\/portalmf.com.br\/wp-content\/uploads\/2022\/08\/simone-e-simaria.jpg\",\"width\":680,\"height\":453},{\"@type\":\"BreadcrumbList\",\"@id\":\"https:\/\/portalmf.com.br\/index.php\/2022\/08\/18\/simone-e-simaria-terminam-dupla-e-vao-seguir-em-carreira-solo\/#breadcrumb\",\"itemListElement\":[{\"@type\":\"ListItem\",\"position\":1,\"name\":\"In\u00edcio\",\"item\":\"https:\/\/portalmf.com.br\/\"},{\"@type\":\"ListItem\",\"position\":2,\"name\":\"Simone e Simaria terminam dupla e v\u00e3o seguir em carreira solo\"}]},{\"@type\":\"WebSite\",\"@id\":\"https:\/\/portalmf.com.br\/#website\",\"url\":\"https:\/\/portalmf.com.br\/\",\"name\":\"Portal MF\",\"description\":\"Voc\u00ea conectado com a informa\u00e7\u00e3o\",\"potentialAction\":[{\"@type\":\"SearchAction\",\"target\":{\"@type\":\"EntryPoint\",\"urlTemplate\":\"https:\/\/portalmf.com.br\/?s={search_term_string}\"},\"query-input\":\"required name=search_term_string\"}],\"inLanguage\":\"pt-BR\"},{\"@type\":\"Person\",\"@id\":\"https:\/\/portalmf.com.br\/#\/schema\/person\/11c82086fe8abc05a19147e964587285\",\"name\":\"Reginaldo J\u00fanior\",\"image\":{\"@type\":\"ImageObject\",\"inLanguage\":\"pt-BR\",\"@id\":\"https:\/\/portalmf.com.br\/#\/schema\/person\/image\/\",\"url\":\"https:\/\/secure.gravatar.com\/avatar\/32a3c797cd0ac47cc53b8644c62776f9?s=96&d=mm&r=g\",\"contentUrl\":\"https:\/\/secure.gravatar.com\/avatar\/32a3c797cd0ac47cc53b8644c62776f9?s=96&d=mm&r=g\",\"caption\":\"Reginaldo J\u00fanior\"},\"description\":\"Jornalista e idealizador Portal MF\",\"sameAs\":[\"https:\/\/portalmf.com.br\/index.php\/author\/reginaldojr\/\",\"reginaldojrfsa\",\"reginaldojuniormf\",\"https:\/\/x.com\/reginaldojrmf\"],\"url\":\"https:\/\/portalmf.com.br\/index.php\/author\/reginaldojr\/\"}]}<\/script>\n<!-- \/ Yoast SEO plugin. -->","yoast_head_json":{"title":"Simone e Simaria terminam dupla e v\u00e3o seguir em carreira solo - Portal MF","robots":{"index":"index","follow":"follow","max-snippet":"max-snippet:-1","max-image-preview":"max-image-preview:large","max-video-preview":"max-video-preview:-1"},"canonical":"https:\/\/portalmf.com.br\/index.php\/2022\/08\/18\/simone-e-simaria-terminam-dupla-e-vao-seguir-em-carreira-solo\/","og_locale":"pt_BR","og_type":"article","og_title":"Simone e Simaria terminam dupla e v\u00e3o seguir em carreira solo - Portal MF","og_description":"Simone e Simaria anunciaram nesta quinta-feira (18) o fim da dupla ap\u00f3s dez anos. Elas v\u00e3o seguir cantando em carreira solo. Os shows que j\u00e1 estavam marcados ser\u00e3o realizados por Simone. Veja o que disse Simaria sobre o fim da dupla: &#8220;Me afastarei temporariamente dos palcos para cuidar dos meus filhos e da minha condi\u00e7\u00e3o [&hellip;]","og_url":"https:\/\/portalmf.com.br\/index.php\/2022\/08\/18\/simone-e-simaria-terminam-dupla-e-vao-seguir-em-carreira-solo\/","og_site_name":"Portal MF","article_author":"reginaldojrfsa","article_published_time":"2022-08-18T22:25:10+00:00","article_modified_time":"2022-08-18T22:25:12+00:00","og_image":[{"width":680,"height":453,"url":"https:\/\/portalmf.com.br\/wp-content\/uploads\/2022\/08\/simone-e-simaria.jpg","type":"image\/jpeg"}],"author":"Reginaldo J\u00fanior","twitter_card":"summary_large_image","twitter_creator":"@reginaldojrmf","twitter_misc":{"Escrito por":"Reginaldo J\u00fanior","Est. tempo de leitura":"2 minutos"},"schema":{"@context":"https:\/\/schema.org","@graph":[{"@type":"WebPage","@id":"https:\/\/portalmf.com.br\/index.php\/2022\/08\/18\/simone-e-simaria-terminam-dupla-e-vao-seguir-em-carreira-solo\/","url":"https:\/\/portalmf.com.br\/index.php\/2022\/08\/18\/simone-e-simaria-terminam-dupla-e-vao-seguir-em-carreira-solo\/","name":"Simone e Simaria terminam dupla e v\u00e3o seguir em carreira solo - Portal MF","isPartOf":{"@id":"https:\/\/portalmf.com.br\/#website"},"primaryImageOfPage":{"@id":"https:\/\/portalmf.com.br\/index.php\/2022\/08\/18\/simone-e-simaria-terminam-dupla-e-vao-seguir-em-carreira-solo\/#primaryimage"},"image":{"@id":"https:\/\/portalmf.com.br\/index.php\/2022\/08\/18\/simone-e-simaria-terminam-dupla-e-vao-seguir-em-carreira-solo\/#primaryimage"},"thumbnailUrl":"https:\/\/portalmf.com.br\/wp-content\/uploads\/2022\/08\/simone-e-simaria.jpg","datePublished":"2022-08-18T22:25:10+00:00","dateModified":"2022-08-18T22:25:12+00:00","author":{"@id":"https:\/\/portalmf.com.br\/#\/schema\/person\/11c82086fe8abc05a19147e964587285"},"breadcrumb":{"@id":"https:\/\/portalmf.com.br\/index.php\/2022\/08\/18\/simone-e-simaria-terminam-dupla-e-vao-seguir-em-carreira-solo\/#breadcrumb"},"inLanguage":"pt-BR","potentialAction":[{"@type":"ReadAction","target":["https:\/\/portalmf.com.br\/index.php\/2022\/08\/18\/simone-e-simaria-terminam-dupla-e-vao-seguir-em-carreira-solo\/"]}]},{"@type":"ImageObject","inLanguage":"pt-BR","@id":"https:\/\/portalmf.com.br\/index.php\/2022\/08\/18\/simone-e-simaria-terminam-dupla-e-vao-seguir-em-carreira-solo\/#primaryimage","url":"https:\/\/portalmf.com.br\/wp-content\/uploads\/2022\/08\/simone-e-simaria.jpg","contentUrl":"https:\/\/portalmf.com.br\/wp-content\/uploads\/2022\/08\/simone-e-simaria.jpg","width":680,"height":453},{"@type":"BreadcrumbList","@id":"https:\/\/portalmf.com.br\/index.php\/2022\/08\/18\/simone-e-simaria-terminam-dupla-e-vao-seguir-em-carreira-solo\/#breadcrumb","itemListElement":[{"@type":"ListItem","position":1,"name":"In\u00edcio","item":"https:\/\/portalmf.com.br\/"},{"@type":"ListItem","position":2,"name":"Simone e Simaria terminam dupla e v\u00e3o seguir em carreira solo"}]},{"@type":"WebSite","@id":"https:\/\/portalmf.com.br\/#website","url":"https:\/\/portalmf.com.br\/","name":"Portal MF","description":"Voc\u00ea conectado com a informa\u00e7\u00e3o","potentialAction":[{"@type":"SearchAction","target":{"@type":"EntryPoint","urlTemplate":"https:\/\/portalmf.com.br\/?s={search_term_string}"},"query-input":"required name=search_term_string"}],"inLanguage":"pt-BR"},{"@type":"Person","@id":"https:\/\/portalmf.com.br\/#\/schema\/person\/11c82086fe8abc05a19147e964587285","name":"Reginaldo J\u00fanior","image":{"@type":"ImageObject","inLanguage":"pt-BR","@id":"https:\/\/portalmf.com.br\/#\/schema\/person\/image\/","url":"https:\/\/secure.gravatar.com\/avatar\/32a3c797cd0ac47cc53b8644c62776f9?s=96&d=mm&r=g","contentUrl":"https:\/\/secure.gravatar.com\/avatar\/32a3c797cd0ac47cc53b8644c62776f9?s=96&d=mm&r=g","caption":"Reginaldo J\u00fanior"},"description":"Jornalista e idealizador Portal MF","sameAs":["https:\/\/portalmf.com.br\/index.php\/author\/reginaldojr\/","reginaldojrfsa","reginaldojuniormf","https:\/\/x.com\/reginaldojrmf"],"url":"https:\/\/portalmf.com.br\/index.php\/author\/reginaldojr\/"}]}},"_links":{"self":[{"href":"https:\/\/portalmf.com.br\/index.php\/wp-json\/wp\/v2\/posts\/3220"}],"collection":[{"href":"https:\/\/portalmf.com.br\/index.php\/wp-json\/wp\/v2\/posts"}],"about":[{"href":"https:\/\/portalmf.com.br\/index.php\/wp-json\/wp\/v2\/types\/post"}],"author":[{"embeddable":true,"href":"https:\/\/portalmf.com.br\/index.php\/wp-json\/wp\/v2\/users\/2"}],"replies":[{"embeddable":true,"href":"https:\/\/portalmf.com.br\/index.php\/wp-json\/wp\/v2\/comments?post=3220"}],"version-history":[{"count":6,"href":"https:\/\/portalmf.com.br\/index.php\/wp-json\/wp\/v2\/posts\/3220\/revisions"}],"predecessor-version":[{"id":3226,"href":"https:\/\/portalmf.com.br\/index.php\/wp-json\/wp\/v2\/posts\/3220\/revisions\/3226"}],"wp:featuredmedia":[{"embeddable":true,"href":"https:\/\/portalmf.com.br\/index.php\/wp-json\/wp\/v2\/media\/3227"}],"wp:attachment":[{"href":"https:\/\/portalmf.com.br\/index.php\/wp-json\/wp\/v2\/media?parent=3220"}],"wp:term":[{"taxonomy":"category","embeddable":true,"href":"https:\/\/portalmf.com.br\/index.php\/wp-json\/wp\/v2\/categories?post=3220"},{"taxonomy":"post_tag","embeddable":true,"href":"https:\/\/portalmf.com.br\/index.php\/wp-json\/wp\/v2\/tags?post=3220"}],"curies":[{"name":"wp","href":"https:\/\/api.w.org\/{rel}","templated":true}]}}