{"id":31940,"date":"2024-11-30T15:42:24","date_gmt":"2024-11-30T18:42:24","guid":{"rendered":"https:\/\/portalmf.com.br\/?p=31940"},"modified":"2024-11-30T15:42:25","modified_gmt":"2024-11-30T18:42:25","slug":"bruno-magnata-celebra-aniversario-com-show-beneficente-da-la-furia-em-sua-cidade-natal","status":"publish","type":"post","link":"https:\/\/portalmf.com.br\/index.php\/2024\/11\/30\/bruno-magnata-celebra-aniversario-com-show-beneficente-da-la-furia-em-sua-cidade-natal\/","title":{"rendered":"Bruno Magnata celebra anivers\u00e1rio com show beneficente da La F\u00faria em sua cidade natal"},"content":{"rendered":"\n<p>O cantor Bruno Magnata vai comemorar o seu anivers\u00e1rio neste domingo, dia 1\u00ba de dezembro, com um show beneficente na cidade em que nasceu, Castro Alves, na Bahia. O show acontece no Parque de Vaquejada Arena Vital, a partir das 14h. <\/p>\n\n\n\n<p>O ingresso pode ser trocado por 2kg de alimento n\u00e3o perec\u00edvel, que ser\u00e1 doado para institui\u00e7\u00f5es de caridade.No repert\u00f3rio, a banda promete agitar o p\u00fablico com os hits que fazem parte da sua trajet\u00f3ria, como \u201cMete seu Cachorro\u201d, \u201cTchau pra quem namora\u201d e a nova \u201cNaipe Macarena\u201d, que est\u00e1 viralizando nas redes sociais.<\/p>\n\n\n\n<p>EM TEMPO &#8211; A La F\u00faria se prepara para lan\u00e7ar um single em parceria com Natanzinho Lima, no m\u00eas de dezembro. A colab tem gerado expectativa do publico, ap\u00f3s eles publicarem spoilers dos bastidores do encontro<\/p>\n","protected":false},"excerpt":{"rendered":"<p>O cantor Bruno Magnata vai comemorar o seu anivers\u00e1rio neste domingo, dia 1\u00ba de dezembro, com um show beneficente na cidade em que nasceu, Castro Alves, na Bahia. O show acontece no Parque de Vaquejada Arena Vital, a partir das 14h. O ingresso pode ser trocado por 2kg de alimento n\u00e3o perec\u00edvel, que ser\u00e1 doado [&hellip;]<\/p>\n","protected":false},"author":3,"featured_media":20374,"comment_status":"open","ping_status":"open","sticky":false,"template":"","format":"standard","meta":{"_monsterinsights_skip_tracking":false,"_monsterinsights_sitenote_active":false,"_monsterinsights_sitenote_note":"","_monsterinsights_sitenote_category":0,"footnotes":""},"categories":[45],"tags":[],"yoast_head":"<!-- This site is optimized with the Yoast SEO plugin v22.9 - https:\/\/yoast.com\/wordpress\/plugins\/seo\/ -->\n<title>Bruno Magnata celebra anivers\u00e1rio com show beneficente da La F\u00faria em sua cidade natal - Portal MF<\/title>\n<meta name=\"robots\" content=\"index, follow, max-snippet:-1, max-image-preview:large, max-video-preview:-1\" \/>\n<link rel=\"canonical\" href=\"https:\/\/portalmf.com.br\/index.php\/2024\/11\/30\/bruno-magnata-celebra-aniversario-com-show-beneficente-da-la-furia-em-sua-cidade-natal\/\" \/>\n<meta property=\"og:locale\" content=\"pt_BR\" \/>\n<meta property=\"og:type\" content=\"article\" \/>\n<meta property=\"og:title\" content=\"Bruno Magnata celebra anivers\u00e1rio com show beneficente da La F\u00faria em sua cidade natal - Portal MF\" \/>\n<meta property=\"og:description\" content=\"O cantor Bruno Magnata vai comemorar o seu anivers\u00e1rio neste domingo, dia 1\u00ba de dezembro, com um show beneficente na cidade em que nasceu, Castro Alves, na Bahia. O show acontece no Parque de Vaquejada Arena Vital, a partir das 14h. O ingresso pode ser trocado por 2kg de alimento n\u00e3o perec\u00edvel, que ser\u00e1 doado [&hellip;]\" \/>\n<meta property=\"og:url\" content=\"https:\/\/portalmf.com.br\/index.php\/2024\/11\/30\/bruno-magnata-celebra-aniversario-com-show-beneficente-da-la-furia-em-sua-cidade-natal\/\" \/>\n<meta property=\"og:site_name\" content=\"Portal MF\" \/>\n<meta property=\"article:author\" content=\"https:\/\/www.facebook.com\/portalmfoficial\" \/>\n<meta property=\"article:published_time\" content=\"2024-11-30T18:42:24+00:00\" \/>\n<meta property=\"article:modified_time\" content=\"2024-11-30T18:42:25+00:00\" \/>\n<meta property=\"og:image\" content=\"https:\/\/portalmf.com.br\/wp-content\/uploads\/2023\/11\/BRUNO-MAGNATA_SITE.jpg\" \/>\n\t<meta property=\"og:image:width\" content=\"1200\" \/>\n\t<meta property=\"og:image:height\" content=\"837\" \/>\n\t<meta property=\"og:image:type\" content=\"image\/jpeg\" \/>\n<meta name=\"author\" content=\"Reda\u00e7\u00e3o Portal MF\" \/>\n<meta name=\"twitter:card\" content=\"summary_large_image\" \/>\n<meta name=\"twitter:creator\" content=\"@https:\/\/x.com\/portalmfoficial\" \/>\n<meta name=\"twitter:label1\" content=\"Escrito por\" \/>\n\t<meta name=\"twitter:data1\" content=\"Reda\u00e7\u00e3o Portal MF\" \/>\n\t<meta name=\"twitter:label2\" content=\"Est. tempo de leitura\" \/>\n\t<meta name=\"twitter:data2\" content=\"1 minuto\" \/>\n<script type=\"application\/ld+json\" class=\"yoast-schema-graph\">{\"@context\":\"https:\/\/schema.org\",\"@graph\":[{\"@type\":\"WebPage\",\"@id\":\"https:\/\/portalmf.com.br\/index.php\/2024\/11\/30\/bruno-magnata-celebra-aniversario-com-show-beneficente-da-la-furia-em-sua-cidade-natal\/\",\"url\":\"https:\/\/portalmf.com.br\/index.php\/2024\/11\/30\/bruno-magnata-celebra-aniversario-com-show-beneficente-da-la-furia-em-sua-cidade-natal\/\",\"name\":\"Bruno Magnata celebra anivers\u00e1rio com show beneficente da La F\u00faria em sua cidade natal - Portal MF\",\"isPartOf\":{\"@id\":\"https:\/\/portalmf.com.br\/#website\"},\"primaryImageOfPage\":{\"@id\":\"https:\/\/portalmf.com.br\/index.php\/2024\/11\/30\/bruno-magnata-celebra-aniversario-com-show-beneficente-da-la-furia-em-sua-cidade-natal\/#primaryimage\"},\"image\":{\"@id\":\"https:\/\/portalmf.com.br\/index.php\/2024\/11\/30\/bruno-magnata-celebra-aniversario-com-show-beneficente-da-la-furia-em-sua-cidade-natal\/#primaryimage\"},\"thumbnailUrl\":\"https:\/\/portalmf.com.br\/wp-content\/uploads\/2023\/11\/BRUNO-MAGNATA_SITE.jpg\",\"datePublished\":\"2024-11-30T18:42:24+00:00\",\"dateModified\":\"2024-11-30T18:42:25+00:00\",\"author\":{\"@id\":\"https:\/\/portalmf.com.br\/#\/schema\/person\/9ec101baf56233e53520c26de5d6f6f0\"},\"breadcrumb\":{\"@id\":\"https:\/\/portalmf.com.br\/index.php\/2024\/11\/30\/bruno-magnata-celebra-aniversario-com-show-beneficente-da-la-furia-em-sua-cidade-natal\/#breadcrumb\"},\"inLanguage\":\"pt-BR\",\"potentialAction\":[{\"@type\":\"ReadAction\",\"target\":[\"https:\/\/portalmf.com.br\/index.php\/2024\/11\/30\/bruno-magnata-celebra-aniversario-com-show-beneficente-da-la-furia-em-sua-cidade-natal\/\"]}]},{\"@type\":\"ImageObject\",\"inLanguage\":\"pt-BR\",\"@id\":\"https:\/\/portalmf.com.br\/index.php\/2024\/11\/30\/bruno-magnata-celebra-aniversario-com-show-beneficente-da-la-furia-em-sua-cidade-natal\/#primaryimage\",\"url\":\"https:\/\/portalmf.com.br\/wp-content\/uploads\/2023\/11\/BRUNO-MAGNATA_SITE.jpg\",\"contentUrl\":\"https:\/\/portalmf.com.br\/wp-content\/uploads\/2023\/11\/BRUNO-MAGNATA_SITE.jpg\",\"width\":1200,\"height\":837},{\"@type\":\"BreadcrumbList\",\"@id\":\"https:\/\/portalmf.com.br\/index.php\/2024\/11\/30\/bruno-magnata-celebra-aniversario-com-show-beneficente-da-la-furia-em-sua-cidade-natal\/#breadcrumb\",\"itemListElement\":[{\"@type\":\"ListItem\",\"position\":1,\"name\":\"In\u00edcio\",\"item\":\"https:\/\/portalmf.com.br\/\"},{\"@type\":\"ListItem\",\"position\":2,\"name\":\"Bruno Magnata celebra anivers\u00e1rio com show beneficente da La F\u00faria em sua cidade natal\"}]},{\"@type\":\"WebSite\",\"@id\":\"https:\/\/portalmf.com.br\/#website\",\"url\":\"https:\/\/portalmf.com.br\/\",\"name\":\"Portal MF\",\"description\":\"Voc\u00ea conectado com a informa\u00e7\u00e3o\",\"potentialAction\":[{\"@type\":\"SearchAction\",\"target\":{\"@type\":\"EntryPoint\",\"urlTemplate\":\"https:\/\/portalmf.com.br\/?s={search_term_string}\"},\"query-input\":\"required name=search_term_string\"}],\"inLanguage\":\"pt-BR\"},{\"@type\":\"Person\",\"@id\":\"https:\/\/portalmf.com.br\/#\/schema\/person\/9ec101baf56233e53520c26de5d6f6f0\",\"name\":\"Reda\u00e7\u00e3o Portal MF\",\"image\":{\"@type\":\"ImageObject\",\"inLanguage\":\"pt-BR\",\"@id\":\"https:\/\/portalmf.com.br\/#\/schema\/person\/image\/\",\"url\":\"https:\/\/secure.gravatar.com\/avatar\/41b9aaeb2100835f7c64362330f74c7f?s=96&d=mm&r=g\",\"contentUrl\":\"https:\/\/secure.gravatar.com\/avatar\/41b9aaeb2100835f7c64362330f74c7f?s=96&d=mm&r=g\",\"caption\":\"Reda\u00e7\u00e3o Portal MF\"},\"description\":\"Sejam bem-vindos o portal de informa\u00e7\u00f5es de entretenimento de Feira de Santana, desde 2006 realiza coberturas dos principais eventos com entrevistas exclusivas com as principais personalidades mundiais. Fique conectado tamb\u00e9m nas redes sociais.\",\"sameAs\":[\"http:\/\/www.portalmf.com.br\/\",\"https:\/\/www.facebook.com\/portalmfoficial\",\"https:\/\/www.instagram.com\/portalmf\/\",\"https:\/\/x.com\/https:\/\/x.com\/portalmfoficial\",\"https:\/\/www.youtube.com\/@portalmfoficial\"],\"url\":\"https:\/\/portalmf.com.br\/index.php\/author\/junior\/\"}]}<\/script>\n<!-- \/ Yoast SEO plugin. -->","yoast_head_json":{"title":"Bruno Magnata celebra anivers\u00e1rio com show beneficente da La F\u00faria em sua cidade natal - Portal MF","robots":{"index":"index","follow":"follow","max-snippet":"max-snippet:-1","max-image-preview":"max-image-preview:large","max-video-preview":"max-video-preview:-1"},"canonical":"https:\/\/portalmf.com.br\/index.php\/2024\/11\/30\/bruno-magnata-celebra-aniversario-com-show-beneficente-da-la-furia-em-sua-cidade-natal\/","og_locale":"pt_BR","og_type":"article","og_title":"Bruno Magnata celebra anivers\u00e1rio com show beneficente da La F\u00faria em sua cidade natal - Portal MF","og_description":"O cantor Bruno Magnata vai comemorar o seu anivers\u00e1rio neste domingo, dia 1\u00ba de dezembro, com um show beneficente na cidade em que nasceu, Castro Alves, na Bahia. O show acontece no Parque de Vaquejada Arena Vital, a partir das 14h. O ingresso pode ser trocado por 2kg de alimento n\u00e3o perec\u00edvel, que ser\u00e1 doado [&hellip;]","og_url":"https:\/\/portalmf.com.br\/index.php\/2024\/11\/30\/bruno-magnata-celebra-aniversario-com-show-beneficente-da-la-furia-em-sua-cidade-natal\/","og_site_name":"Portal MF","article_author":"https:\/\/www.facebook.com\/portalmfoficial","article_published_time":"2024-11-30T18:42:24+00:00","article_modified_time":"2024-11-30T18:42:25+00:00","og_image":[{"width":1200,"height":837,"url":"https:\/\/portalmf.com.br\/wp-content\/uploads\/2023\/11\/BRUNO-MAGNATA_SITE.jpg","type":"image\/jpeg"}],"author":"Reda\u00e7\u00e3o Portal MF","twitter_card":"summary_large_image","twitter_creator":"@https:\/\/x.com\/portalmfoficial","twitter_misc":{"Escrito por":"Reda\u00e7\u00e3o Portal MF","Est. tempo de leitura":"1 minuto"},"schema":{"@context":"https:\/\/schema.org","@graph":[{"@type":"WebPage","@id":"https:\/\/portalmf.com.br\/index.php\/2024\/11\/30\/bruno-magnata-celebra-aniversario-com-show-beneficente-da-la-furia-em-sua-cidade-natal\/","url":"https:\/\/portalmf.com.br\/index.php\/2024\/11\/30\/bruno-magnata-celebra-aniversario-com-show-beneficente-da-la-furia-em-sua-cidade-natal\/","name":"Bruno Magnata celebra anivers\u00e1rio com show beneficente da La F\u00faria em sua cidade natal - Portal MF","isPartOf":{"@id":"https:\/\/portalmf.com.br\/#website"},"primaryImageOfPage":{"@id":"https:\/\/portalmf.com.br\/index.php\/2024\/11\/30\/bruno-magnata-celebra-aniversario-com-show-beneficente-da-la-furia-em-sua-cidade-natal\/#primaryimage"},"image":{"@id":"https:\/\/portalmf.com.br\/index.php\/2024\/11\/30\/bruno-magnata-celebra-aniversario-com-show-beneficente-da-la-furia-em-sua-cidade-natal\/#primaryimage"},"thumbnailUrl":"https:\/\/portalmf.com.br\/wp-content\/uploads\/2023\/11\/BRUNO-MAGNATA_SITE.jpg","datePublished":"2024-11-30T18:42:24+00:00","dateModified":"2024-11-30T18:42:25+00:00","author":{"@id":"https:\/\/portalmf.com.br\/#\/schema\/person\/9ec101baf56233e53520c26de5d6f6f0"},"breadcrumb":{"@id":"https:\/\/portalmf.com.br\/index.php\/2024\/11\/30\/bruno-magnata-celebra-aniversario-com-show-beneficente-da-la-furia-em-sua-cidade-natal\/#breadcrumb"},"inLanguage":"pt-BR","potentialAction":[{"@type":"ReadAction","target":["https:\/\/portalmf.com.br\/index.php\/2024\/11\/30\/bruno-magnata-celebra-aniversario-com-show-beneficente-da-la-furia-em-sua-cidade-natal\/"]}]},{"@type":"ImageObject","inLanguage":"pt-BR","@id":"https:\/\/portalmf.com.br\/index.php\/2024\/11\/30\/bruno-magnata-celebra-aniversario-com-show-beneficente-da-la-furia-em-sua-cidade-natal\/#primaryimage","url":"https:\/\/portalmf.com.br\/wp-content\/uploads\/2023\/11\/BRUNO-MAGNATA_SITE.jpg","contentUrl":"https:\/\/portalmf.com.br\/wp-content\/uploads\/2023\/11\/BRUNO-MAGNATA_SITE.jpg","width":1200,"height":837},{"@type":"BreadcrumbList","@id":"https:\/\/portalmf.com.br\/index.php\/2024\/11\/30\/bruno-magnata-celebra-aniversario-com-show-beneficente-da-la-furia-em-sua-cidade-natal\/#breadcrumb","itemListElement":[{"@type":"ListItem","position":1,"name":"In\u00edcio","item":"https:\/\/portalmf.com.br\/"},{"@type":"ListItem","position":2,"name":"Bruno Magnata celebra anivers\u00e1rio com show beneficente da La F\u00faria em sua cidade natal"}]},{"@type":"WebSite","@id":"https:\/\/portalmf.com.br\/#website","url":"https:\/\/portalmf.com.br\/","name":"Portal MF","description":"Voc\u00ea conectado com a informa\u00e7\u00e3o","potentialAction":[{"@type":"SearchAction","target":{"@type":"EntryPoint","urlTemplate":"https:\/\/portalmf.com.br\/?s={search_term_string}"},"query-input":"required name=search_term_string"}],"inLanguage":"pt-BR"},{"@type":"Person","@id":"https:\/\/portalmf.com.br\/#\/schema\/person\/9ec101baf56233e53520c26de5d6f6f0","name":"Reda\u00e7\u00e3o Portal MF","image":{"@type":"ImageObject","inLanguage":"pt-BR","@id":"https:\/\/portalmf.com.br\/#\/schema\/person\/image\/","url":"https:\/\/secure.gravatar.com\/avatar\/41b9aaeb2100835f7c64362330f74c7f?s=96&d=mm&r=g","contentUrl":"https:\/\/secure.gravatar.com\/avatar\/41b9aaeb2100835f7c64362330f74c7f?s=96&d=mm&r=g","caption":"Reda\u00e7\u00e3o Portal MF"},"description":"Sejam bem-vindos o portal de informa\u00e7\u00f5es de entretenimento de Feira de Santana, desde 2006 realiza coberturas dos principais eventos com entrevistas exclusivas com as principais personalidades mundiais. Fique conectado tamb\u00e9m nas redes sociais.","sameAs":["http:\/\/www.portalmf.com.br\/","https:\/\/www.facebook.com\/portalmfoficial","https:\/\/www.instagram.com\/portalmf\/","https:\/\/x.com\/https:\/\/x.com\/portalmfoficial","https:\/\/www.youtube.com\/@portalmfoficial"],"url":"https:\/\/portalmf.com.br\/index.php\/author\/junior\/"}]}},"_links":{"self":[{"href":"https:\/\/portalmf.com.br\/index.php\/wp-json\/wp\/v2\/posts\/31940"}],"collection":[{"href":"https:\/\/portalmf.com.br\/index.php\/wp-json\/wp\/v2\/posts"}],"about":[{"href":"https:\/\/portalmf.com.br\/index.php\/wp-json\/wp\/v2\/types\/post"}],"author":[{"embeddable":true,"href":"https:\/\/portalmf.com.br\/index.php\/wp-json\/wp\/v2\/users\/3"}],"replies":[{"embeddable":true,"href":"https:\/\/portalmf.com.br\/index.php\/wp-json\/wp\/v2\/comments?post=31940"}],"version-history":[{"count":1,"href":"https:\/\/portalmf.com.br\/index.php\/wp-json\/wp\/v2\/posts\/31940\/revisions"}],"predecessor-version":[{"id":31941,"href":"https:\/\/portalmf.com.br\/index.php\/wp-json\/wp\/v2\/posts\/31940\/revisions\/31941"}],"wp:featuredmedia":[{"embeddable":true,"href":"https:\/\/portalmf.com.br\/index.php\/wp-json\/wp\/v2\/media\/20374"}],"wp:attachment":[{"href":"https:\/\/portalmf.com.br\/index.php\/wp-json\/wp\/v2\/media?parent=31940"}],"wp:term":[{"taxonomy":"category","embeddable":true,"href":"https:\/\/portalmf.com.br\/index.php\/wp-json\/wp\/v2\/categories?post=31940"},{"taxonomy":"post_tag","embeddable":true,"href":"https:\/\/portalmf.com.br\/index.php\/wp-json\/wp\/v2\/tags?post=31940"}],"curies":[{"name":"wp","href":"https:\/\/api.w.org\/{rel}","templated":true}]}}