{"id":3194,"date":"2022-08-18T15:56:20","date_gmt":"2022-08-18T18:56:20","guid":{"rendered":"http:\/\/portalmf.com.br\/?p=3194"},"modified":"2022-08-18T15:56:22","modified_gmt":"2022-08-18T18:56:22","slug":"acm-neto-realiza-caminhada-na-fazenda-grande-do-retiro-e-recorda-trabalho-pelo-bairro","status":"publish","type":"post","link":"https:\/\/portalmf.com.br\/index.php\/2022\/08\/18\/acm-neto-realiza-caminhada-na-fazenda-grande-do-retiro-e-recorda-trabalho-pelo-bairro\/","title":{"rendered":"ACM Neto realiza caminhada na Fazenda Grande do Retiro e recorda trabalho pelo bairro"},"content":{"rendered":"\n<p>O candidato ao Governo da Bahia ACM Neto (Uni\u00e3o Brasil) realizou na manh\u00e3 desta quinta-feira (18) uma passeata pelas ruas do bairro de Fazenda Grande do Retiro, em seu terceiro ato de campanha em Salvador. Numa caminhada de quase 3 km, o ex-prefeito da capital baiana conversou com os moradores, foi abra\u00e7ado, tirou selfies e recebeu o apoio das pessoas.<\/p>\n\n\n\n<p>Ao lado de Neto estavam o prefeito de Salvador Bruno Reis (Uni\u00e3o Brasil) e os candidatos da chapa a vice-governadora, Ana Coelho (Republicanos), e ao Senado, Cac\u00e1 Le\u00e3o (PP), al\u00e9m de candidatos a deputados estaduais e federais da base de apoio, vereadores da capital baiana e lideran\u00e7as da comunidade.<\/p>\n\n\n\n<p>A passeata saiu do Largo da Gr\u00e1fica e percorreu toda a extens\u00e3o da rua Mello Moraes Filho e parte da Avenida Nestor Duarte, principais vias com lojas e col\u00e9gios do bairro. Por isso, ACM Neto cumprimentou comerciantes, foi puxado para conhecer alguns estabelecimentos e tirou selfies com estudantes, que j\u00e1 o chamavam como \u201cmeu governador\u201d.<\/p>\n\n\n\n<p>No caminho, os moradores que se juntaram \u00e0 caminhada ensaiaram um novo coro para a campanha: \u201cACM Neto vai ganhar e a Bahia vai mudar\u201d, cantavam em alus\u00e3o tamb\u00e9m ao nome da coliga\u00e7\u00e3o do candidato, Para Mudar a Bahia. Nas sacadas das casas, as pessoas dan\u00e7aram ao som do jingle do 44 e cantaram \u201ceu sou ACM com muito orgulho, com muito amor\u201d.<\/p>\n\n\n\n<p>Segundo Neto, a recep\u00e7\u00e3o calorosa o encheu de energia para a agenda pelo interior do estado, que j\u00e1 come\u00e7a na tarde desta quinta-feira e vai at\u00e9 o domingo (21), visitando 16 cidades de diferentes regi\u00f5es. \u201cA Fazenda Grande do Retiro mora no meu cora\u00e7\u00e3o, eu como prefeito trabalhei muito por aqui. Por isso que a gente chega aqui agora e se sente em casa, sou muito bem acolhido\u201d, disse.<\/p>\n\n\n\n<p>Como prefeito de Salvador por dois mandatos, ACM Neto promoveu investimentos no bairro da Fazenda Grande, como a requalifica\u00e7\u00e3o do Centro Municipal de Educa\u00e7\u00e3o Infantil (CMEI) Fruto do Amanh\u00e3. A unidade de ensino, com mais de 1 mil m\u00b2 de \u00e1rea constru\u00edda, pode atender at\u00e9 245 alunos de creche e pr\u00e9-escola, possui acessibilidade por elevador e oito salas de aula, todas climatizadas.<\/p>\n\n\n\n<p>Tamb\u00e9m realizou a requalifica\u00e7\u00e3o do Centro de Refer\u00eancia de Assist\u00eancia Social (Cras), a reforma da Unidade B\u00e1sica de Sa\u00fade (UBS) Dr. P\u00e9ricles Laranjeiras e promoveu a conten\u00e7\u00e3o de encostas, inclusive com a aplica\u00e7\u00e3o de geomantas. Atrav\u00e9s do programa Morar Melhor, que consiste na reforma de casas de pessoas em situa\u00e7\u00e3o de vulnerabilidade, a prefeitura tamb\u00e9m atendeu a milhares de pessoas na regi\u00e3o.<\/p>\n\n\n\n<p>Antes de se concentrar no interior at\u00e9 domingo, ACM Neto realizou nesta semana tr\u00eas atos pol\u00edticos em Salvador. Al\u00e9m da caminhada na Fazenda Grande, ele fez uma passeata em Fazenda Coutos e inaugurou o comit\u00ea de campanha na Avenida Bonoc\u00f4 na quarta-feira.<\/p>\n","protected":false},"excerpt":{"rendered":"<p>O candidato ao Governo da Bahia ACM Neto (Uni\u00e3o Brasil) realizou na manh\u00e3 desta quinta-feira (18) uma passeata pelas ruas do bairro de Fazenda Grande do Retiro, em seu terceiro ato de campanha em Salvador. Numa caminhada de quase 3 km, o ex-prefeito da capital baiana conversou com os moradores, foi abra\u00e7ado, tirou selfies e [&hellip;]<\/p>\n","protected":false},"author":2,"featured_media":3196,"comment_status":"open","ping_status":"open","sticky":false,"template":"","format":"standard","meta":{"_monsterinsights_skip_tracking":false,"_monsterinsights_sitenote_active":false,"_monsterinsights_sitenote_note":"","_monsterinsights_sitenote_category":0,"footnotes":""},"categories":[34],"tags":[],"yoast_head":"<!-- This site is optimized with the Yoast SEO plugin v22.9 - https:\/\/yoast.com\/wordpress\/plugins\/seo\/ -->\n<title>ACM Neto realiza caminhada na Fazenda Grande do Retiro e recorda trabalho pelo bairro - Portal MF<\/title>\n<meta name=\"robots\" content=\"index, follow, max-snippet:-1, max-image-preview:large, max-video-preview:-1\" \/>\n<link rel=\"canonical\" href=\"https:\/\/portalmf.com.br\/index.php\/2022\/08\/18\/acm-neto-realiza-caminhada-na-fazenda-grande-do-retiro-e-recorda-trabalho-pelo-bairro\/\" \/>\n<meta property=\"og:locale\" content=\"pt_BR\" \/>\n<meta property=\"og:type\" content=\"article\" \/>\n<meta property=\"og:title\" content=\"ACM Neto realiza caminhada na Fazenda Grande do Retiro e recorda trabalho pelo bairro - Portal MF\" \/>\n<meta property=\"og:description\" content=\"O candidato ao Governo da Bahia ACM Neto (Uni\u00e3o Brasil) realizou na manh\u00e3 desta quinta-feira (18) uma passeata pelas ruas do bairro de Fazenda Grande do Retiro, em seu terceiro ato de campanha em Salvador. Numa caminhada de quase 3 km, o ex-prefeito da capital baiana conversou com os moradores, foi abra\u00e7ado, tirou selfies e [&hellip;]\" \/>\n<meta property=\"og:url\" content=\"https:\/\/portalmf.com.br\/index.php\/2022\/08\/18\/acm-neto-realiza-caminhada-na-fazenda-grande-do-retiro-e-recorda-trabalho-pelo-bairro\/\" \/>\n<meta property=\"og:site_name\" content=\"Portal MF\" \/>\n<meta property=\"article:author\" content=\"reginaldojrfsa\" \/>\n<meta property=\"article:published_time\" content=\"2022-08-18T18:56:20+00:00\" \/>\n<meta property=\"article:modified_time\" content=\"2022-08-18T18:56:22+00:00\" \/>\n<meta property=\"og:image\" content=\"https:\/\/portalmf.com.br\/wp-content\/uploads\/2022\/08\/WhatsApp-Image-2022-08-18-at-14.00.05.jpeg\" \/>\n\t<meta property=\"og:image:width\" content=\"1280\" \/>\n\t<meta property=\"og:image:height\" content=\"854\" \/>\n\t<meta property=\"og:image:type\" content=\"image\/jpeg\" \/>\n<meta name=\"author\" content=\"Reginaldo J\u00fanior\" \/>\n<meta name=\"twitter:card\" content=\"summary_large_image\" \/>\n<meta name=\"twitter:creator\" content=\"@reginaldojrmf\" \/>\n<meta name=\"twitter:label1\" content=\"Escrito por\" \/>\n\t<meta name=\"twitter:data1\" content=\"Reginaldo J\u00fanior\" \/>\n\t<meta name=\"twitter:label2\" content=\"Est. tempo de leitura\" \/>\n\t<meta name=\"twitter:data2\" content=\"3 minutos\" \/>\n<script type=\"application\/ld+json\" class=\"yoast-schema-graph\">{\"@context\":\"https:\/\/schema.org\",\"@graph\":[{\"@type\":\"WebPage\",\"@id\":\"https:\/\/portalmf.com.br\/index.php\/2022\/08\/18\/acm-neto-realiza-caminhada-na-fazenda-grande-do-retiro-e-recorda-trabalho-pelo-bairro\/\",\"url\":\"https:\/\/portalmf.com.br\/index.php\/2022\/08\/18\/acm-neto-realiza-caminhada-na-fazenda-grande-do-retiro-e-recorda-trabalho-pelo-bairro\/\",\"name\":\"ACM Neto realiza caminhada na Fazenda Grande do Retiro e recorda trabalho pelo bairro - Portal MF\",\"isPartOf\":{\"@id\":\"https:\/\/portalmf.com.br\/#website\"},\"primaryImageOfPage\":{\"@id\":\"https:\/\/portalmf.com.br\/index.php\/2022\/08\/18\/acm-neto-realiza-caminhada-na-fazenda-grande-do-retiro-e-recorda-trabalho-pelo-bairro\/#primaryimage\"},\"image\":{\"@id\":\"https:\/\/portalmf.com.br\/index.php\/2022\/08\/18\/acm-neto-realiza-caminhada-na-fazenda-grande-do-retiro-e-recorda-trabalho-pelo-bairro\/#primaryimage\"},\"thumbnailUrl\":\"https:\/\/portalmf.com.br\/wp-content\/uploads\/2022\/08\/WhatsApp-Image-2022-08-18-at-14.00.05.jpeg\",\"datePublished\":\"2022-08-18T18:56:20+00:00\",\"dateModified\":\"2022-08-18T18:56:22+00:00\",\"author\":{\"@id\":\"https:\/\/portalmf.com.br\/#\/schema\/person\/11c82086fe8abc05a19147e964587285\"},\"breadcrumb\":{\"@id\":\"https:\/\/portalmf.com.br\/index.php\/2022\/08\/18\/acm-neto-realiza-caminhada-na-fazenda-grande-do-retiro-e-recorda-trabalho-pelo-bairro\/#breadcrumb\"},\"inLanguage\":\"pt-BR\",\"potentialAction\":[{\"@type\":\"ReadAction\",\"target\":[\"https:\/\/portalmf.com.br\/index.php\/2022\/08\/18\/acm-neto-realiza-caminhada-na-fazenda-grande-do-retiro-e-recorda-trabalho-pelo-bairro\/\"]}]},{\"@type\":\"ImageObject\",\"inLanguage\":\"pt-BR\",\"@id\":\"https:\/\/portalmf.com.br\/index.php\/2022\/08\/18\/acm-neto-realiza-caminhada-na-fazenda-grande-do-retiro-e-recorda-trabalho-pelo-bairro\/#primaryimage\",\"url\":\"https:\/\/portalmf.com.br\/wp-content\/uploads\/2022\/08\/WhatsApp-Image-2022-08-18-at-14.00.05.jpeg\",\"contentUrl\":\"https:\/\/portalmf.com.br\/wp-content\/uploads\/2022\/08\/WhatsApp-Image-2022-08-18-at-14.00.05.jpeg\",\"width\":1280,\"height\":854},{\"@type\":\"BreadcrumbList\",\"@id\":\"https:\/\/portalmf.com.br\/index.php\/2022\/08\/18\/acm-neto-realiza-caminhada-na-fazenda-grande-do-retiro-e-recorda-trabalho-pelo-bairro\/#breadcrumb\",\"itemListElement\":[{\"@type\":\"ListItem\",\"position\":1,\"name\":\"In\u00edcio\",\"item\":\"https:\/\/portalmf.com.br\/\"},{\"@type\":\"ListItem\",\"position\":2,\"name\":\"ACM Neto realiza caminhada na Fazenda Grande do Retiro e recorda trabalho pelo bairro\"}]},{\"@type\":\"WebSite\",\"@id\":\"https:\/\/portalmf.com.br\/#website\",\"url\":\"https:\/\/portalmf.com.br\/\",\"name\":\"Portal MF\",\"description\":\"Voc\u00ea conectado com a informa\u00e7\u00e3o\",\"potentialAction\":[{\"@type\":\"SearchAction\",\"target\":{\"@type\":\"EntryPoint\",\"urlTemplate\":\"https:\/\/portalmf.com.br\/?s={search_term_string}\"},\"query-input\":\"required name=search_term_string\"}],\"inLanguage\":\"pt-BR\"},{\"@type\":\"Person\",\"@id\":\"https:\/\/portalmf.com.br\/#\/schema\/person\/11c82086fe8abc05a19147e964587285\",\"name\":\"Reginaldo J\u00fanior\",\"image\":{\"@type\":\"ImageObject\",\"inLanguage\":\"pt-BR\",\"@id\":\"https:\/\/portalmf.com.br\/#\/schema\/person\/image\/\",\"url\":\"https:\/\/secure.gravatar.com\/avatar\/32a3c797cd0ac47cc53b8644c62776f9?s=96&d=mm&r=g\",\"contentUrl\":\"https:\/\/secure.gravatar.com\/avatar\/32a3c797cd0ac47cc53b8644c62776f9?s=96&d=mm&r=g\",\"caption\":\"Reginaldo J\u00fanior\"},\"description\":\"Jornalista e idealizador Portal MF\",\"sameAs\":[\"https:\/\/portalmf.com.br\/index.php\/author\/reginaldojr\/\",\"reginaldojrfsa\",\"reginaldojuniormf\",\"https:\/\/x.com\/reginaldojrmf\"],\"url\":\"https:\/\/portalmf.com.br\/index.php\/author\/reginaldojr\/\"}]}<\/script>\n<!-- \/ Yoast SEO plugin. -->","yoast_head_json":{"title":"ACM Neto realiza caminhada na Fazenda Grande do Retiro e recorda trabalho pelo bairro - Portal MF","robots":{"index":"index","follow":"follow","max-snippet":"max-snippet:-1","max-image-preview":"max-image-preview:large","max-video-preview":"max-video-preview:-1"},"canonical":"https:\/\/portalmf.com.br\/index.php\/2022\/08\/18\/acm-neto-realiza-caminhada-na-fazenda-grande-do-retiro-e-recorda-trabalho-pelo-bairro\/","og_locale":"pt_BR","og_type":"article","og_title":"ACM Neto realiza caminhada na Fazenda Grande do Retiro e recorda trabalho pelo bairro - Portal MF","og_description":"O candidato ao Governo da Bahia ACM Neto (Uni\u00e3o Brasil) realizou na manh\u00e3 desta quinta-feira (18) uma passeata pelas ruas do bairro de Fazenda Grande do Retiro, em seu terceiro ato de campanha em Salvador. Numa caminhada de quase 3 km, o ex-prefeito da capital baiana conversou com os moradores, foi abra\u00e7ado, tirou selfies e [&hellip;]","og_url":"https:\/\/portalmf.com.br\/index.php\/2022\/08\/18\/acm-neto-realiza-caminhada-na-fazenda-grande-do-retiro-e-recorda-trabalho-pelo-bairro\/","og_site_name":"Portal MF","article_author":"reginaldojrfsa","article_published_time":"2022-08-18T18:56:20+00:00","article_modified_time":"2022-08-18T18:56:22+00:00","og_image":[{"width":1280,"height":854,"url":"https:\/\/portalmf.com.br\/wp-content\/uploads\/2022\/08\/WhatsApp-Image-2022-08-18-at-14.00.05.jpeg","type":"image\/jpeg"}],"author":"Reginaldo J\u00fanior","twitter_card":"summary_large_image","twitter_creator":"@reginaldojrmf","twitter_misc":{"Escrito por":"Reginaldo J\u00fanior","Est. tempo de leitura":"3 minutos"},"schema":{"@context":"https:\/\/schema.org","@graph":[{"@type":"WebPage","@id":"https:\/\/portalmf.com.br\/index.php\/2022\/08\/18\/acm-neto-realiza-caminhada-na-fazenda-grande-do-retiro-e-recorda-trabalho-pelo-bairro\/","url":"https:\/\/portalmf.com.br\/index.php\/2022\/08\/18\/acm-neto-realiza-caminhada-na-fazenda-grande-do-retiro-e-recorda-trabalho-pelo-bairro\/","name":"ACM Neto realiza caminhada na Fazenda Grande do Retiro e recorda trabalho pelo bairro - Portal MF","isPartOf":{"@id":"https:\/\/portalmf.com.br\/#website"},"primaryImageOfPage":{"@id":"https:\/\/portalmf.com.br\/index.php\/2022\/08\/18\/acm-neto-realiza-caminhada-na-fazenda-grande-do-retiro-e-recorda-trabalho-pelo-bairro\/#primaryimage"},"image":{"@id":"https:\/\/portalmf.com.br\/index.php\/2022\/08\/18\/acm-neto-realiza-caminhada-na-fazenda-grande-do-retiro-e-recorda-trabalho-pelo-bairro\/#primaryimage"},"thumbnailUrl":"https:\/\/portalmf.com.br\/wp-content\/uploads\/2022\/08\/WhatsApp-Image-2022-08-18-at-14.00.05.jpeg","datePublished":"2022-08-18T18:56:20+00:00","dateModified":"2022-08-18T18:56:22+00:00","author":{"@id":"https:\/\/portalmf.com.br\/#\/schema\/person\/11c82086fe8abc05a19147e964587285"},"breadcrumb":{"@id":"https:\/\/portalmf.com.br\/index.php\/2022\/08\/18\/acm-neto-realiza-caminhada-na-fazenda-grande-do-retiro-e-recorda-trabalho-pelo-bairro\/#breadcrumb"},"inLanguage":"pt-BR","potentialAction":[{"@type":"ReadAction","target":["https:\/\/portalmf.com.br\/index.php\/2022\/08\/18\/acm-neto-realiza-caminhada-na-fazenda-grande-do-retiro-e-recorda-trabalho-pelo-bairro\/"]}]},{"@type":"ImageObject","inLanguage":"pt-BR","@id":"https:\/\/portalmf.com.br\/index.php\/2022\/08\/18\/acm-neto-realiza-caminhada-na-fazenda-grande-do-retiro-e-recorda-trabalho-pelo-bairro\/#primaryimage","url":"https:\/\/portalmf.com.br\/wp-content\/uploads\/2022\/08\/WhatsApp-Image-2022-08-18-at-14.00.05.jpeg","contentUrl":"https:\/\/portalmf.com.br\/wp-content\/uploads\/2022\/08\/WhatsApp-Image-2022-08-18-at-14.00.05.jpeg","width":1280,"height":854},{"@type":"BreadcrumbList","@id":"https:\/\/portalmf.com.br\/index.php\/2022\/08\/18\/acm-neto-realiza-caminhada-na-fazenda-grande-do-retiro-e-recorda-trabalho-pelo-bairro\/#breadcrumb","itemListElement":[{"@type":"ListItem","position":1,"name":"In\u00edcio","item":"https:\/\/portalmf.com.br\/"},{"@type":"ListItem","position":2,"name":"ACM Neto realiza caminhada na Fazenda Grande do Retiro e recorda trabalho pelo bairro"}]},{"@type":"WebSite","@id":"https:\/\/portalmf.com.br\/#website","url":"https:\/\/portalmf.com.br\/","name":"Portal MF","description":"Voc\u00ea conectado com a informa\u00e7\u00e3o","potentialAction":[{"@type":"SearchAction","target":{"@type":"EntryPoint","urlTemplate":"https:\/\/portalmf.com.br\/?s={search_term_string}"},"query-input":"required name=search_term_string"}],"inLanguage":"pt-BR"},{"@type":"Person","@id":"https:\/\/portalmf.com.br\/#\/schema\/person\/11c82086fe8abc05a19147e964587285","name":"Reginaldo J\u00fanior","image":{"@type":"ImageObject","inLanguage":"pt-BR","@id":"https:\/\/portalmf.com.br\/#\/schema\/person\/image\/","url":"https:\/\/secure.gravatar.com\/avatar\/32a3c797cd0ac47cc53b8644c62776f9?s=96&d=mm&r=g","contentUrl":"https:\/\/secure.gravatar.com\/avatar\/32a3c797cd0ac47cc53b8644c62776f9?s=96&d=mm&r=g","caption":"Reginaldo J\u00fanior"},"description":"Jornalista e idealizador Portal MF","sameAs":["https:\/\/portalmf.com.br\/index.php\/author\/reginaldojr\/","reginaldojrfsa","reginaldojuniormf","https:\/\/x.com\/reginaldojrmf"],"url":"https:\/\/portalmf.com.br\/index.php\/author\/reginaldojr\/"}]}},"_links":{"self":[{"href":"https:\/\/portalmf.com.br\/index.php\/wp-json\/wp\/v2\/posts\/3194"}],"collection":[{"href":"https:\/\/portalmf.com.br\/index.php\/wp-json\/wp\/v2\/posts"}],"about":[{"href":"https:\/\/portalmf.com.br\/index.php\/wp-json\/wp\/v2\/types\/post"}],"author":[{"embeddable":true,"href":"https:\/\/portalmf.com.br\/index.php\/wp-json\/wp\/v2\/users\/2"}],"replies":[{"embeddable":true,"href":"https:\/\/portalmf.com.br\/index.php\/wp-json\/wp\/v2\/comments?post=3194"}],"version-history":[{"count":2,"href":"https:\/\/portalmf.com.br\/index.php\/wp-json\/wp\/v2\/posts\/3194\/revisions"}],"predecessor-version":[{"id":3197,"href":"https:\/\/portalmf.com.br\/index.php\/wp-json\/wp\/v2\/posts\/3194\/revisions\/3197"}],"wp:featuredmedia":[{"embeddable":true,"href":"https:\/\/portalmf.com.br\/index.php\/wp-json\/wp\/v2\/media\/3196"}],"wp:attachment":[{"href":"https:\/\/portalmf.com.br\/index.php\/wp-json\/wp\/v2\/media?parent=3194"}],"wp:term":[{"taxonomy":"category","embeddable":true,"href":"https:\/\/portalmf.com.br\/index.php\/wp-json\/wp\/v2\/categories?post=3194"},{"taxonomy":"post_tag","embeddable":true,"href":"https:\/\/portalmf.com.br\/index.php\/wp-json\/wp\/v2\/tags?post=3194"}],"curies":[{"name":"wp","href":"https:\/\/api.w.org\/{rel}","templated":true}]}}