{"id":3189,"date":"2022-08-18T15:53:56","date_gmt":"2022-08-18T18:53:56","guid":{"rendered":"http:\/\/portalmf.com.br\/?p=3189"},"modified":"2022-08-18T15:53:58","modified_gmt":"2022-08-18T18:53:58","slug":"bolsonaro-se-envolve-em-confusao-com-youtuber-em-brasilia","status":"publish","type":"post","link":"https:\/\/portalmf.com.br\/index.php\/2022\/08\/18\/bolsonaro-se-envolve-em-confusao-com-youtuber-em-brasilia\/","title":{"rendered":"Bolsonaro se envolve em confus\u00e3o com youtuber em Bras\u00edlia"},"content":{"rendered":"\n<p>O presidente Jair Bolsonaro se envolveu em uma confus\u00e3o na manh\u00e3 desta quinta-feira (18) ap\u00f3s ter sido provocado pelo youtuber Wilker Le\u00e3o, na sa\u00edda do Pal\u00e1cio da Alvorada, resid\u00eancia oficial da Presid\u00eancia em Bras\u00edlia (veja v\u00eddeo acima).<\/p>\n\n\n\n<p>Le\u00e3o costuma ficar na sa\u00edda do Alvorada e fazer v\u00eddeos provocando apoiadores do presidente. Ele tamb\u00e9m faz v\u00eddeos provocando petistas em manifesta\u00e7\u00f5es.<\/p>\n\n\n\n<p>Nesta manh\u00e3, Bolsonaro parou para tirar fotos e fazer lives com seus apoiadores na sa\u00edda do Alvorada. Le\u00e3o come\u00e7ou a fazer perguntas e provoca\u00e7\u00f5es, foi puxado e caiu no ch\u00e3o. N\u00e3o fica claro quem puxou o blogueiro. Irritado, ele passou a xingar o presidente de \u201cvagabundo\u201d, \u201csafado\u201d, \u201ccovarde\u201d e \u201ctchutchuca do Centr\u00e3o\u201d.<\/p>\n\n\n\n<p>Bolsonaro entrou no carro oficial para seguir para sua agenda de campanha eleitoral, mas, com a aumento dos xingamentos, acabou saindo do ve\u00edculo e foi em dire\u00e7\u00e3o a Le\u00e3o. O presidente disse que queria falar com o youtuber e tentou pegar o celular dele, mas acabou puxando o homem pela gola da blusa, depois no bra\u00e7o dele.<\/p>\n\n\n\n<p>Em meio \u00e0 confus\u00e3o, os seguran\u00e7as do presidente tiraram Le\u00e3o de perto de Bolsonaro. Depois do epis\u00f3dio, Bolsonaro conversou com ele por alguns minutos e foi para a Base A\u00e9rea. O presidente faz campanha eleitoral em&nbsp;S\u00e3o Jos\u00e9 dos Campos (SP). Le\u00e3o ainda permaneceu no local e conversou com outros apoiadores.<\/p>\n\n\n\n<p>O&nbsp;<strong>g1<\/strong>&nbsp;procurou o Gabinete de Seguran\u00e7a Institucional (GSI) e a Secretaria de Comunica\u00e7\u00e3o Social (Secom) e mandou mensagens nas redes sociais de Le\u00e3o, mas n\u00e3o obteve retorno deles at\u00e9 a \u00faltima atualiza\u00e7\u00e3o desta reportagem.<\/p>\n\n\n\n<p>O canal de Le\u00e3o no YouTube tem 13 mil inscritos. Ele diz ser cabo do Ex\u00e9rcito desde 2014 e auxiliar da Assessoria Jur\u00eddica da Secretaria de Economia e Finan\u00e7as do Ex\u00e9rcito desde 2015. E o objetivo de seu canal \u00e9 &#8220;promover discuss\u00e3o acerca de tudo que est\u00e1 relacionado a esse universo pol\u00edtico e militar&#8221;. Ele tamb\u00e9m tem 5,2 mil seguidores no Instagram e 125 mil no TikTok.<\/p>\n\n\n\n<figure class=\"wp-block-embed is-type-video is-provider-youtube wp-block-embed-youtube wp-embed-aspect-16-9 wp-has-aspect-ratio\"><div class=\"wp-block-embed__wrapper\">\n<iframe title=\"[CONFUS\u00c3O] Ap\u00f3s ser xingado, Bolsonaro parte para cima de youtuber\" width=\"696\" height=\"392\" src=\"https:\/\/www.youtube.com\/embed\/cLdpyRNyMhI?feature=oembed\" frameborder=\"0\" allow=\"accelerometer; autoplay; clipboard-write; encrypted-media; gyroscope; picture-in-picture; web-share\" allowfullscreen><\/iframe>\n<\/div><\/figure>\n\n\n\n<p>Com informa\u00e7\u00f5es do G1<\/p>\n","protected":false},"excerpt":{"rendered":"<p>O presidente Jair Bolsonaro se envolveu em uma confus\u00e3o na manh\u00e3 desta quinta-feira (18) ap\u00f3s ter sido provocado pelo youtuber Wilker Le\u00e3o, na sa\u00edda do Pal\u00e1cio da Alvorada, resid\u00eancia oficial da Presid\u00eancia em Bras\u00edlia (veja v\u00eddeo acima). Le\u00e3o costuma ficar na sa\u00edda do Alvorada e fazer v\u00eddeos provocando apoiadores do presidente. Ele tamb\u00e9m faz v\u00eddeos [&hellip;]<\/p>\n","protected":false},"author":2,"featured_media":3193,"comment_status":"open","ping_status":"open","sticky":false,"template":"","format":"standard","meta":{"_monsterinsights_skip_tracking":false,"_monsterinsights_sitenote_active":false,"_monsterinsights_sitenote_note":"","_monsterinsights_sitenote_category":0,"footnotes":""},"categories":[34],"tags":[],"yoast_head":"<!-- This site is optimized with the Yoast SEO plugin v22.9 - https:\/\/yoast.com\/wordpress\/plugins\/seo\/ -->\n<title>Bolsonaro se envolve em confus\u00e3o com youtuber em Bras\u00edlia - Portal MF<\/title>\n<meta name=\"robots\" content=\"index, follow, max-snippet:-1, max-image-preview:large, max-video-preview:-1\" \/>\n<link rel=\"canonical\" href=\"https:\/\/portalmf.com.br\/index.php\/2022\/08\/18\/bolsonaro-se-envolve-em-confusao-com-youtuber-em-brasilia\/\" \/>\n<meta property=\"og:locale\" content=\"pt_BR\" \/>\n<meta property=\"og:type\" content=\"article\" \/>\n<meta property=\"og:title\" content=\"Bolsonaro se envolve em confus\u00e3o com youtuber em Bras\u00edlia - Portal MF\" \/>\n<meta property=\"og:description\" content=\"O presidente Jair Bolsonaro se envolveu em uma confus\u00e3o na manh\u00e3 desta quinta-feira (18) ap\u00f3s ter sido provocado pelo youtuber Wilker Le\u00e3o, na sa\u00edda do Pal\u00e1cio da Alvorada, resid\u00eancia oficial da Presid\u00eancia em Bras\u00edlia (veja v\u00eddeo acima). Le\u00e3o costuma ficar na sa\u00edda do Alvorada e fazer v\u00eddeos provocando apoiadores do presidente. Ele tamb\u00e9m faz v\u00eddeos [&hellip;]\" \/>\n<meta property=\"og:url\" content=\"https:\/\/portalmf.com.br\/index.php\/2022\/08\/18\/bolsonaro-se-envolve-em-confusao-com-youtuber-em-brasilia\/\" \/>\n<meta property=\"og:site_name\" content=\"Portal MF\" \/>\n<meta property=\"article:author\" content=\"reginaldojrfsa\" \/>\n<meta property=\"article:published_time\" content=\"2022-08-18T18:53:56+00:00\" \/>\n<meta property=\"article:modified_time\" content=\"2022-08-18T18:53:58+00:00\" \/>\n<meta property=\"og:image\" content=\"https:\/\/portalmf.com.br\/wp-content\/uploads\/2022\/08\/Bolsonaro-93-600x400-1.jpg\" \/>\n\t<meta property=\"og:image:width\" content=\"600\" \/>\n\t<meta property=\"og:image:height\" content=\"400\" \/>\n\t<meta property=\"og:image:type\" content=\"image\/jpeg\" \/>\n<meta name=\"author\" content=\"Reginaldo J\u00fanior\" \/>\n<meta name=\"twitter:card\" content=\"summary_large_image\" \/>\n<meta name=\"twitter:creator\" content=\"@reginaldojrmf\" \/>\n<meta name=\"twitter:label1\" content=\"Escrito por\" \/>\n\t<meta name=\"twitter:data1\" content=\"Reginaldo J\u00fanior\" \/>\n\t<meta name=\"twitter:label2\" content=\"Est. tempo de leitura\" \/>\n\t<meta name=\"twitter:data2\" content=\"2 minutos\" \/>\n<script type=\"application\/ld+json\" class=\"yoast-schema-graph\">{\"@context\":\"https:\/\/schema.org\",\"@graph\":[{\"@type\":\"WebPage\",\"@id\":\"https:\/\/portalmf.com.br\/index.php\/2022\/08\/18\/bolsonaro-se-envolve-em-confusao-com-youtuber-em-brasilia\/\",\"url\":\"https:\/\/portalmf.com.br\/index.php\/2022\/08\/18\/bolsonaro-se-envolve-em-confusao-com-youtuber-em-brasilia\/\",\"name\":\"Bolsonaro se envolve em confus\u00e3o com youtuber em Bras\u00edlia - Portal MF\",\"isPartOf\":{\"@id\":\"https:\/\/portalmf.com.br\/#website\"},\"primaryImageOfPage\":{\"@id\":\"https:\/\/portalmf.com.br\/index.php\/2022\/08\/18\/bolsonaro-se-envolve-em-confusao-com-youtuber-em-brasilia\/#primaryimage\"},\"image\":{\"@id\":\"https:\/\/portalmf.com.br\/index.php\/2022\/08\/18\/bolsonaro-se-envolve-em-confusao-com-youtuber-em-brasilia\/#primaryimage\"},\"thumbnailUrl\":\"https:\/\/portalmf.com.br\/wp-content\/uploads\/2022\/08\/Bolsonaro-93-600x400-1.jpg\",\"datePublished\":\"2022-08-18T18:53:56+00:00\",\"dateModified\":\"2022-08-18T18:53:58+00:00\",\"author\":{\"@id\":\"https:\/\/portalmf.com.br\/#\/schema\/person\/11c82086fe8abc05a19147e964587285\"},\"breadcrumb\":{\"@id\":\"https:\/\/portalmf.com.br\/index.php\/2022\/08\/18\/bolsonaro-se-envolve-em-confusao-com-youtuber-em-brasilia\/#breadcrumb\"},\"inLanguage\":\"pt-BR\",\"potentialAction\":[{\"@type\":\"ReadAction\",\"target\":[\"https:\/\/portalmf.com.br\/index.php\/2022\/08\/18\/bolsonaro-se-envolve-em-confusao-com-youtuber-em-brasilia\/\"]}]},{\"@type\":\"ImageObject\",\"inLanguage\":\"pt-BR\",\"@id\":\"https:\/\/portalmf.com.br\/index.php\/2022\/08\/18\/bolsonaro-se-envolve-em-confusao-com-youtuber-em-brasilia\/#primaryimage\",\"url\":\"https:\/\/portalmf.com.br\/wp-content\/uploads\/2022\/08\/Bolsonaro-93-600x400-1.jpg\",\"contentUrl\":\"https:\/\/portalmf.com.br\/wp-content\/uploads\/2022\/08\/Bolsonaro-93-600x400-1.jpg\",\"width\":600,\"height\":400},{\"@type\":\"BreadcrumbList\",\"@id\":\"https:\/\/portalmf.com.br\/index.php\/2022\/08\/18\/bolsonaro-se-envolve-em-confusao-com-youtuber-em-brasilia\/#breadcrumb\",\"itemListElement\":[{\"@type\":\"ListItem\",\"position\":1,\"name\":\"In\u00edcio\",\"item\":\"https:\/\/portalmf.com.br\/\"},{\"@type\":\"ListItem\",\"position\":2,\"name\":\"Bolsonaro se envolve em confus\u00e3o com youtuber em Bras\u00edlia\"}]},{\"@type\":\"WebSite\",\"@id\":\"https:\/\/portalmf.com.br\/#website\",\"url\":\"https:\/\/portalmf.com.br\/\",\"name\":\"Portal MF\",\"description\":\"Voc\u00ea conectado com a informa\u00e7\u00e3o\",\"potentialAction\":[{\"@type\":\"SearchAction\",\"target\":{\"@type\":\"EntryPoint\",\"urlTemplate\":\"https:\/\/portalmf.com.br\/?s={search_term_string}\"},\"query-input\":\"required name=search_term_string\"}],\"inLanguage\":\"pt-BR\"},{\"@type\":\"Person\",\"@id\":\"https:\/\/portalmf.com.br\/#\/schema\/person\/11c82086fe8abc05a19147e964587285\",\"name\":\"Reginaldo J\u00fanior\",\"image\":{\"@type\":\"ImageObject\",\"inLanguage\":\"pt-BR\",\"@id\":\"https:\/\/portalmf.com.br\/#\/schema\/person\/image\/\",\"url\":\"https:\/\/secure.gravatar.com\/avatar\/32a3c797cd0ac47cc53b8644c62776f9?s=96&d=mm&r=g\",\"contentUrl\":\"https:\/\/secure.gravatar.com\/avatar\/32a3c797cd0ac47cc53b8644c62776f9?s=96&d=mm&r=g\",\"caption\":\"Reginaldo J\u00fanior\"},\"description\":\"Jornalista e idealizador Portal MF\",\"sameAs\":[\"https:\/\/portalmf.com.br\/index.php\/author\/reginaldojr\/\",\"reginaldojrfsa\",\"reginaldojuniormf\",\"https:\/\/x.com\/reginaldojrmf\"],\"url\":\"https:\/\/portalmf.com.br\/index.php\/author\/reginaldojr\/\"}]}<\/script>\n<!-- \/ Yoast SEO plugin. -->","yoast_head_json":{"title":"Bolsonaro se envolve em confus\u00e3o com youtuber em Bras\u00edlia - Portal MF","robots":{"index":"index","follow":"follow","max-snippet":"max-snippet:-1","max-image-preview":"max-image-preview:large","max-video-preview":"max-video-preview:-1"},"canonical":"https:\/\/portalmf.com.br\/index.php\/2022\/08\/18\/bolsonaro-se-envolve-em-confusao-com-youtuber-em-brasilia\/","og_locale":"pt_BR","og_type":"article","og_title":"Bolsonaro se envolve em confus\u00e3o com youtuber em Bras\u00edlia - Portal MF","og_description":"O presidente Jair Bolsonaro se envolveu em uma confus\u00e3o na manh\u00e3 desta quinta-feira (18) ap\u00f3s ter sido provocado pelo youtuber Wilker Le\u00e3o, na sa\u00edda do Pal\u00e1cio da Alvorada, resid\u00eancia oficial da Presid\u00eancia em Bras\u00edlia (veja v\u00eddeo acima). Le\u00e3o costuma ficar na sa\u00edda do Alvorada e fazer v\u00eddeos provocando apoiadores do presidente. Ele tamb\u00e9m faz v\u00eddeos [&hellip;]","og_url":"https:\/\/portalmf.com.br\/index.php\/2022\/08\/18\/bolsonaro-se-envolve-em-confusao-com-youtuber-em-brasilia\/","og_site_name":"Portal MF","article_author":"reginaldojrfsa","article_published_time":"2022-08-18T18:53:56+00:00","article_modified_time":"2022-08-18T18:53:58+00:00","og_image":[{"width":600,"height":400,"url":"https:\/\/portalmf.com.br\/wp-content\/uploads\/2022\/08\/Bolsonaro-93-600x400-1.jpg","type":"image\/jpeg"}],"author":"Reginaldo J\u00fanior","twitter_card":"summary_large_image","twitter_creator":"@reginaldojrmf","twitter_misc":{"Escrito por":"Reginaldo J\u00fanior","Est. tempo de leitura":"2 minutos"},"schema":{"@context":"https:\/\/schema.org","@graph":[{"@type":"WebPage","@id":"https:\/\/portalmf.com.br\/index.php\/2022\/08\/18\/bolsonaro-se-envolve-em-confusao-com-youtuber-em-brasilia\/","url":"https:\/\/portalmf.com.br\/index.php\/2022\/08\/18\/bolsonaro-se-envolve-em-confusao-com-youtuber-em-brasilia\/","name":"Bolsonaro se envolve em confus\u00e3o com youtuber em Bras\u00edlia - Portal MF","isPartOf":{"@id":"https:\/\/portalmf.com.br\/#website"},"primaryImageOfPage":{"@id":"https:\/\/portalmf.com.br\/index.php\/2022\/08\/18\/bolsonaro-se-envolve-em-confusao-com-youtuber-em-brasilia\/#primaryimage"},"image":{"@id":"https:\/\/portalmf.com.br\/index.php\/2022\/08\/18\/bolsonaro-se-envolve-em-confusao-com-youtuber-em-brasilia\/#primaryimage"},"thumbnailUrl":"https:\/\/portalmf.com.br\/wp-content\/uploads\/2022\/08\/Bolsonaro-93-600x400-1.jpg","datePublished":"2022-08-18T18:53:56+00:00","dateModified":"2022-08-18T18:53:58+00:00","author":{"@id":"https:\/\/portalmf.com.br\/#\/schema\/person\/11c82086fe8abc05a19147e964587285"},"breadcrumb":{"@id":"https:\/\/portalmf.com.br\/index.php\/2022\/08\/18\/bolsonaro-se-envolve-em-confusao-com-youtuber-em-brasilia\/#breadcrumb"},"inLanguage":"pt-BR","potentialAction":[{"@type":"ReadAction","target":["https:\/\/portalmf.com.br\/index.php\/2022\/08\/18\/bolsonaro-se-envolve-em-confusao-com-youtuber-em-brasilia\/"]}]},{"@type":"ImageObject","inLanguage":"pt-BR","@id":"https:\/\/portalmf.com.br\/index.php\/2022\/08\/18\/bolsonaro-se-envolve-em-confusao-com-youtuber-em-brasilia\/#primaryimage","url":"https:\/\/portalmf.com.br\/wp-content\/uploads\/2022\/08\/Bolsonaro-93-600x400-1.jpg","contentUrl":"https:\/\/portalmf.com.br\/wp-content\/uploads\/2022\/08\/Bolsonaro-93-600x400-1.jpg","width":600,"height":400},{"@type":"BreadcrumbList","@id":"https:\/\/portalmf.com.br\/index.php\/2022\/08\/18\/bolsonaro-se-envolve-em-confusao-com-youtuber-em-brasilia\/#breadcrumb","itemListElement":[{"@type":"ListItem","position":1,"name":"In\u00edcio","item":"https:\/\/portalmf.com.br\/"},{"@type":"ListItem","position":2,"name":"Bolsonaro se envolve em confus\u00e3o com youtuber em Bras\u00edlia"}]},{"@type":"WebSite","@id":"https:\/\/portalmf.com.br\/#website","url":"https:\/\/portalmf.com.br\/","name":"Portal MF","description":"Voc\u00ea conectado com a informa\u00e7\u00e3o","potentialAction":[{"@type":"SearchAction","target":{"@type":"EntryPoint","urlTemplate":"https:\/\/portalmf.com.br\/?s={search_term_string}"},"query-input":"required name=search_term_string"}],"inLanguage":"pt-BR"},{"@type":"Person","@id":"https:\/\/portalmf.com.br\/#\/schema\/person\/11c82086fe8abc05a19147e964587285","name":"Reginaldo J\u00fanior","image":{"@type":"ImageObject","inLanguage":"pt-BR","@id":"https:\/\/portalmf.com.br\/#\/schema\/person\/image\/","url":"https:\/\/secure.gravatar.com\/avatar\/32a3c797cd0ac47cc53b8644c62776f9?s=96&d=mm&r=g","contentUrl":"https:\/\/secure.gravatar.com\/avatar\/32a3c797cd0ac47cc53b8644c62776f9?s=96&d=mm&r=g","caption":"Reginaldo J\u00fanior"},"description":"Jornalista e idealizador Portal MF","sameAs":["https:\/\/portalmf.com.br\/index.php\/author\/reginaldojr\/","reginaldojrfsa","reginaldojuniormf","https:\/\/x.com\/reginaldojrmf"],"url":"https:\/\/portalmf.com.br\/index.php\/author\/reginaldojr\/"}]}},"_links":{"self":[{"href":"https:\/\/portalmf.com.br\/index.php\/wp-json\/wp\/v2\/posts\/3189"}],"collection":[{"href":"https:\/\/portalmf.com.br\/index.php\/wp-json\/wp\/v2\/posts"}],"about":[{"href":"https:\/\/portalmf.com.br\/index.php\/wp-json\/wp\/v2\/types\/post"}],"author":[{"embeddable":true,"href":"https:\/\/portalmf.com.br\/index.php\/wp-json\/wp\/v2\/users\/2"}],"replies":[{"embeddable":true,"href":"https:\/\/portalmf.com.br\/index.php\/wp-json\/wp\/v2\/comments?post=3189"}],"version-history":[{"count":3,"href":"https:\/\/portalmf.com.br\/index.php\/wp-json\/wp\/v2\/posts\/3189\/revisions"}],"predecessor-version":[{"id":3192,"href":"https:\/\/portalmf.com.br\/index.php\/wp-json\/wp\/v2\/posts\/3189\/revisions\/3192"}],"wp:featuredmedia":[{"embeddable":true,"href":"https:\/\/portalmf.com.br\/index.php\/wp-json\/wp\/v2\/media\/3193"}],"wp:attachment":[{"href":"https:\/\/portalmf.com.br\/index.php\/wp-json\/wp\/v2\/media?parent=3189"}],"wp:term":[{"taxonomy":"category","embeddable":true,"href":"https:\/\/portalmf.com.br\/index.php\/wp-json\/wp\/v2\/categories?post=3189"},{"taxonomy":"post_tag","embeddable":true,"href":"https:\/\/portalmf.com.br\/index.php\/wp-json\/wp\/v2\/tags?post=3189"}],"curies":[{"name":"wp","href":"https:\/\/api.w.org\/{rel}","templated":true}]}}