{"id":3185,"date":"2022-08-18T15:44:21","date_gmt":"2022-08-18T18:44:21","guid":{"rendered":"http:\/\/portalmf.com.br\/?p=3185"},"modified":"2022-08-18T15:44:51","modified_gmt":"2022-08-18T18:44:51","slug":"o-povo-de-ibipeba-gosta-de-quem-gosta-de-gente-afirma-prefeito-demostenes-filho","status":"publish","type":"post","link":"https:\/\/portalmf.com.br\/index.php\/2022\/08\/18\/o-povo-de-ibipeba-gosta-de-quem-gosta-de-gente-afirma-prefeito-demostenes-filho\/","title":{"rendered":"&#8220;O povo de Ibipeba gosta de quem gosta de gente&#8221;, afirma prefeito Demostenes Filho"},"content":{"rendered":"\n<p>Se depender da empolga\u00e7\u00e3o e empenho do prefeito de Ibipeba, Demostenes Filho (PSD), a vota\u00e7\u00e3o do candidato a governador do Estado pelo PT, Jer\u00f4nimo Rodrigues, bater\u00e1 a do governador Rui Costa quando, nas elei\u00e7\u00f5es de 2018, o petista obteve 84% dos votos v\u00e1lidos dos eleitores ibipebenses.<\/p>\n\n\n\n<p>&#8220;Aqui em Ibipeba ser\u00e1 95% dos votos [v\u00e1lidos]. A pancada \u00e9 grande. O povo aqui n\u00e3o gosta de filho de chocadeira e nem de quem gosta de Bolsonaro. O povo aqui gosta de quem gosta de gente e essa pessoa \u00e9 Jer\u00f4nimo&#8221;, disse o prefeito, que acompanhou a Caravana do 13 pelas ruas da cidade no in\u00edcio da tarde de hoje.<\/p>\n\n\n\n<p>A receptividade da popula\u00e7\u00e3o nas ruas das cidades, por onde j\u00e1 passou o Time de Lula na Bahia, tem sido a marca das visitas aos munic\u00edpios. A Coliga\u00e7\u00e3o Pela Bahia, Pelo Brasil ainda visita nesta quinta, as cidades de Ibitit\u00e1, Lap\u00e3o e Irec\u00ea onde, ao lado do prefeito Elmo Vaz (PSB) e de lideran\u00e7as pol\u00edticas de toda a regi\u00e3o, realizam um grande com\u00edcio na cidade.<\/p>\n","protected":false},"excerpt":{"rendered":"<p>Se depender da empolga\u00e7\u00e3o e empenho do prefeito de Ibipeba, Demostenes Filho (PSD), a vota\u00e7\u00e3o do candidato a governador do Estado pelo PT, Jer\u00f4nimo Rodrigues, bater\u00e1 a do governador Rui Costa quando, nas elei\u00e7\u00f5es de 2018, o petista obteve 84% dos votos v\u00e1lidos dos eleitores ibipebenses. &#8220;Aqui em Ibipeba ser\u00e1 95% dos votos [v\u00e1lidos]. A [&hellip;]<\/p>\n","protected":false},"author":2,"featured_media":3187,"comment_status":"open","ping_status":"open","sticky":false,"template":"","format":"standard","meta":{"_monsterinsights_skip_tracking":false,"_monsterinsights_sitenote_active":false,"_monsterinsights_sitenote_note":"","_monsterinsights_sitenote_category":0,"footnotes":""},"categories":[34],"tags":[],"yoast_head":"<!-- This site is optimized with the Yoast SEO plugin v22.9 - https:\/\/yoast.com\/wordpress\/plugins\/seo\/ -->\n<title>&quot;O povo de Ibipeba gosta de quem gosta de gente&quot;, afirma prefeito Demostenes Filho - Portal MF<\/title>\n<meta name=\"robots\" content=\"index, follow, max-snippet:-1, max-image-preview:large, max-video-preview:-1\" \/>\n<link rel=\"canonical\" href=\"https:\/\/portalmf.com.br\/index.php\/2022\/08\/18\/o-povo-de-ibipeba-gosta-de-quem-gosta-de-gente-afirma-prefeito-demostenes-filho\/\" \/>\n<meta property=\"og:locale\" content=\"pt_BR\" \/>\n<meta property=\"og:type\" content=\"article\" \/>\n<meta property=\"og:title\" content=\"&quot;O povo de Ibipeba gosta de quem gosta de gente&quot;, afirma prefeito Demostenes Filho - Portal MF\" \/>\n<meta property=\"og:description\" content=\"Se depender da empolga\u00e7\u00e3o e empenho do prefeito de Ibipeba, Demostenes Filho (PSD), a vota\u00e7\u00e3o do candidato a governador do Estado pelo PT, Jer\u00f4nimo Rodrigues, bater\u00e1 a do governador Rui Costa quando, nas elei\u00e7\u00f5es de 2018, o petista obteve 84% dos votos v\u00e1lidos dos eleitores ibipebenses. &#8220;Aqui em Ibipeba ser\u00e1 95% dos votos [v\u00e1lidos]. A [&hellip;]\" \/>\n<meta property=\"og:url\" content=\"https:\/\/portalmf.com.br\/index.php\/2022\/08\/18\/o-povo-de-ibipeba-gosta-de-quem-gosta-de-gente-afirma-prefeito-demostenes-filho\/\" \/>\n<meta property=\"og:site_name\" content=\"Portal MF\" \/>\n<meta property=\"article:author\" content=\"reginaldojrfsa\" \/>\n<meta property=\"article:published_time\" content=\"2022-08-18T18:44:21+00:00\" \/>\n<meta property=\"article:modified_time\" content=\"2022-08-18T18:44:51+00:00\" \/>\n<meta property=\"og:image\" content=\"https:\/\/portalmf.com.br\/wp-content\/uploads\/2022\/08\/WhatsApp-Image-2022-08-18-at-14.15.24.jpeg\" \/>\n\t<meta property=\"og:image:width\" content=\"1280\" \/>\n\t<meta property=\"og:image:height\" content=\"897\" \/>\n\t<meta property=\"og:image:type\" content=\"image\/jpeg\" \/>\n<meta name=\"author\" content=\"Reginaldo J\u00fanior\" \/>\n<meta name=\"twitter:card\" content=\"summary_large_image\" \/>\n<meta name=\"twitter:creator\" content=\"@reginaldojrmf\" \/>\n<meta name=\"twitter:label1\" content=\"Escrito por\" \/>\n\t<meta name=\"twitter:data1\" content=\"Reginaldo J\u00fanior\" \/>\n\t<meta name=\"twitter:label2\" content=\"Est. tempo de leitura\" \/>\n\t<meta name=\"twitter:data2\" content=\"1 minuto\" \/>\n<script type=\"application\/ld+json\" class=\"yoast-schema-graph\">{\"@context\":\"https:\/\/schema.org\",\"@graph\":[{\"@type\":\"WebPage\",\"@id\":\"https:\/\/portalmf.com.br\/index.php\/2022\/08\/18\/o-povo-de-ibipeba-gosta-de-quem-gosta-de-gente-afirma-prefeito-demostenes-filho\/\",\"url\":\"https:\/\/portalmf.com.br\/index.php\/2022\/08\/18\/o-povo-de-ibipeba-gosta-de-quem-gosta-de-gente-afirma-prefeito-demostenes-filho\/\",\"name\":\"\\\"O povo de Ibipeba gosta de quem gosta de gente\\\", afirma prefeito Demostenes Filho - Portal MF\",\"isPartOf\":{\"@id\":\"https:\/\/portalmf.com.br\/#website\"},\"primaryImageOfPage\":{\"@id\":\"https:\/\/portalmf.com.br\/index.php\/2022\/08\/18\/o-povo-de-ibipeba-gosta-de-quem-gosta-de-gente-afirma-prefeito-demostenes-filho\/#primaryimage\"},\"image\":{\"@id\":\"https:\/\/portalmf.com.br\/index.php\/2022\/08\/18\/o-povo-de-ibipeba-gosta-de-quem-gosta-de-gente-afirma-prefeito-demostenes-filho\/#primaryimage\"},\"thumbnailUrl\":\"https:\/\/portalmf.com.br\/wp-content\/uploads\/2022\/08\/WhatsApp-Image-2022-08-18-at-14.15.24.jpeg\",\"datePublished\":\"2022-08-18T18:44:21+00:00\",\"dateModified\":\"2022-08-18T18:44:51+00:00\",\"author\":{\"@id\":\"https:\/\/portalmf.com.br\/#\/schema\/person\/11c82086fe8abc05a19147e964587285\"},\"breadcrumb\":{\"@id\":\"https:\/\/portalmf.com.br\/index.php\/2022\/08\/18\/o-povo-de-ibipeba-gosta-de-quem-gosta-de-gente-afirma-prefeito-demostenes-filho\/#breadcrumb\"},\"inLanguage\":\"pt-BR\",\"potentialAction\":[{\"@type\":\"ReadAction\",\"target\":[\"https:\/\/portalmf.com.br\/index.php\/2022\/08\/18\/o-povo-de-ibipeba-gosta-de-quem-gosta-de-gente-afirma-prefeito-demostenes-filho\/\"]}]},{\"@type\":\"ImageObject\",\"inLanguage\":\"pt-BR\",\"@id\":\"https:\/\/portalmf.com.br\/index.php\/2022\/08\/18\/o-povo-de-ibipeba-gosta-de-quem-gosta-de-gente-afirma-prefeito-demostenes-filho\/#primaryimage\",\"url\":\"https:\/\/portalmf.com.br\/wp-content\/uploads\/2022\/08\/WhatsApp-Image-2022-08-18-at-14.15.24.jpeg\",\"contentUrl\":\"https:\/\/portalmf.com.br\/wp-content\/uploads\/2022\/08\/WhatsApp-Image-2022-08-18-at-14.15.24.jpeg\",\"width\":1280,\"height\":897},{\"@type\":\"BreadcrumbList\",\"@id\":\"https:\/\/portalmf.com.br\/index.php\/2022\/08\/18\/o-povo-de-ibipeba-gosta-de-quem-gosta-de-gente-afirma-prefeito-demostenes-filho\/#breadcrumb\",\"itemListElement\":[{\"@type\":\"ListItem\",\"position\":1,\"name\":\"In\u00edcio\",\"item\":\"https:\/\/portalmf.com.br\/\"},{\"@type\":\"ListItem\",\"position\":2,\"name\":\"&#8220;O povo de Ibipeba gosta de quem gosta de gente&#8221;, afirma prefeito Demostenes Filho\"}]},{\"@type\":\"WebSite\",\"@id\":\"https:\/\/portalmf.com.br\/#website\",\"url\":\"https:\/\/portalmf.com.br\/\",\"name\":\"Portal MF\",\"description\":\"Voc\u00ea conectado com a informa\u00e7\u00e3o\",\"potentialAction\":[{\"@type\":\"SearchAction\",\"target\":{\"@type\":\"EntryPoint\",\"urlTemplate\":\"https:\/\/portalmf.com.br\/?s={search_term_string}\"},\"query-input\":\"required name=search_term_string\"}],\"inLanguage\":\"pt-BR\"},{\"@type\":\"Person\",\"@id\":\"https:\/\/portalmf.com.br\/#\/schema\/person\/11c82086fe8abc05a19147e964587285\",\"name\":\"Reginaldo J\u00fanior\",\"image\":{\"@type\":\"ImageObject\",\"inLanguage\":\"pt-BR\",\"@id\":\"https:\/\/portalmf.com.br\/#\/schema\/person\/image\/\",\"url\":\"https:\/\/secure.gravatar.com\/avatar\/32a3c797cd0ac47cc53b8644c62776f9?s=96&d=mm&r=g\",\"contentUrl\":\"https:\/\/secure.gravatar.com\/avatar\/32a3c797cd0ac47cc53b8644c62776f9?s=96&d=mm&r=g\",\"caption\":\"Reginaldo J\u00fanior\"},\"description\":\"Jornalista e idealizador Portal MF\",\"sameAs\":[\"https:\/\/portalmf.com.br\/index.php\/author\/reginaldojr\/\",\"reginaldojrfsa\",\"reginaldojuniormf\",\"https:\/\/x.com\/reginaldojrmf\"],\"url\":\"https:\/\/portalmf.com.br\/index.php\/author\/reginaldojr\/\"}]}<\/script>\n<!-- \/ Yoast SEO plugin. -->","yoast_head_json":{"title":"\"O povo de Ibipeba gosta de quem gosta de gente\", afirma prefeito Demostenes Filho - Portal MF","robots":{"index":"index","follow":"follow","max-snippet":"max-snippet:-1","max-image-preview":"max-image-preview:large","max-video-preview":"max-video-preview:-1"},"canonical":"https:\/\/portalmf.com.br\/index.php\/2022\/08\/18\/o-povo-de-ibipeba-gosta-de-quem-gosta-de-gente-afirma-prefeito-demostenes-filho\/","og_locale":"pt_BR","og_type":"article","og_title":"\"O povo de Ibipeba gosta de quem gosta de gente\", afirma prefeito Demostenes Filho - Portal MF","og_description":"Se depender da empolga\u00e7\u00e3o e empenho do prefeito de Ibipeba, Demostenes Filho (PSD), a vota\u00e7\u00e3o do candidato a governador do Estado pelo PT, Jer\u00f4nimo Rodrigues, bater\u00e1 a do governador Rui Costa quando, nas elei\u00e7\u00f5es de 2018, o petista obteve 84% dos votos v\u00e1lidos dos eleitores ibipebenses. &#8220;Aqui em Ibipeba ser\u00e1 95% dos votos [v\u00e1lidos]. A [&hellip;]","og_url":"https:\/\/portalmf.com.br\/index.php\/2022\/08\/18\/o-povo-de-ibipeba-gosta-de-quem-gosta-de-gente-afirma-prefeito-demostenes-filho\/","og_site_name":"Portal MF","article_author":"reginaldojrfsa","article_published_time":"2022-08-18T18:44:21+00:00","article_modified_time":"2022-08-18T18:44:51+00:00","og_image":[{"width":1280,"height":897,"url":"https:\/\/portalmf.com.br\/wp-content\/uploads\/2022\/08\/WhatsApp-Image-2022-08-18-at-14.15.24.jpeg","type":"image\/jpeg"}],"author":"Reginaldo J\u00fanior","twitter_card":"summary_large_image","twitter_creator":"@reginaldojrmf","twitter_misc":{"Escrito por":"Reginaldo J\u00fanior","Est. tempo de leitura":"1 minuto"},"schema":{"@context":"https:\/\/schema.org","@graph":[{"@type":"WebPage","@id":"https:\/\/portalmf.com.br\/index.php\/2022\/08\/18\/o-povo-de-ibipeba-gosta-de-quem-gosta-de-gente-afirma-prefeito-demostenes-filho\/","url":"https:\/\/portalmf.com.br\/index.php\/2022\/08\/18\/o-povo-de-ibipeba-gosta-de-quem-gosta-de-gente-afirma-prefeito-demostenes-filho\/","name":"\"O povo de Ibipeba gosta de quem gosta de gente\", afirma prefeito Demostenes Filho - Portal MF","isPartOf":{"@id":"https:\/\/portalmf.com.br\/#website"},"primaryImageOfPage":{"@id":"https:\/\/portalmf.com.br\/index.php\/2022\/08\/18\/o-povo-de-ibipeba-gosta-de-quem-gosta-de-gente-afirma-prefeito-demostenes-filho\/#primaryimage"},"image":{"@id":"https:\/\/portalmf.com.br\/index.php\/2022\/08\/18\/o-povo-de-ibipeba-gosta-de-quem-gosta-de-gente-afirma-prefeito-demostenes-filho\/#primaryimage"},"thumbnailUrl":"https:\/\/portalmf.com.br\/wp-content\/uploads\/2022\/08\/WhatsApp-Image-2022-08-18-at-14.15.24.jpeg","datePublished":"2022-08-18T18:44:21+00:00","dateModified":"2022-08-18T18:44:51+00:00","author":{"@id":"https:\/\/portalmf.com.br\/#\/schema\/person\/11c82086fe8abc05a19147e964587285"},"breadcrumb":{"@id":"https:\/\/portalmf.com.br\/index.php\/2022\/08\/18\/o-povo-de-ibipeba-gosta-de-quem-gosta-de-gente-afirma-prefeito-demostenes-filho\/#breadcrumb"},"inLanguage":"pt-BR","potentialAction":[{"@type":"ReadAction","target":["https:\/\/portalmf.com.br\/index.php\/2022\/08\/18\/o-povo-de-ibipeba-gosta-de-quem-gosta-de-gente-afirma-prefeito-demostenes-filho\/"]}]},{"@type":"ImageObject","inLanguage":"pt-BR","@id":"https:\/\/portalmf.com.br\/index.php\/2022\/08\/18\/o-povo-de-ibipeba-gosta-de-quem-gosta-de-gente-afirma-prefeito-demostenes-filho\/#primaryimage","url":"https:\/\/portalmf.com.br\/wp-content\/uploads\/2022\/08\/WhatsApp-Image-2022-08-18-at-14.15.24.jpeg","contentUrl":"https:\/\/portalmf.com.br\/wp-content\/uploads\/2022\/08\/WhatsApp-Image-2022-08-18-at-14.15.24.jpeg","width":1280,"height":897},{"@type":"BreadcrumbList","@id":"https:\/\/portalmf.com.br\/index.php\/2022\/08\/18\/o-povo-de-ibipeba-gosta-de-quem-gosta-de-gente-afirma-prefeito-demostenes-filho\/#breadcrumb","itemListElement":[{"@type":"ListItem","position":1,"name":"In\u00edcio","item":"https:\/\/portalmf.com.br\/"},{"@type":"ListItem","position":2,"name":"&#8220;O povo de Ibipeba gosta de quem gosta de gente&#8221;, afirma prefeito Demostenes Filho"}]},{"@type":"WebSite","@id":"https:\/\/portalmf.com.br\/#website","url":"https:\/\/portalmf.com.br\/","name":"Portal MF","description":"Voc\u00ea conectado com a informa\u00e7\u00e3o","potentialAction":[{"@type":"SearchAction","target":{"@type":"EntryPoint","urlTemplate":"https:\/\/portalmf.com.br\/?s={search_term_string}"},"query-input":"required name=search_term_string"}],"inLanguage":"pt-BR"},{"@type":"Person","@id":"https:\/\/portalmf.com.br\/#\/schema\/person\/11c82086fe8abc05a19147e964587285","name":"Reginaldo J\u00fanior","image":{"@type":"ImageObject","inLanguage":"pt-BR","@id":"https:\/\/portalmf.com.br\/#\/schema\/person\/image\/","url":"https:\/\/secure.gravatar.com\/avatar\/32a3c797cd0ac47cc53b8644c62776f9?s=96&d=mm&r=g","contentUrl":"https:\/\/secure.gravatar.com\/avatar\/32a3c797cd0ac47cc53b8644c62776f9?s=96&d=mm&r=g","caption":"Reginaldo J\u00fanior"},"description":"Jornalista e idealizador Portal MF","sameAs":["https:\/\/portalmf.com.br\/index.php\/author\/reginaldojr\/","reginaldojrfsa","reginaldojuniormf","https:\/\/x.com\/reginaldojrmf"],"url":"https:\/\/portalmf.com.br\/index.php\/author\/reginaldojr\/"}]}},"_links":{"self":[{"href":"https:\/\/portalmf.com.br\/index.php\/wp-json\/wp\/v2\/posts\/3185"}],"collection":[{"href":"https:\/\/portalmf.com.br\/index.php\/wp-json\/wp\/v2\/posts"}],"about":[{"href":"https:\/\/portalmf.com.br\/index.php\/wp-json\/wp\/v2\/types\/post"}],"author":[{"embeddable":true,"href":"https:\/\/portalmf.com.br\/index.php\/wp-json\/wp\/v2\/users\/2"}],"replies":[{"embeddable":true,"href":"https:\/\/portalmf.com.br\/index.php\/wp-json\/wp\/v2\/comments?post=3185"}],"version-history":[{"count":2,"href":"https:\/\/portalmf.com.br\/index.php\/wp-json\/wp\/v2\/posts\/3185\/revisions"}],"predecessor-version":[{"id":3188,"href":"https:\/\/portalmf.com.br\/index.php\/wp-json\/wp\/v2\/posts\/3185\/revisions\/3188"}],"wp:featuredmedia":[{"embeddable":true,"href":"https:\/\/portalmf.com.br\/index.php\/wp-json\/wp\/v2\/media\/3187"}],"wp:attachment":[{"href":"https:\/\/portalmf.com.br\/index.php\/wp-json\/wp\/v2\/media?parent=3185"}],"wp:term":[{"taxonomy":"category","embeddable":true,"href":"https:\/\/portalmf.com.br\/index.php\/wp-json\/wp\/v2\/categories?post=3185"},{"taxonomy":"post_tag","embeddable":true,"href":"https:\/\/portalmf.com.br\/index.php\/wp-json\/wp\/v2\/tags?post=3185"}],"curies":[{"name":"wp","href":"https:\/\/api.w.org\/{rel}","templated":true}]}}