{"id":3181,"date":"2022-08-18T06:00:00","date_gmt":"2022-08-18T09:00:00","guid":{"rendered":"http:\/\/portalmf.com.br\/?p=3181"},"modified":"2022-08-18T14:01:45","modified_gmt":"2022-08-18T17:01:45","slug":"termina-nesta-quinta-feira-prazo-para-pedir-voto-em-transito","status":"publish","type":"post","link":"https:\/\/portalmf.com.br\/index.php\/2022\/08\/18\/termina-nesta-quinta-feira-prazo-para-pedir-voto-em-transito\/","title":{"rendered":"Termina nesta quinta-feira prazo para pedir voto em tr\u00e2nsito"},"content":{"rendered":"\n<p>Termina nesta quinta-feira (18)&nbsp;o prazo para os eleitores que n\u00e3o estiverem no seu domic\u00edlio eleitoral no dia da vota\u00e7\u00e3o, no primeiro turno, em 2 de outubro; e, em caso de segundo turno, no dia 30 de outubro, solicitarem o voto em tr\u00e2nsito.<\/p>\n\n\n\n<p>O requerimento para votar em tr\u00e2nsito precisa ser feito presencialmente, em qualquer cart\u00f3rio eleitoral, sem necessidade de agendamento. \u00c9 poss\u00edvel solicitar o voto em tr\u00e2nsito para o primeiro, o segundo ou ambos os turnos.<\/p>\n\n\n\n<p>Segundo o Tribunal Superior Eleitoral (TSE), o voto em tr\u00e2nsito vale apenas para o cargo de presidente da Rep\u00fablica, quando a eleitora ou eleitor indicar uma cidade localizada em outra unidade da Federa\u00e7\u00e3o diferente da do munic\u00edpio do seu domic\u00edlio eleitoral.<\/p>\n\n\n\n<p><em>\u201cPodem votar nos cargos de deputado federal, deputado estadual, senador, governador e presidente da Rep\u00fablica apenas eleitoras e eleitores que indicarem para o voto em tr\u00e2nsito um munic\u00edpio que esteja localizado na mesma unidade da Federa\u00e7\u00e3o do seu domic\u00edlio eleitoral\u201d,<\/em> diz ainda o TSE.<\/p>\n\n\n\n<p>O pedido para votar em tr\u00e2nsito s\u00f3 pode ser feito para as capitais e cidades com eleitorado igual ou superior a 100 mil pessoas. \u00c9 poss\u00edvel consultar os locais habilitados a receber o voto em tr\u00e2nsito no site do TSE. N\u00e3o \u00e9 poss\u00edvel indicar munic\u00edpios em outros pa\u00edses para o voto em tr\u00e2nsito.<\/p>\n\n\n\n<p>Eleitores, com o t\u00edtulo de eleitor cadastrado no exterior, poder\u00e3o votar em tr\u00e2nsito se estiverem em viagem ao Brasil. Para isso, devem indicar o munic\u00edpio onde estar\u00e3o no dia da vota\u00e7\u00e3o. Nesses casos, s\u00f3 poder\u00e3o votar exclusivamente em candidatas e candidatos a presidente da Rep\u00fablica.<\/p>\n\n\n\n<p><em>\u201cO voto em tr\u00e2nsito funciona como uma transfer\u00eancia tempor\u00e1ria de domic\u00edlio eleitoral. A habilita\u00e7\u00e3o para votar em tr\u00e2nsito n\u00e3o transfere ou altera quaisquer dados da inscri\u00e7\u00e3o eleitoral. Ap\u00f3s as elei\u00e7\u00f5es, a vincula\u00e7\u00e3o do eleitor com a se\u00e7\u00e3o de origem \u00e9 restabelecida automaticamente\u201d,<\/em> informa o TSE.<\/p>\n\n\n\n<p>Com informa\u00e7\u00f5es do Ag\u00eancia Brasil<\/p>\n","protected":false},"excerpt":{"rendered":"<p>Termina nesta quinta-feira (18)&nbsp;o prazo para os eleitores que n\u00e3o estiverem no seu domic\u00edlio eleitoral no dia da vota\u00e7\u00e3o, no primeiro turno, em 2 de outubro; e, em caso de segundo turno, no dia 30 de outubro, solicitarem o voto em tr\u00e2nsito. O requerimento para votar em tr\u00e2nsito precisa ser feito presencialmente, em qualquer cart\u00f3rio [&hellip;]<\/p>\n","protected":false},"author":2,"featured_media":3184,"comment_status":"open","ping_status":"open","sticky":false,"template":"","format":"standard","meta":{"_monsterinsights_skip_tracking":false,"_monsterinsights_sitenote_active":false,"_monsterinsights_sitenote_note":"","_monsterinsights_sitenote_category":0,"footnotes":""},"categories":[34],"tags":[],"yoast_head":"<!-- This site is optimized with the Yoast SEO plugin v22.9 - https:\/\/yoast.com\/wordpress\/plugins\/seo\/ -->\n<title>Termina nesta quinta-feira prazo para pedir voto em tr\u00e2nsito - Portal MF<\/title>\n<meta name=\"robots\" content=\"index, follow, max-snippet:-1, max-image-preview:large, max-video-preview:-1\" \/>\n<link rel=\"canonical\" href=\"https:\/\/portalmf.com.br\/index.php\/2022\/08\/18\/termina-nesta-quinta-feira-prazo-para-pedir-voto-em-transito\/\" \/>\n<meta property=\"og:locale\" content=\"pt_BR\" \/>\n<meta property=\"og:type\" content=\"article\" \/>\n<meta property=\"og:title\" content=\"Termina nesta quinta-feira prazo para pedir voto em tr\u00e2nsito - Portal MF\" \/>\n<meta property=\"og:description\" content=\"Termina nesta quinta-feira (18)&nbsp;o prazo para os eleitores que n\u00e3o estiverem no seu domic\u00edlio eleitoral no dia da vota\u00e7\u00e3o, no primeiro turno, em 2 de outubro; e, em caso de segundo turno, no dia 30 de outubro, solicitarem o voto em tr\u00e2nsito. O requerimento para votar em tr\u00e2nsito precisa ser feito presencialmente, em qualquer cart\u00f3rio [&hellip;]\" \/>\n<meta property=\"og:url\" content=\"https:\/\/portalmf.com.br\/index.php\/2022\/08\/18\/termina-nesta-quinta-feira-prazo-para-pedir-voto-em-transito\/\" \/>\n<meta property=\"og:site_name\" content=\"Portal MF\" \/>\n<meta property=\"article:author\" content=\"reginaldojrfsa\" \/>\n<meta property=\"article:published_time\" content=\"2022-08-18T09:00:00+00:00\" \/>\n<meta property=\"article:modified_time\" content=\"2022-08-18T17:01:45+00:00\" \/>\n<meta property=\"og:image\" content=\"https:\/\/portalmf.com.br\/wp-content\/uploads\/2022\/08\/TSE-Tribunal-Superior-Eleitoral-2020_50605696088.jpg\" \/>\n\t<meta property=\"og:image:width\" content=\"850\" \/>\n\t<meta property=\"og:image:height\" content=\"567\" \/>\n\t<meta property=\"og:image:type\" content=\"image\/jpeg\" \/>\n<meta name=\"author\" content=\"Reginaldo J\u00fanior\" \/>\n<meta name=\"twitter:card\" content=\"summary_large_image\" \/>\n<meta name=\"twitter:creator\" content=\"@reginaldojrmf\" \/>\n<meta name=\"twitter:label1\" content=\"Escrito por\" \/>\n\t<meta name=\"twitter:data1\" content=\"Reginaldo J\u00fanior\" \/>\n\t<meta name=\"twitter:label2\" content=\"Est. tempo de leitura\" \/>\n\t<meta name=\"twitter:data2\" content=\"2 minutos\" \/>\n<script type=\"application\/ld+json\" class=\"yoast-schema-graph\">{\"@context\":\"https:\/\/schema.org\",\"@graph\":[{\"@type\":\"WebPage\",\"@id\":\"https:\/\/portalmf.com.br\/index.php\/2022\/08\/18\/termina-nesta-quinta-feira-prazo-para-pedir-voto-em-transito\/\",\"url\":\"https:\/\/portalmf.com.br\/index.php\/2022\/08\/18\/termina-nesta-quinta-feira-prazo-para-pedir-voto-em-transito\/\",\"name\":\"Termina nesta quinta-feira prazo para pedir voto em tr\u00e2nsito - Portal MF\",\"isPartOf\":{\"@id\":\"https:\/\/portalmf.com.br\/#website\"},\"primaryImageOfPage\":{\"@id\":\"https:\/\/portalmf.com.br\/index.php\/2022\/08\/18\/termina-nesta-quinta-feira-prazo-para-pedir-voto-em-transito\/#primaryimage\"},\"image\":{\"@id\":\"https:\/\/portalmf.com.br\/index.php\/2022\/08\/18\/termina-nesta-quinta-feira-prazo-para-pedir-voto-em-transito\/#primaryimage\"},\"thumbnailUrl\":\"https:\/\/portalmf.com.br\/wp-content\/uploads\/2022\/08\/TSE-Tribunal-Superior-Eleitoral-2020_50605696088.jpg\",\"datePublished\":\"2022-08-18T09:00:00+00:00\",\"dateModified\":\"2022-08-18T17:01:45+00:00\",\"author\":{\"@id\":\"https:\/\/portalmf.com.br\/#\/schema\/person\/11c82086fe8abc05a19147e964587285\"},\"breadcrumb\":{\"@id\":\"https:\/\/portalmf.com.br\/index.php\/2022\/08\/18\/termina-nesta-quinta-feira-prazo-para-pedir-voto-em-transito\/#breadcrumb\"},\"inLanguage\":\"pt-BR\",\"potentialAction\":[{\"@type\":\"ReadAction\",\"target\":[\"https:\/\/portalmf.com.br\/index.php\/2022\/08\/18\/termina-nesta-quinta-feira-prazo-para-pedir-voto-em-transito\/\"]}]},{\"@type\":\"ImageObject\",\"inLanguage\":\"pt-BR\",\"@id\":\"https:\/\/portalmf.com.br\/index.php\/2022\/08\/18\/termina-nesta-quinta-feira-prazo-para-pedir-voto-em-transito\/#primaryimage\",\"url\":\"https:\/\/portalmf.com.br\/wp-content\/uploads\/2022\/08\/TSE-Tribunal-Superior-Eleitoral-2020_50605696088.jpg\",\"contentUrl\":\"https:\/\/portalmf.com.br\/wp-content\/uploads\/2022\/08\/TSE-Tribunal-Superior-Eleitoral-2020_50605696088.jpg\",\"width\":850,\"height\":567,\"caption\":\"Foto: Roque de S\u00e1\/Ag\u00eancia Senado\"},{\"@type\":\"BreadcrumbList\",\"@id\":\"https:\/\/portalmf.com.br\/index.php\/2022\/08\/18\/termina-nesta-quinta-feira-prazo-para-pedir-voto-em-transito\/#breadcrumb\",\"itemListElement\":[{\"@type\":\"ListItem\",\"position\":1,\"name\":\"In\u00edcio\",\"item\":\"https:\/\/portalmf.com.br\/\"},{\"@type\":\"ListItem\",\"position\":2,\"name\":\"Termina nesta quinta-feira prazo para pedir voto em tr\u00e2nsito\"}]},{\"@type\":\"WebSite\",\"@id\":\"https:\/\/portalmf.com.br\/#website\",\"url\":\"https:\/\/portalmf.com.br\/\",\"name\":\"Portal MF\",\"description\":\"Voc\u00ea conectado com a informa\u00e7\u00e3o\",\"potentialAction\":[{\"@type\":\"SearchAction\",\"target\":{\"@type\":\"EntryPoint\",\"urlTemplate\":\"https:\/\/portalmf.com.br\/?s={search_term_string}\"},\"query-input\":\"required name=search_term_string\"}],\"inLanguage\":\"pt-BR\"},{\"@type\":\"Person\",\"@id\":\"https:\/\/portalmf.com.br\/#\/schema\/person\/11c82086fe8abc05a19147e964587285\",\"name\":\"Reginaldo J\u00fanior\",\"image\":{\"@type\":\"ImageObject\",\"inLanguage\":\"pt-BR\",\"@id\":\"https:\/\/portalmf.com.br\/#\/schema\/person\/image\/\",\"url\":\"https:\/\/secure.gravatar.com\/avatar\/32a3c797cd0ac47cc53b8644c62776f9?s=96&d=mm&r=g\",\"contentUrl\":\"https:\/\/secure.gravatar.com\/avatar\/32a3c797cd0ac47cc53b8644c62776f9?s=96&d=mm&r=g\",\"caption\":\"Reginaldo J\u00fanior\"},\"description\":\"Jornalista e idealizador Portal MF\",\"sameAs\":[\"https:\/\/portalmf.com.br\/index.php\/author\/reginaldojr\/\",\"reginaldojrfsa\",\"reginaldojuniormf\",\"https:\/\/x.com\/reginaldojrmf\"],\"url\":\"https:\/\/portalmf.com.br\/index.php\/author\/reginaldojr\/\"}]}<\/script>\n<!-- \/ Yoast SEO plugin. -->","yoast_head_json":{"title":"Termina nesta quinta-feira prazo para pedir voto em tr\u00e2nsito - Portal MF","robots":{"index":"index","follow":"follow","max-snippet":"max-snippet:-1","max-image-preview":"max-image-preview:large","max-video-preview":"max-video-preview:-1"},"canonical":"https:\/\/portalmf.com.br\/index.php\/2022\/08\/18\/termina-nesta-quinta-feira-prazo-para-pedir-voto-em-transito\/","og_locale":"pt_BR","og_type":"article","og_title":"Termina nesta quinta-feira prazo para pedir voto em tr\u00e2nsito - Portal MF","og_description":"Termina nesta quinta-feira (18)&nbsp;o prazo para os eleitores que n\u00e3o estiverem no seu domic\u00edlio eleitoral no dia da vota\u00e7\u00e3o, no primeiro turno, em 2 de outubro; e, em caso de segundo turno, no dia 30 de outubro, solicitarem o voto em tr\u00e2nsito. O requerimento para votar em tr\u00e2nsito precisa ser feito presencialmente, em qualquer cart\u00f3rio [&hellip;]","og_url":"https:\/\/portalmf.com.br\/index.php\/2022\/08\/18\/termina-nesta-quinta-feira-prazo-para-pedir-voto-em-transito\/","og_site_name":"Portal MF","article_author":"reginaldojrfsa","article_published_time":"2022-08-18T09:00:00+00:00","article_modified_time":"2022-08-18T17:01:45+00:00","og_image":[{"width":850,"height":567,"url":"https:\/\/portalmf.com.br\/wp-content\/uploads\/2022\/08\/TSE-Tribunal-Superior-Eleitoral-2020_50605696088.jpg","type":"image\/jpeg"}],"author":"Reginaldo J\u00fanior","twitter_card":"summary_large_image","twitter_creator":"@reginaldojrmf","twitter_misc":{"Escrito por":"Reginaldo J\u00fanior","Est. tempo de leitura":"2 minutos"},"schema":{"@context":"https:\/\/schema.org","@graph":[{"@type":"WebPage","@id":"https:\/\/portalmf.com.br\/index.php\/2022\/08\/18\/termina-nesta-quinta-feira-prazo-para-pedir-voto-em-transito\/","url":"https:\/\/portalmf.com.br\/index.php\/2022\/08\/18\/termina-nesta-quinta-feira-prazo-para-pedir-voto-em-transito\/","name":"Termina nesta quinta-feira prazo para pedir voto em tr\u00e2nsito - Portal MF","isPartOf":{"@id":"https:\/\/portalmf.com.br\/#website"},"primaryImageOfPage":{"@id":"https:\/\/portalmf.com.br\/index.php\/2022\/08\/18\/termina-nesta-quinta-feira-prazo-para-pedir-voto-em-transito\/#primaryimage"},"image":{"@id":"https:\/\/portalmf.com.br\/index.php\/2022\/08\/18\/termina-nesta-quinta-feira-prazo-para-pedir-voto-em-transito\/#primaryimage"},"thumbnailUrl":"https:\/\/portalmf.com.br\/wp-content\/uploads\/2022\/08\/TSE-Tribunal-Superior-Eleitoral-2020_50605696088.jpg","datePublished":"2022-08-18T09:00:00+00:00","dateModified":"2022-08-18T17:01:45+00:00","author":{"@id":"https:\/\/portalmf.com.br\/#\/schema\/person\/11c82086fe8abc05a19147e964587285"},"breadcrumb":{"@id":"https:\/\/portalmf.com.br\/index.php\/2022\/08\/18\/termina-nesta-quinta-feira-prazo-para-pedir-voto-em-transito\/#breadcrumb"},"inLanguage":"pt-BR","potentialAction":[{"@type":"ReadAction","target":["https:\/\/portalmf.com.br\/index.php\/2022\/08\/18\/termina-nesta-quinta-feira-prazo-para-pedir-voto-em-transito\/"]}]},{"@type":"ImageObject","inLanguage":"pt-BR","@id":"https:\/\/portalmf.com.br\/index.php\/2022\/08\/18\/termina-nesta-quinta-feira-prazo-para-pedir-voto-em-transito\/#primaryimage","url":"https:\/\/portalmf.com.br\/wp-content\/uploads\/2022\/08\/TSE-Tribunal-Superior-Eleitoral-2020_50605696088.jpg","contentUrl":"https:\/\/portalmf.com.br\/wp-content\/uploads\/2022\/08\/TSE-Tribunal-Superior-Eleitoral-2020_50605696088.jpg","width":850,"height":567,"caption":"Foto: Roque de S\u00e1\/Ag\u00eancia Senado"},{"@type":"BreadcrumbList","@id":"https:\/\/portalmf.com.br\/index.php\/2022\/08\/18\/termina-nesta-quinta-feira-prazo-para-pedir-voto-em-transito\/#breadcrumb","itemListElement":[{"@type":"ListItem","position":1,"name":"In\u00edcio","item":"https:\/\/portalmf.com.br\/"},{"@type":"ListItem","position":2,"name":"Termina nesta quinta-feira prazo para pedir voto em tr\u00e2nsito"}]},{"@type":"WebSite","@id":"https:\/\/portalmf.com.br\/#website","url":"https:\/\/portalmf.com.br\/","name":"Portal MF","description":"Voc\u00ea conectado com a informa\u00e7\u00e3o","potentialAction":[{"@type":"SearchAction","target":{"@type":"EntryPoint","urlTemplate":"https:\/\/portalmf.com.br\/?s={search_term_string}"},"query-input":"required name=search_term_string"}],"inLanguage":"pt-BR"},{"@type":"Person","@id":"https:\/\/portalmf.com.br\/#\/schema\/person\/11c82086fe8abc05a19147e964587285","name":"Reginaldo J\u00fanior","image":{"@type":"ImageObject","inLanguage":"pt-BR","@id":"https:\/\/portalmf.com.br\/#\/schema\/person\/image\/","url":"https:\/\/secure.gravatar.com\/avatar\/32a3c797cd0ac47cc53b8644c62776f9?s=96&d=mm&r=g","contentUrl":"https:\/\/secure.gravatar.com\/avatar\/32a3c797cd0ac47cc53b8644c62776f9?s=96&d=mm&r=g","caption":"Reginaldo J\u00fanior"},"description":"Jornalista e idealizador Portal MF","sameAs":["https:\/\/portalmf.com.br\/index.php\/author\/reginaldojr\/","reginaldojrfsa","reginaldojuniormf","https:\/\/x.com\/reginaldojrmf"],"url":"https:\/\/portalmf.com.br\/index.php\/author\/reginaldojr\/"}]}},"_links":{"self":[{"href":"https:\/\/portalmf.com.br\/index.php\/wp-json\/wp\/v2\/posts\/3181"}],"collection":[{"href":"https:\/\/portalmf.com.br\/index.php\/wp-json\/wp\/v2\/posts"}],"about":[{"href":"https:\/\/portalmf.com.br\/index.php\/wp-json\/wp\/v2\/types\/post"}],"author":[{"embeddable":true,"href":"https:\/\/portalmf.com.br\/index.php\/wp-json\/wp\/v2\/users\/2"}],"replies":[{"embeddable":true,"href":"https:\/\/portalmf.com.br\/index.php\/wp-json\/wp\/v2\/comments?post=3181"}],"version-history":[{"count":2,"href":"https:\/\/portalmf.com.br\/index.php\/wp-json\/wp\/v2\/posts\/3181\/revisions"}],"predecessor-version":[{"id":3183,"href":"https:\/\/portalmf.com.br\/index.php\/wp-json\/wp\/v2\/posts\/3181\/revisions\/3183"}],"wp:featuredmedia":[{"embeddable":true,"href":"https:\/\/portalmf.com.br\/index.php\/wp-json\/wp\/v2\/media\/3184"}],"wp:attachment":[{"href":"https:\/\/portalmf.com.br\/index.php\/wp-json\/wp\/v2\/media?parent=3181"}],"wp:term":[{"taxonomy":"category","embeddable":true,"href":"https:\/\/portalmf.com.br\/index.php\/wp-json\/wp\/v2\/categories?post=3181"},{"taxonomy":"post_tag","embeddable":true,"href":"https:\/\/portalmf.com.br\/index.php\/wp-json\/wp\/v2\/tags?post=3181"}],"curies":[{"name":"wp","href":"https:\/\/api.w.org\/{rel}","templated":true}]}}