{"id":31796,"date":"2024-11-27T16:21:55","date_gmt":"2024-11-27T19:21:55","guid":{"rendered":"https:\/\/portalmf.com.br\/?p=31796"},"modified":"2024-11-27T16:21:56","modified_gmt":"2024-11-27T19:21:56","slug":"jose-ronaldo-pablo-roberto-e-os-vereadores-serao-diplomados-em-dezembro","status":"publish","type":"post","link":"https:\/\/portalmf.com.br\/index.php\/2024\/11\/27\/jose-ronaldo-pablo-roberto-e-os-vereadores-serao-diplomados-em-dezembro\/","title":{"rendered":"Jos\u00e9 Ronaldo, Pablo Roberto e os vereadores ser\u00e3o diplomados em dezembro"},"content":{"rendered":"\n<p>O prefeito eleito de Feira de Santana, Jos\u00e9 Ronaldo de Carvalho (Uni\u00e3o Brasil), o vice-prefeito Pablo Roberto (PSDB) e os 21 vereadores feirenses ser\u00e3o diplomados pela Justi\u00e7a Eleitoral no pr\u00f3ximo dia 16 de dezembro. A cerim\u00f4nia ocorrer\u00e1 no F\u00f3rum Filinto Bastos, na rua Coronel \u00c1lvaro Sim\u00f5es, Centro, \u00e0s 11h.<\/p>\n\n\n\n<p>A diploma\u00e7\u00e3o ser\u00e1 presidida pelo juiz Roque Ruy Barbosa de Ara\u00fajo, presidente da 1\u00aa Junta Eleitoral respons\u00e1vel pela totaliza\u00e7\u00e3o dos votos no munic\u00edpio de Feira de Santana, proclamando eleitos para os cargos de prefeito, vice-prefeito e 21 vereadores com a expedi\u00e7\u00e3o dos diplomas.<\/p>\n\n\n\n<p>O edital de n.\u00ba 31, definindo os candidatos eleitos e suplentes que ser\u00e3o diplomados no dia 16 de dezembro, foi publicado no Di\u00e1rio da Justi\u00e7a Eletr\u00f4nico.<br>Al\u00e9m do prefeito Jos\u00e9 Ronaldo e do vice-prefeito Pablo Roberto, tamb\u00e9m ser\u00e3o diplomados os vereadores:<\/p>\n\n\n\n<p><br>ELIZARIO RIBEIRO DA SILVA &#8211;\u00a0REPUBLICANOS<br>EREMITA MOTA DE ARA\u00daJO\u00a0 &#8211;\u00a0PP<br>VALDEMIR DA SILVA SANTOS &#8211;\u00a0PP<br>LUIZ FERREIRA DIAS &#8211; PP<br>RONALDO ALMEIDA CARIB\u00c9 &#8211;\u00a0 PP<br>GEAN DE JESUS COSTA\u00a0 &#8211;\u00a0PODE<br>ISMAEL BASTOS DE SANTANA &#8211;\u00a0PL<br>MARCUS WELBER CARVALHAL PINHEIRO &#8211;\u00a0PL<br>JORGE RAIMUNDO DE OLIVEIRA SILVA &#8211;\u00a0PRD<br>EDVALDO LIMA DOS SANTOS &#8211;\u00a0UNI\u00c3O\u00a0BRASIL<br>MARCOS ANTONIO DOS SANTOS LIMA &#8211;\u00a0UNI\u00c3O\u00a0BRASIL<br>GERUSA MARIA BASTOS SILVA SAMPAIO &#8211;\u00a0UNI\u00c3O\u00a0BRASIL<br>LUIZ AUGUSTO DE JESUS &#8211;\u00a0UNI\u00c3O\u00a0BRASIL<br>JOS\u00c9 CARNEIRO ROCHA &#8211;\u00a0UNI\u00c3O\u00a0BRASIL<br>JOS\u00c9 MARQUES DE MESSIAS &#8211; UNI\u00c3O\u00a0BRASIL<br>FLAVIO ARRUDA MORAIS &#8211; UNI\u00c3O BRASIL<br>SILVIO DE OLIVEIRA DIAS\u00a0 &#8211;\u00a0FEDERA\u00c7\u00c3O BRASIL DA ESPERAN\u00c7A &#8211; F\u00c9 BRASIL<br>IVAMBERG DOS SANTOS LIMA &#8211;\u00a0 FEDERA\u00c7\u00c3O BRASIL DA ESPERAN\u00c7A &#8211; F\u00c9 BRASIL<br>LUCIANE APARECIDA SILVA BRITO VIEIRA &#8211;\u00a0FEDERA\u00c7\u00c3O BRASIL DA ESPERAN\u00c7A &#8211; F\u00c9 BRASIL<br>JURANDY DA CRUZ CARVALHO FEDERA\u00c7\u00c3O &#8211;\u00a0PSDB CIDADANIA<\/p>\n\n\n\n<p>PEDRO AM\u00c9RICO DE SANTANA SILVA LOPES FEDERA\u00c7\u00c3O PSDB CIDADANIA\u00a0<\/p>\n","protected":false},"excerpt":{"rendered":"<p>O prefeito eleito de Feira de Santana, Jos\u00e9 Ronaldo de Carvalho (Uni\u00e3o Brasil), o vice-prefeito Pablo Roberto (PSDB) e os 21 vereadores feirenses ser\u00e3o diplomados pela Justi\u00e7a Eleitoral no pr\u00f3ximo dia 16 de dezembro. A cerim\u00f4nia ocorrer\u00e1 no F\u00f3rum Filinto Bastos, na rua Coronel \u00c1lvaro Sim\u00f5es, Centro, \u00e0s 11h. A diploma\u00e7\u00e3o ser\u00e1 presidida pelo juiz [&hellip;]<\/p>\n","protected":false},"author":3,"featured_media":28017,"comment_status":"open","ping_status":"open","sticky":false,"template":"","format":"standard","meta":{"_monsterinsights_skip_tracking":false,"_monsterinsights_sitenote_active":false,"_monsterinsights_sitenote_note":"","_monsterinsights_sitenote_category":0,"footnotes":""},"categories":[301,34],"tags":[],"yoast_head":"<!-- This site is optimized with the Yoast SEO plugin v22.9 - https:\/\/yoast.com\/wordpress\/plugins\/seo\/ -->\n<title>Jos\u00e9 Ronaldo, Pablo Roberto e os vereadores ser\u00e3o diplomados em dezembro - Portal MF<\/title>\n<meta name=\"robots\" content=\"index, follow, max-snippet:-1, max-image-preview:large, max-video-preview:-1\" \/>\n<link rel=\"canonical\" href=\"https:\/\/portalmf.com.br\/index.php\/2024\/11\/27\/jose-ronaldo-pablo-roberto-e-os-vereadores-serao-diplomados-em-dezembro\/\" \/>\n<meta property=\"og:locale\" content=\"pt_BR\" \/>\n<meta property=\"og:type\" content=\"article\" \/>\n<meta property=\"og:title\" content=\"Jos\u00e9 Ronaldo, Pablo Roberto e os vereadores ser\u00e3o diplomados em dezembro - Portal MF\" \/>\n<meta property=\"og:description\" content=\"O prefeito eleito de Feira de Santana, Jos\u00e9 Ronaldo de Carvalho (Uni\u00e3o Brasil), o vice-prefeito Pablo Roberto (PSDB) e os 21 vereadores feirenses ser\u00e3o diplomados pela Justi\u00e7a Eleitoral no pr\u00f3ximo dia 16 de dezembro. A cerim\u00f4nia ocorrer\u00e1 no F\u00f3rum Filinto Bastos, na rua Coronel \u00c1lvaro Sim\u00f5es, Centro, \u00e0s 11h. A diploma\u00e7\u00e3o ser\u00e1 presidida pelo juiz [&hellip;]\" \/>\n<meta property=\"og:url\" content=\"https:\/\/portalmf.com.br\/index.php\/2024\/11\/27\/jose-ronaldo-pablo-roberto-e-os-vereadores-serao-diplomados-em-dezembro\/\" \/>\n<meta property=\"og:site_name\" content=\"Portal MF\" \/>\n<meta property=\"article:author\" content=\"https:\/\/www.facebook.com\/portalmfoficial\" \/>\n<meta property=\"article:published_time\" content=\"2024-11-27T19:21:55+00:00\" \/>\n<meta property=\"article:modified_time\" content=\"2024-11-27T19:21:56+00:00\" \/>\n<meta property=\"og:image\" content=\"https:\/\/portalmf.com.br\/wp-content\/uploads\/2024\/07\/Pablo-e-anunciado-como-vice-na-chapa-de-Jose-Ronaldo.jpg\" \/>\n\t<meta property=\"og:image:width\" content=\"800\" \/>\n\t<meta property=\"og:image:height\" content=\"600\" \/>\n\t<meta property=\"og:image:type\" content=\"image\/jpeg\" \/>\n<meta name=\"author\" content=\"Reda\u00e7\u00e3o Portal MF\" \/>\n<meta name=\"twitter:card\" content=\"summary_large_image\" \/>\n<meta name=\"twitter:creator\" content=\"@https:\/\/x.com\/portalmfoficial\" \/>\n<meta name=\"twitter:label1\" content=\"Escrito por\" \/>\n\t<meta name=\"twitter:data1\" content=\"Reda\u00e7\u00e3o Portal MF\" \/>\n\t<meta name=\"twitter:label2\" content=\"Est. tempo de leitura\" \/>\n\t<meta name=\"twitter:data2\" content=\"2 minutos\" \/>\n<script type=\"application\/ld+json\" class=\"yoast-schema-graph\">{\"@context\":\"https:\/\/schema.org\",\"@graph\":[{\"@type\":\"WebPage\",\"@id\":\"https:\/\/portalmf.com.br\/index.php\/2024\/11\/27\/jose-ronaldo-pablo-roberto-e-os-vereadores-serao-diplomados-em-dezembro\/\",\"url\":\"https:\/\/portalmf.com.br\/index.php\/2024\/11\/27\/jose-ronaldo-pablo-roberto-e-os-vereadores-serao-diplomados-em-dezembro\/\",\"name\":\"Jos\u00e9 Ronaldo, Pablo Roberto e os vereadores ser\u00e3o diplomados em dezembro - Portal MF\",\"isPartOf\":{\"@id\":\"https:\/\/portalmf.com.br\/#website\"},\"primaryImageOfPage\":{\"@id\":\"https:\/\/portalmf.com.br\/index.php\/2024\/11\/27\/jose-ronaldo-pablo-roberto-e-os-vereadores-serao-diplomados-em-dezembro\/#primaryimage\"},\"image\":{\"@id\":\"https:\/\/portalmf.com.br\/index.php\/2024\/11\/27\/jose-ronaldo-pablo-roberto-e-os-vereadores-serao-diplomados-em-dezembro\/#primaryimage\"},\"thumbnailUrl\":\"https:\/\/portalmf.com.br\/wp-content\/uploads\/2024\/07\/Pablo-e-anunciado-como-vice-na-chapa-de-Jose-Ronaldo.jpg\",\"datePublished\":\"2024-11-27T19:21:55+00:00\",\"dateModified\":\"2024-11-27T19:21:56+00:00\",\"author\":{\"@id\":\"https:\/\/portalmf.com.br\/#\/schema\/person\/9ec101baf56233e53520c26de5d6f6f0\"},\"breadcrumb\":{\"@id\":\"https:\/\/portalmf.com.br\/index.php\/2024\/11\/27\/jose-ronaldo-pablo-roberto-e-os-vereadores-serao-diplomados-em-dezembro\/#breadcrumb\"},\"inLanguage\":\"pt-BR\",\"potentialAction\":[{\"@type\":\"ReadAction\",\"target\":[\"https:\/\/portalmf.com.br\/index.php\/2024\/11\/27\/jose-ronaldo-pablo-roberto-e-os-vereadores-serao-diplomados-em-dezembro\/\"]}]},{\"@type\":\"ImageObject\",\"inLanguage\":\"pt-BR\",\"@id\":\"https:\/\/portalmf.com.br\/index.php\/2024\/11\/27\/jose-ronaldo-pablo-roberto-e-os-vereadores-serao-diplomados-em-dezembro\/#primaryimage\",\"url\":\"https:\/\/portalmf.com.br\/wp-content\/uploads\/2024\/07\/Pablo-e-anunciado-como-vice-na-chapa-de-Jose-Ronaldo.jpg\",\"contentUrl\":\"https:\/\/portalmf.com.br\/wp-content\/uploads\/2024\/07\/Pablo-e-anunciado-como-vice-na-chapa-de-Jose-Ronaldo.jpg\",\"width\":800,\"height\":600},{\"@type\":\"BreadcrumbList\",\"@id\":\"https:\/\/portalmf.com.br\/index.php\/2024\/11\/27\/jose-ronaldo-pablo-roberto-e-os-vereadores-serao-diplomados-em-dezembro\/#breadcrumb\",\"itemListElement\":[{\"@type\":\"ListItem\",\"position\":1,\"name\":\"In\u00edcio\",\"item\":\"https:\/\/portalmf.com.br\/\"},{\"@type\":\"ListItem\",\"position\":2,\"name\":\"Jos\u00e9 Ronaldo, Pablo Roberto e os vereadores ser\u00e3o diplomados em dezembro\"}]},{\"@type\":\"WebSite\",\"@id\":\"https:\/\/portalmf.com.br\/#website\",\"url\":\"https:\/\/portalmf.com.br\/\",\"name\":\"Portal MF\",\"description\":\"Voc\u00ea conectado com a informa\u00e7\u00e3o\",\"potentialAction\":[{\"@type\":\"SearchAction\",\"target\":{\"@type\":\"EntryPoint\",\"urlTemplate\":\"https:\/\/portalmf.com.br\/?s={search_term_string}\"},\"query-input\":\"required name=search_term_string\"}],\"inLanguage\":\"pt-BR\"},{\"@type\":\"Person\",\"@id\":\"https:\/\/portalmf.com.br\/#\/schema\/person\/9ec101baf56233e53520c26de5d6f6f0\",\"name\":\"Reda\u00e7\u00e3o Portal MF\",\"image\":{\"@type\":\"ImageObject\",\"inLanguage\":\"pt-BR\",\"@id\":\"https:\/\/portalmf.com.br\/#\/schema\/person\/image\/\",\"url\":\"https:\/\/secure.gravatar.com\/avatar\/41b9aaeb2100835f7c64362330f74c7f?s=96&d=mm&r=g\",\"contentUrl\":\"https:\/\/secure.gravatar.com\/avatar\/41b9aaeb2100835f7c64362330f74c7f?s=96&d=mm&r=g\",\"caption\":\"Reda\u00e7\u00e3o Portal MF\"},\"description\":\"Sejam bem-vindos o portal de informa\u00e7\u00f5es de entretenimento de Feira de Santana, desde 2006 realiza coberturas dos principais eventos com entrevistas exclusivas com as principais personalidades mundiais. Fique conectado tamb\u00e9m nas redes sociais.\",\"sameAs\":[\"http:\/\/www.portalmf.com.br\/\",\"https:\/\/www.facebook.com\/portalmfoficial\",\"https:\/\/www.instagram.com\/portalmf\/\",\"https:\/\/x.com\/https:\/\/x.com\/portalmfoficial\",\"https:\/\/www.youtube.com\/@portalmfoficial\"],\"url\":\"https:\/\/portalmf.com.br\/index.php\/author\/junior\/\"}]}<\/script>\n<!-- \/ Yoast SEO plugin. -->","yoast_head_json":{"title":"Jos\u00e9 Ronaldo, Pablo Roberto e os vereadores ser\u00e3o diplomados em dezembro - Portal MF","robots":{"index":"index","follow":"follow","max-snippet":"max-snippet:-1","max-image-preview":"max-image-preview:large","max-video-preview":"max-video-preview:-1"},"canonical":"https:\/\/portalmf.com.br\/index.php\/2024\/11\/27\/jose-ronaldo-pablo-roberto-e-os-vereadores-serao-diplomados-em-dezembro\/","og_locale":"pt_BR","og_type":"article","og_title":"Jos\u00e9 Ronaldo, Pablo Roberto e os vereadores ser\u00e3o diplomados em dezembro - Portal MF","og_description":"O prefeito eleito de Feira de Santana, Jos\u00e9 Ronaldo de Carvalho (Uni\u00e3o Brasil), o vice-prefeito Pablo Roberto (PSDB) e os 21 vereadores feirenses ser\u00e3o diplomados pela Justi\u00e7a Eleitoral no pr\u00f3ximo dia 16 de dezembro. A cerim\u00f4nia ocorrer\u00e1 no F\u00f3rum Filinto Bastos, na rua Coronel \u00c1lvaro Sim\u00f5es, Centro, \u00e0s 11h. A diploma\u00e7\u00e3o ser\u00e1 presidida pelo juiz [&hellip;]","og_url":"https:\/\/portalmf.com.br\/index.php\/2024\/11\/27\/jose-ronaldo-pablo-roberto-e-os-vereadores-serao-diplomados-em-dezembro\/","og_site_name":"Portal MF","article_author":"https:\/\/www.facebook.com\/portalmfoficial","article_published_time":"2024-11-27T19:21:55+00:00","article_modified_time":"2024-11-27T19:21:56+00:00","og_image":[{"width":800,"height":600,"url":"https:\/\/portalmf.com.br\/wp-content\/uploads\/2024\/07\/Pablo-e-anunciado-como-vice-na-chapa-de-Jose-Ronaldo.jpg","type":"image\/jpeg"}],"author":"Reda\u00e7\u00e3o Portal MF","twitter_card":"summary_large_image","twitter_creator":"@https:\/\/x.com\/portalmfoficial","twitter_misc":{"Escrito por":"Reda\u00e7\u00e3o Portal MF","Est. tempo de leitura":"2 minutos"},"schema":{"@context":"https:\/\/schema.org","@graph":[{"@type":"WebPage","@id":"https:\/\/portalmf.com.br\/index.php\/2024\/11\/27\/jose-ronaldo-pablo-roberto-e-os-vereadores-serao-diplomados-em-dezembro\/","url":"https:\/\/portalmf.com.br\/index.php\/2024\/11\/27\/jose-ronaldo-pablo-roberto-e-os-vereadores-serao-diplomados-em-dezembro\/","name":"Jos\u00e9 Ronaldo, Pablo Roberto e os vereadores ser\u00e3o diplomados em dezembro - Portal MF","isPartOf":{"@id":"https:\/\/portalmf.com.br\/#website"},"primaryImageOfPage":{"@id":"https:\/\/portalmf.com.br\/index.php\/2024\/11\/27\/jose-ronaldo-pablo-roberto-e-os-vereadores-serao-diplomados-em-dezembro\/#primaryimage"},"image":{"@id":"https:\/\/portalmf.com.br\/index.php\/2024\/11\/27\/jose-ronaldo-pablo-roberto-e-os-vereadores-serao-diplomados-em-dezembro\/#primaryimage"},"thumbnailUrl":"https:\/\/portalmf.com.br\/wp-content\/uploads\/2024\/07\/Pablo-e-anunciado-como-vice-na-chapa-de-Jose-Ronaldo.jpg","datePublished":"2024-11-27T19:21:55+00:00","dateModified":"2024-11-27T19:21:56+00:00","author":{"@id":"https:\/\/portalmf.com.br\/#\/schema\/person\/9ec101baf56233e53520c26de5d6f6f0"},"breadcrumb":{"@id":"https:\/\/portalmf.com.br\/index.php\/2024\/11\/27\/jose-ronaldo-pablo-roberto-e-os-vereadores-serao-diplomados-em-dezembro\/#breadcrumb"},"inLanguage":"pt-BR","potentialAction":[{"@type":"ReadAction","target":["https:\/\/portalmf.com.br\/index.php\/2024\/11\/27\/jose-ronaldo-pablo-roberto-e-os-vereadores-serao-diplomados-em-dezembro\/"]}]},{"@type":"ImageObject","inLanguage":"pt-BR","@id":"https:\/\/portalmf.com.br\/index.php\/2024\/11\/27\/jose-ronaldo-pablo-roberto-e-os-vereadores-serao-diplomados-em-dezembro\/#primaryimage","url":"https:\/\/portalmf.com.br\/wp-content\/uploads\/2024\/07\/Pablo-e-anunciado-como-vice-na-chapa-de-Jose-Ronaldo.jpg","contentUrl":"https:\/\/portalmf.com.br\/wp-content\/uploads\/2024\/07\/Pablo-e-anunciado-como-vice-na-chapa-de-Jose-Ronaldo.jpg","width":800,"height":600},{"@type":"BreadcrumbList","@id":"https:\/\/portalmf.com.br\/index.php\/2024\/11\/27\/jose-ronaldo-pablo-roberto-e-os-vereadores-serao-diplomados-em-dezembro\/#breadcrumb","itemListElement":[{"@type":"ListItem","position":1,"name":"In\u00edcio","item":"https:\/\/portalmf.com.br\/"},{"@type":"ListItem","position":2,"name":"Jos\u00e9 Ronaldo, Pablo Roberto e os vereadores ser\u00e3o diplomados em dezembro"}]},{"@type":"WebSite","@id":"https:\/\/portalmf.com.br\/#website","url":"https:\/\/portalmf.com.br\/","name":"Portal MF","description":"Voc\u00ea conectado com a informa\u00e7\u00e3o","potentialAction":[{"@type":"SearchAction","target":{"@type":"EntryPoint","urlTemplate":"https:\/\/portalmf.com.br\/?s={search_term_string}"},"query-input":"required name=search_term_string"}],"inLanguage":"pt-BR"},{"@type":"Person","@id":"https:\/\/portalmf.com.br\/#\/schema\/person\/9ec101baf56233e53520c26de5d6f6f0","name":"Reda\u00e7\u00e3o Portal MF","image":{"@type":"ImageObject","inLanguage":"pt-BR","@id":"https:\/\/portalmf.com.br\/#\/schema\/person\/image\/","url":"https:\/\/secure.gravatar.com\/avatar\/41b9aaeb2100835f7c64362330f74c7f?s=96&d=mm&r=g","contentUrl":"https:\/\/secure.gravatar.com\/avatar\/41b9aaeb2100835f7c64362330f74c7f?s=96&d=mm&r=g","caption":"Reda\u00e7\u00e3o Portal MF"},"description":"Sejam bem-vindos o portal de informa\u00e7\u00f5es de entretenimento de Feira de Santana, desde 2006 realiza coberturas dos principais eventos com entrevistas exclusivas com as principais personalidades mundiais. Fique conectado tamb\u00e9m nas redes sociais.","sameAs":["http:\/\/www.portalmf.com.br\/","https:\/\/www.facebook.com\/portalmfoficial","https:\/\/www.instagram.com\/portalmf\/","https:\/\/x.com\/https:\/\/x.com\/portalmfoficial","https:\/\/www.youtube.com\/@portalmfoficial"],"url":"https:\/\/portalmf.com.br\/index.php\/author\/junior\/"}]}},"_links":{"self":[{"href":"https:\/\/portalmf.com.br\/index.php\/wp-json\/wp\/v2\/posts\/31796"}],"collection":[{"href":"https:\/\/portalmf.com.br\/index.php\/wp-json\/wp\/v2\/posts"}],"about":[{"href":"https:\/\/portalmf.com.br\/index.php\/wp-json\/wp\/v2\/types\/post"}],"author":[{"embeddable":true,"href":"https:\/\/portalmf.com.br\/index.php\/wp-json\/wp\/v2\/users\/3"}],"replies":[{"embeddable":true,"href":"https:\/\/portalmf.com.br\/index.php\/wp-json\/wp\/v2\/comments?post=31796"}],"version-history":[{"count":1,"href":"https:\/\/portalmf.com.br\/index.php\/wp-json\/wp\/v2\/posts\/31796\/revisions"}],"predecessor-version":[{"id":31797,"href":"https:\/\/portalmf.com.br\/index.php\/wp-json\/wp\/v2\/posts\/31796\/revisions\/31797"}],"wp:featuredmedia":[{"embeddable":true,"href":"https:\/\/portalmf.com.br\/index.php\/wp-json\/wp\/v2\/media\/28017"}],"wp:attachment":[{"href":"https:\/\/portalmf.com.br\/index.php\/wp-json\/wp\/v2\/media?parent=31796"}],"wp:term":[{"taxonomy":"category","embeddable":true,"href":"https:\/\/portalmf.com.br\/index.php\/wp-json\/wp\/v2\/categories?post=31796"},{"taxonomy":"post_tag","embeddable":true,"href":"https:\/\/portalmf.com.br\/index.php\/wp-json\/wp\/v2\/tags?post=31796"}],"curies":[{"name":"wp","href":"https:\/\/api.w.org\/{rel}","templated":true}]}}