{"id":3174,"date":"2022-08-18T13:37:19","date_gmt":"2022-08-18T16:37:19","guid":{"rendered":"http:\/\/portalmf.com.br\/?p=3174"},"modified":"2022-08-18T13:37:21","modified_gmt":"2022-08-18T16:37:21","slug":"inscricoes-para-a-10a-feciba-seguem-ate-28-de-agosto","status":"publish","type":"post","link":"https:\/\/portalmf.com.br\/index.php\/2022\/08\/18\/inscricoes-para-a-10a-feciba-seguem-ate-28-de-agosto\/","title":{"rendered":"Inscri\u00e7\u00f5es para a 10\u00aa FECIBA seguem at\u00e9 28 de agosto"},"content":{"rendered":"\n<p>As inscri\u00e7\u00f5es para a sele\u00e7\u00e3o de projetos de pesquisa de inicia\u00e7\u00e3o cient\u00edfica dos estudantes da rede estadual de ensino para a 10\u00aa Feira de Ci\u00eancias, Empreendedorismo e Inova\u00e7\u00e3o da Bahia (FECIBA) seguem at\u00e9 o dia 28 de agosto. <\/p>\n\n\n\n<p>A FECIBA, que ser\u00e1 realizada de 25 a 27 de outubro, com o tema \u201cPesquisa cient\u00edfica e projeto de vida \u2013 desafios da Educa\u00e7\u00e3o B\u00e1sica\u201d, visa promover a populariza\u00e7\u00e3o da Ci\u00eancia por meio da apresenta\u00e7\u00e3o de projetos de investiga\u00e7\u00e3o cient\u00edfica desenvolvidos por estudantes e professores da rede p\u00fablica do Estado da Bahia, no \u00e2mbito do Programa Ci\u00eancia na Escola. As inscri\u00e7\u00f5es s\u00e3o feitas atrav\u00e9s do endere\u00e7o:<a href=\" http:\/\/estudantes.educacao.ba.gov.br\/feciba.\"> http:\/\/estudantes.educacao.ba.gov.br\/feciba.<\/a><\/p>\n\n\n\n<p>Ser\u00e3o selecionados projetos de inicia\u00e7\u00e3o cient\u00edfica desenvolvidos por estudantes regularmente matriculados nas modalidades e ofertas da rede p\u00fablica estadual da Bahia, como Ensino Fundamental, 6\u00ba ao 9\u00ba ano; Ensino M\u00e9dio, 1\u00aa, 2\u00aa e 3\u00aa s\u00e9rie; e Educa\u00e7\u00e3o Profissional e Tecnol\u00f3gica, 1\u00aa, 2\u00aa, 3\u00aa e 4\u00aa s\u00e9rie, considerando as matr\u00edculas realizadas em 2022, sob a orienta\u00e7\u00e3o dos gestores, professores e coordenadores pedag\u00f3gicos da rede de Educa\u00e7\u00e3o P\u00fablica da Bahia. O edital pode ser baixado no endere\u00e7o: https:\/\/bit.ly\/3uX4CMK.<\/p>\n\n\n\n<p>O cronograma da FECIBA estabelece as seguintes datas:<\/p>\n\n\n\n<ul><li>Per\u00edodo de inscri\u00e7\u00f5es: at\u00e9 28\/8<\/li><li>Homologa\u00e7\u00e3o das inscri\u00e7\u00f5es: 29\/8<\/li><li>Publica\u00e7\u00e3o de resultado da Etapa I: 31\/8<\/li><li>Per\u00edodo para interposi\u00e7\u00e3o de recursos \u2013 Etapa I: 1\u00ba e 2\/9<\/li><li>Resultado do julgamento dos recursos: Etapa I: 8\/9<\/li><li>Publica\u00e7\u00e3o dos trabalhos selecionados para a Etapa II: 10\/10<\/li><li>Apresenta\u00e7\u00e3o na FECIBA: 25 a 27\/10<\/li><li>Resultado final: 27\/10<\/li><\/ul>\n","protected":false},"excerpt":{"rendered":"<p>As inscri\u00e7\u00f5es para a sele\u00e7\u00e3o de projetos de pesquisa de inicia\u00e7\u00e3o cient\u00edfica dos estudantes da rede estadual de ensino para a 10\u00aa Feira de Ci\u00eancias, Empreendedorismo e Inova\u00e7\u00e3o da Bahia (FECIBA) seguem at\u00e9 o dia 28 de agosto. A FECIBA, que ser\u00e1 realizada de 25 a 27 de outubro, com o tema \u201cPesquisa cient\u00edfica e [&hellip;]<\/p>\n","protected":false},"author":2,"featured_media":3177,"comment_status":"open","ping_status":"open","sticky":false,"template":"","format":"standard","meta":{"_monsterinsights_skip_tracking":false,"_monsterinsights_sitenote_active":false,"_monsterinsights_sitenote_note":"","_monsterinsights_sitenote_category":0,"footnotes":""},"categories":[34],"tags":[],"yoast_head":"<!-- This site is optimized with the Yoast SEO plugin v22.9 - https:\/\/yoast.com\/wordpress\/plugins\/seo\/ -->\n<title>Inscri\u00e7\u00f5es para a 10\u00aa FECIBA seguem at\u00e9 28 de agosto - Portal MF<\/title>\n<meta name=\"robots\" content=\"index, follow, max-snippet:-1, max-image-preview:large, max-video-preview:-1\" \/>\n<link rel=\"canonical\" href=\"https:\/\/portalmf.com.br\/index.php\/2022\/08\/18\/inscricoes-para-a-10a-feciba-seguem-ate-28-de-agosto\/\" \/>\n<meta property=\"og:locale\" content=\"pt_BR\" \/>\n<meta property=\"og:type\" content=\"article\" \/>\n<meta property=\"og:title\" content=\"Inscri\u00e7\u00f5es para a 10\u00aa FECIBA seguem at\u00e9 28 de agosto - Portal MF\" \/>\n<meta property=\"og:description\" content=\"As inscri\u00e7\u00f5es para a sele\u00e7\u00e3o de projetos de pesquisa de inicia\u00e7\u00e3o cient\u00edfica dos estudantes da rede estadual de ensino para a 10\u00aa Feira de Ci\u00eancias, Empreendedorismo e Inova\u00e7\u00e3o da Bahia (FECIBA) seguem at\u00e9 o dia 28 de agosto. A FECIBA, que ser\u00e1 realizada de 25 a 27 de outubro, com o tema \u201cPesquisa cient\u00edfica e [&hellip;]\" \/>\n<meta property=\"og:url\" content=\"https:\/\/portalmf.com.br\/index.php\/2022\/08\/18\/inscricoes-para-a-10a-feciba-seguem-ate-28-de-agosto\/\" \/>\n<meta property=\"og:site_name\" content=\"Portal MF\" \/>\n<meta property=\"article:author\" content=\"reginaldojrfsa\" \/>\n<meta property=\"article:published_time\" content=\"2022-08-18T16:37:19+00:00\" \/>\n<meta property=\"article:modified_time\" content=\"2022-08-18T16:37:21+00:00\" \/>\n<meta property=\"og:image\" content=\"https:\/\/portalmf.com.br\/wp-content\/uploads\/2022\/08\/WhatsApp-Image-2022-08-18-at-11.19.32.jpeg\" \/>\n\t<meta property=\"og:image:width\" content=\"1280\" \/>\n\t<meta property=\"og:image:height\" content=\"853\" \/>\n\t<meta property=\"og:image:type\" content=\"image\/jpeg\" \/>\n<meta name=\"author\" content=\"Reginaldo J\u00fanior\" \/>\n<meta name=\"twitter:card\" content=\"summary_large_image\" \/>\n<meta name=\"twitter:creator\" content=\"@reginaldojrmf\" \/>\n<meta name=\"twitter:label1\" content=\"Escrito por\" \/>\n\t<meta name=\"twitter:data1\" content=\"Reginaldo J\u00fanior\" \/>\n\t<meta name=\"twitter:label2\" content=\"Est. tempo de leitura\" \/>\n\t<meta name=\"twitter:data2\" content=\"2 minutos\" \/>\n<script type=\"application\/ld+json\" class=\"yoast-schema-graph\">{\"@context\":\"https:\/\/schema.org\",\"@graph\":[{\"@type\":\"WebPage\",\"@id\":\"https:\/\/portalmf.com.br\/index.php\/2022\/08\/18\/inscricoes-para-a-10a-feciba-seguem-ate-28-de-agosto\/\",\"url\":\"https:\/\/portalmf.com.br\/index.php\/2022\/08\/18\/inscricoes-para-a-10a-feciba-seguem-ate-28-de-agosto\/\",\"name\":\"Inscri\u00e7\u00f5es para a 10\u00aa FECIBA seguem at\u00e9 28 de agosto - Portal MF\",\"isPartOf\":{\"@id\":\"https:\/\/portalmf.com.br\/#website\"},\"primaryImageOfPage\":{\"@id\":\"https:\/\/portalmf.com.br\/index.php\/2022\/08\/18\/inscricoes-para-a-10a-feciba-seguem-ate-28-de-agosto\/#primaryimage\"},\"image\":{\"@id\":\"https:\/\/portalmf.com.br\/index.php\/2022\/08\/18\/inscricoes-para-a-10a-feciba-seguem-ate-28-de-agosto\/#primaryimage\"},\"thumbnailUrl\":\"https:\/\/portalmf.com.br\/wp-content\/uploads\/2022\/08\/WhatsApp-Image-2022-08-18-at-11.19.32.jpeg\",\"datePublished\":\"2022-08-18T16:37:19+00:00\",\"dateModified\":\"2022-08-18T16:37:21+00:00\",\"author\":{\"@id\":\"https:\/\/portalmf.com.br\/#\/schema\/person\/11c82086fe8abc05a19147e964587285\"},\"breadcrumb\":{\"@id\":\"https:\/\/portalmf.com.br\/index.php\/2022\/08\/18\/inscricoes-para-a-10a-feciba-seguem-ate-28-de-agosto\/#breadcrumb\"},\"inLanguage\":\"pt-BR\",\"potentialAction\":[{\"@type\":\"ReadAction\",\"target\":[\"https:\/\/portalmf.com.br\/index.php\/2022\/08\/18\/inscricoes-para-a-10a-feciba-seguem-ate-28-de-agosto\/\"]}]},{\"@type\":\"ImageObject\",\"inLanguage\":\"pt-BR\",\"@id\":\"https:\/\/portalmf.com.br\/index.php\/2022\/08\/18\/inscricoes-para-a-10a-feciba-seguem-ate-28-de-agosto\/#primaryimage\",\"url\":\"https:\/\/portalmf.com.br\/wp-content\/uploads\/2022\/08\/WhatsApp-Image-2022-08-18-at-11.19.32.jpeg\",\"contentUrl\":\"https:\/\/portalmf.com.br\/wp-content\/uploads\/2022\/08\/WhatsApp-Image-2022-08-18-at-11.19.32.jpeg\",\"width\":1280,\"height\":853,\"caption\":\"Foto: Claudionor Jr\/ SECBA\"},{\"@type\":\"BreadcrumbList\",\"@id\":\"https:\/\/portalmf.com.br\/index.php\/2022\/08\/18\/inscricoes-para-a-10a-feciba-seguem-ate-28-de-agosto\/#breadcrumb\",\"itemListElement\":[{\"@type\":\"ListItem\",\"position\":1,\"name\":\"In\u00edcio\",\"item\":\"https:\/\/portalmf.com.br\/\"},{\"@type\":\"ListItem\",\"position\":2,\"name\":\"Inscri\u00e7\u00f5es para a 10\u00aa FECIBA seguem at\u00e9 28 de agosto\"}]},{\"@type\":\"WebSite\",\"@id\":\"https:\/\/portalmf.com.br\/#website\",\"url\":\"https:\/\/portalmf.com.br\/\",\"name\":\"Portal MF\",\"description\":\"Voc\u00ea conectado com a informa\u00e7\u00e3o\",\"potentialAction\":[{\"@type\":\"SearchAction\",\"target\":{\"@type\":\"EntryPoint\",\"urlTemplate\":\"https:\/\/portalmf.com.br\/?s={search_term_string}\"},\"query-input\":\"required name=search_term_string\"}],\"inLanguage\":\"pt-BR\"},{\"@type\":\"Person\",\"@id\":\"https:\/\/portalmf.com.br\/#\/schema\/person\/11c82086fe8abc05a19147e964587285\",\"name\":\"Reginaldo J\u00fanior\",\"image\":{\"@type\":\"ImageObject\",\"inLanguage\":\"pt-BR\",\"@id\":\"https:\/\/portalmf.com.br\/#\/schema\/person\/image\/\",\"url\":\"https:\/\/secure.gravatar.com\/avatar\/32a3c797cd0ac47cc53b8644c62776f9?s=96&d=mm&r=g\",\"contentUrl\":\"https:\/\/secure.gravatar.com\/avatar\/32a3c797cd0ac47cc53b8644c62776f9?s=96&d=mm&r=g\",\"caption\":\"Reginaldo J\u00fanior\"},\"description\":\"Jornalista e idealizador Portal MF\",\"sameAs\":[\"https:\/\/portalmf.com.br\/index.php\/author\/reginaldojr\/\",\"reginaldojrfsa\",\"reginaldojuniormf\",\"https:\/\/x.com\/reginaldojrmf\"],\"url\":\"https:\/\/portalmf.com.br\/index.php\/author\/reginaldojr\/\"}]}<\/script>\n<!-- \/ Yoast SEO plugin. -->","yoast_head_json":{"title":"Inscri\u00e7\u00f5es para a 10\u00aa FECIBA seguem at\u00e9 28 de agosto - Portal MF","robots":{"index":"index","follow":"follow","max-snippet":"max-snippet:-1","max-image-preview":"max-image-preview:large","max-video-preview":"max-video-preview:-1"},"canonical":"https:\/\/portalmf.com.br\/index.php\/2022\/08\/18\/inscricoes-para-a-10a-feciba-seguem-ate-28-de-agosto\/","og_locale":"pt_BR","og_type":"article","og_title":"Inscri\u00e7\u00f5es para a 10\u00aa FECIBA seguem at\u00e9 28 de agosto - Portal MF","og_description":"As inscri\u00e7\u00f5es para a sele\u00e7\u00e3o de projetos de pesquisa de inicia\u00e7\u00e3o cient\u00edfica dos estudantes da rede estadual de ensino para a 10\u00aa Feira de Ci\u00eancias, Empreendedorismo e Inova\u00e7\u00e3o da Bahia (FECIBA) seguem at\u00e9 o dia 28 de agosto. A FECIBA, que ser\u00e1 realizada de 25 a 27 de outubro, com o tema \u201cPesquisa cient\u00edfica e [&hellip;]","og_url":"https:\/\/portalmf.com.br\/index.php\/2022\/08\/18\/inscricoes-para-a-10a-feciba-seguem-ate-28-de-agosto\/","og_site_name":"Portal MF","article_author":"reginaldojrfsa","article_published_time":"2022-08-18T16:37:19+00:00","article_modified_time":"2022-08-18T16:37:21+00:00","og_image":[{"width":1280,"height":853,"url":"https:\/\/portalmf.com.br\/wp-content\/uploads\/2022\/08\/WhatsApp-Image-2022-08-18-at-11.19.32.jpeg","type":"image\/jpeg"}],"author":"Reginaldo J\u00fanior","twitter_card":"summary_large_image","twitter_creator":"@reginaldojrmf","twitter_misc":{"Escrito por":"Reginaldo J\u00fanior","Est. tempo de leitura":"2 minutos"},"schema":{"@context":"https:\/\/schema.org","@graph":[{"@type":"WebPage","@id":"https:\/\/portalmf.com.br\/index.php\/2022\/08\/18\/inscricoes-para-a-10a-feciba-seguem-ate-28-de-agosto\/","url":"https:\/\/portalmf.com.br\/index.php\/2022\/08\/18\/inscricoes-para-a-10a-feciba-seguem-ate-28-de-agosto\/","name":"Inscri\u00e7\u00f5es para a 10\u00aa FECIBA seguem at\u00e9 28 de agosto - Portal MF","isPartOf":{"@id":"https:\/\/portalmf.com.br\/#website"},"primaryImageOfPage":{"@id":"https:\/\/portalmf.com.br\/index.php\/2022\/08\/18\/inscricoes-para-a-10a-feciba-seguem-ate-28-de-agosto\/#primaryimage"},"image":{"@id":"https:\/\/portalmf.com.br\/index.php\/2022\/08\/18\/inscricoes-para-a-10a-feciba-seguem-ate-28-de-agosto\/#primaryimage"},"thumbnailUrl":"https:\/\/portalmf.com.br\/wp-content\/uploads\/2022\/08\/WhatsApp-Image-2022-08-18-at-11.19.32.jpeg","datePublished":"2022-08-18T16:37:19+00:00","dateModified":"2022-08-18T16:37:21+00:00","author":{"@id":"https:\/\/portalmf.com.br\/#\/schema\/person\/11c82086fe8abc05a19147e964587285"},"breadcrumb":{"@id":"https:\/\/portalmf.com.br\/index.php\/2022\/08\/18\/inscricoes-para-a-10a-feciba-seguem-ate-28-de-agosto\/#breadcrumb"},"inLanguage":"pt-BR","potentialAction":[{"@type":"ReadAction","target":["https:\/\/portalmf.com.br\/index.php\/2022\/08\/18\/inscricoes-para-a-10a-feciba-seguem-ate-28-de-agosto\/"]}]},{"@type":"ImageObject","inLanguage":"pt-BR","@id":"https:\/\/portalmf.com.br\/index.php\/2022\/08\/18\/inscricoes-para-a-10a-feciba-seguem-ate-28-de-agosto\/#primaryimage","url":"https:\/\/portalmf.com.br\/wp-content\/uploads\/2022\/08\/WhatsApp-Image-2022-08-18-at-11.19.32.jpeg","contentUrl":"https:\/\/portalmf.com.br\/wp-content\/uploads\/2022\/08\/WhatsApp-Image-2022-08-18-at-11.19.32.jpeg","width":1280,"height":853,"caption":"Foto: Claudionor Jr\/ SECBA"},{"@type":"BreadcrumbList","@id":"https:\/\/portalmf.com.br\/index.php\/2022\/08\/18\/inscricoes-para-a-10a-feciba-seguem-ate-28-de-agosto\/#breadcrumb","itemListElement":[{"@type":"ListItem","position":1,"name":"In\u00edcio","item":"https:\/\/portalmf.com.br\/"},{"@type":"ListItem","position":2,"name":"Inscri\u00e7\u00f5es para a 10\u00aa FECIBA seguem at\u00e9 28 de agosto"}]},{"@type":"WebSite","@id":"https:\/\/portalmf.com.br\/#website","url":"https:\/\/portalmf.com.br\/","name":"Portal MF","description":"Voc\u00ea conectado com a informa\u00e7\u00e3o","potentialAction":[{"@type":"SearchAction","target":{"@type":"EntryPoint","urlTemplate":"https:\/\/portalmf.com.br\/?s={search_term_string}"},"query-input":"required name=search_term_string"}],"inLanguage":"pt-BR"},{"@type":"Person","@id":"https:\/\/portalmf.com.br\/#\/schema\/person\/11c82086fe8abc05a19147e964587285","name":"Reginaldo J\u00fanior","image":{"@type":"ImageObject","inLanguage":"pt-BR","@id":"https:\/\/portalmf.com.br\/#\/schema\/person\/image\/","url":"https:\/\/secure.gravatar.com\/avatar\/32a3c797cd0ac47cc53b8644c62776f9?s=96&d=mm&r=g","contentUrl":"https:\/\/secure.gravatar.com\/avatar\/32a3c797cd0ac47cc53b8644c62776f9?s=96&d=mm&r=g","caption":"Reginaldo J\u00fanior"},"description":"Jornalista e idealizador Portal MF","sameAs":["https:\/\/portalmf.com.br\/index.php\/author\/reginaldojr\/","reginaldojrfsa","reginaldojuniormf","https:\/\/x.com\/reginaldojrmf"],"url":"https:\/\/portalmf.com.br\/index.php\/author\/reginaldojr\/"}]}},"_links":{"self":[{"href":"https:\/\/portalmf.com.br\/index.php\/wp-json\/wp\/v2\/posts\/3174"}],"collection":[{"href":"https:\/\/portalmf.com.br\/index.php\/wp-json\/wp\/v2\/posts"}],"about":[{"href":"https:\/\/portalmf.com.br\/index.php\/wp-json\/wp\/v2\/types\/post"}],"author":[{"embeddable":true,"href":"https:\/\/portalmf.com.br\/index.php\/wp-json\/wp\/v2\/users\/2"}],"replies":[{"embeddable":true,"href":"https:\/\/portalmf.com.br\/index.php\/wp-json\/wp\/v2\/comments?post=3174"}],"version-history":[{"count":2,"href":"https:\/\/portalmf.com.br\/index.php\/wp-json\/wp\/v2\/posts\/3174\/revisions"}],"predecessor-version":[{"id":3176,"href":"https:\/\/portalmf.com.br\/index.php\/wp-json\/wp\/v2\/posts\/3174\/revisions\/3176"}],"wp:featuredmedia":[{"embeddable":true,"href":"https:\/\/portalmf.com.br\/index.php\/wp-json\/wp\/v2\/media\/3177"}],"wp:attachment":[{"href":"https:\/\/portalmf.com.br\/index.php\/wp-json\/wp\/v2\/media?parent=3174"}],"wp:term":[{"taxonomy":"category","embeddable":true,"href":"https:\/\/portalmf.com.br\/index.php\/wp-json\/wp\/v2\/categories?post=3174"},{"taxonomy":"post_tag","embeddable":true,"href":"https:\/\/portalmf.com.br\/index.php\/wp-json\/wp\/v2\/tags?post=3174"}],"curies":[{"name":"wp","href":"https:\/\/api.w.org\/{rel}","templated":true}]}}