{"id":3170,"date":"2022-08-18T13:32:48","date_gmt":"2022-08-18T16:32:48","guid":{"rendered":"http:\/\/portalmf.com.br\/?p=3170"},"modified":"2025-10-14T16:55:37","modified_gmt":"2025-10-14T19:55:37","slug":"kleber-rosa-dispara-contra-acm-neto-esta-fugindo-aos-debates","status":"publish","type":"post","link":"https:\/\/portalmf.com.br\/index.php\/2022\/08\/18\/kleber-rosa-dispara-contra-acm-neto-esta-fugindo-aos-debates\/","title":{"rendered":"Kleber Rosa dispara contra ACM Neto: &#8216;est\u00e1 fugindo aos debates&#8217;"},"content":{"rendered":"\n<p>O cientista social e candidato ao Governo da Bahia pela federa\u00e7\u00e3o PSOL-REDE, Kleber Rosa, durante entrevista \u00e0 radio 93 FM, do munic\u00edpio de Alagoinhas, ao programa Canal Aberto&#8221;, apresentado por \u00cdcaro Pereira, Jorge Ubiratan, e Z\u00e9 Aparecido, afirmou que o candidato ACM Neto est\u00e1 tentando fugir aos debates por estar com medo de ter a &#8220;m\u00e1scara de bom gestor&#8221;, que foi criada atrav\u00e9s de muita propaganda e marketing, ser derrubada.<\/p>\n\n\n\n<p>&#8220;O candidato ACM Neto fica fazendo propaganda de uma imagem de um bom gestor sendo que, na verdade, tivemos uma gest\u00e3o catastr\u00f3fica do carlismo em Salvador e \u00e9 exatamente por isso que ele est\u00e1 fugindo aos debates. Vou tirar essa m\u00e1scara de bom gestor de ACM Neto e vou mostrar que a candidatura dele representa a tradicional oligarquia baiana e os grandes grupos econ\u00f4micos que n\u00e3o possuem nenhum compromisso com a popula\u00e7\u00e3o mais pobre e mais carente do nosso Estado. ACM Neto n\u00e3o possui como foco de Programa de Governo o combate \u00e0 fome, \u00e0 exclus\u00e3o social, \u00e0 mis\u00e9ria e o desemprego.<\/p>\n\n\n\n<p>Kleber Rosa ressaltou que as gest\u00f5es de ACM Neto foram excludentes e que abandonaram a maior parte da popula\u00e7\u00e3o soteropolitana, principalmente, a popula\u00e7\u00e3o negra que vive nas periferias de Salvador<em>. &#8220;Estamos aqui para dizer que existe sim alternativa real. O nosso Programa de Governo vai priorizar o direito \u00e0 cidadania plena. Enquanto meus advers\u00e1rios disputam as grandes obras, a nossa popula\u00e7\u00e3o vive debaixo das pontes e passa fome. Vamos fazer na Bahia a aboli\u00e7\u00e3o que o Brasil ainda n\u00e3o fez&#8221;,<\/em> garantiu Kleber Rosa.&nbsp;<\/p>\n","protected":false},"excerpt":{"rendered":"<p>O cientista social e candidato ao Governo da Bahia pela federa\u00e7\u00e3o PSOL-REDE, Kleber Rosa, durante entrevista \u00e0 radio 93 FM, do munic\u00edpio de Alagoinhas, ao programa Canal Aberto&#8221;, apresentado por \u00cdcaro Pereira, Jorge Ubiratan, e Z\u00e9 Aparecido, afirmou que o candidato ACM Neto est\u00e1 tentando fugir aos debates por estar com medo de ter a [&hellip;]<\/p>\n","protected":false},"author":2,"featured_media":4483,"comment_status":"open","ping_status":"open","sticky":false,"template":"","format":"standard","meta":{"_monsterinsights_skip_tracking":false,"_monsterinsights_sitenote_active":false,"_monsterinsights_sitenote_note":"","_monsterinsights_sitenote_category":0,"footnotes":""},"categories":[34],"tags":[],"yoast_head":"<!-- This site is optimized with the Yoast SEO plugin v22.9 - https:\/\/yoast.com\/wordpress\/plugins\/seo\/ -->\n<title>Kleber Rosa dispara contra ACM Neto: &#039;est\u00e1 fugindo aos debates&#039; - Portal MF<\/title>\n<meta name=\"robots\" content=\"index, follow, max-snippet:-1, max-image-preview:large, max-video-preview:-1\" \/>\n<link rel=\"canonical\" href=\"https:\/\/portalmf.com.br\/index.php\/2022\/08\/18\/kleber-rosa-dispara-contra-acm-neto-esta-fugindo-aos-debates\/\" \/>\n<meta property=\"og:locale\" content=\"pt_BR\" \/>\n<meta property=\"og:type\" content=\"article\" \/>\n<meta property=\"og:title\" content=\"Kleber Rosa dispara contra ACM Neto: &#039;est\u00e1 fugindo aos debates&#039; - Portal MF\" \/>\n<meta property=\"og:description\" content=\"O cientista social e candidato ao Governo da Bahia pela federa\u00e7\u00e3o PSOL-REDE, Kleber Rosa, durante entrevista \u00e0 radio 93 FM, do munic\u00edpio de Alagoinhas, ao programa Canal Aberto&#8221;, apresentado por \u00cdcaro Pereira, Jorge Ubiratan, e Z\u00e9 Aparecido, afirmou que o candidato ACM Neto est\u00e1 tentando fugir aos debates por estar com medo de ter a [&hellip;]\" \/>\n<meta property=\"og:url\" content=\"https:\/\/portalmf.com.br\/index.php\/2022\/08\/18\/kleber-rosa-dispara-contra-acm-neto-esta-fugindo-aos-debates\/\" \/>\n<meta property=\"og:site_name\" content=\"Portal MF\" \/>\n<meta property=\"article:author\" content=\"reginaldojrfsa\" \/>\n<meta property=\"article:published_time\" content=\"2022-08-18T16:32:48+00:00\" \/>\n<meta property=\"article:modified_time\" content=\"2025-10-14T19:55:37+00:00\" \/>\n<meta property=\"og:image\" content=\"https:\/\/portalmf.com.br\/wp-content\/uploads\/2022\/09\/kleber_leitte_foto_reginaldojunior_portalmf.jpg\" \/>\n\t<meta property=\"og:image:width\" content=\"2343\" \/>\n\t<meta property=\"og:image:height\" content=\"1800\" \/>\n\t<meta property=\"og:image:type\" content=\"image\/jpeg\" \/>\n<meta name=\"author\" content=\"Reginaldo J\u00fanior\" \/>\n<meta name=\"twitter:card\" content=\"summary_large_image\" \/>\n<meta name=\"twitter:creator\" content=\"@reginaldojrmf\" \/>\n<meta name=\"twitter:label1\" content=\"Escrito por\" \/>\n\t<meta name=\"twitter:data1\" content=\"Reginaldo J\u00fanior\" \/>\n\t<meta name=\"twitter:label2\" content=\"Est. tempo de leitura\" \/>\n\t<meta name=\"twitter:data2\" content=\"2 minutos\" \/>\n<script type=\"application\/ld+json\" class=\"yoast-schema-graph\">{\"@context\":\"https:\/\/schema.org\",\"@graph\":[{\"@type\":\"WebPage\",\"@id\":\"https:\/\/portalmf.com.br\/index.php\/2022\/08\/18\/kleber-rosa-dispara-contra-acm-neto-esta-fugindo-aos-debates\/\",\"url\":\"https:\/\/portalmf.com.br\/index.php\/2022\/08\/18\/kleber-rosa-dispara-contra-acm-neto-esta-fugindo-aos-debates\/\",\"name\":\"Kleber Rosa dispara contra ACM Neto: 'est\u00e1 fugindo aos debates' - Portal MF\",\"isPartOf\":{\"@id\":\"https:\/\/portalmf.com.br\/#website\"},\"primaryImageOfPage\":{\"@id\":\"https:\/\/portalmf.com.br\/index.php\/2022\/08\/18\/kleber-rosa-dispara-contra-acm-neto-esta-fugindo-aos-debates\/#primaryimage\"},\"image\":{\"@id\":\"https:\/\/portalmf.com.br\/index.php\/2022\/08\/18\/kleber-rosa-dispara-contra-acm-neto-esta-fugindo-aos-debates\/#primaryimage\"},\"thumbnailUrl\":\"https:\/\/portalmf.com.br\/wp-content\/uploads\/2022\/09\/kleber_leitte_foto_reginaldojunior_portalmf.jpg\",\"datePublished\":\"2022-08-18T16:32:48+00:00\",\"dateModified\":\"2025-10-14T19:55:37+00:00\",\"author\":{\"@id\":\"https:\/\/portalmf.com.br\/#\/schema\/person\/11c82086fe8abc05a19147e964587285\"},\"breadcrumb\":{\"@id\":\"https:\/\/portalmf.com.br\/index.php\/2022\/08\/18\/kleber-rosa-dispara-contra-acm-neto-esta-fugindo-aos-debates\/#breadcrumb\"},\"inLanguage\":\"pt-BR\",\"potentialAction\":[{\"@type\":\"ReadAction\",\"target\":[\"https:\/\/portalmf.com.br\/index.php\/2022\/08\/18\/kleber-rosa-dispara-contra-acm-neto-esta-fugindo-aos-debates\/\"]}]},{\"@type\":\"ImageObject\",\"inLanguage\":\"pt-BR\",\"@id\":\"https:\/\/portalmf.com.br\/index.php\/2022\/08\/18\/kleber-rosa-dispara-contra-acm-neto-esta-fugindo-aos-debates\/#primaryimage\",\"url\":\"https:\/\/portalmf.com.br\/wp-content\/uploads\/2022\/09\/kleber_leitte_foto_reginaldojunior_portalmf.jpg\",\"contentUrl\":\"https:\/\/portalmf.com.br\/wp-content\/uploads\/2022\/09\/kleber_leitte_foto_reginaldojunior_portalmf.jpg\",\"width\":2343,\"height\":1800,\"caption\":\"kleber_leitte_foto_reginaldojunior_portalmf\"},{\"@type\":\"BreadcrumbList\",\"@id\":\"https:\/\/portalmf.com.br\/index.php\/2022\/08\/18\/kleber-rosa-dispara-contra-acm-neto-esta-fugindo-aos-debates\/#breadcrumb\",\"itemListElement\":[{\"@type\":\"ListItem\",\"position\":1,\"name\":\"In\u00edcio\",\"item\":\"https:\/\/portalmf.com.br\/\"},{\"@type\":\"ListItem\",\"position\":2,\"name\":\"Kleber Rosa dispara contra ACM Neto: &#8216;est\u00e1 fugindo aos debates&#8217;\"}]},{\"@type\":\"WebSite\",\"@id\":\"https:\/\/portalmf.com.br\/#website\",\"url\":\"https:\/\/portalmf.com.br\/\",\"name\":\"Portal MF\",\"description\":\"Voc\u00ea conectado com a informa\u00e7\u00e3o\",\"potentialAction\":[{\"@type\":\"SearchAction\",\"target\":{\"@type\":\"EntryPoint\",\"urlTemplate\":\"https:\/\/portalmf.com.br\/?s={search_term_string}\"},\"query-input\":\"required name=search_term_string\"}],\"inLanguage\":\"pt-BR\"},{\"@type\":\"Person\",\"@id\":\"https:\/\/portalmf.com.br\/#\/schema\/person\/11c82086fe8abc05a19147e964587285\",\"name\":\"Reginaldo J\u00fanior\",\"image\":{\"@type\":\"ImageObject\",\"inLanguage\":\"pt-BR\",\"@id\":\"https:\/\/portalmf.com.br\/#\/schema\/person\/image\/\",\"url\":\"https:\/\/secure.gravatar.com\/avatar\/32a3c797cd0ac47cc53b8644c62776f9?s=96&d=mm&r=g\",\"contentUrl\":\"https:\/\/secure.gravatar.com\/avatar\/32a3c797cd0ac47cc53b8644c62776f9?s=96&d=mm&r=g\",\"caption\":\"Reginaldo J\u00fanior\"},\"description\":\"Jornalista e idealizador Portal MF\",\"sameAs\":[\"https:\/\/portalmf.com.br\/index.php\/author\/reginaldojr\/\",\"reginaldojrfsa\",\"reginaldojuniormf\",\"https:\/\/x.com\/reginaldojrmf\"],\"url\":\"https:\/\/portalmf.com.br\/index.php\/author\/reginaldojr\/\"}]}<\/script>\n<!-- \/ Yoast SEO plugin. -->","yoast_head_json":{"title":"Kleber Rosa dispara contra ACM Neto: 'est\u00e1 fugindo aos debates' - Portal MF","robots":{"index":"index","follow":"follow","max-snippet":"max-snippet:-1","max-image-preview":"max-image-preview:large","max-video-preview":"max-video-preview:-1"},"canonical":"https:\/\/portalmf.com.br\/index.php\/2022\/08\/18\/kleber-rosa-dispara-contra-acm-neto-esta-fugindo-aos-debates\/","og_locale":"pt_BR","og_type":"article","og_title":"Kleber Rosa dispara contra ACM Neto: 'est\u00e1 fugindo aos debates' - Portal MF","og_description":"O cientista social e candidato ao Governo da Bahia pela federa\u00e7\u00e3o PSOL-REDE, Kleber Rosa, durante entrevista \u00e0 radio 93 FM, do munic\u00edpio de Alagoinhas, ao programa Canal Aberto&#8221;, apresentado por \u00cdcaro Pereira, Jorge Ubiratan, e Z\u00e9 Aparecido, afirmou que o candidato ACM Neto est\u00e1 tentando fugir aos debates por estar com medo de ter a [&hellip;]","og_url":"https:\/\/portalmf.com.br\/index.php\/2022\/08\/18\/kleber-rosa-dispara-contra-acm-neto-esta-fugindo-aos-debates\/","og_site_name":"Portal MF","article_author":"reginaldojrfsa","article_published_time":"2022-08-18T16:32:48+00:00","article_modified_time":"2025-10-14T19:55:37+00:00","og_image":[{"width":2343,"height":1800,"url":"https:\/\/portalmf.com.br\/wp-content\/uploads\/2022\/09\/kleber_leitte_foto_reginaldojunior_portalmf.jpg","type":"image\/jpeg"}],"author":"Reginaldo J\u00fanior","twitter_card":"summary_large_image","twitter_creator":"@reginaldojrmf","twitter_misc":{"Escrito por":"Reginaldo J\u00fanior","Est. tempo de leitura":"2 minutos"},"schema":{"@context":"https:\/\/schema.org","@graph":[{"@type":"WebPage","@id":"https:\/\/portalmf.com.br\/index.php\/2022\/08\/18\/kleber-rosa-dispara-contra-acm-neto-esta-fugindo-aos-debates\/","url":"https:\/\/portalmf.com.br\/index.php\/2022\/08\/18\/kleber-rosa-dispara-contra-acm-neto-esta-fugindo-aos-debates\/","name":"Kleber Rosa dispara contra ACM Neto: 'est\u00e1 fugindo aos debates' - Portal MF","isPartOf":{"@id":"https:\/\/portalmf.com.br\/#website"},"primaryImageOfPage":{"@id":"https:\/\/portalmf.com.br\/index.php\/2022\/08\/18\/kleber-rosa-dispara-contra-acm-neto-esta-fugindo-aos-debates\/#primaryimage"},"image":{"@id":"https:\/\/portalmf.com.br\/index.php\/2022\/08\/18\/kleber-rosa-dispara-contra-acm-neto-esta-fugindo-aos-debates\/#primaryimage"},"thumbnailUrl":"https:\/\/portalmf.com.br\/wp-content\/uploads\/2022\/09\/kleber_leitte_foto_reginaldojunior_portalmf.jpg","datePublished":"2022-08-18T16:32:48+00:00","dateModified":"2025-10-14T19:55:37+00:00","author":{"@id":"https:\/\/portalmf.com.br\/#\/schema\/person\/11c82086fe8abc05a19147e964587285"},"breadcrumb":{"@id":"https:\/\/portalmf.com.br\/index.php\/2022\/08\/18\/kleber-rosa-dispara-contra-acm-neto-esta-fugindo-aos-debates\/#breadcrumb"},"inLanguage":"pt-BR","potentialAction":[{"@type":"ReadAction","target":["https:\/\/portalmf.com.br\/index.php\/2022\/08\/18\/kleber-rosa-dispara-contra-acm-neto-esta-fugindo-aos-debates\/"]}]},{"@type":"ImageObject","inLanguage":"pt-BR","@id":"https:\/\/portalmf.com.br\/index.php\/2022\/08\/18\/kleber-rosa-dispara-contra-acm-neto-esta-fugindo-aos-debates\/#primaryimage","url":"https:\/\/portalmf.com.br\/wp-content\/uploads\/2022\/09\/kleber_leitte_foto_reginaldojunior_portalmf.jpg","contentUrl":"https:\/\/portalmf.com.br\/wp-content\/uploads\/2022\/09\/kleber_leitte_foto_reginaldojunior_portalmf.jpg","width":2343,"height":1800,"caption":"kleber_leitte_foto_reginaldojunior_portalmf"},{"@type":"BreadcrumbList","@id":"https:\/\/portalmf.com.br\/index.php\/2022\/08\/18\/kleber-rosa-dispara-contra-acm-neto-esta-fugindo-aos-debates\/#breadcrumb","itemListElement":[{"@type":"ListItem","position":1,"name":"In\u00edcio","item":"https:\/\/portalmf.com.br\/"},{"@type":"ListItem","position":2,"name":"Kleber Rosa dispara contra ACM Neto: &#8216;est\u00e1 fugindo aos debates&#8217;"}]},{"@type":"WebSite","@id":"https:\/\/portalmf.com.br\/#website","url":"https:\/\/portalmf.com.br\/","name":"Portal MF","description":"Voc\u00ea conectado com a informa\u00e7\u00e3o","potentialAction":[{"@type":"SearchAction","target":{"@type":"EntryPoint","urlTemplate":"https:\/\/portalmf.com.br\/?s={search_term_string}"},"query-input":"required name=search_term_string"}],"inLanguage":"pt-BR"},{"@type":"Person","@id":"https:\/\/portalmf.com.br\/#\/schema\/person\/11c82086fe8abc05a19147e964587285","name":"Reginaldo J\u00fanior","image":{"@type":"ImageObject","inLanguage":"pt-BR","@id":"https:\/\/portalmf.com.br\/#\/schema\/person\/image\/","url":"https:\/\/secure.gravatar.com\/avatar\/32a3c797cd0ac47cc53b8644c62776f9?s=96&d=mm&r=g","contentUrl":"https:\/\/secure.gravatar.com\/avatar\/32a3c797cd0ac47cc53b8644c62776f9?s=96&d=mm&r=g","caption":"Reginaldo J\u00fanior"},"description":"Jornalista e idealizador Portal MF","sameAs":["https:\/\/portalmf.com.br\/index.php\/author\/reginaldojr\/","reginaldojrfsa","reginaldojuniormf","https:\/\/x.com\/reginaldojrmf"],"url":"https:\/\/portalmf.com.br\/index.php\/author\/reginaldojr\/"}]}},"_links":{"self":[{"href":"https:\/\/portalmf.com.br\/index.php\/wp-json\/wp\/v2\/posts\/3170"}],"collection":[{"href":"https:\/\/portalmf.com.br\/index.php\/wp-json\/wp\/v2\/posts"}],"about":[{"href":"https:\/\/portalmf.com.br\/index.php\/wp-json\/wp\/v2\/types\/post"}],"author":[{"embeddable":true,"href":"https:\/\/portalmf.com.br\/index.php\/wp-json\/wp\/v2\/users\/2"}],"replies":[{"embeddable":true,"href":"https:\/\/portalmf.com.br\/index.php\/wp-json\/wp\/v2\/comments?post=3170"}],"version-history":[{"count":2,"href":"https:\/\/portalmf.com.br\/index.php\/wp-json\/wp\/v2\/posts\/3170\/revisions"}],"predecessor-version":[{"id":3173,"href":"https:\/\/portalmf.com.br\/index.php\/wp-json\/wp\/v2\/posts\/3170\/revisions\/3173"}],"wp:featuredmedia":[{"embeddable":true,"href":"https:\/\/portalmf.com.br\/index.php\/wp-json\/wp\/v2\/media\/4483"}],"wp:attachment":[{"href":"https:\/\/portalmf.com.br\/index.php\/wp-json\/wp\/v2\/media?parent=3170"}],"wp:term":[{"taxonomy":"category","embeddable":true,"href":"https:\/\/portalmf.com.br\/index.php\/wp-json\/wp\/v2\/categories?post=3170"},{"taxonomy":"post_tag","embeddable":true,"href":"https:\/\/portalmf.com.br\/index.php\/wp-json\/wp\/v2\/tags?post=3170"}],"curies":[{"name":"wp","href":"https:\/\/api.w.org\/{rel}","templated":true}]}}