{"id":3165,"date":"2022-08-17T13:27:00","date_gmt":"2022-08-17T16:27:00","guid":{"rendered":"http:\/\/portalmf.com.br\/?p=3165"},"modified":"2022-08-18T13:28:36","modified_gmt":"2022-08-18T16:28:36","slug":"mobilizacao-marca-o-inicio-das-campanhas-de-jose-de-arimateia-e-marinho-em-feira","status":"publish","type":"post","link":"https:\/\/portalmf.com.br\/index.php\/2022\/08\/17\/mobilizacao-marca-o-inicio-das-campanhas-de-jose-de-arimateia-e-marinho-em-feira\/","title":{"rendered":"Mobiliza\u00e7\u00e3o marca o in\u00edcio das campanhas de Jos\u00e9 de Arimateia e Marinho, em Feira"},"content":{"rendered":"\n<p>O deputado estadual Jos\u00e9 de Arimateia (Republicanos) iniciar\u00e1, na tarde desta quinta-feira (18) \u00e0s 16h, a campanha \u00e0 reelei\u00e7\u00e3o com uma mobiliza\u00e7\u00e3o na Pra\u00e7a da Cidade Nova, em Feira de Santana. Durante a iniciativa, tamb\u00e9m ser\u00e1 lan\u00e7ada a candidatura do deputado federal Marcio Marinho (Republicanos).<\/p>\n\n\n\n<p>Arimateia destaca com alegria a trajet\u00f3ria constru\u00edda ao longo dos \u00faltimos 24 anos de vida p\u00fablica. \u201cTemos a certeza que o povo quer mudan\u00e7a, mas a popula\u00e7\u00e3o deseja tamb\u00e9m que permane\u00e7a os parlamentares que trabalham com empenho pela Bahia. Sinto hoje muita alegria de poder caminhar, mais uma vez, junto de cada cidad\u00e3o baiano.\u201d<\/p>\n\n\n\n<p><strong>Jos\u00e9 de Arimateia <\/strong>&#8211; Al\u00e9m de ter ocupado o cargo de vereador em Feira de Santana, por dois mandatos, \u00e9 presidente da Comiss\u00e3o de Meio Ambiente, Seca e Recursos H\u00eddricos da Bahia, presidente da Frente Parlamentar em Defesa dos Direitos dos Idosos, presidente da Frente Parlamentar em Defesa da Sa\u00fade e Institutos de Pesquisas Afins, vice-presidente da Comiss\u00e3o de Sa\u00fade e Saneamento e secret\u00e1rio estadual do movimento Idosos Republicanos, bandeiras as quais, defende desde o in\u00edcio da sua trajet\u00f3ria pol\u00edtica em 1998.<\/p>\n\n\n\n<p><strong>Marcio Marinho &#8211; <\/strong>Marinho possui 20 anos de vida p\u00fablica, est\u00e1 no 4\u00ba mandato como deputado federal e traz em sua trajet\u00f3ria pol\u00edtica experi\u00eancias como secret\u00e1rio de Comunica\u00e7\u00e3o da C\u00e2mara e presidente da Comiss\u00e3o do Esporte. Atualmente \u00e9 vice-presidente nacional do Republicanos e presidente estadual do Republicanos Bahia.<\/p>\n","protected":false},"excerpt":{"rendered":"<p>O deputado estadual Jos\u00e9 de Arimateia (Republicanos) iniciar\u00e1, na tarde desta quinta-feira (18) \u00e0s 16h, a campanha \u00e0 reelei\u00e7\u00e3o com uma mobiliza\u00e7\u00e3o na Pra\u00e7a da Cidade Nova, em Feira de Santana. Durante a iniciativa, tamb\u00e9m ser\u00e1 lan\u00e7ada a candidatura do deputado federal Marcio Marinho (Republicanos). Arimateia destaca com alegria a trajet\u00f3ria constru\u00edda ao longo dos [&hellip;]<\/p>\n","protected":false},"author":2,"featured_media":3169,"comment_status":"open","ping_status":"open","sticky":false,"template":"","format":"standard","meta":{"_monsterinsights_skip_tracking":false,"_monsterinsights_sitenote_active":false,"_monsterinsights_sitenote_note":"","_monsterinsights_sitenote_category":0,"footnotes":""},"categories":[34],"tags":[],"yoast_head":"<!-- This site is optimized with the Yoast SEO plugin v22.9 - https:\/\/yoast.com\/wordpress\/plugins\/seo\/ -->\n<title>Mobiliza\u00e7\u00e3o marca o in\u00edcio das campanhas de Jos\u00e9 de Arimateia e Marinho, em Feira - Portal MF<\/title>\n<meta name=\"robots\" content=\"index, follow, max-snippet:-1, max-image-preview:large, max-video-preview:-1\" \/>\n<link rel=\"canonical\" href=\"https:\/\/portalmf.com.br\/index.php\/2022\/08\/17\/mobilizacao-marca-o-inicio-das-campanhas-de-jose-de-arimateia-e-marinho-em-feira\/\" \/>\n<meta property=\"og:locale\" content=\"pt_BR\" \/>\n<meta property=\"og:type\" content=\"article\" \/>\n<meta property=\"og:title\" content=\"Mobiliza\u00e7\u00e3o marca o in\u00edcio das campanhas de Jos\u00e9 de Arimateia e Marinho, em Feira - Portal MF\" \/>\n<meta property=\"og:description\" content=\"O deputado estadual Jos\u00e9 de Arimateia (Republicanos) iniciar\u00e1, na tarde desta quinta-feira (18) \u00e0s 16h, a campanha \u00e0 reelei\u00e7\u00e3o com uma mobiliza\u00e7\u00e3o na Pra\u00e7a da Cidade Nova, em Feira de Santana. Durante a iniciativa, tamb\u00e9m ser\u00e1 lan\u00e7ada a candidatura do deputado federal Marcio Marinho (Republicanos). Arimateia destaca com alegria a trajet\u00f3ria constru\u00edda ao longo dos [&hellip;]\" \/>\n<meta property=\"og:url\" content=\"https:\/\/portalmf.com.br\/index.php\/2022\/08\/17\/mobilizacao-marca-o-inicio-das-campanhas-de-jose-de-arimateia-e-marinho-em-feira\/\" \/>\n<meta property=\"og:site_name\" content=\"Portal MF\" \/>\n<meta property=\"article:author\" content=\"reginaldojrfsa\" \/>\n<meta property=\"article:published_time\" content=\"2022-08-17T16:27:00+00:00\" \/>\n<meta property=\"article:modified_time\" content=\"2022-08-18T16:28:36+00:00\" \/>\n<meta property=\"og:image\" content=\"https:\/\/portalmf.com.br\/wp-content\/uploads\/2022\/08\/Jose-de-Arimateia-e-Marinho.jpeg\" \/>\n\t<meta property=\"og:image:width\" content=\"915\" \/>\n\t<meta property=\"og:image:height\" content=\"915\" \/>\n\t<meta property=\"og:image:type\" content=\"image\/jpeg\" \/>\n<meta name=\"author\" content=\"Reginaldo J\u00fanior\" \/>\n<meta name=\"twitter:card\" content=\"summary_large_image\" \/>\n<meta name=\"twitter:creator\" content=\"@reginaldojrmf\" \/>\n<meta name=\"twitter:label1\" content=\"Escrito por\" \/>\n\t<meta name=\"twitter:data1\" content=\"Reginaldo J\u00fanior\" \/>\n\t<meta name=\"twitter:label2\" content=\"Est. tempo de leitura\" \/>\n\t<meta name=\"twitter:data2\" content=\"2 minutos\" \/>\n<script type=\"application\/ld+json\" class=\"yoast-schema-graph\">{\"@context\":\"https:\/\/schema.org\",\"@graph\":[{\"@type\":\"WebPage\",\"@id\":\"https:\/\/portalmf.com.br\/index.php\/2022\/08\/17\/mobilizacao-marca-o-inicio-das-campanhas-de-jose-de-arimateia-e-marinho-em-feira\/\",\"url\":\"https:\/\/portalmf.com.br\/index.php\/2022\/08\/17\/mobilizacao-marca-o-inicio-das-campanhas-de-jose-de-arimateia-e-marinho-em-feira\/\",\"name\":\"Mobiliza\u00e7\u00e3o marca o in\u00edcio das campanhas de Jos\u00e9 de Arimateia e Marinho, em Feira - Portal MF\",\"isPartOf\":{\"@id\":\"https:\/\/portalmf.com.br\/#website\"},\"primaryImageOfPage\":{\"@id\":\"https:\/\/portalmf.com.br\/index.php\/2022\/08\/17\/mobilizacao-marca-o-inicio-das-campanhas-de-jose-de-arimateia-e-marinho-em-feira\/#primaryimage\"},\"image\":{\"@id\":\"https:\/\/portalmf.com.br\/index.php\/2022\/08\/17\/mobilizacao-marca-o-inicio-das-campanhas-de-jose-de-arimateia-e-marinho-em-feira\/#primaryimage\"},\"thumbnailUrl\":\"https:\/\/portalmf.com.br\/wp-content\/uploads\/2022\/08\/Jose-de-Arimateia-e-Marinho.jpeg\",\"datePublished\":\"2022-08-17T16:27:00+00:00\",\"dateModified\":\"2022-08-18T16:28:36+00:00\",\"author\":{\"@id\":\"https:\/\/portalmf.com.br\/#\/schema\/person\/11c82086fe8abc05a19147e964587285\"},\"breadcrumb\":{\"@id\":\"https:\/\/portalmf.com.br\/index.php\/2022\/08\/17\/mobilizacao-marca-o-inicio-das-campanhas-de-jose-de-arimateia-e-marinho-em-feira\/#breadcrumb\"},\"inLanguage\":\"pt-BR\",\"potentialAction\":[{\"@type\":\"ReadAction\",\"target\":[\"https:\/\/portalmf.com.br\/index.php\/2022\/08\/17\/mobilizacao-marca-o-inicio-das-campanhas-de-jose-de-arimateia-e-marinho-em-feira\/\"]}]},{\"@type\":\"ImageObject\",\"inLanguage\":\"pt-BR\",\"@id\":\"https:\/\/portalmf.com.br\/index.php\/2022\/08\/17\/mobilizacao-marca-o-inicio-das-campanhas-de-jose-de-arimateia-e-marinho-em-feira\/#primaryimage\",\"url\":\"https:\/\/portalmf.com.br\/wp-content\/uploads\/2022\/08\/Jose-de-Arimateia-e-Marinho.jpeg\",\"contentUrl\":\"https:\/\/portalmf.com.br\/wp-content\/uploads\/2022\/08\/Jose-de-Arimateia-e-Marinho.jpeg\",\"width\":915,\"height\":915},{\"@type\":\"BreadcrumbList\",\"@id\":\"https:\/\/portalmf.com.br\/index.php\/2022\/08\/17\/mobilizacao-marca-o-inicio-das-campanhas-de-jose-de-arimateia-e-marinho-em-feira\/#breadcrumb\",\"itemListElement\":[{\"@type\":\"ListItem\",\"position\":1,\"name\":\"In\u00edcio\",\"item\":\"https:\/\/portalmf.com.br\/\"},{\"@type\":\"ListItem\",\"position\":2,\"name\":\"Mobiliza\u00e7\u00e3o marca o in\u00edcio das campanhas de Jos\u00e9 de Arimateia e Marinho, em Feira\"}]},{\"@type\":\"WebSite\",\"@id\":\"https:\/\/portalmf.com.br\/#website\",\"url\":\"https:\/\/portalmf.com.br\/\",\"name\":\"Portal MF\",\"description\":\"Voc\u00ea conectado com a informa\u00e7\u00e3o\",\"potentialAction\":[{\"@type\":\"SearchAction\",\"target\":{\"@type\":\"EntryPoint\",\"urlTemplate\":\"https:\/\/portalmf.com.br\/?s={search_term_string}\"},\"query-input\":\"required name=search_term_string\"}],\"inLanguage\":\"pt-BR\"},{\"@type\":\"Person\",\"@id\":\"https:\/\/portalmf.com.br\/#\/schema\/person\/11c82086fe8abc05a19147e964587285\",\"name\":\"Reginaldo J\u00fanior\",\"image\":{\"@type\":\"ImageObject\",\"inLanguage\":\"pt-BR\",\"@id\":\"https:\/\/portalmf.com.br\/#\/schema\/person\/image\/\",\"url\":\"https:\/\/secure.gravatar.com\/avatar\/32a3c797cd0ac47cc53b8644c62776f9?s=96&d=mm&r=g\",\"contentUrl\":\"https:\/\/secure.gravatar.com\/avatar\/32a3c797cd0ac47cc53b8644c62776f9?s=96&d=mm&r=g\",\"caption\":\"Reginaldo J\u00fanior\"},\"description\":\"Jornalista e idealizador Portal MF\",\"sameAs\":[\"https:\/\/portalmf.com.br\/index.php\/author\/reginaldojr\/\",\"reginaldojrfsa\",\"reginaldojuniormf\",\"https:\/\/x.com\/reginaldojrmf\"],\"url\":\"https:\/\/portalmf.com.br\/index.php\/author\/reginaldojr\/\"}]}<\/script>\n<!-- \/ Yoast SEO plugin. -->","yoast_head_json":{"title":"Mobiliza\u00e7\u00e3o marca o in\u00edcio das campanhas de Jos\u00e9 de Arimateia e Marinho, em Feira - Portal MF","robots":{"index":"index","follow":"follow","max-snippet":"max-snippet:-1","max-image-preview":"max-image-preview:large","max-video-preview":"max-video-preview:-1"},"canonical":"https:\/\/portalmf.com.br\/index.php\/2022\/08\/17\/mobilizacao-marca-o-inicio-das-campanhas-de-jose-de-arimateia-e-marinho-em-feira\/","og_locale":"pt_BR","og_type":"article","og_title":"Mobiliza\u00e7\u00e3o marca o in\u00edcio das campanhas de Jos\u00e9 de Arimateia e Marinho, em Feira - Portal MF","og_description":"O deputado estadual Jos\u00e9 de Arimateia (Republicanos) iniciar\u00e1, na tarde desta quinta-feira (18) \u00e0s 16h, a campanha \u00e0 reelei\u00e7\u00e3o com uma mobiliza\u00e7\u00e3o na Pra\u00e7a da Cidade Nova, em Feira de Santana. Durante a iniciativa, tamb\u00e9m ser\u00e1 lan\u00e7ada a candidatura do deputado federal Marcio Marinho (Republicanos). Arimateia destaca com alegria a trajet\u00f3ria constru\u00edda ao longo dos [&hellip;]","og_url":"https:\/\/portalmf.com.br\/index.php\/2022\/08\/17\/mobilizacao-marca-o-inicio-das-campanhas-de-jose-de-arimateia-e-marinho-em-feira\/","og_site_name":"Portal MF","article_author":"reginaldojrfsa","article_published_time":"2022-08-17T16:27:00+00:00","article_modified_time":"2022-08-18T16:28:36+00:00","og_image":[{"width":915,"height":915,"url":"https:\/\/portalmf.com.br\/wp-content\/uploads\/2022\/08\/Jose-de-Arimateia-e-Marinho.jpeg","type":"image\/jpeg"}],"author":"Reginaldo J\u00fanior","twitter_card":"summary_large_image","twitter_creator":"@reginaldojrmf","twitter_misc":{"Escrito por":"Reginaldo J\u00fanior","Est. tempo de leitura":"2 minutos"},"schema":{"@context":"https:\/\/schema.org","@graph":[{"@type":"WebPage","@id":"https:\/\/portalmf.com.br\/index.php\/2022\/08\/17\/mobilizacao-marca-o-inicio-das-campanhas-de-jose-de-arimateia-e-marinho-em-feira\/","url":"https:\/\/portalmf.com.br\/index.php\/2022\/08\/17\/mobilizacao-marca-o-inicio-das-campanhas-de-jose-de-arimateia-e-marinho-em-feira\/","name":"Mobiliza\u00e7\u00e3o marca o in\u00edcio das campanhas de Jos\u00e9 de Arimateia e Marinho, em Feira - Portal MF","isPartOf":{"@id":"https:\/\/portalmf.com.br\/#website"},"primaryImageOfPage":{"@id":"https:\/\/portalmf.com.br\/index.php\/2022\/08\/17\/mobilizacao-marca-o-inicio-das-campanhas-de-jose-de-arimateia-e-marinho-em-feira\/#primaryimage"},"image":{"@id":"https:\/\/portalmf.com.br\/index.php\/2022\/08\/17\/mobilizacao-marca-o-inicio-das-campanhas-de-jose-de-arimateia-e-marinho-em-feira\/#primaryimage"},"thumbnailUrl":"https:\/\/portalmf.com.br\/wp-content\/uploads\/2022\/08\/Jose-de-Arimateia-e-Marinho.jpeg","datePublished":"2022-08-17T16:27:00+00:00","dateModified":"2022-08-18T16:28:36+00:00","author":{"@id":"https:\/\/portalmf.com.br\/#\/schema\/person\/11c82086fe8abc05a19147e964587285"},"breadcrumb":{"@id":"https:\/\/portalmf.com.br\/index.php\/2022\/08\/17\/mobilizacao-marca-o-inicio-das-campanhas-de-jose-de-arimateia-e-marinho-em-feira\/#breadcrumb"},"inLanguage":"pt-BR","potentialAction":[{"@type":"ReadAction","target":["https:\/\/portalmf.com.br\/index.php\/2022\/08\/17\/mobilizacao-marca-o-inicio-das-campanhas-de-jose-de-arimateia-e-marinho-em-feira\/"]}]},{"@type":"ImageObject","inLanguage":"pt-BR","@id":"https:\/\/portalmf.com.br\/index.php\/2022\/08\/17\/mobilizacao-marca-o-inicio-das-campanhas-de-jose-de-arimateia-e-marinho-em-feira\/#primaryimage","url":"https:\/\/portalmf.com.br\/wp-content\/uploads\/2022\/08\/Jose-de-Arimateia-e-Marinho.jpeg","contentUrl":"https:\/\/portalmf.com.br\/wp-content\/uploads\/2022\/08\/Jose-de-Arimateia-e-Marinho.jpeg","width":915,"height":915},{"@type":"BreadcrumbList","@id":"https:\/\/portalmf.com.br\/index.php\/2022\/08\/17\/mobilizacao-marca-o-inicio-das-campanhas-de-jose-de-arimateia-e-marinho-em-feira\/#breadcrumb","itemListElement":[{"@type":"ListItem","position":1,"name":"In\u00edcio","item":"https:\/\/portalmf.com.br\/"},{"@type":"ListItem","position":2,"name":"Mobiliza\u00e7\u00e3o marca o in\u00edcio das campanhas de Jos\u00e9 de Arimateia e Marinho, em Feira"}]},{"@type":"WebSite","@id":"https:\/\/portalmf.com.br\/#website","url":"https:\/\/portalmf.com.br\/","name":"Portal MF","description":"Voc\u00ea conectado com a informa\u00e7\u00e3o","potentialAction":[{"@type":"SearchAction","target":{"@type":"EntryPoint","urlTemplate":"https:\/\/portalmf.com.br\/?s={search_term_string}"},"query-input":"required name=search_term_string"}],"inLanguage":"pt-BR"},{"@type":"Person","@id":"https:\/\/portalmf.com.br\/#\/schema\/person\/11c82086fe8abc05a19147e964587285","name":"Reginaldo J\u00fanior","image":{"@type":"ImageObject","inLanguage":"pt-BR","@id":"https:\/\/portalmf.com.br\/#\/schema\/person\/image\/","url":"https:\/\/secure.gravatar.com\/avatar\/32a3c797cd0ac47cc53b8644c62776f9?s=96&d=mm&r=g","contentUrl":"https:\/\/secure.gravatar.com\/avatar\/32a3c797cd0ac47cc53b8644c62776f9?s=96&d=mm&r=g","caption":"Reginaldo J\u00fanior"},"description":"Jornalista e idealizador Portal MF","sameAs":["https:\/\/portalmf.com.br\/index.php\/author\/reginaldojr\/","reginaldojrfsa","reginaldojuniormf","https:\/\/x.com\/reginaldojrmf"],"url":"https:\/\/portalmf.com.br\/index.php\/author\/reginaldojr\/"}]}},"_links":{"self":[{"href":"https:\/\/portalmf.com.br\/index.php\/wp-json\/wp\/v2\/posts\/3165"}],"collection":[{"href":"https:\/\/portalmf.com.br\/index.php\/wp-json\/wp\/v2\/posts"}],"about":[{"href":"https:\/\/portalmf.com.br\/index.php\/wp-json\/wp\/v2\/types\/post"}],"author":[{"embeddable":true,"href":"https:\/\/portalmf.com.br\/index.php\/wp-json\/wp\/v2\/users\/2"}],"replies":[{"embeddable":true,"href":"https:\/\/portalmf.com.br\/index.php\/wp-json\/wp\/v2\/comments?post=3165"}],"version-history":[{"count":3,"href":"https:\/\/portalmf.com.br\/index.php\/wp-json\/wp\/v2\/posts\/3165\/revisions"}],"predecessor-version":[{"id":3168,"href":"https:\/\/portalmf.com.br\/index.php\/wp-json\/wp\/v2\/posts\/3165\/revisions\/3168"}],"wp:featuredmedia":[{"embeddable":true,"href":"https:\/\/portalmf.com.br\/index.php\/wp-json\/wp\/v2\/media\/3169"}],"wp:attachment":[{"href":"https:\/\/portalmf.com.br\/index.php\/wp-json\/wp\/v2\/media?parent=3165"}],"wp:term":[{"taxonomy":"category","embeddable":true,"href":"https:\/\/portalmf.com.br\/index.php\/wp-json\/wp\/v2\/categories?post=3165"},{"taxonomy":"post_tag","embeddable":true,"href":"https:\/\/portalmf.com.br\/index.php\/wp-json\/wp\/v2\/tags?post=3165"}],"curies":[{"name":"wp","href":"https:\/\/api.w.org\/{rel}","templated":true}]}}