{"id":31582,"date":"2024-11-18T16:56:39","date_gmt":"2024-11-18T19:56:39","guid":{"rendered":"https:\/\/portalmf.com.br\/?p=31582"},"modified":"2024-11-18T16:56:40","modified_gmt":"2024-11-18T19:56:40","slug":"renovacao-do-pt-bahia-ja-e-realidade-no-partido-no-governo-e-se-refletira-nas-eleicoes-2026-diz-eden","status":"publish","type":"post","link":"https:\/\/portalmf.com.br\/index.php\/2024\/11\/18\/renovacao-do-pt-bahia-ja-e-realidade-no-partido-no-governo-e-se-refletira-nas-eleicoes-2026-diz-eden\/","title":{"rendered":"&#8220;Renova\u00e7\u00e3o do PT Bahia j\u00e1 \u00e9 realidade no partido, no Governo e se refletir\u00e1 nas elei\u00e7\u00f5es 2026&#8221;, diz \u00c9den"},"content":{"rendered":"\n<p>O presidente do Partidos dos Trabalhadores da Bahia, \u00c9den Valadares, afirmou que a legenda na Bahia vive um processo de renova\u00e7\u00e3o h\u00e1 mais de 20 anos, quando novos nomes come\u00e7aram a ser formados na milit\u00e2ncia, no movimento estudantil e nos cargos da juventude no Governo do Estado. \u00c9den real\u00e7ou, em entrevista \u00e0 r\u00e1dio Antena 1, nesta ter\u00e7a-feira (18), que a escolha do partido por lan\u00e7ar Rui Costa a governador e, na sequ\u00eancia, Jer\u00f4nimo Rodrigues, \u00e9 um exemplo claro de oxigena\u00e7\u00e3o do PT.<\/p>\n\n\n\n<p>Os novos nomes, de acordo com \u00c9den, est\u00e3o mais do que qualificados para ocupar cargos no Governo do Estado, como j\u00e1 acontece com Felipe Freitas (Secretaria de Justi\u00e7a e Direitos Humanos), Adolpho Loyola (chefe de gabinete do governador), Bruno Monteiro (Comunica\u00e7\u00e3o), Rowenna Brito (Educa\u00e7\u00e3o) e Marcelo Lemos (IPAC), dentre outros, e est\u00e3o tamb\u00e9m muito bem preparados para disputar as elei\u00e7\u00f5es em 2026, como deputados e deputadas estaduais e deputados e deputadas federais.<\/p>\n\n\n\n<p>&#8220;A renova\u00e7\u00e3o do PT Bahia j\u00e1 \u00e9 realidade no partido, no Governo e se refletir\u00e1 nas elei\u00e7\u00f5es 2026, E tenho certeza que a gente vai eleger mais novos deputados e novas deputadas estaduais, mais novos deputados e deputadas federais, como a gente fizemos o esfor\u00e7o de eleger mais vereadores e novos prefeitos nas elei\u00e7\u00f5es municipais deste ano\u201d, afirmou o presidente do PT Bahia.<\/p>\n\n\n\n<p>Sobre a renova\u00e7\u00e3o, \u00c9den disse que o PT \u00e9 muito cobrado, mas j\u00e1 tem dado exemplos do surgimento de importantes nomes, que, inclusive, ganharam notoriedade pol\u00edtica nacional. \u201cEleger Rui Costa \u00e9 uma grande renova\u00e7\u00e3o. Rui Costa \u00e9 talvez a maior revela\u00e7\u00e3o pol\u00edtica dos \u00faltimos anos no Brasil\u201d, disse o dirigente estadual, destacando sua elei\u00e7\u00e3o tamb\u00e9m como processo da reformula\u00e7\u00e3o \u201cChegar \u00e0 presid\u00eancia do PT foi uma renova\u00e7\u00e3o, eleger Jer\u00f4nimo foi uma grande renova\u00e7\u00e3o pol\u00edtica. E eu tenho certeza que parte da nossa vit\u00f3ria em 2022 passa por essa ousadia de renovar\u201d.<\/p>\n\n\n\n<p>\u00c9den explicou que o PT chega ao seu quinto mandato estadual com gest\u00f5es diferentes, aut\u00f4nomas e livres de \u201cinterfer\u00eancia\u201d, diferentemente da oposi\u00e7\u00e3o, que teve sempre a figura \u201conipotente\u201d de ACM, av\u00f4 de ACM Neto, como \u201cchefe\u201d. \u201cPor qu\u00ea estou dizendo? N\u00f3s tivemos um ciclo com Wagner de oito anos, marcado pela democracia, participa\u00e7\u00e3o social, abertura ao di\u00e1logo com a imprensa, com a oposi\u00e7\u00e3o, com a Assembleia, com o Tribunal de Justi\u00e7a. Esse \u00e9 o per\u00edodo de oito anos com Wagner. Apesar de ser 16 anos do PT, teve um outro per\u00edodo com Rui, de oito anos de muito trabalho, obra, entrega, infraestrutura, policl\u00ednica, hospital, estrada. Agora Jer\u00f4nimo vai abrir um terceiro ciclo\u201d, concluiu.<\/p>\n","protected":false},"excerpt":{"rendered":"<p>O presidente do Partidos dos Trabalhadores da Bahia, \u00c9den Valadares, afirmou que a legenda na Bahia vive um processo de renova\u00e7\u00e3o h\u00e1 mais de 20 anos, quando novos nomes come\u00e7aram a ser formados na milit\u00e2ncia, no movimento estudantil e nos cargos da juventude no Governo do Estado. \u00c9den real\u00e7ou, em entrevista \u00e0 r\u00e1dio Antena 1, [&hellip;]<\/p>\n","protected":false},"author":3,"featured_media":31583,"comment_status":"open","ping_status":"open","sticky":false,"template":"","format":"standard","meta":{"_monsterinsights_skip_tracking":false,"_monsterinsights_sitenote_active":false,"_monsterinsights_sitenote_note":"","_monsterinsights_sitenote_category":0,"footnotes":""},"categories":[301,34],"tags":[],"yoast_head":"<!-- This site is optimized with the Yoast SEO plugin v22.9 - https:\/\/yoast.com\/wordpress\/plugins\/seo\/ -->\n<title>&quot;Renova\u00e7\u00e3o do PT Bahia j\u00e1 \u00e9 realidade no partido, no Governo e se refletir\u00e1 nas elei\u00e7\u00f5es 2026&quot;, diz \u00c9den - Portal MF<\/title>\n<meta name=\"robots\" content=\"index, follow, max-snippet:-1, max-image-preview:large, max-video-preview:-1\" \/>\n<link rel=\"canonical\" href=\"https:\/\/portalmf.com.br\/index.php\/2024\/11\/18\/renovacao-do-pt-bahia-ja-e-realidade-no-partido-no-governo-e-se-refletira-nas-eleicoes-2026-diz-eden\/\" \/>\n<meta property=\"og:locale\" content=\"pt_BR\" \/>\n<meta property=\"og:type\" content=\"article\" \/>\n<meta property=\"og:title\" content=\"&quot;Renova\u00e7\u00e3o do PT Bahia j\u00e1 \u00e9 realidade no partido, no Governo e se refletir\u00e1 nas elei\u00e7\u00f5es 2026&quot;, diz \u00c9den - Portal MF\" \/>\n<meta property=\"og:description\" content=\"O presidente do Partidos dos Trabalhadores da Bahia, \u00c9den Valadares, afirmou que a legenda na Bahia vive um processo de renova\u00e7\u00e3o h\u00e1 mais de 20 anos, quando novos nomes come\u00e7aram a ser formados na milit\u00e2ncia, no movimento estudantil e nos cargos da juventude no Governo do Estado. \u00c9den real\u00e7ou, em entrevista \u00e0 r\u00e1dio Antena 1, [&hellip;]\" \/>\n<meta property=\"og:url\" content=\"https:\/\/portalmf.com.br\/index.php\/2024\/11\/18\/renovacao-do-pt-bahia-ja-e-realidade-no-partido-no-governo-e-se-refletira-nas-eleicoes-2026-diz-eden\/\" \/>\n<meta property=\"og:site_name\" content=\"Portal MF\" \/>\n<meta property=\"article:author\" content=\"https:\/\/www.facebook.com\/portalmfoficial\" \/>\n<meta property=\"article:published_time\" content=\"2024-11-18T19:56:39+00:00\" \/>\n<meta property=\"article:modified_time\" content=\"2024-11-18T19:56:40+00:00\" \/>\n<meta property=\"og:image\" content=\"https:\/\/portalmf.com.br\/wp-content\/uploads\/2024\/11\/Presidente-do-PT-baiano-Eden-Valadares.jpeg\" \/>\n\t<meta property=\"og:image:width\" content=\"1144\" \/>\n\t<meta property=\"og:image:height\" content=\"918\" \/>\n\t<meta property=\"og:image:type\" content=\"image\/jpeg\" \/>\n<meta name=\"author\" content=\"Reda\u00e7\u00e3o Portal MF\" \/>\n<meta name=\"twitter:card\" content=\"summary_large_image\" \/>\n<meta name=\"twitter:creator\" content=\"@https:\/\/x.com\/portalmfoficial\" \/>\n<meta name=\"twitter:label1\" content=\"Escrito por\" \/>\n\t<meta name=\"twitter:data1\" content=\"Reda\u00e7\u00e3o Portal MF\" \/>\n\t<meta name=\"twitter:label2\" content=\"Est. tempo de leitura\" \/>\n\t<meta name=\"twitter:data2\" content=\"3 minutos\" \/>\n<script type=\"application\/ld+json\" class=\"yoast-schema-graph\">{\"@context\":\"https:\/\/schema.org\",\"@graph\":[{\"@type\":\"WebPage\",\"@id\":\"https:\/\/portalmf.com.br\/index.php\/2024\/11\/18\/renovacao-do-pt-bahia-ja-e-realidade-no-partido-no-governo-e-se-refletira-nas-eleicoes-2026-diz-eden\/\",\"url\":\"https:\/\/portalmf.com.br\/index.php\/2024\/11\/18\/renovacao-do-pt-bahia-ja-e-realidade-no-partido-no-governo-e-se-refletira-nas-eleicoes-2026-diz-eden\/\",\"name\":\"\\\"Renova\u00e7\u00e3o do PT Bahia j\u00e1 \u00e9 realidade no partido, no Governo e se refletir\u00e1 nas elei\u00e7\u00f5es 2026\\\", diz \u00c9den - Portal MF\",\"isPartOf\":{\"@id\":\"https:\/\/portalmf.com.br\/#website\"},\"primaryImageOfPage\":{\"@id\":\"https:\/\/portalmf.com.br\/index.php\/2024\/11\/18\/renovacao-do-pt-bahia-ja-e-realidade-no-partido-no-governo-e-se-refletira-nas-eleicoes-2026-diz-eden\/#primaryimage\"},\"image\":{\"@id\":\"https:\/\/portalmf.com.br\/index.php\/2024\/11\/18\/renovacao-do-pt-bahia-ja-e-realidade-no-partido-no-governo-e-se-refletira-nas-eleicoes-2026-diz-eden\/#primaryimage\"},\"thumbnailUrl\":\"https:\/\/portalmf.com.br\/wp-content\/uploads\/2024\/11\/Presidente-do-PT-baiano-Eden-Valadares.jpeg\",\"datePublished\":\"2024-11-18T19:56:39+00:00\",\"dateModified\":\"2024-11-18T19:56:40+00:00\",\"author\":{\"@id\":\"https:\/\/portalmf.com.br\/#\/schema\/person\/9ec101baf56233e53520c26de5d6f6f0\"},\"breadcrumb\":{\"@id\":\"https:\/\/portalmf.com.br\/index.php\/2024\/11\/18\/renovacao-do-pt-bahia-ja-e-realidade-no-partido-no-governo-e-se-refletira-nas-eleicoes-2026-diz-eden\/#breadcrumb\"},\"inLanguage\":\"pt-BR\",\"potentialAction\":[{\"@type\":\"ReadAction\",\"target\":[\"https:\/\/portalmf.com.br\/index.php\/2024\/11\/18\/renovacao-do-pt-bahia-ja-e-realidade-no-partido-no-governo-e-se-refletira-nas-eleicoes-2026-diz-eden\/\"]}]},{\"@type\":\"ImageObject\",\"inLanguage\":\"pt-BR\",\"@id\":\"https:\/\/portalmf.com.br\/index.php\/2024\/11\/18\/renovacao-do-pt-bahia-ja-e-realidade-no-partido-no-governo-e-se-refletira-nas-eleicoes-2026-diz-eden\/#primaryimage\",\"url\":\"https:\/\/portalmf.com.br\/wp-content\/uploads\/2024\/11\/Presidente-do-PT-baiano-Eden-Valadares.jpeg\",\"contentUrl\":\"https:\/\/portalmf.com.br\/wp-content\/uploads\/2024\/11\/Presidente-do-PT-baiano-Eden-Valadares.jpeg\",\"width\":1144,\"height\":918},{\"@type\":\"BreadcrumbList\",\"@id\":\"https:\/\/portalmf.com.br\/index.php\/2024\/11\/18\/renovacao-do-pt-bahia-ja-e-realidade-no-partido-no-governo-e-se-refletira-nas-eleicoes-2026-diz-eden\/#breadcrumb\",\"itemListElement\":[{\"@type\":\"ListItem\",\"position\":1,\"name\":\"In\u00edcio\",\"item\":\"https:\/\/portalmf.com.br\/\"},{\"@type\":\"ListItem\",\"position\":2,\"name\":\"&#8220;Renova\u00e7\u00e3o do PT Bahia j\u00e1 \u00e9 realidade no partido, no Governo e se refletir\u00e1 nas elei\u00e7\u00f5es 2026&#8221;, diz \u00c9den\"}]},{\"@type\":\"WebSite\",\"@id\":\"https:\/\/portalmf.com.br\/#website\",\"url\":\"https:\/\/portalmf.com.br\/\",\"name\":\"Portal MF\",\"description\":\"Voc\u00ea conectado com a informa\u00e7\u00e3o\",\"potentialAction\":[{\"@type\":\"SearchAction\",\"target\":{\"@type\":\"EntryPoint\",\"urlTemplate\":\"https:\/\/portalmf.com.br\/?s={search_term_string}\"},\"query-input\":\"required name=search_term_string\"}],\"inLanguage\":\"pt-BR\"},{\"@type\":\"Person\",\"@id\":\"https:\/\/portalmf.com.br\/#\/schema\/person\/9ec101baf56233e53520c26de5d6f6f0\",\"name\":\"Reda\u00e7\u00e3o Portal MF\",\"image\":{\"@type\":\"ImageObject\",\"inLanguage\":\"pt-BR\",\"@id\":\"https:\/\/portalmf.com.br\/#\/schema\/person\/image\/\",\"url\":\"https:\/\/secure.gravatar.com\/avatar\/41b9aaeb2100835f7c64362330f74c7f?s=96&d=mm&r=g\",\"contentUrl\":\"https:\/\/secure.gravatar.com\/avatar\/41b9aaeb2100835f7c64362330f74c7f?s=96&d=mm&r=g\",\"caption\":\"Reda\u00e7\u00e3o Portal MF\"},\"description\":\"Sejam bem-vindos o portal de informa\u00e7\u00f5es de entretenimento de Feira de Santana, desde 2006 realiza coberturas dos principais eventos com entrevistas exclusivas com as principais personalidades mundiais. Fique conectado tamb\u00e9m nas redes sociais.\",\"sameAs\":[\"http:\/\/www.portalmf.com.br\/\",\"https:\/\/www.facebook.com\/portalmfoficial\",\"https:\/\/www.instagram.com\/portalmf\/\",\"https:\/\/x.com\/https:\/\/x.com\/portalmfoficial\",\"https:\/\/www.youtube.com\/@portalmfoficial\"],\"url\":\"https:\/\/portalmf.com.br\/index.php\/author\/junior\/\"}]}<\/script>\n<!-- \/ Yoast SEO plugin. -->","yoast_head_json":{"title":"\"Renova\u00e7\u00e3o do PT Bahia j\u00e1 \u00e9 realidade no partido, no Governo e se refletir\u00e1 nas elei\u00e7\u00f5es 2026\", diz \u00c9den - Portal MF","robots":{"index":"index","follow":"follow","max-snippet":"max-snippet:-1","max-image-preview":"max-image-preview:large","max-video-preview":"max-video-preview:-1"},"canonical":"https:\/\/portalmf.com.br\/index.php\/2024\/11\/18\/renovacao-do-pt-bahia-ja-e-realidade-no-partido-no-governo-e-se-refletira-nas-eleicoes-2026-diz-eden\/","og_locale":"pt_BR","og_type":"article","og_title":"\"Renova\u00e7\u00e3o do PT Bahia j\u00e1 \u00e9 realidade no partido, no Governo e se refletir\u00e1 nas elei\u00e7\u00f5es 2026\", diz \u00c9den - Portal MF","og_description":"O presidente do Partidos dos Trabalhadores da Bahia, \u00c9den Valadares, afirmou que a legenda na Bahia vive um processo de renova\u00e7\u00e3o h\u00e1 mais de 20 anos, quando novos nomes come\u00e7aram a ser formados na milit\u00e2ncia, no movimento estudantil e nos cargos da juventude no Governo do Estado. \u00c9den real\u00e7ou, em entrevista \u00e0 r\u00e1dio Antena 1, [&hellip;]","og_url":"https:\/\/portalmf.com.br\/index.php\/2024\/11\/18\/renovacao-do-pt-bahia-ja-e-realidade-no-partido-no-governo-e-se-refletira-nas-eleicoes-2026-diz-eden\/","og_site_name":"Portal MF","article_author":"https:\/\/www.facebook.com\/portalmfoficial","article_published_time":"2024-11-18T19:56:39+00:00","article_modified_time":"2024-11-18T19:56:40+00:00","og_image":[{"width":1144,"height":918,"url":"https:\/\/portalmf.com.br\/wp-content\/uploads\/2024\/11\/Presidente-do-PT-baiano-Eden-Valadares.jpeg","type":"image\/jpeg"}],"author":"Reda\u00e7\u00e3o Portal MF","twitter_card":"summary_large_image","twitter_creator":"@https:\/\/x.com\/portalmfoficial","twitter_misc":{"Escrito por":"Reda\u00e7\u00e3o Portal MF","Est. tempo de leitura":"3 minutos"},"schema":{"@context":"https:\/\/schema.org","@graph":[{"@type":"WebPage","@id":"https:\/\/portalmf.com.br\/index.php\/2024\/11\/18\/renovacao-do-pt-bahia-ja-e-realidade-no-partido-no-governo-e-se-refletira-nas-eleicoes-2026-diz-eden\/","url":"https:\/\/portalmf.com.br\/index.php\/2024\/11\/18\/renovacao-do-pt-bahia-ja-e-realidade-no-partido-no-governo-e-se-refletira-nas-eleicoes-2026-diz-eden\/","name":"\"Renova\u00e7\u00e3o do PT Bahia j\u00e1 \u00e9 realidade no partido, no Governo e se refletir\u00e1 nas elei\u00e7\u00f5es 2026\", diz \u00c9den - Portal MF","isPartOf":{"@id":"https:\/\/portalmf.com.br\/#website"},"primaryImageOfPage":{"@id":"https:\/\/portalmf.com.br\/index.php\/2024\/11\/18\/renovacao-do-pt-bahia-ja-e-realidade-no-partido-no-governo-e-se-refletira-nas-eleicoes-2026-diz-eden\/#primaryimage"},"image":{"@id":"https:\/\/portalmf.com.br\/index.php\/2024\/11\/18\/renovacao-do-pt-bahia-ja-e-realidade-no-partido-no-governo-e-se-refletira-nas-eleicoes-2026-diz-eden\/#primaryimage"},"thumbnailUrl":"https:\/\/portalmf.com.br\/wp-content\/uploads\/2024\/11\/Presidente-do-PT-baiano-Eden-Valadares.jpeg","datePublished":"2024-11-18T19:56:39+00:00","dateModified":"2024-11-18T19:56:40+00:00","author":{"@id":"https:\/\/portalmf.com.br\/#\/schema\/person\/9ec101baf56233e53520c26de5d6f6f0"},"breadcrumb":{"@id":"https:\/\/portalmf.com.br\/index.php\/2024\/11\/18\/renovacao-do-pt-bahia-ja-e-realidade-no-partido-no-governo-e-se-refletira-nas-eleicoes-2026-diz-eden\/#breadcrumb"},"inLanguage":"pt-BR","potentialAction":[{"@type":"ReadAction","target":["https:\/\/portalmf.com.br\/index.php\/2024\/11\/18\/renovacao-do-pt-bahia-ja-e-realidade-no-partido-no-governo-e-se-refletira-nas-eleicoes-2026-diz-eden\/"]}]},{"@type":"ImageObject","inLanguage":"pt-BR","@id":"https:\/\/portalmf.com.br\/index.php\/2024\/11\/18\/renovacao-do-pt-bahia-ja-e-realidade-no-partido-no-governo-e-se-refletira-nas-eleicoes-2026-diz-eden\/#primaryimage","url":"https:\/\/portalmf.com.br\/wp-content\/uploads\/2024\/11\/Presidente-do-PT-baiano-Eden-Valadares.jpeg","contentUrl":"https:\/\/portalmf.com.br\/wp-content\/uploads\/2024\/11\/Presidente-do-PT-baiano-Eden-Valadares.jpeg","width":1144,"height":918},{"@type":"BreadcrumbList","@id":"https:\/\/portalmf.com.br\/index.php\/2024\/11\/18\/renovacao-do-pt-bahia-ja-e-realidade-no-partido-no-governo-e-se-refletira-nas-eleicoes-2026-diz-eden\/#breadcrumb","itemListElement":[{"@type":"ListItem","position":1,"name":"In\u00edcio","item":"https:\/\/portalmf.com.br\/"},{"@type":"ListItem","position":2,"name":"&#8220;Renova\u00e7\u00e3o do PT Bahia j\u00e1 \u00e9 realidade no partido, no Governo e se refletir\u00e1 nas elei\u00e7\u00f5es 2026&#8221;, diz \u00c9den"}]},{"@type":"WebSite","@id":"https:\/\/portalmf.com.br\/#website","url":"https:\/\/portalmf.com.br\/","name":"Portal MF","description":"Voc\u00ea conectado com a informa\u00e7\u00e3o","potentialAction":[{"@type":"SearchAction","target":{"@type":"EntryPoint","urlTemplate":"https:\/\/portalmf.com.br\/?s={search_term_string}"},"query-input":"required name=search_term_string"}],"inLanguage":"pt-BR"},{"@type":"Person","@id":"https:\/\/portalmf.com.br\/#\/schema\/person\/9ec101baf56233e53520c26de5d6f6f0","name":"Reda\u00e7\u00e3o Portal MF","image":{"@type":"ImageObject","inLanguage":"pt-BR","@id":"https:\/\/portalmf.com.br\/#\/schema\/person\/image\/","url":"https:\/\/secure.gravatar.com\/avatar\/41b9aaeb2100835f7c64362330f74c7f?s=96&d=mm&r=g","contentUrl":"https:\/\/secure.gravatar.com\/avatar\/41b9aaeb2100835f7c64362330f74c7f?s=96&d=mm&r=g","caption":"Reda\u00e7\u00e3o Portal MF"},"description":"Sejam bem-vindos o portal de informa\u00e7\u00f5es de entretenimento de Feira de Santana, desde 2006 realiza coberturas dos principais eventos com entrevistas exclusivas com as principais personalidades mundiais. Fique conectado tamb\u00e9m nas redes sociais.","sameAs":["http:\/\/www.portalmf.com.br\/","https:\/\/www.facebook.com\/portalmfoficial","https:\/\/www.instagram.com\/portalmf\/","https:\/\/x.com\/https:\/\/x.com\/portalmfoficial","https:\/\/www.youtube.com\/@portalmfoficial"],"url":"https:\/\/portalmf.com.br\/index.php\/author\/junior\/"}]}},"_links":{"self":[{"href":"https:\/\/portalmf.com.br\/index.php\/wp-json\/wp\/v2\/posts\/31582"}],"collection":[{"href":"https:\/\/portalmf.com.br\/index.php\/wp-json\/wp\/v2\/posts"}],"about":[{"href":"https:\/\/portalmf.com.br\/index.php\/wp-json\/wp\/v2\/types\/post"}],"author":[{"embeddable":true,"href":"https:\/\/portalmf.com.br\/index.php\/wp-json\/wp\/v2\/users\/3"}],"replies":[{"embeddable":true,"href":"https:\/\/portalmf.com.br\/index.php\/wp-json\/wp\/v2\/comments?post=31582"}],"version-history":[{"count":1,"href":"https:\/\/portalmf.com.br\/index.php\/wp-json\/wp\/v2\/posts\/31582\/revisions"}],"predecessor-version":[{"id":31584,"href":"https:\/\/portalmf.com.br\/index.php\/wp-json\/wp\/v2\/posts\/31582\/revisions\/31584"}],"wp:featuredmedia":[{"embeddable":true,"href":"https:\/\/portalmf.com.br\/index.php\/wp-json\/wp\/v2\/media\/31583"}],"wp:attachment":[{"href":"https:\/\/portalmf.com.br\/index.php\/wp-json\/wp\/v2\/media?parent=31582"}],"wp:term":[{"taxonomy":"category","embeddable":true,"href":"https:\/\/portalmf.com.br\/index.php\/wp-json\/wp\/v2\/categories?post=31582"},{"taxonomy":"post_tag","embeddable":true,"href":"https:\/\/portalmf.com.br\/index.php\/wp-json\/wp\/v2\/tags?post=31582"}],"curies":[{"name":"wp","href":"https:\/\/api.w.org\/{rel}","templated":true}]}}