{"id":3154,"date":"2022-08-16T18:12:00","date_gmt":"2022-08-16T21:12:00","guid":{"rendered":"http:\/\/portalmf.com.br\/?p=3154"},"modified":"2022-08-18T13:12:58","modified_gmt":"2022-08-18T16:12:58","slug":"acm-neto-abre-campanha-com-carreata-de-mais-de-9-km-em-feira-de-santana","status":"publish","type":"post","link":"https:\/\/portalmf.com.br\/index.php\/2022\/08\/16\/acm-neto-abre-campanha-com-carreata-de-mais-de-9-km-em-feira-de-santana\/","title":{"rendered":"ACM Neto abre campanha com carreata de mais de 9 km em Feira de Santana"},"content":{"rendered":"\n<p>O candidato a governador ACM Neto (Uni\u00e3o Brasil) escolheu Feira de Santana, maior cidade do interior da Bahia, para realizar a primeira carreata e o primeiro evento pol\u00edtico da sua campanha, nesta ter\u00e7a-feira (16). Ao lado dos candidatos a vice-governadora Ana Coelho (Republicanos) e ao Senado Cac\u00e1 Le\u00e3o (PP), eles rodaram mais de 9 km nas ruas da Princesa do Sert\u00e3o.<\/p>\n\n\n\n<p><em>&#8220;Tinha combinado na semana passada com Z\u00e9 Ronaldo para que a gente desse o pontap\u00e9 inicial na campanha aqui, justamente para mostrar o nosso compromisso com a cidade. Mostrar como Feira ter\u00e1 um tratamento priorit\u00e1rio na nossa futura gest\u00e3o, caso seja vontade do povo da Bahia nos eleger governador. Se tiver a oportunidade de ser governador, governarei tamb\u00e9m dentro de Feira de Santana&#8221;,<\/em> disse ACM Neto em entrevista a uma r\u00e1dio local.<\/p>\n\n\n\n<p>A carreata saiu da Av. N\u00f3ide Cerqueira, em frente ao Shopping Avenida, percorreu todas as avenidas Get\u00falio Vargas e Presidente Dutra, al\u00e9m da Maria Quit\u00e9ria. No caminho, a cidade demonstrou um forte apoio ao trio de candidatos, com centenas de carros seguindo o ve\u00edculo em que os tr\u00eas integrantes da chapa estavam, al\u00e9m de mais centenas de motocicletas.<\/p>\n\n\n\n<p><em>&#8220;A carreata superou as minhas expectativas, vimos muito carinho das pessoas na rua, os feirenses sa\u00edram \u00e0s ruas para demonstrar a sua confian\u00e7a no nosso projeto. A gente quer fazer uma campanha propositiva, uma campanha de ideias. Uma campanha que, por um lado, vai mostrar os problemas da Bahia, n\u00e3o tem como ser diferente, mas por outro vai trazer propostas, projetos novos para o Estado. N\u00f3s apresentamos um plano de governo que, com certeza, \u00e9 o mais completo j\u00e1 apresentado em todos os tempos&#8221;<\/em>, disse Neto antes de iniciar o percurso pela cidade.<\/p>\n\n\n\n<p>Feira de Santana tem o segundo maior col\u00e9gio eleitoral da Bahia, com quase 425 mil pessoas aptas a votar em outubro. Al\u00e9m de Neto, Ana e Cac\u00e1 tamb\u00e9m estiveram no&nbsp; carro de destaque o prefeito de Feira de Santana, Colbert Martins (MDB), e o ex-prefeito da cidade, Jos\u00e9 Ronaldo (Uni\u00e3o Brasil), coordenador-geral da campanha de ACM Neto. Al\u00e9m deles, diversos candidatos a deputado estadual e federal.<\/p>\n\n\n\n<p>Neto disse que pretende aumentar ainda mais a quantidade de cidades visitadas por semana agora que a campanha come\u00e7ou oficialmente. <em>&#8220;A maratona vai ser mais ou menos essa, com uma m\u00e9dia de 20 cidades por semana, como j\u00e1 vai acontecer nessa primeira semana de campanha. Eu pretendo percorrer at\u00e9 as elei\u00e7\u00f5es mais de 150 munic\u00edpios que, somados aos mais de 200 j\u00e1 visitados, vamos chegar at\u00e9 a elei\u00e7\u00e3o praticamente tendo percorrido tudo na Bahia, o que \u00e9 um feito hist\u00f3rico para um candidato ao governo do estado&#8221;<\/em>, completou.<\/p>\n","protected":false},"excerpt":{"rendered":"<p>O candidato a governador ACM Neto (Uni\u00e3o Brasil) escolheu Feira de Santana, maior cidade do interior da Bahia, para realizar a primeira carreata e o primeiro evento pol\u00edtico da sua campanha, nesta ter\u00e7a-feira (16). Ao lado dos candidatos a vice-governadora Ana Coelho (Republicanos) e ao Senado Cac\u00e1 Le\u00e3o (PP), eles rodaram mais de 9 km [&hellip;]<\/p>\n","protected":false},"author":2,"featured_media":3156,"comment_status":"open","ping_status":"open","sticky":false,"template":"","format":"standard","meta":{"_monsterinsights_skip_tracking":false,"_monsterinsights_sitenote_active":false,"_monsterinsights_sitenote_note":"","_monsterinsights_sitenote_category":0,"footnotes":""},"categories":[34],"tags":[],"yoast_head":"<!-- This site is optimized with the Yoast SEO plugin v22.9 - https:\/\/yoast.com\/wordpress\/plugins\/seo\/ -->\n<title>ACM Neto abre campanha com carreata de mais de 9 km em Feira de Santana - Portal MF<\/title>\n<meta name=\"robots\" content=\"index, follow, max-snippet:-1, max-image-preview:large, max-video-preview:-1\" \/>\n<link rel=\"canonical\" href=\"https:\/\/portalmf.com.br\/index.php\/2022\/08\/16\/acm-neto-abre-campanha-com-carreata-de-mais-de-9-km-em-feira-de-santana\/\" \/>\n<meta property=\"og:locale\" content=\"pt_BR\" \/>\n<meta property=\"og:type\" content=\"article\" \/>\n<meta property=\"og:title\" content=\"ACM Neto abre campanha com carreata de mais de 9 km em Feira de Santana - Portal MF\" \/>\n<meta property=\"og:description\" content=\"O candidato a governador ACM Neto (Uni\u00e3o Brasil) escolheu Feira de Santana, maior cidade do interior da Bahia, para realizar a primeira carreata e o primeiro evento pol\u00edtico da sua campanha, nesta ter\u00e7a-feira (16). Ao lado dos candidatos a vice-governadora Ana Coelho (Republicanos) e ao Senado Cac\u00e1 Le\u00e3o (PP), eles rodaram mais de 9 km [&hellip;]\" \/>\n<meta property=\"og:url\" content=\"https:\/\/portalmf.com.br\/index.php\/2022\/08\/16\/acm-neto-abre-campanha-com-carreata-de-mais-de-9-km-em-feira-de-santana\/\" \/>\n<meta property=\"og:site_name\" content=\"Portal MF\" \/>\n<meta property=\"article:author\" content=\"reginaldojrfsa\" \/>\n<meta property=\"article:published_time\" content=\"2022-08-16T21:12:00+00:00\" \/>\n<meta property=\"article:modified_time\" content=\"2022-08-18T16:12:58+00:00\" \/>\n<meta property=\"og:image\" content=\"https:\/\/portalmf.com.br\/wp-content\/uploads\/2022\/08\/WhatsApp-Image-2022-08-16-at-18.05.06.jpeg\" \/>\n\t<meta property=\"og:image:width\" content=\"1280\" \/>\n\t<meta property=\"og:image:height\" content=\"1142\" \/>\n\t<meta property=\"og:image:type\" content=\"image\/jpeg\" \/>\n<meta name=\"author\" content=\"Reginaldo J\u00fanior\" \/>\n<meta name=\"twitter:card\" content=\"summary_large_image\" \/>\n<meta name=\"twitter:creator\" content=\"@reginaldojrmf\" \/>\n<meta name=\"twitter:label1\" content=\"Escrito por\" \/>\n\t<meta name=\"twitter:data1\" content=\"Reginaldo J\u00fanior\" \/>\n\t<meta name=\"twitter:label2\" content=\"Est. tempo de leitura\" \/>\n\t<meta name=\"twitter:data2\" content=\"3 minutos\" \/>\n<script type=\"application\/ld+json\" class=\"yoast-schema-graph\">{\"@context\":\"https:\/\/schema.org\",\"@graph\":[{\"@type\":\"WebPage\",\"@id\":\"https:\/\/portalmf.com.br\/index.php\/2022\/08\/16\/acm-neto-abre-campanha-com-carreata-de-mais-de-9-km-em-feira-de-santana\/\",\"url\":\"https:\/\/portalmf.com.br\/index.php\/2022\/08\/16\/acm-neto-abre-campanha-com-carreata-de-mais-de-9-km-em-feira-de-santana\/\",\"name\":\"ACM Neto abre campanha com carreata de mais de 9 km em Feira de Santana - Portal MF\",\"isPartOf\":{\"@id\":\"https:\/\/portalmf.com.br\/#website\"},\"primaryImageOfPage\":{\"@id\":\"https:\/\/portalmf.com.br\/index.php\/2022\/08\/16\/acm-neto-abre-campanha-com-carreata-de-mais-de-9-km-em-feira-de-santana\/#primaryimage\"},\"image\":{\"@id\":\"https:\/\/portalmf.com.br\/index.php\/2022\/08\/16\/acm-neto-abre-campanha-com-carreata-de-mais-de-9-km-em-feira-de-santana\/#primaryimage\"},\"thumbnailUrl\":\"https:\/\/portalmf.com.br\/wp-content\/uploads\/2022\/08\/WhatsApp-Image-2022-08-16-at-18.05.06.jpeg\",\"datePublished\":\"2022-08-16T21:12:00+00:00\",\"dateModified\":\"2022-08-18T16:12:58+00:00\",\"author\":{\"@id\":\"https:\/\/portalmf.com.br\/#\/schema\/person\/11c82086fe8abc05a19147e964587285\"},\"breadcrumb\":{\"@id\":\"https:\/\/portalmf.com.br\/index.php\/2022\/08\/16\/acm-neto-abre-campanha-com-carreata-de-mais-de-9-km-em-feira-de-santana\/#breadcrumb\"},\"inLanguage\":\"pt-BR\",\"potentialAction\":[{\"@type\":\"ReadAction\",\"target\":[\"https:\/\/portalmf.com.br\/index.php\/2022\/08\/16\/acm-neto-abre-campanha-com-carreata-de-mais-de-9-km-em-feira-de-santana\/\"]}]},{\"@type\":\"ImageObject\",\"inLanguage\":\"pt-BR\",\"@id\":\"https:\/\/portalmf.com.br\/index.php\/2022\/08\/16\/acm-neto-abre-campanha-com-carreata-de-mais-de-9-km-em-feira-de-santana\/#primaryimage\",\"url\":\"https:\/\/portalmf.com.br\/wp-content\/uploads\/2022\/08\/WhatsApp-Image-2022-08-16-at-18.05.06.jpeg\",\"contentUrl\":\"https:\/\/portalmf.com.br\/wp-content\/uploads\/2022\/08\/WhatsApp-Image-2022-08-16-at-18.05.06.jpeg\",\"width\":1280,\"height\":1142},{\"@type\":\"BreadcrumbList\",\"@id\":\"https:\/\/portalmf.com.br\/index.php\/2022\/08\/16\/acm-neto-abre-campanha-com-carreata-de-mais-de-9-km-em-feira-de-santana\/#breadcrumb\",\"itemListElement\":[{\"@type\":\"ListItem\",\"position\":1,\"name\":\"In\u00edcio\",\"item\":\"https:\/\/portalmf.com.br\/\"},{\"@type\":\"ListItem\",\"position\":2,\"name\":\"ACM Neto abre campanha com carreata de mais de 9 km em Feira de Santana\"}]},{\"@type\":\"WebSite\",\"@id\":\"https:\/\/portalmf.com.br\/#website\",\"url\":\"https:\/\/portalmf.com.br\/\",\"name\":\"Portal MF\",\"description\":\"Voc\u00ea conectado com a informa\u00e7\u00e3o\",\"potentialAction\":[{\"@type\":\"SearchAction\",\"target\":{\"@type\":\"EntryPoint\",\"urlTemplate\":\"https:\/\/portalmf.com.br\/?s={search_term_string}\"},\"query-input\":\"required name=search_term_string\"}],\"inLanguage\":\"pt-BR\"},{\"@type\":\"Person\",\"@id\":\"https:\/\/portalmf.com.br\/#\/schema\/person\/11c82086fe8abc05a19147e964587285\",\"name\":\"Reginaldo J\u00fanior\",\"image\":{\"@type\":\"ImageObject\",\"inLanguage\":\"pt-BR\",\"@id\":\"https:\/\/portalmf.com.br\/#\/schema\/person\/image\/\",\"url\":\"https:\/\/secure.gravatar.com\/avatar\/32a3c797cd0ac47cc53b8644c62776f9?s=96&d=mm&r=g\",\"contentUrl\":\"https:\/\/secure.gravatar.com\/avatar\/32a3c797cd0ac47cc53b8644c62776f9?s=96&d=mm&r=g\",\"caption\":\"Reginaldo J\u00fanior\"},\"description\":\"Jornalista e idealizador Portal MF\",\"sameAs\":[\"https:\/\/portalmf.com.br\/index.php\/author\/reginaldojr\/\",\"reginaldojrfsa\",\"reginaldojuniormf\",\"https:\/\/x.com\/reginaldojrmf\"],\"url\":\"https:\/\/portalmf.com.br\/index.php\/author\/reginaldojr\/\"}]}<\/script>\n<!-- \/ Yoast SEO plugin. -->","yoast_head_json":{"title":"ACM Neto abre campanha com carreata de mais de 9 km em Feira de Santana - Portal MF","robots":{"index":"index","follow":"follow","max-snippet":"max-snippet:-1","max-image-preview":"max-image-preview:large","max-video-preview":"max-video-preview:-1"},"canonical":"https:\/\/portalmf.com.br\/index.php\/2022\/08\/16\/acm-neto-abre-campanha-com-carreata-de-mais-de-9-km-em-feira-de-santana\/","og_locale":"pt_BR","og_type":"article","og_title":"ACM Neto abre campanha com carreata de mais de 9 km em Feira de Santana - Portal MF","og_description":"O candidato a governador ACM Neto (Uni\u00e3o Brasil) escolheu Feira de Santana, maior cidade do interior da Bahia, para realizar a primeira carreata e o primeiro evento pol\u00edtico da sua campanha, nesta ter\u00e7a-feira (16). Ao lado dos candidatos a vice-governadora Ana Coelho (Republicanos) e ao Senado Cac\u00e1 Le\u00e3o (PP), eles rodaram mais de 9 km [&hellip;]","og_url":"https:\/\/portalmf.com.br\/index.php\/2022\/08\/16\/acm-neto-abre-campanha-com-carreata-de-mais-de-9-km-em-feira-de-santana\/","og_site_name":"Portal MF","article_author":"reginaldojrfsa","article_published_time":"2022-08-16T21:12:00+00:00","article_modified_time":"2022-08-18T16:12:58+00:00","og_image":[{"width":1280,"height":1142,"url":"https:\/\/portalmf.com.br\/wp-content\/uploads\/2022\/08\/WhatsApp-Image-2022-08-16-at-18.05.06.jpeg","type":"image\/jpeg"}],"author":"Reginaldo J\u00fanior","twitter_card":"summary_large_image","twitter_creator":"@reginaldojrmf","twitter_misc":{"Escrito por":"Reginaldo J\u00fanior","Est. tempo de leitura":"3 minutos"},"schema":{"@context":"https:\/\/schema.org","@graph":[{"@type":"WebPage","@id":"https:\/\/portalmf.com.br\/index.php\/2022\/08\/16\/acm-neto-abre-campanha-com-carreata-de-mais-de-9-km-em-feira-de-santana\/","url":"https:\/\/portalmf.com.br\/index.php\/2022\/08\/16\/acm-neto-abre-campanha-com-carreata-de-mais-de-9-km-em-feira-de-santana\/","name":"ACM Neto abre campanha com carreata de mais de 9 km em Feira de Santana - Portal MF","isPartOf":{"@id":"https:\/\/portalmf.com.br\/#website"},"primaryImageOfPage":{"@id":"https:\/\/portalmf.com.br\/index.php\/2022\/08\/16\/acm-neto-abre-campanha-com-carreata-de-mais-de-9-km-em-feira-de-santana\/#primaryimage"},"image":{"@id":"https:\/\/portalmf.com.br\/index.php\/2022\/08\/16\/acm-neto-abre-campanha-com-carreata-de-mais-de-9-km-em-feira-de-santana\/#primaryimage"},"thumbnailUrl":"https:\/\/portalmf.com.br\/wp-content\/uploads\/2022\/08\/WhatsApp-Image-2022-08-16-at-18.05.06.jpeg","datePublished":"2022-08-16T21:12:00+00:00","dateModified":"2022-08-18T16:12:58+00:00","author":{"@id":"https:\/\/portalmf.com.br\/#\/schema\/person\/11c82086fe8abc05a19147e964587285"},"breadcrumb":{"@id":"https:\/\/portalmf.com.br\/index.php\/2022\/08\/16\/acm-neto-abre-campanha-com-carreata-de-mais-de-9-km-em-feira-de-santana\/#breadcrumb"},"inLanguage":"pt-BR","potentialAction":[{"@type":"ReadAction","target":["https:\/\/portalmf.com.br\/index.php\/2022\/08\/16\/acm-neto-abre-campanha-com-carreata-de-mais-de-9-km-em-feira-de-santana\/"]}]},{"@type":"ImageObject","inLanguage":"pt-BR","@id":"https:\/\/portalmf.com.br\/index.php\/2022\/08\/16\/acm-neto-abre-campanha-com-carreata-de-mais-de-9-km-em-feira-de-santana\/#primaryimage","url":"https:\/\/portalmf.com.br\/wp-content\/uploads\/2022\/08\/WhatsApp-Image-2022-08-16-at-18.05.06.jpeg","contentUrl":"https:\/\/portalmf.com.br\/wp-content\/uploads\/2022\/08\/WhatsApp-Image-2022-08-16-at-18.05.06.jpeg","width":1280,"height":1142},{"@type":"BreadcrumbList","@id":"https:\/\/portalmf.com.br\/index.php\/2022\/08\/16\/acm-neto-abre-campanha-com-carreata-de-mais-de-9-km-em-feira-de-santana\/#breadcrumb","itemListElement":[{"@type":"ListItem","position":1,"name":"In\u00edcio","item":"https:\/\/portalmf.com.br\/"},{"@type":"ListItem","position":2,"name":"ACM Neto abre campanha com carreata de mais de 9 km em Feira de Santana"}]},{"@type":"WebSite","@id":"https:\/\/portalmf.com.br\/#website","url":"https:\/\/portalmf.com.br\/","name":"Portal MF","description":"Voc\u00ea conectado com a informa\u00e7\u00e3o","potentialAction":[{"@type":"SearchAction","target":{"@type":"EntryPoint","urlTemplate":"https:\/\/portalmf.com.br\/?s={search_term_string}"},"query-input":"required name=search_term_string"}],"inLanguage":"pt-BR"},{"@type":"Person","@id":"https:\/\/portalmf.com.br\/#\/schema\/person\/11c82086fe8abc05a19147e964587285","name":"Reginaldo J\u00fanior","image":{"@type":"ImageObject","inLanguage":"pt-BR","@id":"https:\/\/portalmf.com.br\/#\/schema\/person\/image\/","url":"https:\/\/secure.gravatar.com\/avatar\/32a3c797cd0ac47cc53b8644c62776f9?s=96&d=mm&r=g","contentUrl":"https:\/\/secure.gravatar.com\/avatar\/32a3c797cd0ac47cc53b8644c62776f9?s=96&d=mm&r=g","caption":"Reginaldo J\u00fanior"},"description":"Jornalista e idealizador Portal MF","sameAs":["https:\/\/portalmf.com.br\/index.php\/author\/reginaldojr\/","reginaldojrfsa","reginaldojuniormf","https:\/\/x.com\/reginaldojrmf"],"url":"https:\/\/portalmf.com.br\/index.php\/author\/reginaldojr\/"}]}},"_links":{"self":[{"href":"https:\/\/portalmf.com.br\/index.php\/wp-json\/wp\/v2\/posts\/3154"}],"collection":[{"href":"https:\/\/portalmf.com.br\/index.php\/wp-json\/wp\/v2\/posts"}],"about":[{"href":"https:\/\/portalmf.com.br\/index.php\/wp-json\/wp\/v2\/types\/post"}],"author":[{"embeddable":true,"href":"https:\/\/portalmf.com.br\/index.php\/wp-json\/wp\/v2\/users\/2"}],"replies":[{"embeddable":true,"href":"https:\/\/portalmf.com.br\/index.php\/wp-json\/wp\/v2\/comments?post=3154"}],"version-history":[{"count":2,"href":"https:\/\/portalmf.com.br\/index.php\/wp-json\/wp\/v2\/posts\/3154\/revisions"}],"predecessor-version":[{"id":3157,"href":"https:\/\/portalmf.com.br\/index.php\/wp-json\/wp\/v2\/posts\/3154\/revisions\/3157"}],"wp:featuredmedia":[{"embeddable":true,"href":"https:\/\/portalmf.com.br\/index.php\/wp-json\/wp\/v2\/media\/3156"}],"wp:attachment":[{"href":"https:\/\/portalmf.com.br\/index.php\/wp-json\/wp\/v2\/media?parent=3154"}],"wp:term":[{"taxonomy":"category","embeddable":true,"href":"https:\/\/portalmf.com.br\/index.php\/wp-json\/wp\/v2\/categories?post=3154"},{"taxonomy":"post_tag","embeddable":true,"href":"https:\/\/portalmf.com.br\/index.php\/wp-json\/wp\/v2\/tags?post=3154"}],"curies":[{"name":"wp","href":"https:\/\/api.w.org\/{rel}","templated":true}]}}