{"id":3149,"date":"2022-08-16T12:06:00","date_gmt":"2022-08-16T15:06:00","guid":{"rendered":"http:\/\/portalmf.com.br\/?p=3149"},"modified":"2022-08-18T13:06:45","modified_gmt":"2022-08-18T16:06:45","slug":"acm-neto-da-largada-a-campanha-participando-de-missa-na-igreja-do-bonfim","status":"publish","type":"post","link":"https:\/\/portalmf.com.br\/index.php\/2022\/08\/16\/acm-neto-da-largada-a-campanha-participando-de-missa-na-igreja-do-bonfim\/","title":{"rendered":"ACM Neto d\u00e1 largada \u00e0 campanha participando de missa na Igreja do Bonfim"},"content":{"rendered":"\n<p>Uma missa na igreja do Senhor do Bonfim, a mais tradicional da Bahia, marcou na manh\u00e3 desta ter\u00e7a-feira (16) o in\u00edcio da campanha de ACM Neto (Uni\u00e3o Brasil) ao governo da Bahia. Pela legisla\u00e7\u00e3o eleitoral, a partir de hoje, os candidatos podem fazer com\u00edcios e caminhadas, divulgar propaganda eleitoral e publicar an\u00fancios em jornais e na internet. Ao subir a Colina Sagrada, o ex-prefeito de Salvador repetiu o mesmo gesto que fez quando disputou outras elei\u00e7\u00f5es.<\/p>\n\n\n\n<p>\u201cCome\u00e7amos a campanha hoje como sempre, ali\u00e1s, j\u00e1 \u00e9 uma tradi\u00e7\u00e3o porque em todas as minhas elei\u00e7\u00f5es venho inicialmente \u00e0 Colina Sagrada pedir ao Nosso Senhor do Bonfim que possa nos proteger nessa caminhada, que possa estar ao nosso lado trazendo luz, mostrando quais s\u00e3o os melhores caminhos e, sobretudo, tocando no cora\u00e7\u00e3o dos baianos para que em outubro o melhor seja decidido para o futuro do nosso estado\u201d, disse Neto, que foi \u00e0 missa acompanhado pelo deputado Cac\u00e1 Le\u00e3o, candidato ao Senado, e Ana Coelha, a vice na chapa.<\/p>\n\n\n\n<p>De acordo com o ex-prefeito, a Bahia e os baianos t\u00eam o privil\u00e9gio de contar com Nosso Senhor do Bonfim, \u201co grande patrono, a grande refer\u00eancia da f\u00e9 e da religiosidade, ao lado de Santa Dulce dos Pobres\u201d. \u201cEnt\u00e3o, nada como a gente come\u00e7ar aqui na Colina Sagrada com toda essa energia, pedindo acima de tudo disposi\u00e7\u00e3o e capacidade de seguir at\u00e9 outubro fazendo um bom debate, fazendo um debate construtivo. No que depender de mim, vou fazer uma campanha limpa, n\u00e3o quero ficar preso a ataques e agress\u00f5es, como ali\u00e1s venho sendo alvo constante, inclusive alguns de baix\u00edssimo n\u00edvel. Mas n\u00f3s vamos nos comprometer em fazer uma campanha de alto n\u00edvel, com sorriso no rosto, brilho nos olhos e com alegria que vem dominando a nossa caminhada\u201d, afirmou ACM Neto ap\u00f3s a celebra\u00e7\u00e3o comandada pelo reitor da Bas\u00edlica do Senhor do Bonfim, padre Edson Menezes.<\/p>\n\n\n\n<p>Em sua homilia, o padre tamb\u00e9m pediu paz na campanha e falou de dois temas que afligem milh\u00f5es de baianos: a fome e a viol\u00eancia.&nbsp; \u201cCom a prote\u00e7\u00e3o de Deus, teremos uma elei\u00e7\u00e3o de muita paz. Duas quest\u00f5es nos preocupam muito, a viol\u00eancia e a fome, al\u00e9m de tantas outras. N\u00f3s queremos paz com o fruto da justi\u00e7a, p\u00e3o em todas as meses e o fim dessa viol\u00eancia que n\u00e3o aguentamos mais\u201d.<\/p>\n\n\n\n<p><strong>Ana Coelho \u2013<\/strong> Neto disse ainda que est\u00e1 absolutamente tranquilo com rela\u00e7\u00e3o \u00e0 elegibilidade da candidata a vice-governadora. \u201cAs den\u00fancias de supostas irregularidades s\u00e3o mais uma atitude pol\u00edtica, mais um ataque que tentam fazer com nossa campanha. O engra\u00e7ado \u00e9 que alguns (denunciantes) aparecem, mas, na verdade est\u00e3o encobrindo a participa\u00e7\u00e3o de outros que n\u00e3o t\u00eam coragem de colocar a cara. Vamos vencer mais este caso porque, repito, Ana Coelho n\u00e3o cometeu nenhuma irregularidade. As den\u00fancias n\u00e3o passam de mais um factoide daqueles que n\u00e3o t\u00eam a coragem de aplaudir a decis\u00e3o que tomei de colocar uma mulher na chapa, e que ser\u00e1 a primeira vice-governadora da hist\u00f3ria da Bahia\u201d.<\/p>\n\n\n\n<p>Antes de sair da igreja e seguir para Antonio Cardoso, ACM Neto disse que, a partir de hoje, pretende visitar 20 munic\u00edpios por semana&nbsp; &#8211; desde 1\u00ba de janeiro do ano passado, quando passou a administra\u00e7\u00e3o municipal para o prefeito Bruno Reis, o candidato ao Uni\u00e3o Brasil esteve em 220 dos 417 munic\u00edpios da Bahia. \u201cA ordem \u00e9 ter p\u00e9 no ch\u00e3o, humildade, n\u00e3o parar um minuto sequer, porque vou intensificar as viagens. Combinei com Cac\u00e1 e com Ana que a gente s\u00f3 tem direito de descansar quatro horas por dia, ent\u00e3o v\u00e3o ser vinte de trabalho, quatro de descanso at\u00e9 outubro.<\/p>\n\n\n\n<p><strong>Seguran\u00e7a P\u00fablica \u2013<\/strong> Indagado sobre os alarmantes \u00edndices de criminalidade na Bahia \u2013 o estado lidera o ranking nacional de homic\u00eddios h\u00e1 v\u00e1rios anos -, Neto voltou a dizer que a l\u00f3gica dominante no presente \u00e9 a procura por parte do governo do estado de culpados e desculpas para se esquivar da responsabilidade de enfrentar o crime. Tenho dito que a grande novidade que a Bahia vai ver a partir de 1\u00ba de janeiro do pr\u00f3ximo ano, caso eu seja eleito, \u00e9 uma mudan\u00e7a de postura do governador. Vai acabar essa hist\u00f3ria de n\u00e3o \u00e9 comigo n\u00e3o, vai ser responsabilidade do governador, n\u00f3s vamos encarar o problema, vamos mobilizar as melhores for\u00e7as de intelig\u00eancia, investimentos, valorizar as pol\u00edcias e vamos enfrentar o crime para diminuir essa situa\u00e7\u00e3o terr\u00edvel que existe hoje de viol\u00eancia na Bahia\u201d, disse Neto.<\/p>\n","protected":false},"excerpt":{"rendered":"<p>Uma missa na igreja do Senhor do Bonfim, a mais tradicional da Bahia, marcou na manh\u00e3 desta ter\u00e7a-feira (16) o in\u00edcio da campanha de ACM Neto (Uni\u00e3o Brasil) ao governo da Bahia. Pela legisla\u00e7\u00e3o eleitoral, a partir de hoje, os candidatos podem fazer com\u00edcios e caminhadas, divulgar propaganda eleitoral e publicar an\u00fancios em jornais e [&hellip;]<\/p>\n","protected":false},"author":2,"featured_media":3152,"comment_status":"open","ping_status":"open","sticky":false,"template":"","format":"standard","meta":{"_monsterinsights_skip_tracking":false,"_monsterinsights_sitenote_active":false,"_monsterinsights_sitenote_note":"","_monsterinsights_sitenote_category":0,"footnotes":""},"categories":[34],"tags":[],"yoast_head":"<!-- This site is optimized with the Yoast SEO plugin v22.9 - https:\/\/yoast.com\/wordpress\/plugins\/seo\/ -->\n<title>ACM Neto d\u00e1 largada \u00e0 campanha participando de missa na Igreja do Bonfim - Portal MF<\/title>\n<meta name=\"robots\" content=\"index, follow, max-snippet:-1, max-image-preview:large, max-video-preview:-1\" \/>\n<link rel=\"canonical\" href=\"https:\/\/portalmf.com.br\/index.php\/2022\/08\/16\/acm-neto-da-largada-a-campanha-participando-de-missa-na-igreja-do-bonfim\/\" \/>\n<meta property=\"og:locale\" content=\"pt_BR\" \/>\n<meta property=\"og:type\" content=\"article\" \/>\n<meta property=\"og:title\" content=\"ACM Neto d\u00e1 largada \u00e0 campanha participando de missa na Igreja do Bonfim - Portal MF\" \/>\n<meta property=\"og:description\" content=\"Uma missa na igreja do Senhor do Bonfim, a mais tradicional da Bahia, marcou na manh\u00e3 desta ter\u00e7a-feira (16) o in\u00edcio da campanha de ACM Neto (Uni\u00e3o Brasil) ao governo da Bahia. Pela legisla\u00e7\u00e3o eleitoral, a partir de hoje, os candidatos podem fazer com\u00edcios e caminhadas, divulgar propaganda eleitoral e publicar an\u00fancios em jornais e [&hellip;]\" \/>\n<meta property=\"og:url\" content=\"https:\/\/portalmf.com.br\/index.php\/2022\/08\/16\/acm-neto-da-largada-a-campanha-participando-de-missa-na-igreja-do-bonfim\/\" \/>\n<meta property=\"og:site_name\" content=\"Portal MF\" \/>\n<meta property=\"article:author\" content=\"reginaldojrfsa\" \/>\n<meta property=\"article:published_time\" content=\"2022-08-16T15:06:00+00:00\" \/>\n<meta property=\"article:modified_time\" content=\"2022-08-18T16:06:45+00:00\" \/>\n<meta property=\"og:image\" content=\"https:\/\/portalmf.com.br\/wp-content\/uploads\/2022\/08\/WhatsApp-Image-2022-08-16-at-12.04.14.jpeg\" \/>\n\t<meta property=\"og:image:width\" content=\"1599\" \/>\n\t<meta property=\"og:image:height\" content=\"1066\" \/>\n\t<meta property=\"og:image:type\" content=\"image\/jpeg\" \/>\n<meta name=\"author\" content=\"Reginaldo J\u00fanior\" \/>\n<meta name=\"twitter:card\" content=\"summary_large_image\" \/>\n<meta name=\"twitter:creator\" content=\"@reginaldojrmf\" \/>\n<meta name=\"twitter:label1\" content=\"Escrito por\" \/>\n\t<meta name=\"twitter:data1\" content=\"Reginaldo J\u00fanior\" \/>\n\t<meta name=\"twitter:label2\" content=\"Est. tempo de leitura\" \/>\n\t<meta name=\"twitter:data2\" content=\"5 minutos\" \/>\n<script type=\"application\/ld+json\" class=\"yoast-schema-graph\">{\"@context\":\"https:\/\/schema.org\",\"@graph\":[{\"@type\":\"WebPage\",\"@id\":\"https:\/\/portalmf.com.br\/index.php\/2022\/08\/16\/acm-neto-da-largada-a-campanha-participando-de-missa-na-igreja-do-bonfim\/\",\"url\":\"https:\/\/portalmf.com.br\/index.php\/2022\/08\/16\/acm-neto-da-largada-a-campanha-participando-de-missa-na-igreja-do-bonfim\/\",\"name\":\"ACM Neto d\u00e1 largada \u00e0 campanha participando de missa na Igreja do Bonfim - Portal MF\",\"isPartOf\":{\"@id\":\"https:\/\/portalmf.com.br\/#website\"},\"primaryImageOfPage\":{\"@id\":\"https:\/\/portalmf.com.br\/index.php\/2022\/08\/16\/acm-neto-da-largada-a-campanha-participando-de-missa-na-igreja-do-bonfim\/#primaryimage\"},\"image\":{\"@id\":\"https:\/\/portalmf.com.br\/index.php\/2022\/08\/16\/acm-neto-da-largada-a-campanha-participando-de-missa-na-igreja-do-bonfim\/#primaryimage\"},\"thumbnailUrl\":\"https:\/\/portalmf.com.br\/wp-content\/uploads\/2022\/08\/WhatsApp-Image-2022-08-16-at-12.04.14.jpeg\",\"datePublished\":\"2022-08-16T15:06:00+00:00\",\"dateModified\":\"2022-08-18T16:06:45+00:00\",\"author\":{\"@id\":\"https:\/\/portalmf.com.br\/#\/schema\/person\/11c82086fe8abc05a19147e964587285\"},\"breadcrumb\":{\"@id\":\"https:\/\/portalmf.com.br\/index.php\/2022\/08\/16\/acm-neto-da-largada-a-campanha-participando-de-missa-na-igreja-do-bonfim\/#breadcrumb\"},\"inLanguage\":\"pt-BR\",\"potentialAction\":[{\"@type\":\"ReadAction\",\"target\":[\"https:\/\/portalmf.com.br\/index.php\/2022\/08\/16\/acm-neto-da-largada-a-campanha-participando-de-missa-na-igreja-do-bonfim\/\"]}]},{\"@type\":\"ImageObject\",\"inLanguage\":\"pt-BR\",\"@id\":\"https:\/\/portalmf.com.br\/index.php\/2022\/08\/16\/acm-neto-da-largada-a-campanha-participando-de-missa-na-igreja-do-bonfim\/#primaryimage\",\"url\":\"https:\/\/portalmf.com.br\/wp-content\/uploads\/2022\/08\/WhatsApp-Image-2022-08-16-at-12.04.14.jpeg\",\"contentUrl\":\"https:\/\/portalmf.com.br\/wp-content\/uploads\/2022\/08\/WhatsApp-Image-2022-08-16-at-12.04.14.jpeg\",\"width\":1599,\"height\":1066},{\"@type\":\"BreadcrumbList\",\"@id\":\"https:\/\/portalmf.com.br\/index.php\/2022\/08\/16\/acm-neto-da-largada-a-campanha-participando-de-missa-na-igreja-do-bonfim\/#breadcrumb\",\"itemListElement\":[{\"@type\":\"ListItem\",\"position\":1,\"name\":\"In\u00edcio\",\"item\":\"https:\/\/portalmf.com.br\/\"},{\"@type\":\"ListItem\",\"position\":2,\"name\":\"ACM Neto d\u00e1 largada \u00e0 campanha participando de missa na Igreja do Bonfim\"}]},{\"@type\":\"WebSite\",\"@id\":\"https:\/\/portalmf.com.br\/#website\",\"url\":\"https:\/\/portalmf.com.br\/\",\"name\":\"Portal MF\",\"description\":\"Voc\u00ea conectado com a informa\u00e7\u00e3o\",\"potentialAction\":[{\"@type\":\"SearchAction\",\"target\":{\"@type\":\"EntryPoint\",\"urlTemplate\":\"https:\/\/portalmf.com.br\/?s={search_term_string}\"},\"query-input\":\"required name=search_term_string\"}],\"inLanguage\":\"pt-BR\"},{\"@type\":\"Person\",\"@id\":\"https:\/\/portalmf.com.br\/#\/schema\/person\/11c82086fe8abc05a19147e964587285\",\"name\":\"Reginaldo J\u00fanior\",\"image\":{\"@type\":\"ImageObject\",\"inLanguage\":\"pt-BR\",\"@id\":\"https:\/\/portalmf.com.br\/#\/schema\/person\/image\/\",\"url\":\"https:\/\/secure.gravatar.com\/avatar\/32a3c797cd0ac47cc53b8644c62776f9?s=96&d=mm&r=g\",\"contentUrl\":\"https:\/\/secure.gravatar.com\/avatar\/32a3c797cd0ac47cc53b8644c62776f9?s=96&d=mm&r=g\",\"caption\":\"Reginaldo J\u00fanior\"},\"description\":\"Jornalista e idealizador Portal MF\",\"sameAs\":[\"https:\/\/portalmf.com.br\/index.php\/author\/reginaldojr\/\",\"reginaldojrfsa\",\"reginaldojuniormf\",\"https:\/\/x.com\/reginaldojrmf\"],\"url\":\"https:\/\/portalmf.com.br\/index.php\/author\/reginaldojr\/\"}]}<\/script>\n<!-- \/ Yoast SEO plugin. -->","yoast_head_json":{"title":"ACM Neto d\u00e1 largada \u00e0 campanha participando de missa na Igreja do Bonfim - Portal MF","robots":{"index":"index","follow":"follow","max-snippet":"max-snippet:-1","max-image-preview":"max-image-preview:large","max-video-preview":"max-video-preview:-1"},"canonical":"https:\/\/portalmf.com.br\/index.php\/2022\/08\/16\/acm-neto-da-largada-a-campanha-participando-de-missa-na-igreja-do-bonfim\/","og_locale":"pt_BR","og_type":"article","og_title":"ACM Neto d\u00e1 largada \u00e0 campanha participando de missa na Igreja do Bonfim - Portal MF","og_description":"Uma missa na igreja do Senhor do Bonfim, a mais tradicional da Bahia, marcou na manh\u00e3 desta ter\u00e7a-feira (16) o in\u00edcio da campanha de ACM Neto (Uni\u00e3o Brasil) ao governo da Bahia. Pela legisla\u00e7\u00e3o eleitoral, a partir de hoje, os candidatos podem fazer com\u00edcios e caminhadas, divulgar propaganda eleitoral e publicar an\u00fancios em jornais e [&hellip;]","og_url":"https:\/\/portalmf.com.br\/index.php\/2022\/08\/16\/acm-neto-da-largada-a-campanha-participando-de-missa-na-igreja-do-bonfim\/","og_site_name":"Portal MF","article_author":"reginaldojrfsa","article_published_time":"2022-08-16T15:06:00+00:00","article_modified_time":"2022-08-18T16:06:45+00:00","og_image":[{"width":1599,"height":1066,"url":"https:\/\/portalmf.com.br\/wp-content\/uploads\/2022\/08\/WhatsApp-Image-2022-08-16-at-12.04.14.jpeg","type":"image\/jpeg"}],"author":"Reginaldo J\u00fanior","twitter_card":"summary_large_image","twitter_creator":"@reginaldojrmf","twitter_misc":{"Escrito por":"Reginaldo J\u00fanior","Est. tempo de leitura":"5 minutos"},"schema":{"@context":"https:\/\/schema.org","@graph":[{"@type":"WebPage","@id":"https:\/\/portalmf.com.br\/index.php\/2022\/08\/16\/acm-neto-da-largada-a-campanha-participando-de-missa-na-igreja-do-bonfim\/","url":"https:\/\/portalmf.com.br\/index.php\/2022\/08\/16\/acm-neto-da-largada-a-campanha-participando-de-missa-na-igreja-do-bonfim\/","name":"ACM Neto d\u00e1 largada \u00e0 campanha participando de missa na Igreja do Bonfim - Portal MF","isPartOf":{"@id":"https:\/\/portalmf.com.br\/#website"},"primaryImageOfPage":{"@id":"https:\/\/portalmf.com.br\/index.php\/2022\/08\/16\/acm-neto-da-largada-a-campanha-participando-de-missa-na-igreja-do-bonfim\/#primaryimage"},"image":{"@id":"https:\/\/portalmf.com.br\/index.php\/2022\/08\/16\/acm-neto-da-largada-a-campanha-participando-de-missa-na-igreja-do-bonfim\/#primaryimage"},"thumbnailUrl":"https:\/\/portalmf.com.br\/wp-content\/uploads\/2022\/08\/WhatsApp-Image-2022-08-16-at-12.04.14.jpeg","datePublished":"2022-08-16T15:06:00+00:00","dateModified":"2022-08-18T16:06:45+00:00","author":{"@id":"https:\/\/portalmf.com.br\/#\/schema\/person\/11c82086fe8abc05a19147e964587285"},"breadcrumb":{"@id":"https:\/\/portalmf.com.br\/index.php\/2022\/08\/16\/acm-neto-da-largada-a-campanha-participando-de-missa-na-igreja-do-bonfim\/#breadcrumb"},"inLanguage":"pt-BR","potentialAction":[{"@type":"ReadAction","target":["https:\/\/portalmf.com.br\/index.php\/2022\/08\/16\/acm-neto-da-largada-a-campanha-participando-de-missa-na-igreja-do-bonfim\/"]}]},{"@type":"ImageObject","inLanguage":"pt-BR","@id":"https:\/\/portalmf.com.br\/index.php\/2022\/08\/16\/acm-neto-da-largada-a-campanha-participando-de-missa-na-igreja-do-bonfim\/#primaryimage","url":"https:\/\/portalmf.com.br\/wp-content\/uploads\/2022\/08\/WhatsApp-Image-2022-08-16-at-12.04.14.jpeg","contentUrl":"https:\/\/portalmf.com.br\/wp-content\/uploads\/2022\/08\/WhatsApp-Image-2022-08-16-at-12.04.14.jpeg","width":1599,"height":1066},{"@type":"BreadcrumbList","@id":"https:\/\/portalmf.com.br\/index.php\/2022\/08\/16\/acm-neto-da-largada-a-campanha-participando-de-missa-na-igreja-do-bonfim\/#breadcrumb","itemListElement":[{"@type":"ListItem","position":1,"name":"In\u00edcio","item":"https:\/\/portalmf.com.br\/"},{"@type":"ListItem","position":2,"name":"ACM Neto d\u00e1 largada \u00e0 campanha participando de missa na Igreja do Bonfim"}]},{"@type":"WebSite","@id":"https:\/\/portalmf.com.br\/#website","url":"https:\/\/portalmf.com.br\/","name":"Portal MF","description":"Voc\u00ea conectado com a informa\u00e7\u00e3o","potentialAction":[{"@type":"SearchAction","target":{"@type":"EntryPoint","urlTemplate":"https:\/\/portalmf.com.br\/?s={search_term_string}"},"query-input":"required name=search_term_string"}],"inLanguage":"pt-BR"},{"@type":"Person","@id":"https:\/\/portalmf.com.br\/#\/schema\/person\/11c82086fe8abc05a19147e964587285","name":"Reginaldo J\u00fanior","image":{"@type":"ImageObject","inLanguage":"pt-BR","@id":"https:\/\/portalmf.com.br\/#\/schema\/person\/image\/","url":"https:\/\/secure.gravatar.com\/avatar\/32a3c797cd0ac47cc53b8644c62776f9?s=96&d=mm&r=g","contentUrl":"https:\/\/secure.gravatar.com\/avatar\/32a3c797cd0ac47cc53b8644c62776f9?s=96&d=mm&r=g","caption":"Reginaldo J\u00fanior"},"description":"Jornalista e idealizador Portal MF","sameAs":["https:\/\/portalmf.com.br\/index.php\/author\/reginaldojr\/","reginaldojrfsa","reginaldojuniormf","https:\/\/x.com\/reginaldojrmf"],"url":"https:\/\/portalmf.com.br\/index.php\/author\/reginaldojr\/"}]}},"_links":{"self":[{"href":"https:\/\/portalmf.com.br\/index.php\/wp-json\/wp\/v2\/posts\/3149"}],"collection":[{"href":"https:\/\/portalmf.com.br\/index.php\/wp-json\/wp\/v2\/posts"}],"about":[{"href":"https:\/\/portalmf.com.br\/index.php\/wp-json\/wp\/v2\/types\/post"}],"author":[{"embeddable":true,"href":"https:\/\/portalmf.com.br\/index.php\/wp-json\/wp\/v2\/users\/2"}],"replies":[{"embeddable":true,"href":"https:\/\/portalmf.com.br\/index.php\/wp-json\/wp\/v2\/comments?post=3149"}],"version-history":[{"count":2,"href":"https:\/\/portalmf.com.br\/index.php\/wp-json\/wp\/v2\/posts\/3149\/revisions"}],"predecessor-version":[{"id":3151,"href":"https:\/\/portalmf.com.br\/index.php\/wp-json\/wp\/v2\/posts\/3149\/revisions\/3151"}],"wp:featuredmedia":[{"embeddable":true,"href":"https:\/\/portalmf.com.br\/index.php\/wp-json\/wp\/v2\/media\/3152"}],"wp:attachment":[{"href":"https:\/\/portalmf.com.br\/index.php\/wp-json\/wp\/v2\/media?parent=3149"}],"wp:term":[{"taxonomy":"category","embeddable":true,"href":"https:\/\/portalmf.com.br\/index.php\/wp-json\/wp\/v2\/categories?post=3149"},{"taxonomy":"post_tag","embeddable":true,"href":"https:\/\/portalmf.com.br\/index.php\/wp-json\/wp\/v2\/tags?post=3149"}],"curies":[{"name":"wp","href":"https:\/\/api.w.org\/{rel}","templated":true}]}}