{"id":3143,"date":"2022-08-17T15:58:00","date_gmt":"2022-08-17T18:58:00","guid":{"rendered":"http:\/\/portalmf.com.br\/?p=3143"},"modified":"2022-08-18T12:58:46","modified_gmt":"2022-08-18T15:58:46","slug":"o-atual-presidente-nao-pode-ficar-diz-jeronimo-rodrigues-pt","status":"publish","type":"post","link":"https:\/\/portalmf.com.br\/index.php\/2022\/08\/17\/o-atual-presidente-nao-pode-ficar-diz-jeronimo-rodrigues-pt\/","title":{"rendered":"\u201cO atual presidente n\u00e3o pode ficar\u201d, diz Jer\u00f4nimo Rodrigues (PT)"},"content":{"rendered":"\n<p>O candidato a governador da Bahia pelo PT, Jer\u00f4nimo Rodrigues, n\u00e3o poupou cr\u00edticas ao presidente Jair Bolsonaro e a seus apoiadores durante entrevista promovida TV Itapoan, na tarde de hoje (17). \u201cPara n\u00f3s, o atual presidente n\u00e3o pode ficar governando o Brasil\u201d, sentenciou Jer\u00f4nimo.<\/p>\n\n\n\n<p><em>&nbsp;\u201cPerdemos a representatividade e a for\u00e7a fora do Pa\u00eds, perdemos credibilidade, perdemos investimentos (internacionais), por causa do desconforto da rela\u00e7\u00e3o (das empresas com o governo). \u00c9 um presidente que n\u00e3o cuidou da popula\u00e7\u00e3o brasileira na pandemia, que aumentou o desemprego, que botou o Brasil no mapa da fome. \u00c9 um presidente que, para n\u00f3s, n\u00e3o serve.\u201d<\/em><\/p>\n\n\n\n<p>Ao tempo em que apresentava seus programas e projetos de governo em \u00e1reas como educa\u00e7\u00e3o, sa\u00fade e seguran\u00e7a p\u00fablica, Jer\u00f4nimo listou formas como Bolsonaro boicota e atrapalha a administra\u00e7\u00e3o dos Estados.<\/p>\n\n\n\n<p><em>\u201cDurante a pandemia, por exemplo, o governo do Estado teve a coragem de chamar os professores e gestores, de chamar as secretarias municipais de Educa\u00e7\u00e3o para pensar, de uma forma \u00fanica, como conduzir a educa\u00e7\u00e3o naquele momento, mas o governo federal se ausentou de sentar com os secret\u00e1rios de Estado para a gente pensar em uma forma \u00fanica dos estudantes de todo o Brasil\u201d,<\/em> lembrou o candidato.<\/p>\n\n\n\n<p><em>\u201cDurante a pandemia, o presidente virou as costas para uma grande quantidade de pessoas, que acabaram perdendo suas vidas. Nem sequer um ato de solidariedade ele fez.\u201d<\/em><\/p>\n\n\n\n<p>Ao falar sobre seguran\u00e7a p\u00fablica, Jer\u00f4nimo tamb\u00e9m se posicionou contra a posse de armas por civis. \u201cSou contra, de forma clara, o que o presidente fez ao estimular o armamento da popula\u00e7\u00e3o\u201d, afirmou. \u201cTriplicou a quantidade de armas em circula\u00e7\u00e3o. Estamos chegando a 1 milh\u00e3o de armas nesses tr\u00eas anos. E ele fica estimulando, inclusive brincando de arminha com crian\u00e7as. Quem tem de ter arma \u00e9 o profissional de seguran\u00e7a p\u00fablica.\u201d<\/p>\n\n\n\n<p>Ao analisar a postura de seus advers\u00e1rios, Jer\u00f4nimo destacou que \u00e9 preciso coragem para defender uma posi\u00e7\u00e3o ideol\u00f3gica. \u201c(Um) pelo menos tem coragem para defender o indefens\u00e1vel\u201d, disse, sobre o candidato que apoia abertamente Bolsonaro.<em> \u201cDiferentemente do ex-prefeito (Acm Neto), que n\u00e3o tem coragem de fazer a defesa daquele para quem ele fez campanha em 2018, para quem indicou os cargos federais aqui na Bahia.\u201d<\/em><\/p>\n\n\n\n<p>\u201cA Bahia tem lado, \u00e9 o lado de cuidar de gente\u201d, afirmou Jer\u00f4nimo. \u201c<em>O Brasil tem jeito, com Lula presidente. N\u00f3s conhecemos a forma de Lula governar. \u00c9 construindo universidades, fazendo o Minha Casa, Minha Vida, abrindo possibilidades de trabalho com a agricultura familiar, com o agroneg\u00f3cio. S\u00e3o as possibilidades de gera\u00e7\u00e3o de emprego, de inclus\u00e3o.\u201d<\/em><\/p>\n","protected":false},"excerpt":{"rendered":"<p>O candidato a governador da Bahia pelo PT, Jer\u00f4nimo Rodrigues, n\u00e3o poupou cr\u00edticas ao presidente Jair Bolsonaro e a seus apoiadores durante entrevista promovida TV Itapoan, na tarde de hoje (17). \u201cPara n\u00f3s, o atual presidente n\u00e3o pode ficar governando o Brasil\u201d, sentenciou Jer\u00f4nimo. &nbsp;\u201cPerdemos a representatividade e a for\u00e7a fora do Pa\u00eds, perdemos credibilidade, [&hellip;]<\/p>\n","protected":false},"author":2,"featured_media":3145,"comment_status":"open","ping_status":"open","sticky":false,"template":"","format":"standard","meta":{"_monsterinsights_skip_tracking":false,"_monsterinsights_sitenote_active":false,"_monsterinsights_sitenote_note":"","_monsterinsights_sitenote_category":0,"footnotes":""},"categories":[34],"tags":[],"yoast_head":"<!-- This site is optimized with the Yoast SEO plugin v22.9 - https:\/\/yoast.com\/wordpress\/plugins\/seo\/ -->\n<title>\u201cO atual presidente n\u00e3o pode ficar\u201d, diz Jer\u00f4nimo Rodrigues (PT) - Portal MF<\/title>\n<meta name=\"robots\" content=\"index, follow, max-snippet:-1, max-image-preview:large, max-video-preview:-1\" \/>\n<link rel=\"canonical\" href=\"https:\/\/portalmf.com.br\/index.php\/2022\/08\/17\/o-atual-presidente-nao-pode-ficar-diz-jeronimo-rodrigues-pt\/\" \/>\n<meta property=\"og:locale\" content=\"pt_BR\" \/>\n<meta property=\"og:type\" content=\"article\" \/>\n<meta property=\"og:title\" content=\"\u201cO atual presidente n\u00e3o pode ficar\u201d, diz Jer\u00f4nimo Rodrigues (PT) - Portal MF\" \/>\n<meta property=\"og:description\" content=\"O candidato a governador da Bahia pelo PT, Jer\u00f4nimo Rodrigues, n\u00e3o poupou cr\u00edticas ao presidente Jair Bolsonaro e a seus apoiadores durante entrevista promovida TV Itapoan, na tarde de hoje (17). \u201cPara n\u00f3s, o atual presidente n\u00e3o pode ficar governando o Brasil\u201d, sentenciou Jer\u00f4nimo. &nbsp;\u201cPerdemos a representatividade e a for\u00e7a fora do Pa\u00eds, perdemos credibilidade, [&hellip;]\" \/>\n<meta property=\"og:url\" content=\"https:\/\/portalmf.com.br\/index.php\/2022\/08\/17\/o-atual-presidente-nao-pode-ficar-diz-jeronimo-rodrigues-pt\/\" \/>\n<meta property=\"og:site_name\" content=\"Portal MF\" \/>\n<meta property=\"article:author\" content=\"reginaldojrfsa\" \/>\n<meta property=\"article:published_time\" content=\"2022-08-17T18:58:00+00:00\" \/>\n<meta property=\"article:modified_time\" content=\"2022-08-18T15:58:46+00:00\" \/>\n<meta property=\"og:image\" content=\"https:\/\/portalmf.com.br\/wp-content\/uploads\/2022\/08\/WhatsApp-Image-2022-08-17-at-15.50.58.jpeg\" \/>\n\t<meta property=\"og:image:width\" content=\"1024\" \/>\n\t<meta property=\"og:image:height\" content=\"688\" \/>\n\t<meta property=\"og:image:type\" content=\"image\/jpeg\" \/>\n<meta name=\"author\" content=\"Reginaldo J\u00fanior\" \/>\n<meta name=\"twitter:card\" content=\"summary_large_image\" \/>\n<meta name=\"twitter:creator\" content=\"@reginaldojrmf\" \/>\n<meta name=\"twitter:label1\" content=\"Escrito por\" \/>\n\t<meta name=\"twitter:data1\" content=\"Reginaldo J\u00fanior\" \/>\n\t<meta name=\"twitter:label2\" content=\"Est. tempo de leitura\" \/>\n\t<meta name=\"twitter:data2\" content=\"3 minutos\" \/>\n<script type=\"application\/ld+json\" class=\"yoast-schema-graph\">{\"@context\":\"https:\/\/schema.org\",\"@graph\":[{\"@type\":\"WebPage\",\"@id\":\"https:\/\/portalmf.com.br\/index.php\/2022\/08\/17\/o-atual-presidente-nao-pode-ficar-diz-jeronimo-rodrigues-pt\/\",\"url\":\"https:\/\/portalmf.com.br\/index.php\/2022\/08\/17\/o-atual-presidente-nao-pode-ficar-diz-jeronimo-rodrigues-pt\/\",\"name\":\"\u201cO atual presidente n\u00e3o pode ficar\u201d, diz Jer\u00f4nimo Rodrigues (PT) - Portal MF\",\"isPartOf\":{\"@id\":\"https:\/\/portalmf.com.br\/#website\"},\"primaryImageOfPage\":{\"@id\":\"https:\/\/portalmf.com.br\/index.php\/2022\/08\/17\/o-atual-presidente-nao-pode-ficar-diz-jeronimo-rodrigues-pt\/#primaryimage\"},\"image\":{\"@id\":\"https:\/\/portalmf.com.br\/index.php\/2022\/08\/17\/o-atual-presidente-nao-pode-ficar-diz-jeronimo-rodrigues-pt\/#primaryimage\"},\"thumbnailUrl\":\"https:\/\/portalmf.com.br\/wp-content\/uploads\/2022\/08\/WhatsApp-Image-2022-08-17-at-15.50.58.jpeg\",\"datePublished\":\"2022-08-17T18:58:00+00:00\",\"dateModified\":\"2022-08-18T15:58:46+00:00\",\"author\":{\"@id\":\"https:\/\/portalmf.com.br\/#\/schema\/person\/11c82086fe8abc05a19147e964587285\"},\"breadcrumb\":{\"@id\":\"https:\/\/portalmf.com.br\/index.php\/2022\/08\/17\/o-atual-presidente-nao-pode-ficar-diz-jeronimo-rodrigues-pt\/#breadcrumb\"},\"inLanguage\":\"pt-BR\",\"potentialAction\":[{\"@type\":\"ReadAction\",\"target\":[\"https:\/\/portalmf.com.br\/index.php\/2022\/08\/17\/o-atual-presidente-nao-pode-ficar-diz-jeronimo-rodrigues-pt\/\"]}]},{\"@type\":\"ImageObject\",\"inLanguage\":\"pt-BR\",\"@id\":\"https:\/\/portalmf.com.br\/index.php\/2022\/08\/17\/o-atual-presidente-nao-pode-ficar-diz-jeronimo-rodrigues-pt\/#primaryimage\",\"url\":\"https:\/\/portalmf.com.br\/wp-content\/uploads\/2022\/08\/WhatsApp-Image-2022-08-17-at-15.50.58.jpeg\",\"contentUrl\":\"https:\/\/portalmf.com.br\/wp-content\/uploads\/2022\/08\/WhatsApp-Image-2022-08-17-at-15.50.58.jpeg\",\"width\":1024,\"height\":688},{\"@type\":\"BreadcrumbList\",\"@id\":\"https:\/\/portalmf.com.br\/index.php\/2022\/08\/17\/o-atual-presidente-nao-pode-ficar-diz-jeronimo-rodrigues-pt\/#breadcrumb\",\"itemListElement\":[{\"@type\":\"ListItem\",\"position\":1,\"name\":\"In\u00edcio\",\"item\":\"https:\/\/portalmf.com.br\/\"},{\"@type\":\"ListItem\",\"position\":2,\"name\":\"\u201cO atual presidente n\u00e3o pode ficar\u201d, diz Jer\u00f4nimo Rodrigues (PT)\"}]},{\"@type\":\"WebSite\",\"@id\":\"https:\/\/portalmf.com.br\/#website\",\"url\":\"https:\/\/portalmf.com.br\/\",\"name\":\"Portal MF\",\"description\":\"Voc\u00ea conectado com a informa\u00e7\u00e3o\",\"potentialAction\":[{\"@type\":\"SearchAction\",\"target\":{\"@type\":\"EntryPoint\",\"urlTemplate\":\"https:\/\/portalmf.com.br\/?s={search_term_string}\"},\"query-input\":\"required name=search_term_string\"}],\"inLanguage\":\"pt-BR\"},{\"@type\":\"Person\",\"@id\":\"https:\/\/portalmf.com.br\/#\/schema\/person\/11c82086fe8abc05a19147e964587285\",\"name\":\"Reginaldo J\u00fanior\",\"image\":{\"@type\":\"ImageObject\",\"inLanguage\":\"pt-BR\",\"@id\":\"https:\/\/portalmf.com.br\/#\/schema\/person\/image\/\",\"url\":\"https:\/\/secure.gravatar.com\/avatar\/32a3c797cd0ac47cc53b8644c62776f9?s=96&d=mm&r=g\",\"contentUrl\":\"https:\/\/secure.gravatar.com\/avatar\/32a3c797cd0ac47cc53b8644c62776f9?s=96&d=mm&r=g\",\"caption\":\"Reginaldo J\u00fanior\"},\"description\":\"Jornalista e idealizador Portal MF\",\"sameAs\":[\"https:\/\/portalmf.com.br\/index.php\/author\/reginaldojr\/\",\"reginaldojrfsa\",\"reginaldojuniormf\",\"https:\/\/x.com\/reginaldojrmf\"],\"url\":\"https:\/\/portalmf.com.br\/index.php\/author\/reginaldojr\/\"}]}<\/script>\n<!-- \/ Yoast SEO plugin. -->","yoast_head_json":{"title":"\u201cO atual presidente n\u00e3o pode ficar\u201d, diz Jer\u00f4nimo Rodrigues (PT) - Portal MF","robots":{"index":"index","follow":"follow","max-snippet":"max-snippet:-1","max-image-preview":"max-image-preview:large","max-video-preview":"max-video-preview:-1"},"canonical":"https:\/\/portalmf.com.br\/index.php\/2022\/08\/17\/o-atual-presidente-nao-pode-ficar-diz-jeronimo-rodrigues-pt\/","og_locale":"pt_BR","og_type":"article","og_title":"\u201cO atual presidente n\u00e3o pode ficar\u201d, diz Jer\u00f4nimo Rodrigues (PT) - Portal MF","og_description":"O candidato a governador da Bahia pelo PT, Jer\u00f4nimo Rodrigues, n\u00e3o poupou cr\u00edticas ao presidente Jair Bolsonaro e a seus apoiadores durante entrevista promovida TV Itapoan, na tarde de hoje (17). \u201cPara n\u00f3s, o atual presidente n\u00e3o pode ficar governando o Brasil\u201d, sentenciou Jer\u00f4nimo. &nbsp;\u201cPerdemos a representatividade e a for\u00e7a fora do Pa\u00eds, perdemos credibilidade, [&hellip;]","og_url":"https:\/\/portalmf.com.br\/index.php\/2022\/08\/17\/o-atual-presidente-nao-pode-ficar-diz-jeronimo-rodrigues-pt\/","og_site_name":"Portal MF","article_author":"reginaldojrfsa","article_published_time":"2022-08-17T18:58:00+00:00","article_modified_time":"2022-08-18T15:58:46+00:00","og_image":[{"width":1024,"height":688,"url":"https:\/\/portalmf.com.br\/wp-content\/uploads\/2022\/08\/WhatsApp-Image-2022-08-17-at-15.50.58.jpeg","type":"image\/jpeg"}],"author":"Reginaldo J\u00fanior","twitter_card":"summary_large_image","twitter_creator":"@reginaldojrmf","twitter_misc":{"Escrito por":"Reginaldo J\u00fanior","Est. tempo de leitura":"3 minutos"},"schema":{"@context":"https:\/\/schema.org","@graph":[{"@type":"WebPage","@id":"https:\/\/portalmf.com.br\/index.php\/2022\/08\/17\/o-atual-presidente-nao-pode-ficar-diz-jeronimo-rodrigues-pt\/","url":"https:\/\/portalmf.com.br\/index.php\/2022\/08\/17\/o-atual-presidente-nao-pode-ficar-diz-jeronimo-rodrigues-pt\/","name":"\u201cO atual presidente n\u00e3o pode ficar\u201d, diz Jer\u00f4nimo Rodrigues (PT) - Portal MF","isPartOf":{"@id":"https:\/\/portalmf.com.br\/#website"},"primaryImageOfPage":{"@id":"https:\/\/portalmf.com.br\/index.php\/2022\/08\/17\/o-atual-presidente-nao-pode-ficar-diz-jeronimo-rodrigues-pt\/#primaryimage"},"image":{"@id":"https:\/\/portalmf.com.br\/index.php\/2022\/08\/17\/o-atual-presidente-nao-pode-ficar-diz-jeronimo-rodrigues-pt\/#primaryimage"},"thumbnailUrl":"https:\/\/portalmf.com.br\/wp-content\/uploads\/2022\/08\/WhatsApp-Image-2022-08-17-at-15.50.58.jpeg","datePublished":"2022-08-17T18:58:00+00:00","dateModified":"2022-08-18T15:58:46+00:00","author":{"@id":"https:\/\/portalmf.com.br\/#\/schema\/person\/11c82086fe8abc05a19147e964587285"},"breadcrumb":{"@id":"https:\/\/portalmf.com.br\/index.php\/2022\/08\/17\/o-atual-presidente-nao-pode-ficar-diz-jeronimo-rodrigues-pt\/#breadcrumb"},"inLanguage":"pt-BR","potentialAction":[{"@type":"ReadAction","target":["https:\/\/portalmf.com.br\/index.php\/2022\/08\/17\/o-atual-presidente-nao-pode-ficar-diz-jeronimo-rodrigues-pt\/"]}]},{"@type":"ImageObject","inLanguage":"pt-BR","@id":"https:\/\/portalmf.com.br\/index.php\/2022\/08\/17\/o-atual-presidente-nao-pode-ficar-diz-jeronimo-rodrigues-pt\/#primaryimage","url":"https:\/\/portalmf.com.br\/wp-content\/uploads\/2022\/08\/WhatsApp-Image-2022-08-17-at-15.50.58.jpeg","contentUrl":"https:\/\/portalmf.com.br\/wp-content\/uploads\/2022\/08\/WhatsApp-Image-2022-08-17-at-15.50.58.jpeg","width":1024,"height":688},{"@type":"BreadcrumbList","@id":"https:\/\/portalmf.com.br\/index.php\/2022\/08\/17\/o-atual-presidente-nao-pode-ficar-diz-jeronimo-rodrigues-pt\/#breadcrumb","itemListElement":[{"@type":"ListItem","position":1,"name":"In\u00edcio","item":"https:\/\/portalmf.com.br\/"},{"@type":"ListItem","position":2,"name":"\u201cO atual presidente n\u00e3o pode ficar\u201d, diz Jer\u00f4nimo Rodrigues (PT)"}]},{"@type":"WebSite","@id":"https:\/\/portalmf.com.br\/#website","url":"https:\/\/portalmf.com.br\/","name":"Portal MF","description":"Voc\u00ea conectado com a informa\u00e7\u00e3o","potentialAction":[{"@type":"SearchAction","target":{"@type":"EntryPoint","urlTemplate":"https:\/\/portalmf.com.br\/?s={search_term_string}"},"query-input":"required name=search_term_string"}],"inLanguage":"pt-BR"},{"@type":"Person","@id":"https:\/\/portalmf.com.br\/#\/schema\/person\/11c82086fe8abc05a19147e964587285","name":"Reginaldo J\u00fanior","image":{"@type":"ImageObject","inLanguage":"pt-BR","@id":"https:\/\/portalmf.com.br\/#\/schema\/person\/image\/","url":"https:\/\/secure.gravatar.com\/avatar\/32a3c797cd0ac47cc53b8644c62776f9?s=96&d=mm&r=g","contentUrl":"https:\/\/secure.gravatar.com\/avatar\/32a3c797cd0ac47cc53b8644c62776f9?s=96&d=mm&r=g","caption":"Reginaldo J\u00fanior"},"description":"Jornalista e idealizador Portal MF","sameAs":["https:\/\/portalmf.com.br\/index.php\/author\/reginaldojr\/","reginaldojrfsa","reginaldojuniormf","https:\/\/x.com\/reginaldojrmf"],"url":"https:\/\/portalmf.com.br\/index.php\/author\/reginaldojr\/"}]}},"_links":{"self":[{"href":"https:\/\/portalmf.com.br\/index.php\/wp-json\/wp\/v2\/posts\/3143"}],"collection":[{"href":"https:\/\/portalmf.com.br\/index.php\/wp-json\/wp\/v2\/posts"}],"about":[{"href":"https:\/\/portalmf.com.br\/index.php\/wp-json\/wp\/v2\/types\/post"}],"author":[{"embeddable":true,"href":"https:\/\/portalmf.com.br\/index.php\/wp-json\/wp\/v2\/users\/2"}],"replies":[{"embeddable":true,"href":"https:\/\/portalmf.com.br\/index.php\/wp-json\/wp\/v2\/comments?post=3143"}],"version-history":[{"count":2,"href":"https:\/\/portalmf.com.br\/index.php\/wp-json\/wp\/v2\/posts\/3143\/revisions"}],"predecessor-version":[{"id":3146,"href":"https:\/\/portalmf.com.br\/index.php\/wp-json\/wp\/v2\/posts\/3143\/revisions\/3146"}],"wp:featuredmedia":[{"embeddable":true,"href":"https:\/\/portalmf.com.br\/index.php\/wp-json\/wp\/v2\/media\/3145"}],"wp:attachment":[{"href":"https:\/\/portalmf.com.br\/index.php\/wp-json\/wp\/v2\/media?parent=3143"}],"wp:term":[{"taxonomy":"category","embeddable":true,"href":"https:\/\/portalmf.com.br\/index.php\/wp-json\/wp\/v2\/categories?post=3143"},{"taxonomy":"post_tag","embeddable":true,"href":"https:\/\/portalmf.com.br\/index.php\/wp-json\/wp\/v2\/tags?post=3143"}],"curies":[{"name":"wp","href":"https:\/\/api.w.org\/{rel}","templated":true}]}}