{"id":31406,"date":"2024-11-12T15:50:00","date_gmt":"2024-11-12T18:50:00","guid":{"rendered":"https:\/\/portalmf.com.br\/?p=31406"},"modified":"2024-11-12T15:57:12","modified_gmt":"2024-11-12T18:57:12","slug":"radio-geral-vence-eleicao-popular-e-recebe-premio-de-melhor-radio-web","status":"publish","type":"post","link":"https:\/\/portalmf.com.br\/index.php\/2024\/11\/12\/radio-geral-vence-eleicao-popular-e-recebe-premio-de-melhor-radio-web\/","title":{"rendered":"R\u00e1dio Geral vence elei\u00e7\u00e3o popular e recebe pr\u00eamio de Melhor R\u00e1dio Web"},"content":{"rendered":"\n<p>A R\u00e1dio Geral venceu o Pr\u00eamio Trof\u00e9u Imprensa Noite e Dia 2024, promovido pelo empres\u00e1rio Modezil Cerqueira (Z\u00e9 Coi\u00f3), propriet\u00e1rio do tradicional Jornal Feira Noite e Dia e que homenageia aqueles que&nbsp;contribuem significativamente para o desenvolvimento e prosperidade da comunidade feirense. &nbsp;<\/p>\n\n\n\n<p>A R\u00e1dio Geral foi premiada na categoria: WEB R\u00c1DIO com 43.6% dos votos dos internautas. A cerim\u00f4nia de premia\u00e7\u00e3o aconteceu no Cajueiro Conven\u00e7\u00f5es de Feira de Santana, no \u00faltimo s\u00e1bado, 09 de novembro.<\/p>\n\n\n\n<p>\u201cO Trof\u00e9u Imprensa Noite e Dia 2024 n\u00e3o \u00e9 apenas um pr\u00eamio; \u00e9 uma celebra\u00e7\u00e3o do sucesso, do esfor\u00e7o e da excel\u00eancia. Mais do que isso, \u00e9 uma experi\u00eancia de resultados, onde cada voto conta para reconhecer e destacar aqueles que fazem a diferen\u00e7a no mercado\u201d, defendem os organizadores.<\/p>\n\n\n\n<p>Reginaldo J\u00fanior, coordenador da R\u00e1dio Geral, ressalta a import\u00e2ncia de ganhar um trof\u00e9u onde o crit\u00e9rio de escolha \u00e9 a vota\u00e7\u00e3o popular.<\/p>\n\n\n\n<p><em>\u201cGanhar esse pr\u00eamio, pra gente da R\u00e1dio Geral, \u00e9 um reconhecimento! Estamos uma nova fase da r\u00e1dio, que teve in\u00edcio comigo, Reginaldo J\u00fanior, Franklin Dory, L\u00e1zaro Ramos, L\u00e1zaro Sampaio e, logo depois, passou por reativa\u00e7\u00e3o com a chegada de Amaury J\u00fanior, Andr\u00e9 Lasca e toda a equipe que hoje faz parte da programa\u00e7\u00e3o atual que \u00e9 \u2018diferenciada\u2019, com muita m\u00fasica,&nbsp;entrevistas,&nbsp;not\u00edcias, mas tamb\u00e9m n\u00e3o deixa de ter aquilo que o r\u00e1dio tradicional tem, que \u00e9 o papel social, como a R\u00e1dio Geral que \u00e9 um grande um prestador de servi\u00e7o. Tivemos a alegria de ter uma vota\u00e7\u00e3o popular muito forte e levar esse pr\u00eamio que tanto nos alegra, justamente por ser um reconhecimento do p\u00fablico. O pr\u00eamio mostra que estamos no caminho certo e nos inspira a continuar com muito g\u00e1s. Muito mais coisas vir\u00e3o a partir do pr\u00f3ximo ano, onde teremos novidades, nova programa\u00e7\u00e3o e projetos. Teremos uma faixa da noite muito especial, al\u00e9m de ter outros novos programas chegando, teremos tamb\u00e9m a faixa da tarde e amanh\u00e3 com muita m\u00fasica e informa\u00e7\u00e3o. Esse pr\u00eamio \u00e9 um reconhecimento de tudo isso\u201d,<\/em> diz.<\/p>\n\n\n\n<figure class=\"wp-block-image size-full\"><img fetchpriority=\"high\" decoding=\"async\" width=\"800\" height=\"600\" src=\"https:\/\/portalmf.com.br\/wp-content\/uploads\/2024\/11\/trofeu_noite_e_dia_radiogeral_2024_2.jpg\" alt=\"\" class=\"wp-image-31407\" srcset=\"https:\/\/portalmf.com.br\/wp-content\/uploads\/2024\/11\/trofeu_noite_e_dia_radiogeral_2024_2.jpg 800w, https:\/\/portalmf.com.br\/wp-content\/uploads\/2024\/11\/trofeu_noite_e_dia_radiogeral_2024_2-300x225.jpg 300w, https:\/\/portalmf.com.br\/wp-content\/uploads\/2024\/11\/trofeu_noite_e_dia_radiogeral_2024_2-768x576.jpg 768w, https:\/\/portalmf.com.br\/wp-content\/uploads\/2024\/11\/trofeu_noite_e_dia_radiogeral_2024_2-696x522.jpg 696w\" sizes=\"(max-width: 800px) 100vw, 800px\" \/><figcaption class=\"wp-element-caption\"><strong>Fotos: Junior Lima \/ Portal MF<\/strong><\/figcaption><\/figure>\n\n\n\n<p>&nbsp;A jornalista Carina G\u00f3es, apresentadora do Programa Sem Nome, expressou sua alegria pela conquista da R\u00e1dio Geral no Trof\u00e9u Imprensa. \u201cEsse reconhecimento \u00e9 fruto do trabalho e dedica\u00e7\u00e3o de toda a equipe, al\u00e9m do apoio de quem nos acompanha e acredita na nossa miss\u00e3o\u201d, destacou. Carina tamb\u00e9m ressaltou o orgulho em integrar uma equipe comprometida em fazer a diferen\u00e7a na comunica\u00e7\u00e3o.<\/p>\n\n\n\n<p>\u201cParticipar deste evento \u00e9 uma grande honra, afinal, o Trof\u00e9u Imprensa \u00e9 considerado o &#8220;Oscar&#8221; de Feira de Santana. A R\u00e1dio Geral, como a primeira r\u00e1dio web do Norte e Nordeste, tem mostrado seu valor e merece destaque, reconhecimento e respeito pelo trabalho de excel\u00eancia que desenvolve. Nossa equipe \u00e9 composta por profissionais altamente qualificados, e nossos programas se destacam pela qualidade, trazendo entrevistados importantes da nossa cidade e outros entrevistados que nenhuma outra emissora de r\u00e1dio no estado jamais conseguiu. A cada dia, comprovamos que n\u00e3o ficamos atr\u00e1s de nenhuma outra r\u00e1dio da cidade, reafirmando nosso compromisso com a comunica\u00e7\u00e3o e com os ouvintes\u201d, destaca a jornalista e apresentadora do programa Conectando, Leila Lopes.<\/p>\n\n\n\n<p>O professor e palestrante, Leonardo Sapucaia, apresentador do Programa Sa\u00fade em Foco, salienta que a R\u00e1dio Geral tem elevado cada vez mais valor ao ve\u00edculo r\u00e1dio em Feira de Santana e pelo Brasil.<\/p>\n\n\n\n<p><em>\u201cPara n\u00f3s que fazemos parte da equipe da R\u00e1dio Geral, esse trof\u00e9u imprensa noite e dia representa a premia\u00e7\u00e3o de um trabalho que vem sendo realizado h\u00e1 pelo menos sete anos. Com bastante dedica\u00e7\u00e3o, essa equipe tem elevado cada vez mais valor ao ve\u00edculo r\u00e1dio, que \u00e9 t\u00e3o relevante para a sociedade de Feira de Santana, um ve\u00edculo que tem um poder enorme, que tem uma penetra\u00e7\u00e3o, uma capilaridade tamb\u00e9m muito grande e que continua pautando a m\u00eddia em Feira de Santana. Gostaria tamb\u00e9m de deixar registrado o nosso muito obrigado a toda a dire\u00e7\u00e3o da R\u00e1dio Geral, que permite que a gente trabalhe com autonomia e com objetivos muito bem interessados em levar comunica\u00e7\u00e3o de qualidade e not\u00edcias a todo o nosso p\u00fablico web ouvinte\u201d.<\/em><\/p>\n\n\n\n<blockquote class=\"instagram-media\" data-instgrm-permalink=\"https:\/\/www.instagram.com\/reel\/DCSBAFWv1QX\/?utm_source=ig_embed&amp;utm_campaign=loading\" data-instgrm-version=\"14\" style=\" background:#FFF; border:0; border-radius:3px; box-shadow:0 0 1px 0 rgba(0,0,0,0.5),0 1px 10px 0 rgba(0,0,0,0.15); margin: 1px; max-width:540px; min-width:326px; padding:0; width:99.375%; width:-webkit-calc(100% - 2px); width:calc(100% - 2px);\"><div style=\"padding:16px;\"> <a href=\"https:\/\/www.instagram.com\/reel\/DCSBAFWv1QX\/?utm_source=ig_embed&amp;utm_campaign=loading\" style=\" background:#FFFFFF; line-height:0; padding:0 0; text-align:center; text-decoration:none; width:100%;\" target=\"_blank\" rel=\"noopener\"> <div style=\" display: flex; flex-direction: row; align-items: center;\"> <div style=\"background-color: #F4F4F4; border-radius: 50%; flex-grow: 0; height: 40px; margin-right: 14px; width: 40px;\"><\/div> <div style=\"display: flex; flex-direction: column; flex-grow: 1; justify-content: center;\"> <div style=\" background-color: #F4F4F4; border-radius: 4px; flex-grow: 0; height: 14px; margin-bottom: 6px; width: 100px;\"><\/div> <div style=\" background-color: #F4F4F4; border-radius: 4px; flex-grow: 0; height: 14px; width: 60px;\"><\/div><\/div><\/div><div style=\"padding: 19% 0;\"><\/div> <div style=\"display:block; height:50px; margin:0 auto 12px; width:50px;\"><svg width=\"50px\" height=\"50px\" viewBox=\"0 0 60 60\" version=\"1.1\" xmlns=\"https:\/\/www.w3.org\/2000\/svg\" xmlns:xlink=\"https:\/\/www.w3.org\/1999\/xlink\"><g stroke=\"none\" stroke-width=\"1\" fill=\"none\" fill-rule=\"evenodd\"><g transform=\"translate(-511.000000, -20.000000)\" fill=\"#000000\"><g><path d=\"M556.869,30.41 C554.814,30.41 553.148,32.076 553.148,34.131 C553.148,36.186 554.814,37.852 556.869,37.852 C558.924,37.852 560.59,36.186 560.59,34.131 C560.59,32.076 558.924,30.41 556.869,30.41 M541,60.657 C535.114,60.657 530.342,55.887 530.342,50 C530.342,44.114 535.114,39.342 541,39.342 C546.887,39.342 551.658,44.114 551.658,50 C551.658,55.887 546.887,60.657 541,60.657 M541,33.886 C532.1,33.886 524.886,41.1 524.886,50 C524.886,58.899 532.1,66.113 541,66.113 C549.9,66.113 557.115,58.899 557.115,50 C557.115,41.1 549.9,33.886 541,33.886 M565.378,62.101 C565.244,65.022 564.756,66.606 564.346,67.663 C563.803,69.06 563.154,70.057 562.106,71.106 C561.058,72.155 560.06,72.803 558.662,73.347 C557.607,73.757 556.021,74.244 553.102,74.378 C549.944,74.521 548.997,74.552 541,74.552 C533.003,74.552 532.056,74.521 528.898,74.378 C525.979,74.244 524.393,73.757 523.338,73.347 C521.94,72.803 520.942,72.155 519.894,71.106 C518.846,70.057 518.197,69.06 517.654,67.663 C517.244,66.606 516.755,65.022 516.623,62.101 C516.479,58.943 516.448,57.996 516.448,50 C516.448,42.003 516.479,41.056 516.623,37.899 C516.755,34.978 517.244,33.391 517.654,32.338 C518.197,30.938 518.846,29.942 519.894,28.894 C520.942,27.846 521.94,27.196 523.338,26.654 C524.393,26.244 525.979,25.756 528.898,25.623 C532.057,25.479 533.004,25.448 541,25.448 C548.997,25.448 549.943,25.479 553.102,25.623 C556.021,25.756 557.607,26.244 558.662,26.654 C560.06,27.196 561.058,27.846 562.106,28.894 C563.154,29.942 563.803,30.938 564.346,32.338 C564.756,33.391 565.244,34.978 565.378,37.899 C565.522,41.056 565.552,42.003 565.552,50 C565.552,57.996 565.522,58.943 565.378,62.101 M570.82,37.631 C570.674,34.438 570.167,32.258 569.425,30.349 C568.659,28.377 567.633,26.702 565.965,25.035 C564.297,23.368 562.623,22.342 560.652,21.575 C558.743,20.834 556.562,20.326 553.369,20.18 C550.169,20.033 549.148,20 541,20 C532.853,20 531.831,20.033 528.631,20.18 C525.438,20.326 523.257,20.834 521.349,21.575 C519.376,22.342 517.703,23.368 516.035,25.035 C514.368,26.702 513.342,28.377 512.574,30.349 C511.834,32.258 511.326,34.438 511.181,37.631 C511.035,40.831 511,41.851 511,50 C511,58.147 511.035,59.17 511.181,62.369 C511.326,65.562 511.834,67.743 512.574,69.651 C513.342,71.625 514.368,73.296 516.035,74.965 C517.703,76.634 519.376,77.658 521.349,78.425 C523.257,79.167 525.438,79.673 528.631,79.82 C531.831,79.965 532.853,80.001 541,80.001 C549.148,80.001 550.169,79.965 553.369,79.82 C556.562,79.673 558.743,79.167 560.652,78.425 C562.623,77.658 564.297,76.634 565.965,74.965 C567.633,73.296 568.659,71.625 569.425,69.651 C570.167,67.743 570.674,65.562 570.82,62.369 C570.966,59.17 571,58.147 571,50 C571,41.851 570.966,40.831 570.82,37.631\"><\/path><\/g><\/g><\/g><\/svg><\/div><div style=\"padding-top: 8px;\"> <div style=\" color:#3897f0; font-family:Arial,sans-serif; font-size:14px; font-style:normal; font-weight:550; line-height:18px;\">Ver essa foto no Instagram<\/div><\/div><div style=\"padding: 12.5% 0;\"><\/div> <div style=\"display: flex; flex-direction: row; margin-bottom: 14px; align-items: center;\"><div> <div style=\"background-color: #F4F4F4; border-radius: 50%; height: 12.5px; width: 12.5px; transform: translateX(0px) translateY(7px);\"><\/div> <div style=\"background-color: #F4F4F4; height: 12.5px; transform: rotate(-45deg) translateX(3px) translateY(1px); width: 12.5px; flex-grow: 0; margin-right: 14px; margin-left: 2px;\"><\/div> <div style=\"background-color: #F4F4F4; border-radius: 50%; height: 12.5px; width: 12.5px; transform: translateX(9px) translateY(-18px);\"><\/div><\/div><div style=\"margin-left: 8px;\"> <div style=\" background-color: #F4F4F4; border-radius: 50%; flex-grow: 0; height: 20px; width: 20px;\"><\/div> <div style=\" width: 0; height: 0; border-top: 2px solid transparent; border-left: 6px solid #f4f4f4; border-bottom: 2px solid transparent; transform: translateX(16px) translateY(-4px) rotate(30deg)\"><\/div><\/div><div style=\"margin-left: auto;\"> <div style=\" width: 0px; border-top: 8px solid #F4F4F4; border-right: 8px solid transparent; transform: translateY(16px);\"><\/div> <div style=\" background-color: #F4F4F4; flex-grow: 0; height: 12px; width: 16px; transform: translateY(-4px);\"><\/div> <div style=\" width: 0; height: 0; border-top: 8px solid #F4F4F4; border-left: 8px solid transparent; transform: translateY(-4px) translateX(8px);\"><\/div><\/div><\/div> <div style=\"display: flex; flex-direction: column; flex-grow: 1; justify-content: center; margin-bottom: 24px;\"> <div style=\" background-color: #F4F4F4; border-radius: 4px; flex-grow: 0; height: 14px; margin-bottom: 6px; width: 224px;\"><\/div> <div style=\" background-color: #F4F4F4; border-radius: 4px; flex-grow: 0; height: 14px; width: 144px;\"><\/div><\/div><\/a><p style=\" color:#c9c8cd; font-family:Arial,sans-serif; font-size:14px; line-height:17px; margin-bottom:0; margin-top:8px; overflow:hidden; padding:8px 0 7px; text-align:center; text-overflow:ellipsis; white-space:nowrap;\"><a href=\"https:\/\/www.instagram.com\/reel\/DCSBAFWv1QX\/?utm_source=ig_embed&amp;utm_campaign=loading\" style=\" color:#c9c8cd; font-family:Arial,sans-serif; font-size:14px; font-style:normal; font-weight:normal; line-height:17px; text-decoration:none;\" target=\"_blank\" rel=\"noopener\">Uma publica\u00e7\u00e3o compartilhada por Radio Geral (@radiogeral)<\/a><\/p><\/div><\/blockquote> <script async src=\"\/\/www.instagram.com\/embed.js\"><\/script>\n","protected":false},"excerpt":{"rendered":"<p>A R\u00e1dio Geral venceu o Pr\u00eamio Trof\u00e9u Imprensa Noite e Dia 2024, promovido pelo empres\u00e1rio Modezil Cerqueira (Z\u00e9 Coi\u00f3), propriet\u00e1rio do tradicional Jornal Feira Noite e Dia e que homenageia aqueles que&nbsp;contribuem significativamente para o desenvolvimento e prosperidade da comunidade feirense. &nbsp; A R\u00e1dio Geral foi premiada na categoria: WEB R\u00c1DIO com 43.6% dos votos [&hellip;]<\/p>\n","protected":false},"author":5,"featured_media":31408,"comment_status":"open","ping_status":"open","sticky":false,"template":"","format":"standard","meta":{"_monsterinsights_skip_tracking":false,"_monsterinsights_sitenote_active":false,"_monsterinsights_sitenote_note":"","_monsterinsights_sitenote_category":0,"footnotes":""},"categories":[48,50],"tags":[],"yoast_head":"<!-- This site is optimized with the Yoast SEO plugin v22.9 - https:\/\/yoast.com\/wordpress\/plugins\/seo\/ -->\n<title>R\u00e1dio Geral vence elei\u00e7\u00e3o popular e recebe pr\u00eamio de Melhor R\u00e1dio Web - Portal MF<\/title>\n<meta name=\"robots\" content=\"index, follow, max-snippet:-1, max-image-preview:large, max-video-preview:-1\" \/>\n<link rel=\"canonical\" href=\"https:\/\/portalmf.com.br\/index.php\/2024\/11\/12\/radio-geral-vence-eleicao-popular-e-recebe-premio-de-melhor-radio-web\/\" \/>\n<meta property=\"og:locale\" content=\"pt_BR\" \/>\n<meta property=\"og:type\" content=\"article\" \/>\n<meta property=\"og:title\" content=\"R\u00e1dio Geral vence elei\u00e7\u00e3o popular e recebe pr\u00eamio de Melhor R\u00e1dio Web - Portal MF\" \/>\n<meta property=\"og:description\" content=\"A R\u00e1dio Geral venceu o Pr\u00eamio Trof\u00e9u Imprensa Noite e Dia 2024, promovido pelo empres\u00e1rio Modezil Cerqueira (Z\u00e9 Coi\u00f3), propriet\u00e1rio do tradicional Jornal Feira Noite e Dia e que homenageia aqueles que&nbsp;contribuem significativamente para o desenvolvimento e prosperidade da comunidade feirense. &nbsp; A R\u00e1dio Geral foi premiada na categoria: WEB R\u00c1DIO com 43.6% dos votos [&hellip;]\" \/>\n<meta property=\"og:url\" content=\"https:\/\/portalmf.com.br\/index.php\/2024\/11\/12\/radio-geral-vence-eleicao-popular-e-recebe-premio-de-melhor-radio-web\/\" \/>\n<meta property=\"og:site_name\" content=\"Portal MF\" \/>\n<meta property=\"article:published_time\" content=\"2024-11-12T18:50:00+00:00\" \/>\n<meta property=\"article:modified_time\" content=\"2024-11-12T18:57:12+00:00\" \/>\n<meta property=\"og:image\" content=\"https:\/\/portalmf.com.br\/wp-content\/uploads\/2024\/11\/trofeu_noite_e_dia_radiogeral_2024.jpg\" \/>\n\t<meta property=\"og:image:width\" content=\"800\" \/>\n\t<meta property=\"og:image:height\" content=\"594\" \/>\n\t<meta property=\"og:image:type\" content=\"image\/jpeg\" \/>\n<meta name=\"author\" content=\"Lila Oliveira\" \/>\n<meta name=\"twitter:card\" content=\"summary_large_image\" \/>\n<meta name=\"twitter:label1\" content=\"Escrito por\" \/>\n\t<meta name=\"twitter:data1\" content=\"Lila Oliveira\" \/>\n\t<meta name=\"twitter:label2\" content=\"Est. tempo de leitura\" \/>\n\t<meta name=\"twitter:data2\" content=\"5 minutos\" \/>\n<script type=\"application\/ld+json\" class=\"yoast-schema-graph\">{\"@context\":\"https:\/\/schema.org\",\"@graph\":[{\"@type\":\"WebPage\",\"@id\":\"https:\/\/portalmf.com.br\/index.php\/2024\/11\/12\/radio-geral-vence-eleicao-popular-e-recebe-premio-de-melhor-radio-web\/\",\"url\":\"https:\/\/portalmf.com.br\/index.php\/2024\/11\/12\/radio-geral-vence-eleicao-popular-e-recebe-premio-de-melhor-radio-web\/\",\"name\":\"R\u00e1dio Geral vence elei\u00e7\u00e3o popular e recebe pr\u00eamio de Melhor R\u00e1dio Web - Portal MF\",\"isPartOf\":{\"@id\":\"https:\/\/portalmf.com.br\/#website\"},\"primaryImageOfPage\":{\"@id\":\"https:\/\/portalmf.com.br\/index.php\/2024\/11\/12\/radio-geral-vence-eleicao-popular-e-recebe-premio-de-melhor-radio-web\/#primaryimage\"},\"image\":{\"@id\":\"https:\/\/portalmf.com.br\/index.php\/2024\/11\/12\/radio-geral-vence-eleicao-popular-e-recebe-premio-de-melhor-radio-web\/#primaryimage\"},\"thumbnailUrl\":\"https:\/\/portalmf.com.br\/wp-content\/uploads\/2024\/11\/trofeu_noite_e_dia_radiogeral_2024.jpg\",\"datePublished\":\"2024-11-12T18:50:00+00:00\",\"dateModified\":\"2024-11-12T18:57:12+00:00\",\"author\":{\"@id\":\"https:\/\/portalmf.com.br\/#\/schema\/person\/19071c375ee7579b7300dd91d656ff97\"},\"breadcrumb\":{\"@id\":\"https:\/\/portalmf.com.br\/index.php\/2024\/11\/12\/radio-geral-vence-eleicao-popular-e-recebe-premio-de-melhor-radio-web\/#breadcrumb\"},\"inLanguage\":\"pt-BR\",\"potentialAction\":[{\"@type\":\"ReadAction\",\"target\":[\"https:\/\/portalmf.com.br\/index.php\/2024\/11\/12\/radio-geral-vence-eleicao-popular-e-recebe-premio-de-melhor-radio-web\/\"]}]},{\"@type\":\"ImageObject\",\"inLanguage\":\"pt-BR\",\"@id\":\"https:\/\/portalmf.com.br\/index.php\/2024\/11\/12\/radio-geral-vence-eleicao-popular-e-recebe-premio-de-melhor-radio-web\/#primaryimage\",\"url\":\"https:\/\/portalmf.com.br\/wp-content\/uploads\/2024\/11\/trofeu_noite_e_dia_radiogeral_2024.jpg\",\"contentUrl\":\"https:\/\/portalmf.com.br\/wp-content\/uploads\/2024\/11\/trofeu_noite_e_dia_radiogeral_2024.jpg\",\"width\":800,\"height\":594},{\"@type\":\"BreadcrumbList\",\"@id\":\"https:\/\/portalmf.com.br\/index.php\/2024\/11\/12\/radio-geral-vence-eleicao-popular-e-recebe-premio-de-melhor-radio-web\/#breadcrumb\",\"itemListElement\":[{\"@type\":\"ListItem\",\"position\":1,\"name\":\"In\u00edcio\",\"item\":\"https:\/\/portalmf.com.br\/\"},{\"@type\":\"ListItem\",\"position\":2,\"name\":\"R\u00e1dio Geral vence elei\u00e7\u00e3o popular e recebe pr\u00eamio de Melhor R\u00e1dio Web\"}]},{\"@type\":\"WebSite\",\"@id\":\"https:\/\/portalmf.com.br\/#website\",\"url\":\"https:\/\/portalmf.com.br\/\",\"name\":\"Portal MF\",\"description\":\"Voc\u00ea conectado com a informa\u00e7\u00e3o\",\"potentialAction\":[{\"@type\":\"SearchAction\",\"target\":{\"@type\":\"EntryPoint\",\"urlTemplate\":\"https:\/\/portalmf.com.br\/?s={search_term_string}\"},\"query-input\":\"required name=search_term_string\"}],\"inLanguage\":\"pt-BR\"},{\"@type\":\"Person\",\"@id\":\"https:\/\/portalmf.com.br\/#\/schema\/person\/19071c375ee7579b7300dd91d656ff97\",\"name\":\"Lila Oliveira\",\"image\":{\"@type\":\"ImageObject\",\"inLanguage\":\"pt-BR\",\"@id\":\"https:\/\/portalmf.com.br\/#\/schema\/person\/image\/\",\"url\":\"https:\/\/secure.gravatar.com\/avatar\/344958fa973c4e824a6dde1b63c19431?s=96&d=mm&r=g\",\"contentUrl\":\"https:\/\/secure.gravatar.com\/avatar\/344958fa973c4e824a6dde1b63c19431?s=96&d=mm&r=g\",\"caption\":\"Lila Oliveira\"},\"sameAs\":[\"https:\/\/portalmf.com.br\/\"],\"url\":\"https:\/\/portalmf.com.br\/index.php\/author\/lilaoliveira\/\"}]}<\/script>\n<!-- \/ Yoast SEO plugin. -->","yoast_head_json":{"title":"R\u00e1dio Geral vence elei\u00e7\u00e3o popular e recebe pr\u00eamio de Melhor R\u00e1dio Web - Portal MF","robots":{"index":"index","follow":"follow","max-snippet":"max-snippet:-1","max-image-preview":"max-image-preview:large","max-video-preview":"max-video-preview:-1"},"canonical":"https:\/\/portalmf.com.br\/index.php\/2024\/11\/12\/radio-geral-vence-eleicao-popular-e-recebe-premio-de-melhor-radio-web\/","og_locale":"pt_BR","og_type":"article","og_title":"R\u00e1dio Geral vence elei\u00e7\u00e3o popular e recebe pr\u00eamio de Melhor R\u00e1dio Web - Portal MF","og_description":"A R\u00e1dio Geral venceu o Pr\u00eamio Trof\u00e9u Imprensa Noite e Dia 2024, promovido pelo empres\u00e1rio Modezil Cerqueira (Z\u00e9 Coi\u00f3), propriet\u00e1rio do tradicional Jornal Feira Noite e Dia e que homenageia aqueles que&nbsp;contribuem significativamente para o desenvolvimento e prosperidade da comunidade feirense. &nbsp; A R\u00e1dio Geral foi premiada na categoria: WEB R\u00c1DIO com 43.6% dos votos [&hellip;]","og_url":"https:\/\/portalmf.com.br\/index.php\/2024\/11\/12\/radio-geral-vence-eleicao-popular-e-recebe-premio-de-melhor-radio-web\/","og_site_name":"Portal MF","article_published_time":"2024-11-12T18:50:00+00:00","article_modified_time":"2024-11-12T18:57:12+00:00","og_image":[{"width":800,"height":594,"url":"https:\/\/portalmf.com.br\/wp-content\/uploads\/2024\/11\/trofeu_noite_e_dia_radiogeral_2024.jpg","type":"image\/jpeg"}],"author":"Lila Oliveira","twitter_card":"summary_large_image","twitter_misc":{"Escrito por":"Lila Oliveira","Est. tempo de leitura":"5 minutos"},"schema":{"@context":"https:\/\/schema.org","@graph":[{"@type":"WebPage","@id":"https:\/\/portalmf.com.br\/index.php\/2024\/11\/12\/radio-geral-vence-eleicao-popular-e-recebe-premio-de-melhor-radio-web\/","url":"https:\/\/portalmf.com.br\/index.php\/2024\/11\/12\/radio-geral-vence-eleicao-popular-e-recebe-premio-de-melhor-radio-web\/","name":"R\u00e1dio Geral vence elei\u00e7\u00e3o popular e recebe pr\u00eamio de Melhor R\u00e1dio Web - Portal MF","isPartOf":{"@id":"https:\/\/portalmf.com.br\/#website"},"primaryImageOfPage":{"@id":"https:\/\/portalmf.com.br\/index.php\/2024\/11\/12\/radio-geral-vence-eleicao-popular-e-recebe-premio-de-melhor-radio-web\/#primaryimage"},"image":{"@id":"https:\/\/portalmf.com.br\/index.php\/2024\/11\/12\/radio-geral-vence-eleicao-popular-e-recebe-premio-de-melhor-radio-web\/#primaryimage"},"thumbnailUrl":"https:\/\/portalmf.com.br\/wp-content\/uploads\/2024\/11\/trofeu_noite_e_dia_radiogeral_2024.jpg","datePublished":"2024-11-12T18:50:00+00:00","dateModified":"2024-11-12T18:57:12+00:00","author":{"@id":"https:\/\/portalmf.com.br\/#\/schema\/person\/19071c375ee7579b7300dd91d656ff97"},"breadcrumb":{"@id":"https:\/\/portalmf.com.br\/index.php\/2024\/11\/12\/radio-geral-vence-eleicao-popular-e-recebe-premio-de-melhor-radio-web\/#breadcrumb"},"inLanguage":"pt-BR","potentialAction":[{"@type":"ReadAction","target":["https:\/\/portalmf.com.br\/index.php\/2024\/11\/12\/radio-geral-vence-eleicao-popular-e-recebe-premio-de-melhor-radio-web\/"]}]},{"@type":"ImageObject","inLanguage":"pt-BR","@id":"https:\/\/portalmf.com.br\/index.php\/2024\/11\/12\/radio-geral-vence-eleicao-popular-e-recebe-premio-de-melhor-radio-web\/#primaryimage","url":"https:\/\/portalmf.com.br\/wp-content\/uploads\/2024\/11\/trofeu_noite_e_dia_radiogeral_2024.jpg","contentUrl":"https:\/\/portalmf.com.br\/wp-content\/uploads\/2024\/11\/trofeu_noite_e_dia_radiogeral_2024.jpg","width":800,"height":594},{"@type":"BreadcrumbList","@id":"https:\/\/portalmf.com.br\/index.php\/2024\/11\/12\/radio-geral-vence-eleicao-popular-e-recebe-premio-de-melhor-radio-web\/#breadcrumb","itemListElement":[{"@type":"ListItem","position":1,"name":"In\u00edcio","item":"https:\/\/portalmf.com.br\/"},{"@type":"ListItem","position":2,"name":"R\u00e1dio Geral vence elei\u00e7\u00e3o popular e recebe pr\u00eamio de Melhor R\u00e1dio Web"}]},{"@type":"WebSite","@id":"https:\/\/portalmf.com.br\/#website","url":"https:\/\/portalmf.com.br\/","name":"Portal MF","description":"Voc\u00ea conectado com a informa\u00e7\u00e3o","potentialAction":[{"@type":"SearchAction","target":{"@type":"EntryPoint","urlTemplate":"https:\/\/portalmf.com.br\/?s={search_term_string}"},"query-input":"required name=search_term_string"}],"inLanguage":"pt-BR"},{"@type":"Person","@id":"https:\/\/portalmf.com.br\/#\/schema\/person\/19071c375ee7579b7300dd91d656ff97","name":"Lila Oliveira","image":{"@type":"ImageObject","inLanguage":"pt-BR","@id":"https:\/\/portalmf.com.br\/#\/schema\/person\/image\/","url":"https:\/\/secure.gravatar.com\/avatar\/344958fa973c4e824a6dde1b63c19431?s=96&d=mm&r=g","contentUrl":"https:\/\/secure.gravatar.com\/avatar\/344958fa973c4e824a6dde1b63c19431?s=96&d=mm&r=g","caption":"Lila Oliveira"},"sameAs":["https:\/\/portalmf.com.br\/"],"url":"https:\/\/portalmf.com.br\/index.php\/author\/lilaoliveira\/"}]}},"_links":{"self":[{"href":"https:\/\/portalmf.com.br\/index.php\/wp-json\/wp\/v2\/posts\/31406"}],"collection":[{"href":"https:\/\/portalmf.com.br\/index.php\/wp-json\/wp\/v2\/posts"}],"about":[{"href":"https:\/\/portalmf.com.br\/index.php\/wp-json\/wp\/v2\/types\/post"}],"author":[{"embeddable":true,"href":"https:\/\/portalmf.com.br\/index.php\/wp-json\/wp\/v2\/users\/5"}],"replies":[{"embeddable":true,"href":"https:\/\/portalmf.com.br\/index.php\/wp-json\/wp\/v2\/comments?post=31406"}],"version-history":[{"count":1,"href":"https:\/\/portalmf.com.br\/index.php\/wp-json\/wp\/v2\/posts\/31406\/revisions"}],"predecessor-version":[{"id":31409,"href":"https:\/\/portalmf.com.br\/index.php\/wp-json\/wp\/v2\/posts\/31406\/revisions\/31409"}],"wp:featuredmedia":[{"embeddable":true,"href":"https:\/\/portalmf.com.br\/index.php\/wp-json\/wp\/v2\/media\/31408"}],"wp:attachment":[{"href":"https:\/\/portalmf.com.br\/index.php\/wp-json\/wp\/v2\/media?parent=31406"}],"wp:term":[{"taxonomy":"category","embeddable":true,"href":"https:\/\/portalmf.com.br\/index.php\/wp-json\/wp\/v2\/categories?post=31406"},{"taxonomy":"post_tag","embeddable":true,"href":"https:\/\/portalmf.com.br\/index.php\/wp-json\/wp\/v2\/tags?post=31406"}],"curies":[{"name":"wp","href":"https:\/\/api.w.org\/{rel}","templated":true}]}}